{"id":16461,"date":"2011-04-06T14:55:29","date_gmt":"2011-04-06T14:55:29","guid":{"rendered":"http:\/\/desarrollo.mcvicious.com\/aero2020\/2011\/04\/06\/peru-podria-ser-declarado-en-mayo-como-pais-libre-del-humo-del-tabaco\/"},"modified":"2011-04-06T14:55:29","modified_gmt":"2011-04-06T14:55:29","slug":"peru-podria-ser-declarado-en-mayo-como-pais-libre-del-humo-del-tabaco","status":"publish","type":"post","link":"https:\/\/aeronoticias.com.pe\/noticiero\/nacionales\/peru-podria-ser-declarado-en-mayo-como-pais-libre-del-humo-del-tabaco\/","title":{"rendered":"Per\u00fa podr\u00eda ser declarado en mayo como pa\u00eds libre del humo del tabaco"},"content":{"rendered":"<p style=\"text-align: justify;\"><strong>(Aeronoticias)<\/strong> Si los municipios aprueban pronto una ordenanza que les facilite aplicar la Ley para la Prevenci\u00f3n del Consumo y los Riesgos por Fumar con mayor efectividad, Per\u00fa podr\u00eda declararse como pa\u00eds libre de humo de tabaco este 31 de mayo, D\u00eda Mundial sin Tabaco. <\/p>\n<p>Para lograrlo en ese plazo, el 31 de marzo la Comisi\u00f3n Nacional Permanente de Lucha Antitab\u00e1quica (Colat) entreg\u00f3 a todos los alcaldes de los distritos de Lima Metropolitana un modelo de ordenanza elaborado por t\u00e9cnicos de 22 distritos de la capital.<\/p>\n<p style=\"text-align: center;\"><img decoding=\"async\" src=\"images\/stories\/11\/04\/060411\/tabaco.jpg\" border=\"0\" alt=\"tabaco\" title=\"tabaco\" \/><\/p>\n<p style=\"text-align: justify;\">\n<p>Recientemente, San Borja aprob\u00f3 una norma de acuerdo con el modelo de ordenanza convirti\u00e9ndose en un distrito l\u00edder. Pr\u00f3ximamente lo recibir\u00e1n los municipios del interior del pa\u00eds.<\/p>\n<p>De acuerdo con esta ley (29517), desde el 1 de abril pasado, todos los ambientes de las dependencias p\u00fablicas, centros de trabajo, restaurantes, medios de transporte, salas de juego y, en general, todos los espacios p\u00fablicos deben estar 100% libres del humo de tabaco.<br \/>\u00abYa no existen \u00e1reas para fumadores en ning\u00fan lugar p\u00fablico, ni en el interior de los centros de trabajo, ll\u00e1mese jard\u00edn, cochera o azoteas\u201d, afirm\u00f3 Carlos Far\u00edas, presidente de la Comisi\u00f3n Nacional Antitab\u00e1quica (Colat).<\/p>\n<p>De esta manera, a\u00f1adi\u00f3, las personas que deseen fumar deben salir del per\u00edmetro del local y hacerlo en la calle o en su casa, si su familia lo permite.<\/p>\n<p style=\"text-align: center;\">\u00a0<\/p>\n","protected":false},"excerpt":{"rendered":"<p>(Aeronoticias) Si los municipios aprueban pronto una ordenanza que les facilite aplicar la Ley para la Prevenci\u00f3n del Consumo y los Riesgos por Fumar con mayor efectividad, Per\u00fa podr\u00eda declararse como pa\u00eds libre de humo de tabaco este 31 de mayo, D\u00eda Mundial sin Tabaco. Para lograrlo en ese plazo, el 31 de marzo la [&hellip;]<\/p>\n","protected":false},"author":1,"featured_media":0,"comment_status":"open","ping_status":"open","sticky":false,"template":"","format":"standard","meta":{"tdm_status":"","tdm_grid_status":"","footnotes":""},"categories":[38],"tags":[],"class_list":{"0":"post-16461","1":"post","2":"type-post","3":"status-publish","4":"format-standard","6":"category-nacionales"},"yoast_head":"<!-- This site is optimized with the Yoast SEO plugin v25.1 - https:\/\/yoast.com\/wordpress\/plugins\/seo\/ -->\n<title>Per\u00fa podr\u00eda ser declarado en mayo como pa\u00eds libre del humo del tabaco<\/title>\n<meta name=\"description\" content=\"Portal de noticias del Per\u00fa sobre el transporte a\u00e9reo, aviaci\u00f3n, turismo, hoteleria, actualidad.\" \/>\n<meta name=\"robots\" content=\"index, follow, max-snippet:-1, max-image-preview:large, max-video-preview:-1\" \/>\n<link rel=\"canonical\" href=\"https:\/\/aeronoticias.com.pe\/noticiero\/nacionales\/peru-podria-ser-declarado-en-mayo-como-pais-libre-del-humo-del-tabaco\/\" \/>\n<meta property=\"og:locale\" content=\"es_ES\" \/>\n<meta property=\"og:type\" content=\"article\" \/>\n<meta property=\"og:title\" content=\"Per\u00fa podr\u00eda ser declarado en mayo como pa\u00eds libre del humo del tabaco\" \/>\n<meta property=\"og:description\" content=\"Portal de noticias del Per\u00fa sobre el transporte a\u00e9reo, aviaci\u00f3n, turismo, hoteleria, actualidad.\" \/>\n<meta property=\"og:url\" content=\"https:\/\/aeronoticias.com.pe\/noticiero\/nacionales\/peru-podria-ser-declarado-en-mayo-como-pais-libre-del-humo-del-tabaco\/\" \/>\n<meta property=\"og:site_name\" content=\"Aeronoticias.com.pe\" \/>\n<meta property=\"article:publisher\" content=\"https:\/\/www.facebook.com\/Aeronoticias.com.pe\/\" \/>\n<meta property=\"article:published_time\" content=\"2011-04-06T14:55:29+00:00\" \/>\n<meta name=\"author\" content=\"Redacci\u00f3n Aeronoticias\" \/>\n<meta name=\"twitter:card\" content=\"summary_large_image\" \/>\n<meta name=\"twitter:creator\" content=\"@aeronoticias\" \/>\n<meta name=\"twitter:site\" content=\"@aeronoticias\" \/>\n<meta name=\"twitter:label1\" content=\"Escrito por\" \/>\n\t<meta name=\"twitter:data1\" content=\"Redacci\u00f3n Aeronoticias\" \/>\n\t<meta name=\"twitter:label2\" content=\"Tiempo de lectura\" \/>\n\t<meta name=\"twitter:data2\" content=\"1 minuto\" \/>\n<script type=\"application\/ld+json\" class=\"yoast-schema-graph\">{\"@context\":\"https:\/\/schema.org\",\"@graph\":[{\"@type\":\"WebPage\",\"@id\":\"https:\/\/aeronoticias.com.pe\/noticiero\/nacionales\/peru-podria-ser-declarado-en-mayo-como-pais-libre-del-humo-del-tabaco\/\",\"url\":\"https:\/\/aeronoticias.com.pe\/noticiero\/nacionales\/peru-podria-ser-declarado-en-mayo-como-pais-libre-del-humo-del-tabaco\/\",\"name\":\"Per\u00fa podr\u00eda ser declarado en mayo como pa\u00eds libre del humo del tabaco\",\"isPartOf\":{\"@id\":\"https:\/\/aeronoticias.com.pe\/noticiero\/#website\"},\"datePublished\":\"2011-04-06T14:55:29+00:00\",\"author\":{\"@id\":\"https:\/\/aeronoticias.com.pe\/noticiero\/#\/schema\/person\/fc1e5d578f4b62ba1cf7ac2bba1170a0\"},\"description\":\"Portal de noticias del Per\u00fa sobre el transporte a\u00e9reo, aviaci\u00f3n, turismo, hoteleria, actualidad.\",\"breadcrumb\":{\"@id\":\"https:\/\/aeronoticias.com.pe\/noticiero\/nacionales\/peru-podria-ser-declarado-en-mayo-como-pais-libre-del-humo-del-tabaco\/#breadcrumb\"},\"inLanguage\":\"es\",\"potentialAction\":[{\"@type\":\"ReadAction\",\"target\":[\"https:\/\/aeronoticias.com.pe\/noticiero\/nacionales\/peru-podria-ser-declarado-en-mayo-como-pais-libre-del-humo-del-tabaco\/\"]}]},{\"@type\":\"BreadcrumbList\",\"@id\":\"https:\/\/aeronoticias.com.pe\/noticiero\/nacionales\/peru-podria-ser-declarado-en-mayo-como-pais-libre-del-humo-del-tabaco\/#breadcrumb\",\"itemListElement\":[{\"@type\":\"ListItem\",\"position\":1,\"name\":\"Portada\",\"item\":\"https:\/\/aeronoticias.com.pe\/noticiero\/\"},{\"@type\":\"ListItem\",\"position\":2,\"name\":\"Per\u00fa podr\u00eda ser declarado en mayo como pa\u00eds libre del humo del tabaco\"}]},{\"@type\":\"WebSite\",\"@id\":\"https:\/\/aeronoticias.com.pe\/noticiero\/#website\",\"url\":\"https:\/\/aeronoticias.com.pe\/noticiero\/\",\"name\":\"Aeronoticias.com.pe\",\"description\":\"Noticias de tranporte aereo, turismo, hoteles, gastronomia, actualidad, internacional\",\"potentialAction\":[{\"@type\":\"SearchAction\",\"target\":{\"@type\":\"EntryPoint\",\"urlTemplate\":\"https:\/\/aeronoticias.com.pe\/noticiero\/?s={search_term_string}\"},\"query-input\":{\"@type\":\"PropertyValueSpecification\",\"valueRequired\":true,\"valueName\":\"search_term_string\"}}],\"inLanguage\":\"es\"},{\"@type\":\"Person\",\"@id\":\"https:\/\/aeronoticias.com.pe\/noticiero\/#\/schema\/person\/fc1e5d578f4b62ba1cf7ac2bba1170a0\",\"name\":\"Redacci\u00f3n Aeronoticias\",\"url\":\"https:\/\/aeronoticias.com.pe\/noticiero\/author\/piloto\/\"}]}<\/script>\n<!-- \/ Yoast SEO plugin. -->","yoast_head_json":{"title":"Per\u00fa podr\u00eda ser declarado en mayo como pa\u00eds libre del humo del tabaco","description":"Portal de noticias del Per\u00fa sobre el transporte a\u00e9reo, aviaci\u00f3n, turismo, hoteleria, actualidad.","robots":{"index":"index","follow":"follow","max-snippet":"max-snippet:-1","max-image-preview":"max-image-preview:large","max-video-preview":"max-video-preview:-1"},"canonical":"https:\/\/aeronoticias.com.pe\/noticiero\/nacionales\/peru-podria-ser-declarado-en-mayo-como-pais-libre-del-humo-del-tabaco\/","og_locale":"es_ES","og_type":"article","og_title":"Per\u00fa podr\u00eda ser declarado en mayo como pa\u00eds libre del humo del tabaco","og_description":"Portal de noticias del Per\u00fa sobre el transporte a\u00e9reo, aviaci\u00f3n, turismo, hoteleria, actualidad.","og_url":"https:\/\/aeronoticias.com.pe\/noticiero\/nacionales\/peru-podria-ser-declarado-en-mayo-como-pais-libre-del-humo-del-tabaco\/","og_site_name":"Aeronoticias.com.pe","article_publisher":"https:\/\/www.facebook.com\/Aeronoticias.com.pe\/","article_published_time":"2011-04-06T14:55:29+00:00","author":"Redacci\u00f3n Aeronoticias","twitter_card":"summary_large_image","twitter_creator":"@aeronoticias","twitter_site":"@aeronoticias","twitter_misc":{"Escrito por":"Redacci\u00f3n Aeronoticias","Tiempo de lectura":"1 minuto"},"schema":{"@context":"https:\/\/schema.org","@graph":[{"@type":"WebPage","@id":"https:\/\/aeronoticias.com.pe\/noticiero\/nacionales\/peru-podria-ser-declarado-en-mayo-como-pais-libre-del-humo-del-tabaco\/","url":"https:\/\/aeronoticias.com.pe\/noticiero\/nacionales\/peru-podria-ser-declarado-en-mayo-como-pais-libre-del-humo-del-tabaco\/","name":"Per\u00fa podr\u00eda ser declarado en mayo como pa\u00eds libre del humo del tabaco","isPartOf":{"@id":"https:\/\/aeronoticias.com.pe\/noticiero\/#website"},"datePublished":"2011-04-06T14:55:29+00:00","author":{"@id":"https:\/\/aeronoticias.com.pe\/noticiero\/#\/schema\/person\/fc1e5d578f4b62ba1cf7ac2bba1170a0"},"description":"Portal de noticias del Per\u00fa sobre el transporte a\u00e9reo, aviaci\u00f3n, turismo, hoteleria, actualidad.","breadcrumb":{"@id":"https:\/\/aeronoticias.com.pe\/noticiero\/nacionales\/peru-podria-ser-declarado-en-mayo-como-pais-libre-del-humo-del-tabaco\/#breadcrumb"},"inLanguage":"es","potentialAction":[{"@type":"ReadAction","target":["https:\/\/aeronoticias.com.pe\/noticiero\/nacionales\/peru-podria-ser-declarado-en-mayo-como-pais-libre-del-humo-del-tabaco\/"]}]},{"@type":"BreadcrumbList","@id":"https:\/\/aeronoticias.com.pe\/noticiero\/nacionales\/peru-podria-ser-declarado-en-mayo-como-pais-libre-del-humo-del-tabaco\/#breadcrumb","itemListElement":[{"@type":"ListItem","position":1,"name":"Portada","item":"https:\/\/aeronoticias.com.pe\/noticiero\/"},{"@type":"ListItem","position":2,"name":"Per\u00fa podr\u00eda ser declarado en mayo como pa\u00eds libre del humo del tabaco"}]},{"@type":"WebSite","@id":"https:\/\/aeronoticias.com.pe\/noticiero\/#website","url":"https:\/\/aeronoticias.com.pe\/noticiero\/","name":"Aeronoticias.com.pe","description":"Noticias de tranporte aereo, turismo, hoteles, gastronomia, actualidad, internacional","potentialAction":[{"@type":"SearchAction","target":{"@type":"EntryPoint","urlTemplate":"https:\/\/aeronoticias.com.pe\/noticiero\/?s={search_term_string}"},"query-input":{"@type":"PropertyValueSpecification","valueRequired":true,"valueName":"search_term_string"}}],"inLanguage":"es"},{"@type":"Person","@id":"https:\/\/aeronoticias.com.pe\/noticiero\/#\/schema\/person\/fc1e5d578f4b62ba1cf7ac2bba1170a0","name":"Redacci\u00f3n Aeronoticias","url":"https:\/\/aeronoticias.com.pe\/noticiero\/author\/piloto\/"}]}},"_links":{"self":[{"href":"https:\/\/aeronoticias.com.pe\/noticiero\/wp-json\/wp\/v2\/posts\/16461","targetHints":{"allow":["GET"]}}],"collection":[{"href":"https:\/\/aeronoticias.com.pe\/noticiero\/wp-json\/wp\/v2\/posts"}],"about":[{"href":"https:\/\/aeronoticias.com.pe\/noticiero\/wp-json\/wp\/v2\/types\/post"}],"author":[{"embeddable":true,"href":"https:\/\/aeronoticias.com.pe\/noticiero\/wp-json\/wp\/v2\/users\/1"}],"replies":[{"embeddable":true,"href":"https:\/\/aeronoticias.com.pe\/noticiero\/wp-json\/wp\/v2\/comments?post=16461"}],"version-history":[{"count":0,"href":"https:\/\/aeronoticias.com.pe\/noticiero\/wp-json\/wp\/v2\/posts\/16461\/revisions"}],"wp:attachment":[{"href":"https:\/\/aeronoticias.com.pe\/noticiero\/wp-json\/wp\/v2\/media?parent=16461"}],"wp:term":[{"taxonomy":"category","embeddable":true,"href":"https:\/\/aeronoticias.com.pe\/noticiero\/wp-json\/wp\/v2\/categories?post=16461"},{"taxonomy":"post_tag","embeddable":true,"href":"https:\/\/aeronoticias.com.pe\/noticiero\/wp-json\/wp\/v2\/tags?post=16461"}],"curies":[{"name":"wp","href":"https:\/\/api.w.org\/{rel}","templated":true}]}}