{"id":16462,"date":"2011-04-06T14:54:39","date_gmt":"2011-04-06T14:54:39","guid":{"rendered":"http:\/\/desarrollo.mcvicious.com\/aero2020\/2011\/04\/06\/cinco-grupos-politicos-integraran-congreso-sin-mayoria\/"},"modified":"2011-04-06T14:54:39","modified_gmt":"2011-04-06T14:54:39","slug":"cinco-grupos-politicos-integraran-congreso-sin-mayoria","status":"publish","type":"post","link":"https:\/\/aeronoticias.com.pe\/noticiero\/nacionales\/cinco-grupos-politicos-integraran-congreso-sin-mayoria\/","title":{"rendered":"Cinco grupos pol\u00edticos integrar\u00e1n Congreso sin mayor\u00eda"},"content":{"rendered":"<p style=\"text-align: justify;\"><strong>(Aeronoticias).-<\/strong> En una realidad que se conocer\u00e1 el domingo 10, el Per\u00fa asistir\u00e1 a la de fragmentaci\u00f3n pol\u00edtica del Congreso de la Rep\u00fablica en donde cinco grupos pol\u00edticos tendr\u00e1n que concertar para encontrar el sentir compartido que les permita el consenso que necesita la gobernabilidad del pa\u00eds.<\/p>\n<p>Para el congresista aprista Javier Vel\u00e1squez Quesqu\u00e9n, en art\u00edculo que publica elcomercio.com.pe, quien ha estado en la vereda de la oposici\u00f3n en congresos fragmentados y del lado del Ejecutivo como primer ministro de este gobierno, la pluralidad de fuerzas no debe ser impedimento para alcanzar consensos sobre lineamientos program\u00e1ticos.<\/p>\n<p>  <!--more-->  <\/p>\n<p style=\"text-align: justify;\">En su opini\u00f3n, la ausencia de una mayor\u00eda representa m\u00e1s una posibilidad que un riesgo: \u201cObliga al Ejecutivo a moderarse y el Congreso deja de ser solamente una mesa de partes\u201d, manifest\u00f3.<\/p>\n<p style=\"text-align: center;\"><img decoding=\"async\" src=\"images\/stories\/11\/04\/060411\/congreso_peru_2011.jpg\" border=\"0\" alt=\"Cinco grupos pol\u00edticos integrar\u00e1n Congreso sin mayor\u00eda\" title=\"Cinco grupos pol\u00edticos integrar\u00e1n Congreso sin mayor\u00eda\" \/><\/p>\n<p style=\"text-align: justify;\">El n\u00famero 1 en la lista parlamentaria de Alianza por el Gran Cambio, Humberto Lay, admiti\u00f3 a El Comercio que, dado el panorama parlamentario fragmentado que se avizora para el Congreso 2011-2016, se impone la b\u00fasqueda de consensos m\u00ednimos entre las fuerzas pol\u00edticas para resolver los problemas del pa\u00eds.<br \/>Por eso, plante\u00f3 que, apenas se instale el nuevo Parlamento, se suscriba un pacto pol\u00edtico para afrontar, sin dilaciones, los problemas de la corrupci\u00f3n p\u00fablica, la mejora de la educaci\u00f3n y el fomento del empleo con incentivos en favor de la peque\u00f1a y mediana empresa.<\/p>\n<p>Es m\u00e1s, sugiri\u00f3 que la pr\u00f3xima representaci\u00f3n parlamentaria tienda puentes de di\u00e1logo con el Ejecutivo, \u201csea quien gane finalmente las elecciones generales\u201d, porque lo que el pueblo espera de sus pr\u00f3ximos congresistas es que ejerzan con madurez pol\u00edtica y no esc\u00e1ndalos que perjudican la imagen de ese poder del Estado.<\/p>\n<p>La n\u00famero 2 de la lista aprista, Mercedes Cabanillas, dijo que ha llegado la hora de elaborar una agenda legislativa que est\u00e9 orientada a saldar la deuda social que tiene el Estado con el pa\u00eds, espec\u00edficamente con ese grupo de 30% de peruanos que est\u00e1n en la pobreza y viven con angustia todos los d\u00edas.<br \/>\u201cLa reforma del Estado, la defensa de los derechos laborales tanto del sector p\u00fablico como del privado y la modernizaci\u00f3n de la educaci\u00f3n universitaria y el fomento de la educaci\u00f3n t\u00e9cnica, para darle valor agregado a la oferta exportable, bien podr\u00edan ser parte de las prioridades a las que debe dedicarse el pr\u00f3ximo Congreso, sin dejar de lado la fiscalizaci\u00f3n\u201d, subray\u00f3.<\/p>\n<p>El congresista de Per\u00fa Posible y n\u00famero 2 en la lista por Lima, Carlos Bruce, coincidi\u00f3 en que la vocaci\u00f3n de di\u00e1logo ser\u00e1 clave en el pr\u00f3ximo Congreso. \u201cTodas las bancadas se dar\u00e1n cuenta r\u00e1pidamente de que tendr\u00e1n que dialogar para aprobar sus leyes\u201d, refiri\u00f3 el legislador. Para Bruce, esos consensos son viables y as\u00ed ha quedado demostrado en los gobiernos de Alejandro Toledo y en el actual de Alan Garc\u00eda.<\/p>\n<p>Se\u00f1al\u00f3 que la fragmentaci\u00f3n podr\u00eda aumentar en los primeros dos a\u00f1os de la pr\u00f3xima gesti\u00f3n. \u201cAlgunas bancadas se podr\u00edan dividir, como sucedi\u00f3 con ciertos grupos parlamentarios de reciente formaci\u00f3n\u201d, declar\u00f3.<\/p>\n<p>Cuando El Comercio le pidi\u00f3 que identificara a qu\u00e9 grupo pol\u00edtico o grupos partidarios se refer\u00eda, evit\u00f3 se\u00f1alarlos.<\/p>\n<p>Para el n\u00famero 1 en la lista parlamentaria de Gana Per\u00fa, Daniel Abugattas, es claro que el di\u00e1logo alturado debe ser y ser\u00e1 la caracter\u00edstica que marcar\u00e1 la gesti\u00f3n del pr\u00f3ximo Congreso.<br \/>\u201cEn una situaci\u00f3n de esa naturaleza el consenso es lo \u00fanico viable. La gobernabilidad no se logra con un Congreso fraccionado. En el pr\u00f3ximo Congreso no se dar\u00e1 la compra de conciencias que hizo el Apra con UPP o los negociados del Apra con el fujimorismo. Esperamos trabajar seriamente\u201d, dijo Abugattas.<\/p>\n<p style=\"text-align: justify;\">El porcentaje de congresistas reelegidos ha sido muy bajo. El 23% de los legisladores (28) renov\u00f3 su mandato en el 2000. En el 2001 lo fueron 32 parlamentarios (27%). En el 2006, solo retornaron 16 congresistas (13%).<\/p>\n<p>Para el experto David Montoya, \u201cuna alta volatilidad en cuanto a la permanencia parlamentaria afecta la eficacia del ejercicio de las funciones legislativas de control pol\u00edtico y representaci\u00f3n. Por ello se requiere un cierto desarrollo de capacidades para ejercerlas adecuadamente y de una especializaci\u00f3n en temas de inter\u00e9s nacional\u201d.<br \/><strong><br \/>Aeronoticias<\/strong> considera que el pueblo peruano escribir\u00e1 el pr\u00f3ximo domingo 10 de abril una nueva p\u00e1gina en la historia de la democracia, creemos que la mayor\u00eda de los postulantes al Congreso de la Rep\u00fablica no tienen el nivel acad\u00e9mico ni profesional para representar al pueblo peruano, este es un mal de la democracia, postulan muchos deslegitimados y son muy pocos a los que los precede una trayectoria democr\u00e1tica, t\u00edtulos profesionales y el nivel que se requiere para estar en ese poder del Estado, el pueblo tiene que saber a quien y quienes les da su voto, especialmente los preferenciales.<\/p>\n<p style=\"text-align: justify;\">Sobresalen por sus pergaminos en Per\u00fa Posible, Pilar Freitas y Javier Re\u00e1tegui Rosell\u00f3; en Gana Per\u00fa, An\u00edbal Torres, Rosa Mavila, Daniel Maurate y Jaime Delgado, el defensor de los consumidores; en Solidaridad Nacional, Francisco Delagado de la Flor; en el Apra, Mercedes Cabanillas, todos con trayectoria acad\u00e9mica y profesional, ellos si ser\u00edan congresistas de lujo en el pr\u00f3ximo parlamento.<\/p>\n","protected":false},"excerpt":{"rendered":"<p>(Aeronoticias).- En una realidad que se conocer\u00e1 el domingo 10, el Per\u00fa asistir\u00e1 a la de fragmentaci\u00f3n pol\u00edtica del Congreso de la Rep\u00fablica en donde cinco grupos pol\u00edticos tendr\u00e1n que concertar para encontrar el sentir compartido que les permita el consenso que necesita la gobernabilidad del pa\u00eds. Para el congresista aprista Javier Vel\u00e1squez Quesqu\u00e9n, en [&hellip;]<\/p>\n","protected":false},"author":1,"featured_media":0,"comment_status":"open","ping_status":"open","sticky":false,"template":"","format":"standard","meta":{"tdm_status":"","tdm_grid_status":"","footnotes":""},"categories":[38],"tags":[],"class_list":{"0":"post-16462","1":"post","2":"type-post","3":"status-publish","4":"format-standard","6":"category-nacionales"},"yoast_head":"<!-- This site is optimized with the Yoast SEO plugin v25.1 - https:\/\/yoast.com\/wordpress\/plugins\/seo\/ -->\n<title>Cinco grupos pol\u00edticos integrar\u00e1n Congreso sin mayor\u00eda<\/title>\n<meta name=\"description\" content=\"Portal de noticias del Per\u00fa sobre el transporte a\u00e9reo, aviaci\u00f3n, turismo, hoteleria, actualidad.\" \/>\n<meta name=\"robots\" content=\"index, follow, max-snippet:-1, max-image-preview:large, max-video-preview:-1\" \/>\n<link rel=\"canonical\" href=\"https:\/\/aeronoticias.com.pe\/noticiero\/nacionales\/cinco-grupos-politicos-integraran-congreso-sin-mayoria\/\" \/>\n<meta property=\"og:locale\" content=\"es_ES\" \/>\n<meta property=\"og:type\" content=\"article\" \/>\n<meta property=\"og:title\" content=\"Cinco grupos pol\u00edticos integrar\u00e1n Congreso sin mayor\u00eda\" \/>\n<meta property=\"og:description\" content=\"Portal de noticias del Per\u00fa sobre el transporte a\u00e9reo, aviaci\u00f3n, turismo, hoteleria, actualidad.\" \/>\n<meta property=\"og:url\" content=\"https:\/\/aeronoticias.com.pe\/noticiero\/nacionales\/cinco-grupos-politicos-integraran-congreso-sin-mayoria\/\" \/>\n<meta property=\"og:site_name\" content=\"Aeronoticias.com.pe\" \/>\n<meta property=\"article:publisher\" content=\"https:\/\/www.facebook.com\/Aeronoticias.com.pe\/\" \/>\n<meta property=\"article:published_time\" content=\"2011-04-06T14:54:39+00:00\" \/>\n<meta name=\"author\" content=\"Redacci\u00f3n Aeronoticias\" \/>\n<meta name=\"twitter:card\" content=\"summary_large_image\" \/>\n<meta name=\"twitter:creator\" content=\"@aeronoticias\" \/>\n<meta name=\"twitter:site\" content=\"@aeronoticias\" \/>\n<meta name=\"twitter:label1\" content=\"Escrito por\" \/>\n\t<meta name=\"twitter:data1\" content=\"Redacci\u00f3n Aeronoticias\" \/>\n\t<meta name=\"twitter:label2\" content=\"Tiempo de lectura\" \/>\n\t<meta name=\"twitter:data2\" content=\"5 minutos\" \/>\n<script type=\"application\/ld+json\" class=\"yoast-schema-graph\">{\"@context\":\"https:\/\/schema.org\",\"@graph\":[{\"@type\":\"WebPage\",\"@id\":\"https:\/\/aeronoticias.com.pe\/noticiero\/nacionales\/cinco-grupos-politicos-integraran-congreso-sin-mayoria\/\",\"url\":\"https:\/\/aeronoticias.com.pe\/noticiero\/nacionales\/cinco-grupos-politicos-integraran-congreso-sin-mayoria\/\",\"name\":\"Cinco grupos pol\u00edticos integrar\u00e1n Congreso sin mayor\u00eda\",\"isPartOf\":{\"@id\":\"https:\/\/aeronoticias.com.pe\/noticiero\/#website\"},\"datePublished\":\"2011-04-06T14:54:39+00:00\",\"author\":{\"@id\":\"https:\/\/aeronoticias.com.pe\/noticiero\/#\/schema\/person\/fc1e5d578f4b62ba1cf7ac2bba1170a0\"},\"description\":\"Portal de noticias del Per\u00fa sobre el transporte a\u00e9reo, aviaci\u00f3n, turismo, hoteleria, actualidad.\",\"breadcrumb\":{\"@id\":\"https:\/\/aeronoticias.com.pe\/noticiero\/nacionales\/cinco-grupos-politicos-integraran-congreso-sin-mayoria\/#breadcrumb\"},\"inLanguage\":\"es\",\"potentialAction\":[{\"@type\":\"ReadAction\",\"target\":[\"https:\/\/aeronoticias.com.pe\/noticiero\/nacionales\/cinco-grupos-politicos-integraran-congreso-sin-mayoria\/\"]}]},{\"@type\":\"BreadcrumbList\",\"@id\":\"https:\/\/aeronoticias.com.pe\/noticiero\/nacionales\/cinco-grupos-politicos-integraran-congreso-sin-mayoria\/#breadcrumb\",\"itemListElement\":[{\"@type\":\"ListItem\",\"position\":1,\"name\":\"Portada\",\"item\":\"https:\/\/aeronoticias.com.pe\/noticiero\/\"},{\"@type\":\"ListItem\",\"position\":2,\"name\":\"Cinco grupos pol\u00edticos integrar\u00e1n Congreso sin mayor\u00eda\"}]},{\"@type\":\"WebSite\",\"@id\":\"https:\/\/aeronoticias.com.pe\/noticiero\/#website\",\"url\":\"https:\/\/aeronoticias.com.pe\/noticiero\/\",\"name\":\"Aeronoticias.com.pe\",\"description\":\"Noticias de tranporte aereo, turismo, hoteles, gastronomia, actualidad, internacional\",\"potentialAction\":[{\"@type\":\"SearchAction\",\"target\":{\"@type\":\"EntryPoint\",\"urlTemplate\":\"https:\/\/aeronoticias.com.pe\/noticiero\/?s={search_term_string}\"},\"query-input\":{\"@type\":\"PropertyValueSpecification\",\"valueRequired\":true,\"valueName\":\"search_term_string\"}}],\"inLanguage\":\"es\"},{\"@type\":\"Person\",\"@id\":\"https:\/\/aeronoticias.com.pe\/noticiero\/#\/schema\/person\/fc1e5d578f4b62ba1cf7ac2bba1170a0\",\"name\":\"Redacci\u00f3n Aeronoticias\",\"url\":\"https:\/\/aeronoticias.com.pe\/noticiero\/author\/piloto\/\"}]}<\/script>\n<!-- \/ Yoast SEO plugin. -->","yoast_head_json":{"title":"Cinco grupos pol\u00edticos integrar\u00e1n Congreso sin mayor\u00eda","description":"Portal de noticias del Per\u00fa sobre el transporte a\u00e9reo, aviaci\u00f3n, turismo, hoteleria, actualidad.","robots":{"index":"index","follow":"follow","max-snippet":"max-snippet:-1","max-image-preview":"max-image-preview:large","max-video-preview":"max-video-preview:-1"},"canonical":"https:\/\/aeronoticias.com.pe\/noticiero\/nacionales\/cinco-grupos-politicos-integraran-congreso-sin-mayoria\/","og_locale":"es_ES","og_type":"article","og_title":"Cinco grupos pol\u00edticos integrar\u00e1n Congreso sin mayor\u00eda","og_description":"Portal de noticias del Per\u00fa sobre el transporte a\u00e9reo, aviaci\u00f3n, turismo, hoteleria, actualidad.","og_url":"https:\/\/aeronoticias.com.pe\/noticiero\/nacionales\/cinco-grupos-politicos-integraran-congreso-sin-mayoria\/","og_site_name":"Aeronoticias.com.pe","article_publisher":"https:\/\/www.facebook.com\/Aeronoticias.com.pe\/","article_published_time":"2011-04-06T14:54:39+00:00","author":"Redacci\u00f3n Aeronoticias","twitter_card":"summary_large_image","twitter_creator":"@aeronoticias","twitter_site":"@aeronoticias","twitter_misc":{"Escrito por":"Redacci\u00f3n Aeronoticias","Tiempo de lectura":"5 minutos"},"schema":{"@context":"https:\/\/schema.org","@graph":[{"@type":"WebPage","@id":"https:\/\/aeronoticias.com.pe\/noticiero\/nacionales\/cinco-grupos-politicos-integraran-congreso-sin-mayoria\/","url":"https:\/\/aeronoticias.com.pe\/noticiero\/nacionales\/cinco-grupos-politicos-integraran-congreso-sin-mayoria\/","name":"Cinco grupos pol\u00edticos integrar\u00e1n Congreso sin mayor\u00eda","isPartOf":{"@id":"https:\/\/aeronoticias.com.pe\/noticiero\/#website"},"datePublished":"2011-04-06T14:54:39+00:00","author":{"@id":"https:\/\/aeronoticias.com.pe\/noticiero\/#\/schema\/person\/fc1e5d578f4b62ba1cf7ac2bba1170a0"},"description":"Portal de noticias del Per\u00fa sobre el transporte a\u00e9reo, aviaci\u00f3n, turismo, hoteleria, actualidad.","breadcrumb":{"@id":"https:\/\/aeronoticias.com.pe\/noticiero\/nacionales\/cinco-grupos-politicos-integraran-congreso-sin-mayoria\/#breadcrumb"},"inLanguage":"es","potentialAction":[{"@type":"ReadAction","target":["https:\/\/aeronoticias.com.pe\/noticiero\/nacionales\/cinco-grupos-politicos-integraran-congreso-sin-mayoria\/"]}]},{"@type":"BreadcrumbList","@id":"https:\/\/aeronoticias.com.pe\/noticiero\/nacionales\/cinco-grupos-politicos-integraran-congreso-sin-mayoria\/#breadcrumb","itemListElement":[{"@type":"ListItem","position":1,"name":"Portada","item":"https:\/\/aeronoticias.com.pe\/noticiero\/"},{"@type":"ListItem","position":2,"name":"Cinco grupos pol\u00edticos integrar\u00e1n Congreso sin mayor\u00eda"}]},{"@type":"WebSite","@id":"https:\/\/aeronoticias.com.pe\/noticiero\/#website","url":"https:\/\/aeronoticias.com.pe\/noticiero\/","name":"Aeronoticias.com.pe","description":"Noticias de tranporte aereo, turismo, hoteles, gastronomia, actualidad, internacional","potentialAction":[{"@type":"SearchAction","target":{"@type":"EntryPoint","urlTemplate":"https:\/\/aeronoticias.com.pe\/noticiero\/?s={search_term_string}"},"query-input":{"@type":"PropertyValueSpecification","valueRequired":true,"valueName":"search_term_string"}}],"inLanguage":"es"},{"@type":"Person","@id":"https:\/\/aeronoticias.com.pe\/noticiero\/#\/schema\/person\/fc1e5d578f4b62ba1cf7ac2bba1170a0","name":"Redacci\u00f3n Aeronoticias","url":"https:\/\/aeronoticias.com.pe\/noticiero\/author\/piloto\/"}]}},"_links":{"self":[{"href":"https:\/\/aeronoticias.com.pe\/noticiero\/wp-json\/wp\/v2\/posts\/16462","targetHints":{"allow":["GET"]}}],"collection":[{"href":"https:\/\/aeronoticias.com.pe\/noticiero\/wp-json\/wp\/v2\/posts"}],"about":[{"href":"https:\/\/aeronoticias.com.pe\/noticiero\/wp-json\/wp\/v2\/types\/post"}],"author":[{"embeddable":true,"href":"https:\/\/aeronoticias.com.pe\/noticiero\/wp-json\/wp\/v2\/users\/1"}],"replies":[{"embeddable":true,"href":"https:\/\/aeronoticias.com.pe\/noticiero\/wp-json\/wp\/v2\/comments?post=16462"}],"version-history":[{"count":0,"href":"https:\/\/aeronoticias.com.pe\/noticiero\/wp-json\/wp\/v2\/posts\/16462\/revisions"}],"wp:attachment":[{"href":"https:\/\/aeronoticias.com.pe\/noticiero\/wp-json\/wp\/v2\/media?parent=16462"}],"wp:term":[{"taxonomy":"category","embeddable":true,"href":"https:\/\/aeronoticias.com.pe\/noticiero\/wp-json\/wp\/v2\/categories?post=16462"},{"taxonomy":"post_tag","embeddable":true,"href":"https:\/\/aeronoticias.com.pe\/noticiero\/wp-json\/wp\/v2\/tags?post=16462"}],"curies":[{"name":"wp","href":"https:\/\/api.w.org\/{rel}","templated":true}]}}