{"id":16463,"date":"2011-04-06T15:04:59","date_gmt":"2011-04-06T15:04:59","guid":{"rendered":"http:\/\/desarrollo.mcvicious.com\/aero2020\/2011\/04\/06\/camara-mas-pequena-del-mundo-causa-revolucion-tecnologica\/"},"modified":"2011-04-06T15:04:59","modified_gmt":"2011-04-06T15:04:59","slug":"camara-mas-pequena-del-mundo-causa-revolucion-tecnologica","status":"publish","type":"post","link":"https:\/\/aeronoticias.com.pe\/noticiero\/27\/camara-mas-pequena-del-mundo-causa-revolucion-tecnologica\/","title":{"rendered":"C\u00e1mara m\u00e1s peque\u00f1a del mundo causa revoluci\u00f3n tecnol\u00f3gica"},"content":{"rendered":"<p style=\"text-align: justify;\"><strong>(Aeronoticias)<\/strong> La empresa japonesa Thanko present\u00f3 la MAME-CAM DX, un aparato que pesa 14 gramos y que graba video en alta definici\u00f3n.\u00a0En la palma de una mano no cabe uno, caben dos. La MAME-CAM DX fabricada por la firma japonesa Thanko fue presentada como la m\u00e1s peque\u00f1a del mundo que graba en formato HD.<\/p>\n<p style=\"text-align: justify;\">Tiene solo 14 gramos de peso, la diminuta c\u00e1mara de 8 megap\u00edxeles toma fotos a una resoluci\u00f3n de 3.264 \u00d7 2.448 px, bastante para un equipo de su tama\u00f1o.\u00a0<br \/>Tambi\u00e9n graba video en formato AVI a 1.280 \u00d7 960 de resoluci\u00f3n a una velocidad de 30 frames por segundo, un rendimiento alto que la pone como la c\u00e1mara en HD m\u00e1s peque\u00f1a del mundo, seg\u00fan sus fabricantes.<\/p>\n<p style=\"text-align: center;\"><img decoding=\"async\" src=\"images\/stories\/11\/04\/060411\/camara_mas_pequena.jpg\" border=\"0\" alt=\"C\u00e1mara m\u00e1s peque\u00f1a del mundo causa revoluci\u00f3n tecnol\u00f3gica\" title=\"C\u00e1mara m\u00e1s peque\u00f1a del mundo causa revoluci\u00f3n tecnol\u00f3gica\" \/><\/p>\n<p style=\"text-align: justify;\">Adem\u00e1s, soporta tarjetas microSD y SDHC hasta 32 GB e incluye un puerto USB. Su precio: unos 94 d\u00f3lares en la tienda virtual de Thanko.\u00a0Esta nueva tecnolog\u00eda revoluciona la innovaci\u00f3n y traspasa las fronteras de la imaginaci\u00f3n en tecnolog\u00eda en un mundo globalizado que no tiene limitaciones en el avance cient\u00edfico.<\/p>\n","protected":false},"excerpt":{"rendered":"<p>(Aeronoticias) La empresa japonesa Thanko present\u00f3 la MAME-CAM DX, un aparato que pesa 14 gramos y que graba video en alta definici\u00f3n.\u00a0En la palma de una mano no cabe uno, caben dos. La MAME-CAM DX fabricada por la firma japonesa Thanko fue presentada como la m\u00e1s peque\u00f1a del mundo que graba en formato HD. Tiene [&hellip;]<\/p>\n","protected":false},"author":1,"featured_media":0,"comment_status":"open","ping_status":"open","sticky":false,"template":"","format":"standard","meta":{"tdm_status":"","tdm_grid_status":"","footnotes":""},"categories":[35],"tags":[],"class_list":{"0":"post-16463","1":"post","2":"type-post","3":"status-publish","4":"format-standard","6":"category-35"},"yoast_head":"<!-- This site is optimized with the Yoast SEO plugin v25.1 - https:\/\/yoast.com\/wordpress\/plugins\/seo\/ -->\n<title>C\u00e1mara m\u00e1s peque\u00f1a del mundo causa revoluci\u00f3n tecnol\u00f3gica<\/title>\n<meta name=\"description\" content=\"Portal de noticias del Per\u00fa sobre el transporte a\u00e9reo, aviaci\u00f3n, turismo, hoteleria, actualidad.\" \/>\n<meta name=\"robots\" content=\"index, follow, max-snippet:-1, max-image-preview:large, max-video-preview:-1\" \/>\n<link rel=\"canonical\" href=\"https:\/\/aeronoticias.com.pe\/noticiero\/27\/camara-mas-pequena-del-mundo-causa-revolucion-tecnologica\/\" \/>\n<meta property=\"og:locale\" content=\"es_ES\" \/>\n<meta property=\"og:type\" content=\"article\" \/>\n<meta property=\"og:title\" content=\"C\u00e1mara m\u00e1s peque\u00f1a del mundo causa revoluci\u00f3n tecnol\u00f3gica\" \/>\n<meta property=\"og:description\" content=\"Portal de noticias del Per\u00fa sobre el transporte a\u00e9reo, aviaci\u00f3n, turismo, hoteleria, actualidad.\" \/>\n<meta property=\"og:url\" content=\"https:\/\/aeronoticias.com.pe\/noticiero\/27\/camara-mas-pequena-del-mundo-causa-revolucion-tecnologica\/\" \/>\n<meta property=\"og:site_name\" content=\"Aeronoticias.com.pe\" \/>\n<meta property=\"article:publisher\" content=\"https:\/\/www.facebook.com\/Aeronoticias.com.pe\/\" \/>\n<meta property=\"article:published_time\" content=\"2011-04-06T15:04:59+00:00\" \/>\n<meta name=\"author\" content=\"Redacci\u00f3n Aeronoticias\" \/>\n<meta name=\"twitter:card\" content=\"summary_large_image\" \/>\n<meta name=\"twitter:creator\" content=\"@aeronoticias\" \/>\n<meta name=\"twitter:site\" content=\"@aeronoticias\" \/>\n<meta name=\"twitter:label1\" content=\"Escrito por\" \/>\n\t<meta name=\"twitter:data1\" content=\"Redacci\u00f3n Aeronoticias\" \/>\n\t<meta name=\"twitter:label2\" content=\"Tiempo de lectura\" \/>\n\t<meta name=\"twitter:data2\" content=\"1 minuto\" \/>\n<script type=\"application\/ld+json\" class=\"yoast-schema-graph\">{\"@context\":\"https:\/\/schema.org\",\"@graph\":[{\"@type\":\"WebPage\",\"@id\":\"https:\/\/aeronoticias.com.pe\/noticiero\/27\/camara-mas-pequena-del-mundo-causa-revolucion-tecnologica\/\",\"url\":\"https:\/\/aeronoticias.com.pe\/noticiero\/27\/camara-mas-pequena-del-mundo-causa-revolucion-tecnologica\/\",\"name\":\"C\u00e1mara m\u00e1s peque\u00f1a del mundo causa revoluci\u00f3n tecnol\u00f3gica\",\"isPartOf\":{\"@id\":\"https:\/\/aeronoticias.com.pe\/noticiero\/#website\"},\"datePublished\":\"2011-04-06T15:04:59+00:00\",\"author\":{\"@id\":\"https:\/\/aeronoticias.com.pe\/noticiero\/#\/schema\/person\/fc1e5d578f4b62ba1cf7ac2bba1170a0\"},\"description\":\"Portal de noticias del Per\u00fa sobre el transporte a\u00e9reo, aviaci\u00f3n, turismo, hoteleria, actualidad.\",\"breadcrumb\":{\"@id\":\"https:\/\/aeronoticias.com.pe\/noticiero\/27\/camara-mas-pequena-del-mundo-causa-revolucion-tecnologica\/#breadcrumb\"},\"inLanguage\":\"es\",\"potentialAction\":[{\"@type\":\"ReadAction\",\"target\":[\"https:\/\/aeronoticias.com.pe\/noticiero\/27\/camara-mas-pequena-del-mundo-causa-revolucion-tecnologica\/\"]}]},{\"@type\":\"BreadcrumbList\",\"@id\":\"https:\/\/aeronoticias.com.pe\/noticiero\/27\/camara-mas-pequena-del-mundo-causa-revolucion-tecnologica\/#breadcrumb\",\"itemListElement\":[{\"@type\":\"ListItem\",\"position\":1,\"name\":\"Portada\",\"item\":\"https:\/\/aeronoticias.com.pe\/noticiero\/\"},{\"@type\":\"ListItem\",\"position\":2,\"name\":\"C\u00e1mara m\u00e1s peque\u00f1a del mundo causa revoluci\u00f3n tecnol\u00f3gica\"}]},{\"@type\":\"WebSite\",\"@id\":\"https:\/\/aeronoticias.com.pe\/noticiero\/#website\",\"url\":\"https:\/\/aeronoticias.com.pe\/noticiero\/\",\"name\":\"Aeronoticias.com.pe\",\"description\":\"Noticias de tranporte aereo, turismo, hoteles, gastronomia, actualidad, internacional\",\"potentialAction\":[{\"@type\":\"SearchAction\",\"target\":{\"@type\":\"EntryPoint\",\"urlTemplate\":\"https:\/\/aeronoticias.com.pe\/noticiero\/?s={search_term_string}\"},\"query-input\":{\"@type\":\"PropertyValueSpecification\",\"valueRequired\":true,\"valueName\":\"search_term_string\"}}],\"inLanguage\":\"es\"},{\"@type\":\"Person\",\"@id\":\"https:\/\/aeronoticias.com.pe\/noticiero\/#\/schema\/person\/fc1e5d578f4b62ba1cf7ac2bba1170a0\",\"name\":\"Redacci\u00f3n Aeronoticias\",\"url\":\"https:\/\/aeronoticias.com.pe\/noticiero\/author\/piloto\/\"}]}<\/script>\n<!-- \/ Yoast SEO plugin. -->","yoast_head_json":{"title":"C\u00e1mara m\u00e1s peque\u00f1a del mundo causa revoluci\u00f3n tecnol\u00f3gica","description":"Portal de noticias del Per\u00fa sobre el transporte a\u00e9reo, aviaci\u00f3n, turismo, hoteleria, actualidad.","robots":{"index":"index","follow":"follow","max-snippet":"max-snippet:-1","max-image-preview":"max-image-preview:large","max-video-preview":"max-video-preview:-1"},"canonical":"https:\/\/aeronoticias.com.pe\/noticiero\/27\/camara-mas-pequena-del-mundo-causa-revolucion-tecnologica\/","og_locale":"es_ES","og_type":"article","og_title":"C\u00e1mara m\u00e1s peque\u00f1a del mundo causa revoluci\u00f3n tecnol\u00f3gica","og_description":"Portal de noticias del Per\u00fa sobre el transporte a\u00e9reo, aviaci\u00f3n, turismo, hoteleria, actualidad.","og_url":"https:\/\/aeronoticias.com.pe\/noticiero\/27\/camara-mas-pequena-del-mundo-causa-revolucion-tecnologica\/","og_site_name":"Aeronoticias.com.pe","article_publisher":"https:\/\/www.facebook.com\/Aeronoticias.com.pe\/","article_published_time":"2011-04-06T15:04:59+00:00","author":"Redacci\u00f3n Aeronoticias","twitter_card":"summary_large_image","twitter_creator":"@aeronoticias","twitter_site":"@aeronoticias","twitter_misc":{"Escrito por":"Redacci\u00f3n Aeronoticias","Tiempo de lectura":"1 minuto"},"schema":{"@context":"https:\/\/schema.org","@graph":[{"@type":"WebPage","@id":"https:\/\/aeronoticias.com.pe\/noticiero\/27\/camara-mas-pequena-del-mundo-causa-revolucion-tecnologica\/","url":"https:\/\/aeronoticias.com.pe\/noticiero\/27\/camara-mas-pequena-del-mundo-causa-revolucion-tecnologica\/","name":"C\u00e1mara m\u00e1s peque\u00f1a del mundo causa revoluci\u00f3n tecnol\u00f3gica","isPartOf":{"@id":"https:\/\/aeronoticias.com.pe\/noticiero\/#website"},"datePublished":"2011-04-06T15:04:59+00:00","author":{"@id":"https:\/\/aeronoticias.com.pe\/noticiero\/#\/schema\/person\/fc1e5d578f4b62ba1cf7ac2bba1170a0"},"description":"Portal de noticias del Per\u00fa sobre el transporte a\u00e9reo, aviaci\u00f3n, turismo, hoteleria, actualidad.","breadcrumb":{"@id":"https:\/\/aeronoticias.com.pe\/noticiero\/27\/camara-mas-pequena-del-mundo-causa-revolucion-tecnologica\/#breadcrumb"},"inLanguage":"es","potentialAction":[{"@type":"ReadAction","target":["https:\/\/aeronoticias.com.pe\/noticiero\/27\/camara-mas-pequena-del-mundo-causa-revolucion-tecnologica\/"]}]},{"@type":"BreadcrumbList","@id":"https:\/\/aeronoticias.com.pe\/noticiero\/27\/camara-mas-pequena-del-mundo-causa-revolucion-tecnologica\/#breadcrumb","itemListElement":[{"@type":"ListItem","position":1,"name":"Portada","item":"https:\/\/aeronoticias.com.pe\/noticiero\/"},{"@type":"ListItem","position":2,"name":"C\u00e1mara m\u00e1s peque\u00f1a del mundo causa revoluci\u00f3n tecnol\u00f3gica"}]},{"@type":"WebSite","@id":"https:\/\/aeronoticias.com.pe\/noticiero\/#website","url":"https:\/\/aeronoticias.com.pe\/noticiero\/","name":"Aeronoticias.com.pe","description":"Noticias de tranporte aereo, turismo, hoteles, gastronomia, actualidad, internacional","potentialAction":[{"@type":"SearchAction","target":{"@type":"EntryPoint","urlTemplate":"https:\/\/aeronoticias.com.pe\/noticiero\/?s={search_term_string}"},"query-input":{"@type":"PropertyValueSpecification","valueRequired":true,"valueName":"search_term_string"}}],"inLanguage":"es"},{"@type":"Person","@id":"https:\/\/aeronoticias.com.pe\/noticiero\/#\/schema\/person\/fc1e5d578f4b62ba1cf7ac2bba1170a0","name":"Redacci\u00f3n Aeronoticias","url":"https:\/\/aeronoticias.com.pe\/noticiero\/author\/piloto\/"}]}},"_links":{"self":[{"href":"https:\/\/aeronoticias.com.pe\/noticiero\/wp-json\/wp\/v2\/posts\/16463","targetHints":{"allow":["GET"]}}],"collection":[{"href":"https:\/\/aeronoticias.com.pe\/noticiero\/wp-json\/wp\/v2\/posts"}],"about":[{"href":"https:\/\/aeronoticias.com.pe\/noticiero\/wp-json\/wp\/v2\/types\/post"}],"author":[{"embeddable":true,"href":"https:\/\/aeronoticias.com.pe\/noticiero\/wp-json\/wp\/v2\/users\/1"}],"replies":[{"embeddable":true,"href":"https:\/\/aeronoticias.com.pe\/noticiero\/wp-json\/wp\/v2\/comments?post=16463"}],"version-history":[{"count":0,"href":"https:\/\/aeronoticias.com.pe\/noticiero\/wp-json\/wp\/v2\/posts\/16463\/revisions"}],"wp:attachment":[{"href":"https:\/\/aeronoticias.com.pe\/noticiero\/wp-json\/wp\/v2\/media?parent=16463"}],"wp:term":[{"taxonomy":"category","embeddable":true,"href":"https:\/\/aeronoticias.com.pe\/noticiero\/wp-json\/wp\/v2\/categories?post=16463"},{"taxonomy":"post_tag","embeddable":true,"href":"https:\/\/aeronoticias.com.pe\/noticiero\/wp-json\/wp\/v2\/tags?post=16463"}],"curies":[{"name":"wp","href":"https:\/\/api.w.org\/{rel}","templated":true}]}}