{"id":16467,"date":"2011-04-06T15:27:31","date_gmt":"2011-04-06T15:27:31","guid":{"rendered":"http:\/\/desarrollo.mcvicious.com\/aero2020\/2011\/04\/06\/respaldan-sentencia-del-tribunal-constitucional-sobre-endoso-y-postergacion-de-pasajes-aereos\/"},"modified":"2011-04-06T15:27:31","modified_gmt":"2011-04-06T15:27:31","slug":"respaldan-sentencia-del-tribunal-constitucional-sobre-endoso-y-postergacion-de-pasajes-aereos","status":"publish","type":"post","link":"https:\/\/aeronoticias.com.pe\/noticiero\/transporte-aereo\/internacional\/respaldan-sentencia-del-tribunal-constitucional-sobre-endoso-y-postergacion-de-pasajes-aereos\/","title":{"rendered":"Respaldan sentencia del Tribunal Constitucional sobre endoso y postergaci\u00f3n de pasajes a\u00e9reos"},"content":{"rendered":"<p style=\"text-align: justify;\"><strong>(Aeronoticias)<\/strong> El presidente de la Comisi\u00f3n de Derecho Aeron\u00e1utico del Colegio de Abogados de Lima CAL, Juli\u00e1n Palac\u00edn Fern\u00e1ndez, respald\u00f3 la sentencia del Tribunal Constitucional que declar\u00f3 inconstitucional la norma que imped\u00eda a los usuarios endosar y postergar tickets de transporte a\u00e9reo y otros.<\/p>\n<p>El jurista dijo, que el Tribunal Constitucional declar\u00f3 fundada la demanda presentada contra el Decreto de Urgencia N\u00ba 061-2010 que, al modificar el C\u00f3digo de Defensa del Consumidor, restring\u00eda anticonstitucionalmente el derecho de los consumidores de servicios de transporte a\u00e9reo a endosar o transferir la titularidad del servicio adquirido o postergar su realizaci\u00f3n.<\/p>\n<p style=\"text-align: center;\"><img decoding=\"async\" src=\"images\/stories\/11\/04\/060411\/julian_palacin.jpg\" border=\"0\" alt=\"Respaldan sentencia del Tribunal Constitucional sobre endoso y postergaci\u00f3n de pasajes a\u00e9reos \" title=\"Respaldan sentencia del Tribunal Constitucional sobre endoso y postergaci\u00f3n de pasajes a\u00e9reos \" \/><\/p>\n<p style=\"text-align: justify;\">De esta forma, debemos expresar la calidad jur\u00eddica de la sentencia del Expediente N\u00ba 00028-2010-PI\/TC, que declara fundada la demanda y, en consecuencia, inconstitucional el cuestionado Decreto de Urgencia, que estuvo inspirado por conocidos intereses del cuasimonopolio a\u00e9reo que controlan el espacio a\u00e9reo peruano.<\/p>\n<p>Los pasajeros de los servicios de transporte a\u00e9reo podr\u00e1n a partir de la fecha transferir la titularidad del servicio adquirido o postergar la realizaci\u00f3n de este en las mismas condiciones pactadas, pudiendo ser considerado como parte de pago, asumiendo los gastos \u00fanicamente relacionados con la emisi\u00f3n del nuevo boleto, lo cual es positivo ya que el Decreto de Urgencia N\u00ba 061-2010 introduc\u00eda restricciones lesivas a los 10 millones de pasajeros peruanos que utilizan la v\u00eda a\u00e9rea como forma de transportaci\u00f3n.<br \/>Cabe destacar, que los organismos reguladores competentes podr\u00e1n aprobar las cl\u00e1usulas generales de contrataci\u00f3n de las empresas prestadoras de servicios p\u00fablicos, sujetas o no a regulaci\u00f3n econ\u00f3mica, conforme a la ley de la materia, de acuerdo al numeral 54.1 del art\u00edculo 54 del mencionado c\u00f3digo.<br \/>La norma dice, que en el caso de los contratos de consumo celebrados por las empresas prestadoras de servicios p\u00fablicos, sujetos o no a regulaci\u00f3n econ\u00f3mica, la aprobaci\u00f3n administrativa de las clausulas generales de contrataci\u00f3n est\u00e1 a cargo del organismo regulador competente, conforme a la ley de la materia y las disposiciones que emita para dicho efecto.<\/p>\n<p>Para el Tribunal Constitucional, en opini\u00f3n compartida por el presidente de la Comisi\u00f3n de Derecho Aeron\u00e1utico del Colegio de Abogados de Lima, Juli\u00e1n Palac\u00edn Fern\u00e1ndez, el Decreto de Urgencia N\u00ba 061-2010 no cumpl\u00eda con las caracter\u00edsticas de excepcionalidad, imprevisibilidad, urgencia y transitoriedad pues no pueden resultar excepcionales e imprevisibles las consecuencias de una ley debatida y aprobada por el Congreso, que el Ejecutivo conoc\u00eda antes de su promulgaci\u00f3n y estuvo en posibilidad de observarla. Creemos, dijo el especialista, en las bondades del C\u00f3digo de Protecci\u00f3n y Defensa del Consumidor, aprobado por la Ley 29571, el Decreto de Urgencia mencionado respondi\u00f3 a intereses particulares, no respet\u00f3 la constitucionalidad y es por ello que el Tribunal Constitucional ha hecho justicia en beneficio del pasajero, agreg\u00f3. <\/p>\n","protected":false},"excerpt":{"rendered":"<p>(Aeronoticias) El presidente de la Comisi\u00f3n de Derecho Aeron\u00e1utico del Colegio de Abogados de Lima CAL, Juli\u00e1n Palac\u00edn Fern\u00e1ndez, respald\u00f3 la sentencia del Tribunal Constitucional que declar\u00f3 inconstitucional la norma que imped\u00eda a los usuarios endosar y postergar tickets de transporte a\u00e9reo y otros. El jurista dijo, que el Tribunal Constitucional declar\u00f3 fundada la demanda [&hellip;]<\/p>\n","protected":false},"author":1,"featured_media":0,"comment_status":"open","ping_status":"open","sticky":false,"template":"","format":"standard","meta":{"tdm_status":"","tdm_grid_status":"","footnotes":""},"categories":[32],"tags":[],"class_list":{"0":"post-16467","1":"post","2":"type-post","3":"status-publish","4":"format-standard","6":"category-internacional"},"yoast_head":"<!-- This site is optimized with the Yoast SEO plugin v25.1 - https:\/\/yoast.com\/wordpress\/plugins\/seo\/ -->\n<title>Respaldan sentencia del Tribunal Constitucional sobre endoso y postergaci\u00f3n de pasajes a\u00e9reos<\/title>\n<meta name=\"description\" content=\"Portal de noticias del Per\u00fa sobre el transporte a\u00e9reo, aviaci\u00f3n, turismo, hoteleria, actualidad.\" \/>\n<meta name=\"robots\" content=\"index, follow, max-snippet:-1, max-image-preview:large, max-video-preview:-1\" \/>\n<link rel=\"canonical\" href=\"https:\/\/aeronoticias.com.pe\/noticiero\/transporte-aereo\/internacional\/respaldan-sentencia-del-tribunal-constitucional-sobre-endoso-y-postergacion-de-pasajes-aereos\/\" \/>\n<meta property=\"og:locale\" content=\"es_ES\" \/>\n<meta property=\"og:type\" content=\"article\" \/>\n<meta property=\"og:title\" content=\"Respaldan sentencia del Tribunal Constitucional sobre endoso y postergaci\u00f3n de pasajes a\u00e9reos\" \/>\n<meta property=\"og:description\" content=\"Portal de noticias del Per\u00fa sobre el transporte a\u00e9reo, aviaci\u00f3n, turismo, hoteleria, actualidad.\" \/>\n<meta property=\"og:url\" content=\"https:\/\/aeronoticias.com.pe\/noticiero\/transporte-aereo\/internacional\/respaldan-sentencia-del-tribunal-constitucional-sobre-endoso-y-postergacion-de-pasajes-aereos\/\" \/>\n<meta property=\"og:site_name\" content=\"Aeronoticias.com.pe\" \/>\n<meta property=\"article:publisher\" content=\"https:\/\/www.facebook.com\/Aeronoticias.com.pe\/\" \/>\n<meta property=\"article:published_time\" content=\"2011-04-06T15:27:31+00:00\" \/>\n<meta name=\"author\" content=\"Redacci\u00f3n Aeronoticias\" \/>\n<meta name=\"twitter:card\" content=\"summary_large_image\" \/>\n<meta name=\"twitter:creator\" content=\"@aeronoticias\" \/>\n<meta name=\"twitter:site\" content=\"@aeronoticias\" \/>\n<meta name=\"twitter:label1\" content=\"Escrito por\" \/>\n\t<meta name=\"twitter:data1\" content=\"Redacci\u00f3n Aeronoticias\" \/>\n\t<meta name=\"twitter:label2\" content=\"Tiempo de lectura\" \/>\n\t<meta name=\"twitter:data2\" content=\"2 minutos\" \/>\n<script type=\"application\/ld+json\" class=\"yoast-schema-graph\">{\"@context\":\"https:\/\/schema.org\",\"@graph\":[{\"@type\":\"WebPage\",\"@id\":\"https:\/\/aeronoticias.com.pe\/noticiero\/transporte-aereo\/internacional\/respaldan-sentencia-del-tribunal-constitucional-sobre-endoso-y-postergacion-de-pasajes-aereos\/\",\"url\":\"https:\/\/aeronoticias.com.pe\/noticiero\/transporte-aereo\/internacional\/respaldan-sentencia-del-tribunal-constitucional-sobre-endoso-y-postergacion-de-pasajes-aereos\/\",\"name\":\"Respaldan sentencia del Tribunal Constitucional sobre endoso y postergaci\u00f3n de pasajes a\u00e9reos\",\"isPartOf\":{\"@id\":\"https:\/\/aeronoticias.com.pe\/noticiero\/#website\"},\"datePublished\":\"2011-04-06T15:27:31+00:00\",\"author\":{\"@id\":\"https:\/\/aeronoticias.com.pe\/noticiero\/#\/schema\/person\/fc1e5d578f4b62ba1cf7ac2bba1170a0\"},\"description\":\"Portal de noticias del Per\u00fa sobre el transporte a\u00e9reo, aviaci\u00f3n, turismo, hoteleria, actualidad.\",\"breadcrumb\":{\"@id\":\"https:\/\/aeronoticias.com.pe\/noticiero\/transporte-aereo\/internacional\/respaldan-sentencia-del-tribunal-constitucional-sobre-endoso-y-postergacion-de-pasajes-aereos\/#breadcrumb\"},\"inLanguage\":\"es\",\"potentialAction\":[{\"@type\":\"ReadAction\",\"target\":[\"https:\/\/aeronoticias.com.pe\/noticiero\/transporte-aereo\/internacional\/respaldan-sentencia-del-tribunal-constitucional-sobre-endoso-y-postergacion-de-pasajes-aereos\/\"]}]},{\"@type\":\"BreadcrumbList\",\"@id\":\"https:\/\/aeronoticias.com.pe\/noticiero\/transporte-aereo\/internacional\/respaldan-sentencia-del-tribunal-constitucional-sobre-endoso-y-postergacion-de-pasajes-aereos\/#breadcrumb\",\"itemListElement\":[{\"@type\":\"ListItem\",\"position\":1,\"name\":\"Portada\",\"item\":\"https:\/\/aeronoticias.com.pe\/noticiero\/\"},{\"@type\":\"ListItem\",\"position\":2,\"name\":\"Respaldan sentencia del Tribunal Constitucional sobre endoso y postergaci\u00f3n de pasajes a\u00e9reos\"}]},{\"@type\":\"WebSite\",\"@id\":\"https:\/\/aeronoticias.com.pe\/noticiero\/#website\",\"url\":\"https:\/\/aeronoticias.com.pe\/noticiero\/\",\"name\":\"Aeronoticias.com.pe\",\"description\":\"Noticias de tranporte aereo, turismo, hoteles, gastronomia, actualidad, internacional\",\"potentialAction\":[{\"@type\":\"SearchAction\",\"target\":{\"@type\":\"EntryPoint\",\"urlTemplate\":\"https:\/\/aeronoticias.com.pe\/noticiero\/?s={search_term_string}\"},\"query-input\":{\"@type\":\"PropertyValueSpecification\",\"valueRequired\":true,\"valueName\":\"search_term_string\"}}],\"inLanguage\":\"es\"},{\"@type\":\"Person\",\"@id\":\"https:\/\/aeronoticias.com.pe\/noticiero\/#\/schema\/person\/fc1e5d578f4b62ba1cf7ac2bba1170a0\",\"name\":\"Redacci\u00f3n Aeronoticias\",\"url\":\"https:\/\/aeronoticias.com.pe\/noticiero\/author\/piloto\/\"}]}<\/script>\n<!-- \/ Yoast SEO plugin. -->","yoast_head_json":{"title":"Respaldan sentencia del Tribunal Constitucional sobre endoso y postergaci\u00f3n de pasajes a\u00e9reos","description":"Portal de noticias del Per\u00fa sobre el transporte a\u00e9reo, aviaci\u00f3n, turismo, hoteleria, actualidad.","robots":{"index":"index","follow":"follow","max-snippet":"max-snippet:-1","max-image-preview":"max-image-preview:large","max-video-preview":"max-video-preview:-1"},"canonical":"https:\/\/aeronoticias.com.pe\/noticiero\/transporte-aereo\/internacional\/respaldan-sentencia-del-tribunal-constitucional-sobre-endoso-y-postergacion-de-pasajes-aereos\/","og_locale":"es_ES","og_type":"article","og_title":"Respaldan sentencia del Tribunal Constitucional sobre endoso y postergaci\u00f3n de pasajes a\u00e9reos","og_description":"Portal de noticias del Per\u00fa sobre el transporte a\u00e9reo, aviaci\u00f3n, turismo, hoteleria, actualidad.","og_url":"https:\/\/aeronoticias.com.pe\/noticiero\/transporte-aereo\/internacional\/respaldan-sentencia-del-tribunal-constitucional-sobre-endoso-y-postergacion-de-pasajes-aereos\/","og_site_name":"Aeronoticias.com.pe","article_publisher":"https:\/\/www.facebook.com\/Aeronoticias.com.pe\/","article_published_time":"2011-04-06T15:27:31+00:00","author":"Redacci\u00f3n Aeronoticias","twitter_card":"summary_large_image","twitter_creator":"@aeronoticias","twitter_site":"@aeronoticias","twitter_misc":{"Escrito por":"Redacci\u00f3n Aeronoticias","Tiempo de lectura":"2 minutos"},"schema":{"@context":"https:\/\/schema.org","@graph":[{"@type":"WebPage","@id":"https:\/\/aeronoticias.com.pe\/noticiero\/transporte-aereo\/internacional\/respaldan-sentencia-del-tribunal-constitucional-sobre-endoso-y-postergacion-de-pasajes-aereos\/","url":"https:\/\/aeronoticias.com.pe\/noticiero\/transporte-aereo\/internacional\/respaldan-sentencia-del-tribunal-constitucional-sobre-endoso-y-postergacion-de-pasajes-aereos\/","name":"Respaldan sentencia del Tribunal Constitucional sobre endoso y postergaci\u00f3n de pasajes a\u00e9reos","isPartOf":{"@id":"https:\/\/aeronoticias.com.pe\/noticiero\/#website"},"datePublished":"2011-04-06T15:27:31+00:00","author":{"@id":"https:\/\/aeronoticias.com.pe\/noticiero\/#\/schema\/person\/fc1e5d578f4b62ba1cf7ac2bba1170a0"},"description":"Portal de noticias del Per\u00fa sobre el transporte a\u00e9reo, aviaci\u00f3n, turismo, hoteleria, actualidad.","breadcrumb":{"@id":"https:\/\/aeronoticias.com.pe\/noticiero\/transporte-aereo\/internacional\/respaldan-sentencia-del-tribunal-constitucional-sobre-endoso-y-postergacion-de-pasajes-aereos\/#breadcrumb"},"inLanguage":"es","potentialAction":[{"@type":"ReadAction","target":["https:\/\/aeronoticias.com.pe\/noticiero\/transporte-aereo\/internacional\/respaldan-sentencia-del-tribunal-constitucional-sobre-endoso-y-postergacion-de-pasajes-aereos\/"]}]},{"@type":"BreadcrumbList","@id":"https:\/\/aeronoticias.com.pe\/noticiero\/transporte-aereo\/internacional\/respaldan-sentencia-del-tribunal-constitucional-sobre-endoso-y-postergacion-de-pasajes-aereos\/#breadcrumb","itemListElement":[{"@type":"ListItem","position":1,"name":"Portada","item":"https:\/\/aeronoticias.com.pe\/noticiero\/"},{"@type":"ListItem","position":2,"name":"Respaldan sentencia del Tribunal Constitucional sobre endoso y postergaci\u00f3n de pasajes a\u00e9reos"}]},{"@type":"WebSite","@id":"https:\/\/aeronoticias.com.pe\/noticiero\/#website","url":"https:\/\/aeronoticias.com.pe\/noticiero\/","name":"Aeronoticias.com.pe","description":"Noticias de tranporte aereo, turismo, hoteles, gastronomia, actualidad, internacional","potentialAction":[{"@type":"SearchAction","target":{"@type":"EntryPoint","urlTemplate":"https:\/\/aeronoticias.com.pe\/noticiero\/?s={search_term_string}"},"query-input":{"@type":"PropertyValueSpecification","valueRequired":true,"valueName":"search_term_string"}}],"inLanguage":"es"},{"@type":"Person","@id":"https:\/\/aeronoticias.com.pe\/noticiero\/#\/schema\/person\/fc1e5d578f4b62ba1cf7ac2bba1170a0","name":"Redacci\u00f3n Aeronoticias","url":"https:\/\/aeronoticias.com.pe\/noticiero\/author\/piloto\/"}]}},"_links":{"self":[{"href":"https:\/\/aeronoticias.com.pe\/noticiero\/wp-json\/wp\/v2\/posts\/16467","targetHints":{"allow":["GET"]}}],"collection":[{"href":"https:\/\/aeronoticias.com.pe\/noticiero\/wp-json\/wp\/v2\/posts"}],"about":[{"href":"https:\/\/aeronoticias.com.pe\/noticiero\/wp-json\/wp\/v2\/types\/post"}],"author":[{"embeddable":true,"href":"https:\/\/aeronoticias.com.pe\/noticiero\/wp-json\/wp\/v2\/users\/1"}],"replies":[{"embeddable":true,"href":"https:\/\/aeronoticias.com.pe\/noticiero\/wp-json\/wp\/v2\/comments?post=16467"}],"version-history":[{"count":0,"href":"https:\/\/aeronoticias.com.pe\/noticiero\/wp-json\/wp\/v2\/posts\/16467\/revisions"}],"wp:attachment":[{"href":"https:\/\/aeronoticias.com.pe\/noticiero\/wp-json\/wp\/v2\/media?parent=16467"}],"wp:term":[{"taxonomy":"category","embeddable":true,"href":"https:\/\/aeronoticias.com.pe\/noticiero\/wp-json\/wp\/v2\/categories?post=16467"},{"taxonomy":"post_tag","embeddable":true,"href":"https:\/\/aeronoticias.com.pe\/noticiero\/wp-json\/wp\/v2\/tags?post=16467"}],"curies":[{"name":"wp","href":"https:\/\/api.w.org\/{rel}","templated":true}]}}