{"id":16638,"date":"2011-04-14T23:13:32","date_gmt":"2011-04-14T23:13:32","guid":{"rendered":"http:\/\/desarrollo.mcvicious.com\/aero2020\/2011\/04\/14\/promperu-iniciara-campana-de-promocion-de-marca-pais\/"},"modified":"2011-04-14T23:13:32","modified_gmt":"2011-04-14T23:13:32","slug":"promperu-iniciara-campana-de-promocion-de-marca-pais","status":"publish","type":"post","link":"https:\/\/aeronoticias.com.pe\/noticiero\/turismo\/13\/promperu-iniciara-campana-de-promocion-de-marca-pais\/","title":{"rendered":"Promper\u00fa iniciar\u00e1 campa\u00f1a de promoci\u00f3n de marca pa\u00eds al interior de Per\u00fa"},"content":{"rendered":"<p><strong>(Aeronoticias).-<\/strong> La Comisi\u00f3n de Promoci\u00f3n del Per\u00fa para la Exportaci\u00f3n y el Turismo (Promper\u00fa) iniciar\u00e1 en mayo una campa\u00f1a agresiva de promoci\u00f3n de la Marca Pa\u00eds Per\u00fa con la finalidad de que sea conocida por todos los peruanos, inform\u00f3 hoy su directora de Promoci\u00f3n Tur\u00edstica, Roc\u00edo Merino.<\/p>\n<p style=\"text-align: justify;\">\u201cSe viene una campa\u00f1a fuerte y agresiva a nivel de medios de comunicaci\u00f3n, y tiene el objetivo de que los peruanos conozcan la Marca Per\u00fa y la hagan suya; es muy importante que los peruanos hagamos primero nuestra a la marca\u201d, declar\u00f3.<\/p>\n<p>  <!--more-->  <\/p>\n<p style=\"text-align: justify;\">Se\u00f1al\u00f3 que luego de esa campa\u00f1a se iniciar\u00e1 una campa\u00f1a a nivel internacional.<\/p>\n<p style=\"text-align: justify;\">Seg\u00fan el Ministerio de Comercio Exterior y Turismo (Mincetur), la Marca Pa\u00eds impulsar\u00e1 en diez por ciento el turismo receptivo hacia Per\u00fa.<\/p>\n<p style=\"text-align: justify;\">La Marca Pa\u00eds Per\u00fa fue lanza el 10 de marzo del presente a\u00f1o, luego de dos a\u00f1os de trabajo, y en cuya elaboraci\u00f3n se contempl\u00f3 la observaci\u00f3n y an\u00e1lisis de los componentes de la identidad de un pa\u00eds multicultural como Per\u00fa.<\/p>\n<p style=\"text-align: justify;\">Ello se hizo a trav\u00e9s de diferentes etapas que incluyeron el testeo del logo con personalidades claves en las \u00e1reas de inversiones, exportaciones y turismo a nivel nacional e internacional.<\/p>\n<p style=\"text-align: justify;\">La validaci\u00f3n de la marca se realiz\u00f3 a nivel interno en Arequipa, Lima, Cusco, Puno, Jun\u00edn, Loreto y La Libertad; mientras que a nivel internacional en Nueva York y Los Angeles (Estados Unidos), Tokio (Jap\u00f3n), Sao Paulo (Brasil), Madrid (Espa\u00f1a) y Londres (Inglaterra)<\/p>\n<p style=\"text-align: justify;\"><img decoding=\"async\" src=\"images\/stories\/11\/04\/140411\/marca_pais_peru.jpg\" border=\"0\" alt=\"Promper\u00fa iniciar\u00e1 campa\u00f1a de promoci\u00f3n de Marca Pa\u00eds\" title=\"Promper\u00fa iniciar\u00e1 campa\u00f1a de promoci\u00f3n de Marca Pa\u00eds\" \/><\/p>\n","protected":false},"excerpt":{"rendered":"<p>(Aeronoticias).- La Comisi\u00f3n de Promoci\u00f3n del Per\u00fa para la Exportaci\u00f3n y el Turismo (Promper\u00fa) iniciar\u00e1 en mayo una campa\u00f1a agresiva de promoci\u00f3n de la Marca Pa\u00eds Per\u00fa con la finalidad de que sea conocida por todos los peruanos, inform\u00f3 hoy su directora de Promoci\u00f3n Tur\u00edstica, Roc\u00edo Merino. \u201cSe viene una campa\u00f1a fuerte y agresiva a [&hellip;]<\/p>\n","protected":false},"author":1,"featured_media":0,"comment_status":"open","ping_status":"open","sticky":false,"template":"","format":"standard","meta":{"tdm_status":"","tdm_grid_status":"","footnotes":""},"categories":[31],"tags":[],"class_list":{"0":"post-16638","1":"post","2":"type-post","3":"status-publish","4":"format-standard","6":"category-31"},"yoast_head":"<!-- This site is optimized with the Yoast SEO plugin v25.1 - https:\/\/yoast.com\/wordpress\/plugins\/seo\/ -->\n<title>Promper\u00fa iniciar\u00e1 campa\u00f1a de promoci\u00f3n de marca pa\u00eds al interior de Per\u00fa<\/title>\n<meta name=\"description\" content=\"Portal de noticias del Per\u00fa sobre el transporte a\u00e9reo, aviaci\u00f3n, turismo, hoteleria, actualidad.\" \/>\n<meta name=\"robots\" content=\"index, follow, max-snippet:-1, max-image-preview:large, max-video-preview:-1\" \/>\n<link rel=\"canonical\" href=\"https:\/\/aeronoticias.com.pe\/noticiero\/turismo\/13\/promperu-iniciara-campana-de-promocion-de-marca-pais\/\" \/>\n<meta property=\"og:locale\" content=\"es_ES\" \/>\n<meta property=\"og:type\" content=\"article\" \/>\n<meta property=\"og:title\" content=\"Promper\u00fa iniciar\u00e1 campa\u00f1a de promoci\u00f3n de marca pa\u00eds al interior de Per\u00fa\" \/>\n<meta property=\"og:description\" content=\"Portal de noticias del Per\u00fa sobre el transporte a\u00e9reo, aviaci\u00f3n, turismo, hoteleria, actualidad.\" \/>\n<meta property=\"og:url\" content=\"https:\/\/aeronoticias.com.pe\/noticiero\/turismo\/13\/promperu-iniciara-campana-de-promocion-de-marca-pais\/\" \/>\n<meta property=\"og:site_name\" content=\"Aeronoticias.com.pe\" \/>\n<meta property=\"article:publisher\" content=\"https:\/\/www.facebook.com\/Aeronoticias.com.pe\/\" \/>\n<meta property=\"article:published_time\" content=\"2011-04-14T23:13:32+00:00\" \/>\n<meta name=\"author\" content=\"Redacci\u00f3n Aeronoticias\" \/>\n<meta name=\"twitter:card\" content=\"summary_large_image\" \/>\n<meta name=\"twitter:creator\" content=\"@aeronoticias\" \/>\n<meta name=\"twitter:site\" content=\"@aeronoticias\" \/>\n<meta name=\"twitter:label1\" content=\"Escrito por\" \/>\n\t<meta name=\"twitter:data1\" content=\"Redacci\u00f3n Aeronoticias\" \/>\n\t<meta name=\"twitter:label2\" content=\"Tiempo de lectura\" \/>\n\t<meta name=\"twitter:data2\" content=\"1 minuto\" \/>\n<script type=\"application\/ld+json\" class=\"yoast-schema-graph\">{\"@context\":\"https:\/\/schema.org\",\"@graph\":[{\"@type\":\"WebPage\",\"@id\":\"https:\/\/aeronoticias.com.pe\/noticiero\/turismo\/13\/promperu-iniciara-campana-de-promocion-de-marca-pais\/\",\"url\":\"https:\/\/aeronoticias.com.pe\/noticiero\/turismo\/13\/promperu-iniciara-campana-de-promocion-de-marca-pais\/\",\"name\":\"Promper\u00fa iniciar\u00e1 campa\u00f1a de promoci\u00f3n de marca pa\u00eds al interior de Per\u00fa\",\"isPartOf\":{\"@id\":\"https:\/\/aeronoticias.com.pe\/noticiero\/#website\"},\"datePublished\":\"2011-04-14T23:13:32+00:00\",\"author\":{\"@id\":\"https:\/\/aeronoticias.com.pe\/noticiero\/#\/schema\/person\/fc1e5d578f4b62ba1cf7ac2bba1170a0\"},\"description\":\"Portal de noticias del Per\u00fa sobre el transporte a\u00e9reo, aviaci\u00f3n, turismo, hoteleria, actualidad.\",\"breadcrumb\":{\"@id\":\"https:\/\/aeronoticias.com.pe\/noticiero\/turismo\/13\/promperu-iniciara-campana-de-promocion-de-marca-pais\/#breadcrumb\"},\"inLanguage\":\"es\",\"potentialAction\":[{\"@type\":\"ReadAction\",\"target\":[\"https:\/\/aeronoticias.com.pe\/noticiero\/turismo\/13\/promperu-iniciara-campana-de-promocion-de-marca-pais\/\"]}]},{\"@type\":\"BreadcrumbList\",\"@id\":\"https:\/\/aeronoticias.com.pe\/noticiero\/turismo\/13\/promperu-iniciara-campana-de-promocion-de-marca-pais\/#breadcrumb\",\"itemListElement\":[{\"@type\":\"ListItem\",\"position\":1,\"name\":\"Portada\",\"item\":\"https:\/\/aeronoticias.com.pe\/noticiero\/\"},{\"@type\":\"ListItem\",\"position\":2,\"name\":\"Promper\u00fa iniciar\u00e1 campa\u00f1a de promoci\u00f3n de marca pa\u00eds al interior de Per\u00fa\"}]},{\"@type\":\"WebSite\",\"@id\":\"https:\/\/aeronoticias.com.pe\/noticiero\/#website\",\"url\":\"https:\/\/aeronoticias.com.pe\/noticiero\/\",\"name\":\"Aeronoticias.com.pe\",\"description\":\"Noticias de tranporte aereo, turismo, hoteles, gastronomia, actualidad, internacional\",\"potentialAction\":[{\"@type\":\"SearchAction\",\"target\":{\"@type\":\"EntryPoint\",\"urlTemplate\":\"https:\/\/aeronoticias.com.pe\/noticiero\/?s={search_term_string}\"},\"query-input\":{\"@type\":\"PropertyValueSpecification\",\"valueRequired\":true,\"valueName\":\"search_term_string\"}}],\"inLanguage\":\"es\"},{\"@type\":\"Person\",\"@id\":\"https:\/\/aeronoticias.com.pe\/noticiero\/#\/schema\/person\/fc1e5d578f4b62ba1cf7ac2bba1170a0\",\"name\":\"Redacci\u00f3n Aeronoticias\",\"url\":\"https:\/\/aeronoticias.com.pe\/noticiero\/author\/piloto\/\"}]}<\/script>\n<!-- \/ Yoast SEO plugin. -->","yoast_head_json":{"title":"Promper\u00fa iniciar\u00e1 campa\u00f1a de promoci\u00f3n de marca pa\u00eds al interior de Per\u00fa","description":"Portal de noticias del Per\u00fa sobre el transporte a\u00e9reo, aviaci\u00f3n, turismo, hoteleria, actualidad.","robots":{"index":"index","follow":"follow","max-snippet":"max-snippet:-1","max-image-preview":"max-image-preview:large","max-video-preview":"max-video-preview:-1"},"canonical":"https:\/\/aeronoticias.com.pe\/noticiero\/turismo\/13\/promperu-iniciara-campana-de-promocion-de-marca-pais\/","og_locale":"es_ES","og_type":"article","og_title":"Promper\u00fa iniciar\u00e1 campa\u00f1a de promoci\u00f3n de marca pa\u00eds al interior de Per\u00fa","og_description":"Portal de noticias del Per\u00fa sobre el transporte a\u00e9reo, aviaci\u00f3n, turismo, hoteleria, actualidad.","og_url":"https:\/\/aeronoticias.com.pe\/noticiero\/turismo\/13\/promperu-iniciara-campana-de-promocion-de-marca-pais\/","og_site_name":"Aeronoticias.com.pe","article_publisher":"https:\/\/www.facebook.com\/Aeronoticias.com.pe\/","article_published_time":"2011-04-14T23:13:32+00:00","author":"Redacci\u00f3n Aeronoticias","twitter_card":"summary_large_image","twitter_creator":"@aeronoticias","twitter_site":"@aeronoticias","twitter_misc":{"Escrito por":"Redacci\u00f3n Aeronoticias","Tiempo de lectura":"1 minuto"},"schema":{"@context":"https:\/\/schema.org","@graph":[{"@type":"WebPage","@id":"https:\/\/aeronoticias.com.pe\/noticiero\/turismo\/13\/promperu-iniciara-campana-de-promocion-de-marca-pais\/","url":"https:\/\/aeronoticias.com.pe\/noticiero\/turismo\/13\/promperu-iniciara-campana-de-promocion-de-marca-pais\/","name":"Promper\u00fa iniciar\u00e1 campa\u00f1a de promoci\u00f3n de marca pa\u00eds al interior de Per\u00fa","isPartOf":{"@id":"https:\/\/aeronoticias.com.pe\/noticiero\/#website"},"datePublished":"2011-04-14T23:13:32+00:00","author":{"@id":"https:\/\/aeronoticias.com.pe\/noticiero\/#\/schema\/person\/fc1e5d578f4b62ba1cf7ac2bba1170a0"},"description":"Portal de noticias del Per\u00fa sobre el transporte a\u00e9reo, aviaci\u00f3n, turismo, hoteleria, actualidad.","breadcrumb":{"@id":"https:\/\/aeronoticias.com.pe\/noticiero\/turismo\/13\/promperu-iniciara-campana-de-promocion-de-marca-pais\/#breadcrumb"},"inLanguage":"es","potentialAction":[{"@type":"ReadAction","target":["https:\/\/aeronoticias.com.pe\/noticiero\/turismo\/13\/promperu-iniciara-campana-de-promocion-de-marca-pais\/"]}]},{"@type":"BreadcrumbList","@id":"https:\/\/aeronoticias.com.pe\/noticiero\/turismo\/13\/promperu-iniciara-campana-de-promocion-de-marca-pais\/#breadcrumb","itemListElement":[{"@type":"ListItem","position":1,"name":"Portada","item":"https:\/\/aeronoticias.com.pe\/noticiero\/"},{"@type":"ListItem","position":2,"name":"Promper\u00fa iniciar\u00e1 campa\u00f1a de promoci\u00f3n de marca pa\u00eds al interior de Per\u00fa"}]},{"@type":"WebSite","@id":"https:\/\/aeronoticias.com.pe\/noticiero\/#website","url":"https:\/\/aeronoticias.com.pe\/noticiero\/","name":"Aeronoticias.com.pe","description":"Noticias de tranporte aereo, turismo, hoteles, gastronomia, actualidad, internacional","potentialAction":[{"@type":"SearchAction","target":{"@type":"EntryPoint","urlTemplate":"https:\/\/aeronoticias.com.pe\/noticiero\/?s={search_term_string}"},"query-input":{"@type":"PropertyValueSpecification","valueRequired":true,"valueName":"search_term_string"}}],"inLanguage":"es"},{"@type":"Person","@id":"https:\/\/aeronoticias.com.pe\/noticiero\/#\/schema\/person\/fc1e5d578f4b62ba1cf7ac2bba1170a0","name":"Redacci\u00f3n Aeronoticias","url":"https:\/\/aeronoticias.com.pe\/noticiero\/author\/piloto\/"}]}},"_links":{"self":[{"href":"https:\/\/aeronoticias.com.pe\/noticiero\/wp-json\/wp\/v2\/posts\/16638","targetHints":{"allow":["GET"]}}],"collection":[{"href":"https:\/\/aeronoticias.com.pe\/noticiero\/wp-json\/wp\/v2\/posts"}],"about":[{"href":"https:\/\/aeronoticias.com.pe\/noticiero\/wp-json\/wp\/v2\/types\/post"}],"author":[{"embeddable":true,"href":"https:\/\/aeronoticias.com.pe\/noticiero\/wp-json\/wp\/v2\/users\/1"}],"replies":[{"embeddable":true,"href":"https:\/\/aeronoticias.com.pe\/noticiero\/wp-json\/wp\/v2\/comments?post=16638"}],"version-history":[{"count":0,"href":"https:\/\/aeronoticias.com.pe\/noticiero\/wp-json\/wp\/v2\/posts\/16638\/revisions"}],"wp:attachment":[{"href":"https:\/\/aeronoticias.com.pe\/noticiero\/wp-json\/wp\/v2\/media?parent=16638"}],"wp:term":[{"taxonomy":"category","embeddable":true,"href":"https:\/\/aeronoticias.com.pe\/noticiero\/wp-json\/wp\/v2\/categories?post=16638"},{"taxonomy":"post_tag","embeddable":true,"href":"https:\/\/aeronoticias.com.pe\/noticiero\/wp-json\/wp\/v2\/tags?post=16638"}],"curies":[{"name":"wp","href":"https:\/\/api.w.org\/{rel}","templated":true}]}}