{"id":16639,"date":"2011-04-14T23:47:57","date_gmt":"2011-04-14T23:47:57","guid":{"rendered":"http:\/\/desarrollo.mcvicious.com\/aero2020\/2011\/04\/14\/mayoria-de-aeropuertos-de-brasil-no-estaran-listos-para-el-mundial-2014\/"},"modified":"2011-04-14T23:47:57","modified_gmt":"2011-04-14T23:47:57","slug":"mayoria-de-aeropuertos-de-brasil-no-estaran-listos-para-el-mundial-2014","status":"publish","type":"post","link":"https:\/\/aeronoticias.com.pe\/noticiero\/internacionales\/mayoria-de-aeropuertos-de-brasil-no-estaran-listos-para-el-mundial-2014\/","title":{"rendered":"Mayor\u00eda de aeropuertos de Brasil no estar\u00e1n listos para el Mundial 2014"},"content":{"rendered":"<p style=\"text-align: justify;\"><strong>(Aeronoticias).-<\/strong> El ministro brasile\u00f1o de Transporte Alfredo Nascimento calific\u00f3 de \u201cpreocupante\u201d los retrasos en las obras de ampliaci\u00f3n de 9 de los 13 aeropuertos previstos para el Mundial de F\u00fatbol de 2014, seg\u00fan revelaron los estudios t\u00e9cnicos del Instituto de Investigaciones (IPEA).<\/p>\n<p>\u00abEs preocupante la situaci\u00f3n en todos los aeropuertos del pa\u00eds, al punto que la mandataria, Dilma Rousseff, cre\u00f3 una secretar\u00eda con rango ministerial para dedicarse exclusivamente a este tema\u00bb, indic\u00f3 el responsable, citado por la prensa local brasile\u00f1a.<\/p>\n<p>  <!--more-->  <\/p>\n<p style=\"text-align: justify;\">Seg\u00fan el informe de IPEA, \u201cde los 13 aeropuertos en obras para la Copa de 2014 -doce en las ciudades sede del evento-, se concluye que nueve no tendr\u00e1n condiciones para finalizar sus trabajos a tiempo para recibir el evento\u00bb, revel\u00f3 el documento.<\/p>\n<p>A su vez, agrega que una obra de infraestructura en transportes requiere m\u00e1s de siete a\u00f1os de trabajo, y por eso, los nueve aeropuertos terminar\u00e1n en el 2017.<\/p>\n<p><strong>M\u00e1s informaci\u00f3n<\/p>\n<p><\/strong>Otro problema es que para las obras se subestim\u00f3 la capacidad para pasajeros. Entre 2003 y 2010, el n\u00famero de pasajeros en los aeropuertos brasile\u00f1os aument\u00f3 117%, pasando de 71 a 154 millones, y en los pr\u00f3ximos cuatro a\u00f1os se incrementar\u00e1 otro 40%, alcanzando los 225,9 millones.<\/p>\n<p style=\"text-align: justify;\"><img decoding=\"async\" src=\"images\/stories\/11\/02\/160211\/aeropuertos_brasil_telvent.jpg\" border=\"0\" alt=\"Mayor\u00eda de aeropuertos de Brasil no estar\u00e1n listos para el Mundial 2014\" title=\"Mayor\u00eda de aeropuertos de Brasil no estar\u00e1n listos para el Mundial 2014\" \/><\/p>\n<p style=\"text-align: justify;\">\u00a0<\/p>\n","protected":false},"excerpt":{"rendered":"<p>(Aeronoticias).- El ministro brasile\u00f1o de Transporte Alfredo Nascimento calific\u00f3 de \u201cpreocupante\u201d los retrasos en las obras de ampliaci\u00f3n de 9 de los 13 aeropuertos previstos para el Mundial de F\u00fatbol de 2014, seg\u00fan revelaron los estudios t\u00e9cnicos del Instituto de Investigaciones (IPEA). \u00abEs preocupante la situaci\u00f3n en todos los aeropuertos del pa\u00eds, al punto que [&hellip;]<\/p>\n","protected":false},"author":1,"featured_media":0,"comment_status":"open","ping_status":"open","sticky":false,"template":"","format":"standard","meta":{"tdm_status":"","tdm_grid_status":"","footnotes":""},"categories":[34],"tags":[],"class_list":{"0":"post-16639","1":"post","2":"type-post","3":"status-publish","4":"format-standard","6":"category-internacionales"},"yoast_head":"<!-- This site is optimized with the Yoast SEO plugin v25.1 - https:\/\/yoast.com\/wordpress\/plugins\/seo\/ -->\n<title>Mayor\u00eda de aeropuertos de Brasil no estar\u00e1n listos para el Mundial 2014<\/title>\n<meta name=\"description\" content=\"Portal de noticias del Per\u00fa sobre el transporte a\u00e9reo, aviaci\u00f3n, turismo, hoteleria, actualidad.\" \/>\n<meta name=\"robots\" content=\"index, follow, max-snippet:-1, max-image-preview:large, max-video-preview:-1\" \/>\n<link rel=\"canonical\" href=\"https:\/\/aeronoticias.com.pe\/noticiero\/internacionales\/mayoria-de-aeropuertos-de-brasil-no-estaran-listos-para-el-mundial-2014\/\" \/>\n<meta property=\"og:locale\" content=\"es_ES\" \/>\n<meta property=\"og:type\" content=\"article\" \/>\n<meta property=\"og:title\" content=\"Mayor\u00eda de aeropuertos de Brasil no estar\u00e1n listos para el Mundial 2014\" \/>\n<meta property=\"og:description\" content=\"Portal de noticias del Per\u00fa sobre el transporte a\u00e9reo, aviaci\u00f3n, turismo, hoteleria, actualidad.\" \/>\n<meta property=\"og:url\" content=\"https:\/\/aeronoticias.com.pe\/noticiero\/internacionales\/mayoria-de-aeropuertos-de-brasil-no-estaran-listos-para-el-mundial-2014\/\" \/>\n<meta property=\"og:site_name\" content=\"Aeronoticias.com.pe\" \/>\n<meta property=\"article:publisher\" content=\"https:\/\/www.facebook.com\/Aeronoticias.com.pe\/\" \/>\n<meta property=\"article:published_time\" content=\"2011-04-14T23:47:57+00:00\" \/>\n<meta name=\"author\" content=\"Redacci\u00f3n Aeronoticias\" \/>\n<meta name=\"twitter:card\" content=\"summary_large_image\" \/>\n<meta name=\"twitter:creator\" content=\"@aeronoticias\" \/>\n<meta name=\"twitter:site\" content=\"@aeronoticias\" \/>\n<meta name=\"twitter:label1\" content=\"Escrito por\" \/>\n\t<meta name=\"twitter:data1\" content=\"Redacci\u00f3n Aeronoticias\" \/>\n\t<meta name=\"twitter:label2\" content=\"Tiempo de lectura\" \/>\n\t<meta name=\"twitter:data2\" content=\"1 minuto\" \/>\n<script type=\"application\/ld+json\" class=\"yoast-schema-graph\">{\"@context\":\"https:\/\/schema.org\",\"@graph\":[{\"@type\":\"WebPage\",\"@id\":\"https:\/\/aeronoticias.com.pe\/noticiero\/internacionales\/mayoria-de-aeropuertos-de-brasil-no-estaran-listos-para-el-mundial-2014\/\",\"url\":\"https:\/\/aeronoticias.com.pe\/noticiero\/internacionales\/mayoria-de-aeropuertos-de-brasil-no-estaran-listos-para-el-mundial-2014\/\",\"name\":\"Mayor\u00eda de aeropuertos de Brasil no estar\u00e1n listos para el Mundial 2014\",\"isPartOf\":{\"@id\":\"https:\/\/aeronoticias.com.pe\/noticiero\/#website\"},\"datePublished\":\"2011-04-14T23:47:57+00:00\",\"author\":{\"@id\":\"https:\/\/aeronoticias.com.pe\/noticiero\/#\/schema\/person\/fc1e5d578f4b62ba1cf7ac2bba1170a0\"},\"description\":\"Portal de noticias del Per\u00fa sobre el transporte a\u00e9reo, aviaci\u00f3n, turismo, hoteleria, actualidad.\",\"breadcrumb\":{\"@id\":\"https:\/\/aeronoticias.com.pe\/noticiero\/internacionales\/mayoria-de-aeropuertos-de-brasil-no-estaran-listos-para-el-mundial-2014\/#breadcrumb\"},\"inLanguage\":\"es\",\"potentialAction\":[{\"@type\":\"ReadAction\",\"target\":[\"https:\/\/aeronoticias.com.pe\/noticiero\/internacionales\/mayoria-de-aeropuertos-de-brasil-no-estaran-listos-para-el-mundial-2014\/\"]}]},{\"@type\":\"BreadcrumbList\",\"@id\":\"https:\/\/aeronoticias.com.pe\/noticiero\/internacionales\/mayoria-de-aeropuertos-de-brasil-no-estaran-listos-para-el-mundial-2014\/#breadcrumb\",\"itemListElement\":[{\"@type\":\"ListItem\",\"position\":1,\"name\":\"Portada\",\"item\":\"https:\/\/aeronoticias.com.pe\/noticiero\/\"},{\"@type\":\"ListItem\",\"position\":2,\"name\":\"Mayor\u00eda de aeropuertos de Brasil no estar\u00e1n listos para el Mundial 2014\"}]},{\"@type\":\"WebSite\",\"@id\":\"https:\/\/aeronoticias.com.pe\/noticiero\/#website\",\"url\":\"https:\/\/aeronoticias.com.pe\/noticiero\/\",\"name\":\"Aeronoticias.com.pe\",\"description\":\"Noticias de tranporte aereo, turismo, hoteles, gastronomia, actualidad, internacional\",\"potentialAction\":[{\"@type\":\"SearchAction\",\"target\":{\"@type\":\"EntryPoint\",\"urlTemplate\":\"https:\/\/aeronoticias.com.pe\/noticiero\/?s={search_term_string}\"},\"query-input\":{\"@type\":\"PropertyValueSpecification\",\"valueRequired\":true,\"valueName\":\"search_term_string\"}}],\"inLanguage\":\"es\"},{\"@type\":\"Person\",\"@id\":\"https:\/\/aeronoticias.com.pe\/noticiero\/#\/schema\/person\/fc1e5d578f4b62ba1cf7ac2bba1170a0\",\"name\":\"Redacci\u00f3n Aeronoticias\",\"url\":\"https:\/\/aeronoticias.com.pe\/noticiero\/author\/piloto\/\"}]}<\/script>\n<!-- \/ Yoast SEO plugin. -->","yoast_head_json":{"title":"Mayor\u00eda de aeropuertos de Brasil no estar\u00e1n listos para el Mundial 2014","description":"Portal de noticias del Per\u00fa sobre el transporte a\u00e9reo, aviaci\u00f3n, turismo, hoteleria, actualidad.","robots":{"index":"index","follow":"follow","max-snippet":"max-snippet:-1","max-image-preview":"max-image-preview:large","max-video-preview":"max-video-preview:-1"},"canonical":"https:\/\/aeronoticias.com.pe\/noticiero\/internacionales\/mayoria-de-aeropuertos-de-brasil-no-estaran-listos-para-el-mundial-2014\/","og_locale":"es_ES","og_type":"article","og_title":"Mayor\u00eda de aeropuertos de Brasil no estar\u00e1n listos para el Mundial 2014","og_description":"Portal de noticias del Per\u00fa sobre el transporte a\u00e9reo, aviaci\u00f3n, turismo, hoteleria, actualidad.","og_url":"https:\/\/aeronoticias.com.pe\/noticiero\/internacionales\/mayoria-de-aeropuertos-de-brasil-no-estaran-listos-para-el-mundial-2014\/","og_site_name":"Aeronoticias.com.pe","article_publisher":"https:\/\/www.facebook.com\/Aeronoticias.com.pe\/","article_published_time":"2011-04-14T23:47:57+00:00","author":"Redacci\u00f3n Aeronoticias","twitter_card":"summary_large_image","twitter_creator":"@aeronoticias","twitter_site":"@aeronoticias","twitter_misc":{"Escrito por":"Redacci\u00f3n Aeronoticias","Tiempo de lectura":"1 minuto"},"schema":{"@context":"https:\/\/schema.org","@graph":[{"@type":"WebPage","@id":"https:\/\/aeronoticias.com.pe\/noticiero\/internacionales\/mayoria-de-aeropuertos-de-brasil-no-estaran-listos-para-el-mundial-2014\/","url":"https:\/\/aeronoticias.com.pe\/noticiero\/internacionales\/mayoria-de-aeropuertos-de-brasil-no-estaran-listos-para-el-mundial-2014\/","name":"Mayor\u00eda de aeropuertos de Brasil no estar\u00e1n listos para el Mundial 2014","isPartOf":{"@id":"https:\/\/aeronoticias.com.pe\/noticiero\/#website"},"datePublished":"2011-04-14T23:47:57+00:00","author":{"@id":"https:\/\/aeronoticias.com.pe\/noticiero\/#\/schema\/person\/fc1e5d578f4b62ba1cf7ac2bba1170a0"},"description":"Portal de noticias del Per\u00fa sobre el transporte a\u00e9reo, aviaci\u00f3n, turismo, hoteleria, actualidad.","breadcrumb":{"@id":"https:\/\/aeronoticias.com.pe\/noticiero\/internacionales\/mayoria-de-aeropuertos-de-brasil-no-estaran-listos-para-el-mundial-2014\/#breadcrumb"},"inLanguage":"es","potentialAction":[{"@type":"ReadAction","target":["https:\/\/aeronoticias.com.pe\/noticiero\/internacionales\/mayoria-de-aeropuertos-de-brasil-no-estaran-listos-para-el-mundial-2014\/"]}]},{"@type":"BreadcrumbList","@id":"https:\/\/aeronoticias.com.pe\/noticiero\/internacionales\/mayoria-de-aeropuertos-de-brasil-no-estaran-listos-para-el-mundial-2014\/#breadcrumb","itemListElement":[{"@type":"ListItem","position":1,"name":"Portada","item":"https:\/\/aeronoticias.com.pe\/noticiero\/"},{"@type":"ListItem","position":2,"name":"Mayor\u00eda de aeropuertos de Brasil no estar\u00e1n listos para el Mundial 2014"}]},{"@type":"WebSite","@id":"https:\/\/aeronoticias.com.pe\/noticiero\/#website","url":"https:\/\/aeronoticias.com.pe\/noticiero\/","name":"Aeronoticias.com.pe","description":"Noticias de tranporte aereo, turismo, hoteles, gastronomia, actualidad, internacional","potentialAction":[{"@type":"SearchAction","target":{"@type":"EntryPoint","urlTemplate":"https:\/\/aeronoticias.com.pe\/noticiero\/?s={search_term_string}"},"query-input":{"@type":"PropertyValueSpecification","valueRequired":true,"valueName":"search_term_string"}}],"inLanguage":"es"},{"@type":"Person","@id":"https:\/\/aeronoticias.com.pe\/noticiero\/#\/schema\/person\/fc1e5d578f4b62ba1cf7ac2bba1170a0","name":"Redacci\u00f3n Aeronoticias","url":"https:\/\/aeronoticias.com.pe\/noticiero\/author\/piloto\/"}]}},"_links":{"self":[{"href":"https:\/\/aeronoticias.com.pe\/noticiero\/wp-json\/wp\/v2\/posts\/16639","targetHints":{"allow":["GET"]}}],"collection":[{"href":"https:\/\/aeronoticias.com.pe\/noticiero\/wp-json\/wp\/v2\/posts"}],"about":[{"href":"https:\/\/aeronoticias.com.pe\/noticiero\/wp-json\/wp\/v2\/types\/post"}],"author":[{"embeddable":true,"href":"https:\/\/aeronoticias.com.pe\/noticiero\/wp-json\/wp\/v2\/users\/1"}],"replies":[{"embeddable":true,"href":"https:\/\/aeronoticias.com.pe\/noticiero\/wp-json\/wp\/v2\/comments?post=16639"}],"version-history":[{"count":0,"href":"https:\/\/aeronoticias.com.pe\/noticiero\/wp-json\/wp\/v2\/posts\/16639\/revisions"}],"wp:attachment":[{"href":"https:\/\/aeronoticias.com.pe\/noticiero\/wp-json\/wp\/v2\/media?parent=16639"}],"wp:term":[{"taxonomy":"category","embeddable":true,"href":"https:\/\/aeronoticias.com.pe\/noticiero\/wp-json\/wp\/v2\/categories?post=16639"},{"taxonomy":"post_tag","embeddable":true,"href":"https:\/\/aeronoticias.com.pe\/noticiero\/wp-json\/wp\/v2\/tags?post=16639"}],"curies":[{"name":"wp","href":"https:\/\/api.w.org\/{rel}","templated":true}]}}