{"id":16641,"date":"2011-04-15T02:26:26","date_gmt":"2011-04-15T02:26:26","guid":{"rendered":"http:\/\/desarrollo.mcvicious.com\/aero2020\/2011\/04\/15\/elecciones-2011-keiko-fujimori-y-ppk-firmaron-acuerdo\/"},"modified":"2011-04-15T02:26:26","modified_gmt":"2011-04-15T02:26:26","slug":"elecciones-2011-keiko-fujimori-y-ppk-firmaron-acuerdo","status":"publish","type":"post","link":"https:\/\/aeronoticias.com.pe\/noticiero\/politica\/elecciones-2011-keiko-fujimori-y-ppk-firmaron-acuerdo\/","title":{"rendered":"Elecciones 2011: Keiko Fujimori y PPK firmaron acuerdo"},"content":{"rendered":"<p style=\"text-align: justify;\"><strong>(Aeronoticias).-<\/strong> La candidata de Fuerza 2011, Keiko Fujimori, firm\u00f3 hoy jueves el \u201cPacto por el Per\u00fa\u201d, acuerdo planteado por el l\u00edder de Alianza por el Gran Cambio, Pedro Pablo Kuczynski. Este documento se basa en propuesta para quien ocupe la Presidencia del Per\u00fa en los pr\u00f3ximos cinco a\u00f1os respete seis principios para garantizar la estabilidad del pa\u00eds.<\/p>\n<p style=\"text-align: justify;\">Tras visitar la residencia de Keiko Fujimori en el distrito de Surco, PPK se\u00f1al\u00f3 que esta cita tiene la intenci\u00f3n de darle \u201ctranquilidad al pa\u00eds\u201d, y explic\u00f3 que se a\u00f1adieron dos puntos al documento: la defensa de los ahorros de los ciudadanos y la lucha frontal contra la pobreza extrema y desnutrici\u00f3n cr\u00f3nica infantil para el 2016.<\/p>\n<p style=\"text-align: justify;\">\u00a0<\/p>\n<p style=\"text-align: center;\"><img decoding=\"async\" src=\"images\/stories\/11\/04\/140411\/ppk-y-keiko.jpg\" border=\"0\" alt=\"Elecciones 2011: Keiko Fujimori y PPK firmaron acuerdo\" title=\"Elecciones 2011: Keiko Fujimori y PPK firmaron acuerdo\" \/><\/p>\n<p style=\"text-align: justify;\">La agenda inicial de PPK son respeto a la Constituci\u00f3n, deslinde con la corrupci\u00f3n, rechazo a la impunidad de quienes cometieron delitos de derechos humanos, as\u00ed como el respeto a la libertad de prensa, promoci\u00f3n del desarrollo econ\u00f3mico y mantenimiento de la econom\u00eda de mercado.<\/p>\n<p style=\"text-align: justify;\">A la salida de la reuni\u00f3n, Keiko indic\u00f3 que la reuni\u00f3n fue satisfactoria y aprovech\u00f3 para criticar los errores del gobierno de su padre, Alberto Fujimori quien se encuentra en prisi\u00f3n, sentenciado a 25 a\u00f1os de c\u00e1rcel por delitos de lesa humanidad y corrupci\u00f3n.<\/p>\n<p style=\"text-align: justify;\">Tras culminada la reuni\u00f3n, PPK se dirigi\u00f3 a encontrarse con el otro candidato que disputa la segunda vuelta, Ollanta Humala, y comunic\u00f3 que buscar\u00eda a los excandidatos\u00a0 presidenciales Alejandro Toledo y Luis Casta\u00f1eda para que tambi\u00e9n firmen dicho documento.<\/p>\n","protected":false},"excerpt":{"rendered":"<p>(Aeronoticias).- La candidata de Fuerza 2011, Keiko Fujimori, firm\u00f3 hoy jueves el \u201cPacto por el Per\u00fa\u201d, acuerdo planteado por el l\u00edder de Alianza por el Gran Cambio, Pedro Pablo Kuczynski. Este documento se basa en propuesta para quien ocupe la Presidencia del Per\u00fa en los pr\u00f3ximos cinco a\u00f1os respete seis principios para garantizar la estabilidad [&hellip;]<\/p>\n","protected":false},"author":1,"featured_media":0,"comment_status":"open","ping_status":"open","sticky":false,"template":"","format":"standard","meta":{"tdm_status":"","tdm_grid_status":"","footnotes":""},"categories":[36],"tags":[],"class_list":{"0":"post-16641","1":"post","2":"type-post","3":"status-publish","4":"format-standard","6":"category-politica"},"yoast_head":"<!-- This site is optimized with the Yoast SEO plugin v25.1 - https:\/\/yoast.com\/wordpress\/plugins\/seo\/ -->\n<title>Elecciones 2011: Keiko Fujimori y PPK firmaron acuerdo<\/title>\n<meta name=\"description\" content=\"Portal de noticias del Per\u00fa sobre el transporte a\u00e9reo, aviaci\u00f3n, turismo, hoteleria, actualidad.\" \/>\n<meta name=\"robots\" content=\"index, follow, max-snippet:-1, max-image-preview:large, max-video-preview:-1\" \/>\n<link rel=\"canonical\" href=\"https:\/\/aeronoticias.com.pe\/noticiero\/politica\/elecciones-2011-keiko-fujimori-y-ppk-firmaron-acuerdo\/\" \/>\n<meta property=\"og:locale\" content=\"es_ES\" \/>\n<meta property=\"og:type\" content=\"article\" \/>\n<meta property=\"og:title\" content=\"Elecciones 2011: Keiko Fujimori y PPK firmaron acuerdo\" \/>\n<meta property=\"og:description\" content=\"Portal de noticias del Per\u00fa sobre el transporte a\u00e9reo, aviaci\u00f3n, turismo, hoteleria, actualidad.\" \/>\n<meta property=\"og:url\" content=\"https:\/\/aeronoticias.com.pe\/noticiero\/politica\/elecciones-2011-keiko-fujimori-y-ppk-firmaron-acuerdo\/\" \/>\n<meta property=\"og:site_name\" content=\"Aeronoticias.com.pe\" \/>\n<meta property=\"article:publisher\" content=\"https:\/\/www.facebook.com\/Aeronoticias.com.pe\/\" \/>\n<meta property=\"article:published_time\" content=\"2011-04-15T02:26:26+00:00\" \/>\n<meta name=\"author\" content=\"Redacci\u00f3n Aeronoticias\" \/>\n<meta name=\"twitter:card\" content=\"summary_large_image\" \/>\n<meta name=\"twitter:creator\" content=\"@aeronoticias\" \/>\n<meta name=\"twitter:site\" content=\"@aeronoticias\" \/>\n<meta name=\"twitter:label1\" content=\"Escrito por\" \/>\n\t<meta name=\"twitter:data1\" content=\"Redacci\u00f3n Aeronoticias\" \/>\n\t<meta name=\"twitter:label2\" content=\"Tiempo de lectura\" \/>\n\t<meta name=\"twitter:data2\" content=\"1 minuto\" \/>\n<script type=\"application\/ld+json\" class=\"yoast-schema-graph\">{\"@context\":\"https:\/\/schema.org\",\"@graph\":[{\"@type\":\"WebPage\",\"@id\":\"https:\/\/aeronoticias.com.pe\/noticiero\/politica\/elecciones-2011-keiko-fujimori-y-ppk-firmaron-acuerdo\/\",\"url\":\"https:\/\/aeronoticias.com.pe\/noticiero\/politica\/elecciones-2011-keiko-fujimori-y-ppk-firmaron-acuerdo\/\",\"name\":\"Elecciones 2011: Keiko Fujimori y PPK firmaron acuerdo\",\"isPartOf\":{\"@id\":\"https:\/\/aeronoticias.com.pe\/noticiero\/#website\"},\"datePublished\":\"2011-04-15T02:26:26+00:00\",\"author\":{\"@id\":\"https:\/\/aeronoticias.com.pe\/noticiero\/#\/schema\/person\/fc1e5d578f4b62ba1cf7ac2bba1170a0\"},\"description\":\"Portal de noticias del Per\u00fa sobre el transporte a\u00e9reo, aviaci\u00f3n, turismo, hoteleria, actualidad.\",\"breadcrumb\":{\"@id\":\"https:\/\/aeronoticias.com.pe\/noticiero\/politica\/elecciones-2011-keiko-fujimori-y-ppk-firmaron-acuerdo\/#breadcrumb\"},\"inLanguage\":\"es\",\"potentialAction\":[{\"@type\":\"ReadAction\",\"target\":[\"https:\/\/aeronoticias.com.pe\/noticiero\/politica\/elecciones-2011-keiko-fujimori-y-ppk-firmaron-acuerdo\/\"]}]},{\"@type\":\"BreadcrumbList\",\"@id\":\"https:\/\/aeronoticias.com.pe\/noticiero\/politica\/elecciones-2011-keiko-fujimori-y-ppk-firmaron-acuerdo\/#breadcrumb\",\"itemListElement\":[{\"@type\":\"ListItem\",\"position\":1,\"name\":\"Portada\",\"item\":\"https:\/\/aeronoticias.com.pe\/noticiero\/\"},{\"@type\":\"ListItem\",\"position\":2,\"name\":\"Elecciones 2011: Keiko Fujimori y PPK firmaron acuerdo\"}]},{\"@type\":\"WebSite\",\"@id\":\"https:\/\/aeronoticias.com.pe\/noticiero\/#website\",\"url\":\"https:\/\/aeronoticias.com.pe\/noticiero\/\",\"name\":\"Aeronoticias.com.pe\",\"description\":\"Noticias de tranporte aereo, turismo, hoteles, gastronomia, actualidad, internacional\",\"potentialAction\":[{\"@type\":\"SearchAction\",\"target\":{\"@type\":\"EntryPoint\",\"urlTemplate\":\"https:\/\/aeronoticias.com.pe\/noticiero\/?s={search_term_string}\"},\"query-input\":{\"@type\":\"PropertyValueSpecification\",\"valueRequired\":true,\"valueName\":\"search_term_string\"}}],\"inLanguage\":\"es\"},{\"@type\":\"Person\",\"@id\":\"https:\/\/aeronoticias.com.pe\/noticiero\/#\/schema\/person\/fc1e5d578f4b62ba1cf7ac2bba1170a0\",\"name\":\"Redacci\u00f3n Aeronoticias\",\"url\":\"https:\/\/aeronoticias.com.pe\/noticiero\/author\/piloto\/\"}]}<\/script>\n<!-- \/ Yoast SEO plugin. -->","yoast_head_json":{"title":"Elecciones 2011: Keiko Fujimori y PPK firmaron acuerdo","description":"Portal de noticias del Per\u00fa sobre el transporte a\u00e9reo, aviaci\u00f3n, turismo, hoteleria, actualidad.","robots":{"index":"index","follow":"follow","max-snippet":"max-snippet:-1","max-image-preview":"max-image-preview:large","max-video-preview":"max-video-preview:-1"},"canonical":"https:\/\/aeronoticias.com.pe\/noticiero\/politica\/elecciones-2011-keiko-fujimori-y-ppk-firmaron-acuerdo\/","og_locale":"es_ES","og_type":"article","og_title":"Elecciones 2011: Keiko Fujimori y PPK firmaron acuerdo","og_description":"Portal de noticias del Per\u00fa sobre el transporte a\u00e9reo, aviaci\u00f3n, turismo, hoteleria, actualidad.","og_url":"https:\/\/aeronoticias.com.pe\/noticiero\/politica\/elecciones-2011-keiko-fujimori-y-ppk-firmaron-acuerdo\/","og_site_name":"Aeronoticias.com.pe","article_publisher":"https:\/\/www.facebook.com\/Aeronoticias.com.pe\/","article_published_time":"2011-04-15T02:26:26+00:00","author":"Redacci\u00f3n Aeronoticias","twitter_card":"summary_large_image","twitter_creator":"@aeronoticias","twitter_site":"@aeronoticias","twitter_misc":{"Escrito por":"Redacci\u00f3n Aeronoticias","Tiempo de lectura":"1 minuto"},"schema":{"@context":"https:\/\/schema.org","@graph":[{"@type":"WebPage","@id":"https:\/\/aeronoticias.com.pe\/noticiero\/politica\/elecciones-2011-keiko-fujimori-y-ppk-firmaron-acuerdo\/","url":"https:\/\/aeronoticias.com.pe\/noticiero\/politica\/elecciones-2011-keiko-fujimori-y-ppk-firmaron-acuerdo\/","name":"Elecciones 2011: Keiko Fujimori y PPK firmaron acuerdo","isPartOf":{"@id":"https:\/\/aeronoticias.com.pe\/noticiero\/#website"},"datePublished":"2011-04-15T02:26:26+00:00","author":{"@id":"https:\/\/aeronoticias.com.pe\/noticiero\/#\/schema\/person\/fc1e5d578f4b62ba1cf7ac2bba1170a0"},"description":"Portal de noticias del Per\u00fa sobre el transporte a\u00e9reo, aviaci\u00f3n, turismo, hoteleria, actualidad.","breadcrumb":{"@id":"https:\/\/aeronoticias.com.pe\/noticiero\/politica\/elecciones-2011-keiko-fujimori-y-ppk-firmaron-acuerdo\/#breadcrumb"},"inLanguage":"es","potentialAction":[{"@type":"ReadAction","target":["https:\/\/aeronoticias.com.pe\/noticiero\/politica\/elecciones-2011-keiko-fujimori-y-ppk-firmaron-acuerdo\/"]}]},{"@type":"BreadcrumbList","@id":"https:\/\/aeronoticias.com.pe\/noticiero\/politica\/elecciones-2011-keiko-fujimori-y-ppk-firmaron-acuerdo\/#breadcrumb","itemListElement":[{"@type":"ListItem","position":1,"name":"Portada","item":"https:\/\/aeronoticias.com.pe\/noticiero\/"},{"@type":"ListItem","position":2,"name":"Elecciones 2011: Keiko Fujimori y PPK firmaron acuerdo"}]},{"@type":"WebSite","@id":"https:\/\/aeronoticias.com.pe\/noticiero\/#website","url":"https:\/\/aeronoticias.com.pe\/noticiero\/","name":"Aeronoticias.com.pe","description":"Noticias de tranporte aereo, turismo, hoteles, gastronomia, actualidad, internacional","potentialAction":[{"@type":"SearchAction","target":{"@type":"EntryPoint","urlTemplate":"https:\/\/aeronoticias.com.pe\/noticiero\/?s={search_term_string}"},"query-input":{"@type":"PropertyValueSpecification","valueRequired":true,"valueName":"search_term_string"}}],"inLanguage":"es"},{"@type":"Person","@id":"https:\/\/aeronoticias.com.pe\/noticiero\/#\/schema\/person\/fc1e5d578f4b62ba1cf7ac2bba1170a0","name":"Redacci\u00f3n Aeronoticias","url":"https:\/\/aeronoticias.com.pe\/noticiero\/author\/piloto\/"}]}},"_links":{"self":[{"href":"https:\/\/aeronoticias.com.pe\/noticiero\/wp-json\/wp\/v2\/posts\/16641","targetHints":{"allow":["GET"]}}],"collection":[{"href":"https:\/\/aeronoticias.com.pe\/noticiero\/wp-json\/wp\/v2\/posts"}],"about":[{"href":"https:\/\/aeronoticias.com.pe\/noticiero\/wp-json\/wp\/v2\/types\/post"}],"author":[{"embeddable":true,"href":"https:\/\/aeronoticias.com.pe\/noticiero\/wp-json\/wp\/v2\/users\/1"}],"replies":[{"embeddable":true,"href":"https:\/\/aeronoticias.com.pe\/noticiero\/wp-json\/wp\/v2\/comments?post=16641"}],"version-history":[{"count":0,"href":"https:\/\/aeronoticias.com.pe\/noticiero\/wp-json\/wp\/v2\/posts\/16641\/revisions"}],"wp:attachment":[{"href":"https:\/\/aeronoticias.com.pe\/noticiero\/wp-json\/wp\/v2\/media?parent=16641"}],"wp:term":[{"taxonomy":"category","embeddable":true,"href":"https:\/\/aeronoticias.com.pe\/noticiero\/wp-json\/wp\/v2\/categories?post=16641"},{"taxonomy":"post_tag","embeddable":true,"href":"https:\/\/aeronoticias.com.pe\/noticiero\/wp-json\/wp\/v2\/tags?post=16641"}],"curies":[{"name":"wp","href":"https:\/\/api.w.org\/{rel}","templated":true}]}}