{"id":16642,"date":"2011-04-15T02:45:56","date_gmt":"2011-04-15T02:45:56","guid":{"rendered":"http:\/\/desarrollo.mcvicious.com\/aero2020\/2011\/04\/15\/miles-de-ciudadanos-bolivianos-estan-cansados-de-evo-morales\/"},"modified":"2011-04-15T02:45:56","modified_gmt":"2011-04-15T02:45:56","slug":"miles-de-ciudadanos-bolivianos-estan-cansados-de-evo-morales","status":"publish","type":"post","link":"https:\/\/aeronoticias.com.pe\/noticiero\/internacionales\/miles-de-ciudadanos-bolivianos-estan-cansados-de-evo-morales\/","title":{"rendered":"Miles de ciudadanos bolivianos est\u00e1n cansados de Evo Morales"},"content":{"rendered":"<p style=\"text-align: justify;\"><strong>(Aeronoticias).- <\/strong>El presidente boliviano, Evo Morales, no la est\u00e1 pasando nada bien debido al malestar de un gran grupo de ciudadanos bolivianos.<\/p>\n<p style=\"text-align: justify;\">Miles de manifestantes bloquearon hoy diferentes ciudades de Bolivia, entre ellas la capital, la ciudad de La Paz, y adem\u00e1s cercaron la residencia de EvoMorales, en el octavo d\u00eda de huelgas por demandas salariales.<\/p>\n<p style=\"text-align: justify;\">\u00a0<\/p>\n<p style=\"text-align: center;\"><img decoding=\"async\" src=\"images\/stories\/11\/04\/140411\/protestas-en-bolivia.jpg\" border=\"0\" alt=\"Miles de ciudadanos bolivianos est\u00e1n cansados de Evo Morales\" title=\"Miles de ciudadanos bolivianos est\u00e1n cansados de Evo Morales\" \/><\/p>\n<p style=\"text-align: justify;\">La residencia presidencial donde vive Evo Morales se encuentra ubicada dentro del centro hist\u00f3rico de la ciudad, la cual estuvo tomada durante varias horas por maestros, sin embargo no hubo incidentes mayores, ya que Evo se encuentra en el sur del pa\u00eds inaugurando algunas obras.<\/p>\n<p style=\"text-align: justify;\">Las protestas tambi\u00e9n siguen en la ciudad oriental de Santa Cruz, Cochabamba y Tarija, en reclamo de un incremento salarial del 15%, cinco puntos m\u00e1s del aprobado por el Ejecutivo para el sector privado y para los polic\u00edas, militares, maestros y trabajadores de la salud.<\/p>\n<p style=\"text-align: justify;\">\u201cLo \u00fanico que hace el Gobierno es provocar m\u00e1s a los compa\u00f1eros. Quiz\u00e1 piensa derrotarnos por cansancio. Se equivoca, seguiremos en la lucha con fuerza\u201d, declar\u00f3 el responsable de Comunicaciones de la Central Obrera Boliviana, Bruno Apaza.<\/p>\n","protected":false},"excerpt":{"rendered":"<p>(Aeronoticias).- El presidente boliviano, Evo Morales, no la est\u00e1 pasando nada bien debido al malestar de un gran grupo de ciudadanos bolivianos. Miles de manifestantes bloquearon hoy diferentes ciudades de Bolivia, entre ellas la capital, la ciudad de La Paz, y adem\u00e1s cercaron la residencia de EvoMorales, en el octavo d\u00eda de huelgas por demandas [&hellip;]<\/p>\n","protected":false},"author":1,"featured_media":0,"comment_status":"open","ping_status":"open","sticky":false,"template":"","format":"standard","meta":{"tdm_status":"","tdm_grid_status":"","footnotes":""},"categories":[34],"tags":[],"class_list":{"0":"post-16642","1":"post","2":"type-post","3":"status-publish","4":"format-standard","6":"category-internacionales"},"yoast_head":"<!-- This site is optimized with the Yoast SEO plugin v25.1 - https:\/\/yoast.com\/wordpress\/plugins\/seo\/ -->\n<title>Miles de ciudadanos bolivianos est\u00e1n cansados de Evo Morales<\/title>\n<meta name=\"description\" content=\"Portal de noticias del Per\u00fa sobre el transporte a\u00e9reo, aviaci\u00f3n, turismo, hoteleria, actualidad.\" \/>\n<meta name=\"robots\" content=\"index, follow, max-snippet:-1, max-image-preview:large, max-video-preview:-1\" \/>\n<link rel=\"canonical\" href=\"https:\/\/aeronoticias.com.pe\/noticiero\/internacionales\/miles-de-ciudadanos-bolivianos-estan-cansados-de-evo-morales\/\" \/>\n<meta property=\"og:locale\" content=\"es_ES\" \/>\n<meta property=\"og:type\" content=\"article\" \/>\n<meta property=\"og:title\" content=\"Miles de ciudadanos bolivianos est\u00e1n cansados de Evo Morales\" \/>\n<meta property=\"og:description\" content=\"Portal de noticias del Per\u00fa sobre el transporte a\u00e9reo, aviaci\u00f3n, turismo, hoteleria, actualidad.\" \/>\n<meta property=\"og:url\" content=\"https:\/\/aeronoticias.com.pe\/noticiero\/internacionales\/miles-de-ciudadanos-bolivianos-estan-cansados-de-evo-morales\/\" \/>\n<meta property=\"og:site_name\" content=\"Aeronoticias.com.pe\" \/>\n<meta property=\"article:publisher\" content=\"https:\/\/www.facebook.com\/Aeronoticias.com.pe\/\" \/>\n<meta property=\"article:published_time\" content=\"2011-04-15T02:45:56+00:00\" \/>\n<meta name=\"author\" content=\"Redacci\u00f3n Aeronoticias\" \/>\n<meta name=\"twitter:card\" content=\"summary_large_image\" \/>\n<meta name=\"twitter:creator\" content=\"@aeronoticias\" \/>\n<meta name=\"twitter:site\" content=\"@aeronoticias\" \/>\n<meta name=\"twitter:label1\" content=\"Escrito por\" \/>\n\t<meta name=\"twitter:data1\" content=\"Redacci\u00f3n Aeronoticias\" \/>\n\t<meta name=\"twitter:label2\" content=\"Tiempo de lectura\" \/>\n\t<meta name=\"twitter:data2\" content=\"1 minuto\" \/>\n<script type=\"application\/ld+json\" class=\"yoast-schema-graph\">{\"@context\":\"https:\/\/schema.org\",\"@graph\":[{\"@type\":\"WebPage\",\"@id\":\"https:\/\/aeronoticias.com.pe\/noticiero\/internacionales\/miles-de-ciudadanos-bolivianos-estan-cansados-de-evo-morales\/\",\"url\":\"https:\/\/aeronoticias.com.pe\/noticiero\/internacionales\/miles-de-ciudadanos-bolivianos-estan-cansados-de-evo-morales\/\",\"name\":\"Miles de ciudadanos bolivianos est\u00e1n cansados de Evo Morales\",\"isPartOf\":{\"@id\":\"https:\/\/aeronoticias.com.pe\/noticiero\/#website\"},\"datePublished\":\"2011-04-15T02:45:56+00:00\",\"author\":{\"@id\":\"https:\/\/aeronoticias.com.pe\/noticiero\/#\/schema\/person\/fc1e5d578f4b62ba1cf7ac2bba1170a0\"},\"description\":\"Portal de noticias del Per\u00fa sobre el transporte a\u00e9reo, aviaci\u00f3n, turismo, hoteleria, actualidad.\",\"breadcrumb\":{\"@id\":\"https:\/\/aeronoticias.com.pe\/noticiero\/internacionales\/miles-de-ciudadanos-bolivianos-estan-cansados-de-evo-morales\/#breadcrumb\"},\"inLanguage\":\"es\",\"potentialAction\":[{\"@type\":\"ReadAction\",\"target\":[\"https:\/\/aeronoticias.com.pe\/noticiero\/internacionales\/miles-de-ciudadanos-bolivianos-estan-cansados-de-evo-morales\/\"]}]},{\"@type\":\"BreadcrumbList\",\"@id\":\"https:\/\/aeronoticias.com.pe\/noticiero\/internacionales\/miles-de-ciudadanos-bolivianos-estan-cansados-de-evo-morales\/#breadcrumb\",\"itemListElement\":[{\"@type\":\"ListItem\",\"position\":1,\"name\":\"Portada\",\"item\":\"https:\/\/aeronoticias.com.pe\/noticiero\/\"},{\"@type\":\"ListItem\",\"position\":2,\"name\":\"Miles de ciudadanos bolivianos est\u00e1n cansados de Evo Morales\"}]},{\"@type\":\"WebSite\",\"@id\":\"https:\/\/aeronoticias.com.pe\/noticiero\/#website\",\"url\":\"https:\/\/aeronoticias.com.pe\/noticiero\/\",\"name\":\"Aeronoticias.com.pe\",\"description\":\"Noticias de tranporte aereo, turismo, hoteles, gastronomia, actualidad, internacional\",\"potentialAction\":[{\"@type\":\"SearchAction\",\"target\":{\"@type\":\"EntryPoint\",\"urlTemplate\":\"https:\/\/aeronoticias.com.pe\/noticiero\/?s={search_term_string}\"},\"query-input\":{\"@type\":\"PropertyValueSpecification\",\"valueRequired\":true,\"valueName\":\"search_term_string\"}}],\"inLanguage\":\"es\"},{\"@type\":\"Person\",\"@id\":\"https:\/\/aeronoticias.com.pe\/noticiero\/#\/schema\/person\/fc1e5d578f4b62ba1cf7ac2bba1170a0\",\"name\":\"Redacci\u00f3n Aeronoticias\",\"url\":\"https:\/\/aeronoticias.com.pe\/noticiero\/author\/piloto\/\"}]}<\/script>\n<!-- \/ Yoast SEO plugin. -->","yoast_head_json":{"title":"Miles de ciudadanos bolivianos est\u00e1n cansados de Evo Morales","description":"Portal de noticias del Per\u00fa sobre el transporte a\u00e9reo, aviaci\u00f3n, turismo, hoteleria, actualidad.","robots":{"index":"index","follow":"follow","max-snippet":"max-snippet:-1","max-image-preview":"max-image-preview:large","max-video-preview":"max-video-preview:-1"},"canonical":"https:\/\/aeronoticias.com.pe\/noticiero\/internacionales\/miles-de-ciudadanos-bolivianos-estan-cansados-de-evo-morales\/","og_locale":"es_ES","og_type":"article","og_title":"Miles de ciudadanos bolivianos est\u00e1n cansados de Evo Morales","og_description":"Portal de noticias del Per\u00fa sobre el transporte a\u00e9reo, aviaci\u00f3n, turismo, hoteleria, actualidad.","og_url":"https:\/\/aeronoticias.com.pe\/noticiero\/internacionales\/miles-de-ciudadanos-bolivianos-estan-cansados-de-evo-morales\/","og_site_name":"Aeronoticias.com.pe","article_publisher":"https:\/\/www.facebook.com\/Aeronoticias.com.pe\/","article_published_time":"2011-04-15T02:45:56+00:00","author":"Redacci\u00f3n Aeronoticias","twitter_card":"summary_large_image","twitter_creator":"@aeronoticias","twitter_site":"@aeronoticias","twitter_misc":{"Escrito por":"Redacci\u00f3n Aeronoticias","Tiempo de lectura":"1 minuto"},"schema":{"@context":"https:\/\/schema.org","@graph":[{"@type":"WebPage","@id":"https:\/\/aeronoticias.com.pe\/noticiero\/internacionales\/miles-de-ciudadanos-bolivianos-estan-cansados-de-evo-morales\/","url":"https:\/\/aeronoticias.com.pe\/noticiero\/internacionales\/miles-de-ciudadanos-bolivianos-estan-cansados-de-evo-morales\/","name":"Miles de ciudadanos bolivianos est\u00e1n cansados de Evo Morales","isPartOf":{"@id":"https:\/\/aeronoticias.com.pe\/noticiero\/#website"},"datePublished":"2011-04-15T02:45:56+00:00","author":{"@id":"https:\/\/aeronoticias.com.pe\/noticiero\/#\/schema\/person\/fc1e5d578f4b62ba1cf7ac2bba1170a0"},"description":"Portal de noticias del Per\u00fa sobre el transporte a\u00e9reo, aviaci\u00f3n, turismo, hoteleria, actualidad.","breadcrumb":{"@id":"https:\/\/aeronoticias.com.pe\/noticiero\/internacionales\/miles-de-ciudadanos-bolivianos-estan-cansados-de-evo-morales\/#breadcrumb"},"inLanguage":"es","potentialAction":[{"@type":"ReadAction","target":["https:\/\/aeronoticias.com.pe\/noticiero\/internacionales\/miles-de-ciudadanos-bolivianos-estan-cansados-de-evo-morales\/"]}]},{"@type":"BreadcrumbList","@id":"https:\/\/aeronoticias.com.pe\/noticiero\/internacionales\/miles-de-ciudadanos-bolivianos-estan-cansados-de-evo-morales\/#breadcrumb","itemListElement":[{"@type":"ListItem","position":1,"name":"Portada","item":"https:\/\/aeronoticias.com.pe\/noticiero\/"},{"@type":"ListItem","position":2,"name":"Miles de ciudadanos bolivianos est\u00e1n cansados de Evo Morales"}]},{"@type":"WebSite","@id":"https:\/\/aeronoticias.com.pe\/noticiero\/#website","url":"https:\/\/aeronoticias.com.pe\/noticiero\/","name":"Aeronoticias.com.pe","description":"Noticias de tranporte aereo, turismo, hoteles, gastronomia, actualidad, internacional","potentialAction":[{"@type":"SearchAction","target":{"@type":"EntryPoint","urlTemplate":"https:\/\/aeronoticias.com.pe\/noticiero\/?s={search_term_string}"},"query-input":{"@type":"PropertyValueSpecification","valueRequired":true,"valueName":"search_term_string"}}],"inLanguage":"es"},{"@type":"Person","@id":"https:\/\/aeronoticias.com.pe\/noticiero\/#\/schema\/person\/fc1e5d578f4b62ba1cf7ac2bba1170a0","name":"Redacci\u00f3n Aeronoticias","url":"https:\/\/aeronoticias.com.pe\/noticiero\/author\/piloto\/"}]}},"_links":{"self":[{"href":"https:\/\/aeronoticias.com.pe\/noticiero\/wp-json\/wp\/v2\/posts\/16642","targetHints":{"allow":["GET"]}}],"collection":[{"href":"https:\/\/aeronoticias.com.pe\/noticiero\/wp-json\/wp\/v2\/posts"}],"about":[{"href":"https:\/\/aeronoticias.com.pe\/noticiero\/wp-json\/wp\/v2\/types\/post"}],"author":[{"embeddable":true,"href":"https:\/\/aeronoticias.com.pe\/noticiero\/wp-json\/wp\/v2\/users\/1"}],"replies":[{"embeddable":true,"href":"https:\/\/aeronoticias.com.pe\/noticiero\/wp-json\/wp\/v2\/comments?post=16642"}],"version-history":[{"count":0,"href":"https:\/\/aeronoticias.com.pe\/noticiero\/wp-json\/wp\/v2\/posts\/16642\/revisions"}],"wp:attachment":[{"href":"https:\/\/aeronoticias.com.pe\/noticiero\/wp-json\/wp\/v2\/media?parent=16642"}],"wp:term":[{"taxonomy":"category","embeddable":true,"href":"https:\/\/aeronoticias.com.pe\/noticiero\/wp-json\/wp\/v2\/categories?post=16642"},{"taxonomy":"post_tag","embeddable":true,"href":"https:\/\/aeronoticias.com.pe\/noticiero\/wp-json\/wp\/v2\/tags?post=16642"}],"curies":[{"name":"wp","href":"https:\/\/api.w.org\/{rel}","templated":true}]}}