{"id":16646,"date":"2011-04-15T14:00:57","date_gmt":"2011-04-15T14:00:57","guid":{"rendered":"http:\/\/desarrollo.mcvicious.com\/aero2020\/2011\/04\/15\/con-procesion-se-inician-hoy-en-piura-festividades-por-semana-santa\/"},"modified":"2011-04-15T14:00:57","modified_gmt":"2011-04-15T14:00:57","slug":"con-procesion-se-inician-hoy-en-piura-festividades-por-semana-santa","status":"publish","type":"post","link":"https:\/\/aeronoticias.com.pe\/noticiero\/turismo\/13\/con-procesion-se-inician-hoy-en-piura-festividades-por-semana-santa\/","title":{"rendered":"Con procesi\u00f3n se inician hoy en Piura festividades por Semana Santa"},"content":{"rendered":"<p style=\"text-align: justify;\"><strong>(Aeronoticias)<\/strong> Con la procesi\u00f3n de la Virgen Santa Mar\u00eda de los Dolores de la Soledad, despu\u00e9s de la misa oficiada en su honor a las 10:00 horas, el distrito piurano de Catacaos iniciar\u00e1 la celebraci\u00f3n de la Semana Santa.<br \/>\u00a0<br \/>El p\u00e1rroco Manuel Curay Ochoa, de la parroquia San Juan Bautista, se\u00f1al\u00f3 que para este tiempo de recogimiento, los pobladores de la zona se han preparado con gran fervor.<\/p>\n<p style=\"text-align: center;\"><img decoding=\"async\" src=\"images\/stories\/11\/04\/150411\/piura.jpg\" border=\"0\" alt=\"piura\" title=\"piura\" \/><\/p>\n<p style=\"text-align: justify;\">\n<p>La presencia de Santa Mar\u00eda de los Dolores de la Soledad recuerda a los cristianos la despedida material de la madre de Cristo antes de ser apresado por la traici\u00f3n de Judas. Mientras que el municipio distrital ha previsto rendirle homenaje al frente del local donde se encuentran instalados.<br \/>\u00a0<br \/>En el plano costumbrista, el viernes es el pen\u00faltimo d\u00eda de elaboraci\u00f3n de la famosa \u00abMalarrabia\u00bb que se sirve en el almuerzo del Viernes Santo, el cual se degusta en forma calmada para as\u00ed escuchar con atenci\u00f3n el serm\u00f3n de las Siete Palabras.<\/p>\n<p style=\"text-align: center;\">\u00a0<\/p>\n","protected":false},"excerpt":{"rendered":"<p>(Aeronoticias) Con la procesi\u00f3n de la Virgen Santa Mar\u00eda de los Dolores de la Soledad, despu\u00e9s de la misa oficiada en su honor a las 10:00 horas, el distrito piurano de Catacaos iniciar\u00e1 la celebraci\u00f3n de la Semana Santa.\u00a0El p\u00e1rroco Manuel Curay Ochoa, de la parroquia San Juan Bautista, se\u00f1al\u00f3 que para este tiempo de [&hellip;]<\/p>\n","protected":false},"author":1,"featured_media":0,"comment_status":"open","ping_status":"open","sticky":false,"template":"","format":"standard","meta":{"tdm_status":"","tdm_grid_status":"","footnotes":""},"categories":[31],"tags":[],"class_list":{"0":"post-16646","1":"post","2":"type-post","3":"status-publish","4":"format-standard","6":"category-31"},"yoast_head":"<!-- This site is optimized with the Yoast SEO plugin v25.1 - https:\/\/yoast.com\/wordpress\/plugins\/seo\/ -->\n<title>Con procesi\u00f3n se inician hoy en Piura festividades por Semana Santa<\/title>\n<meta name=\"description\" content=\"Portal de noticias del Per\u00fa sobre el transporte a\u00e9reo, aviaci\u00f3n, turismo, hoteleria, actualidad.\" \/>\n<meta name=\"robots\" content=\"index, follow, max-snippet:-1, max-image-preview:large, max-video-preview:-1\" \/>\n<link rel=\"canonical\" href=\"https:\/\/aeronoticias.com.pe\/noticiero\/turismo\/13\/con-procesion-se-inician-hoy-en-piura-festividades-por-semana-santa\/\" \/>\n<meta property=\"og:locale\" content=\"es_ES\" \/>\n<meta property=\"og:type\" content=\"article\" \/>\n<meta property=\"og:title\" content=\"Con procesi\u00f3n se inician hoy en Piura festividades por Semana Santa\" \/>\n<meta property=\"og:description\" content=\"Portal de noticias del Per\u00fa sobre el transporte a\u00e9reo, aviaci\u00f3n, turismo, hoteleria, actualidad.\" \/>\n<meta property=\"og:url\" content=\"https:\/\/aeronoticias.com.pe\/noticiero\/turismo\/13\/con-procesion-se-inician-hoy-en-piura-festividades-por-semana-santa\/\" \/>\n<meta property=\"og:site_name\" content=\"Aeronoticias.com.pe\" \/>\n<meta property=\"article:publisher\" content=\"https:\/\/www.facebook.com\/Aeronoticias.com.pe\/\" \/>\n<meta property=\"article:published_time\" content=\"2011-04-15T14:00:57+00:00\" \/>\n<meta name=\"author\" content=\"Redacci\u00f3n Aeronoticias\" \/>\n<meta name=\"twitter:card\" content=\"summary_large_image\" \/>\n<meta name=\"twitter:creator\" content=\"@aeronoticias\" \/>\n<meta name=\"twitter:site\" content=\"@aeronoticias\" \/>\n<meta name=\"twitter:label1\" content=\"Escrito por\" \/>\n\t<meta name=\"twitter:data1\" content=\"Redacci\u00f3n Aeronoticias\" \/>\n\t<meta name=\"twitter:label2\" content=\"Tiempo de lectura\" \/>\n\t<meta name=\"twitter:data2\" content=\"1 minuto\" \/>\n<script type=\"application\/ld+json\" class=\"yoast-schema-graph\">{\"@context\":\"https:\/\/schema.org\",\"@graph\":[{\"@type\":\"WebPage\",\"@id\":\"https:\/\/aeronoticias.com.pe\/noticiero\/turismo\/13\/con-procesion-se-inician-hoy-en-piura-festividades-por-semana-santa\/\",\"url\":\"https:\/\/aeronoticias.com.pe\/noticiero\/turismo\/13\/con-procesion-se-inician-hoy-en-piura-festividades-por-semana-santa\/\",\"name\":\"Con procesi\u00f3n se inician hoy en Piura festividades por Semana Santa\",\"isPartOf\":{\"@id\":\"https:\/\/aeronoticias.com.pe\/noticiero\/#website\"},\"datePublished\":\"2011-04-15T14:00:57+00:00\",\"author\":{\"@id\":\"https:\/\/aeronoticias.com.pe\/noticiero\/#\/schema\/person\/fc1e5d578f4b62ba1cf7ac2bba1170a0\"},\"description\":\"Portal de noticias del Per\u00fa sobre el transporte a\u00e9reo, aviaci\u00f3n, turismo, hoteleria, actualidad.\",\"breadcrumb\":{\"@id\":\"https:\/\/aeronoticias.com.pe\/noticiero\/turismo\/13\/con-procesion-se-inician-hoy-en-piura-festividades-por-semana-santa\/#breadcrumb\"},\"inLanguage\":\"es\",\"potentialAction\":[{\"@type\":\"ReadAction\",\"target\":[\"https:\/\/aeronoticias.com.pe\/noticiero\/turismo\/13\/con-procesion-se-inician-hoy-en-piura-festividades-por-semana-santa\/\"]}]},{\"@type\":\"BreadcrumbList\",\"@id\":\"https:\/\/aeronoticias.com.pe\/noticiero\/turismo\/13\/con-procesion-se-inician-hoy-en-piura-festividades-por-semana-santa\/#breadcrumb\",\"itemListElement\":[{\"@type\":\"ListItem\",\"position\":1,\"name\":\"Portada\",\"item\":\"https:\/\/aeronoticias.com.pe\/noticiero\/\"},{\"@type\":\"ListItem\",\"position\":2,\"name\":\"Con procesi\u00f3n se inician hoy en Piura festividades por Semana Santa\"}]},{\"@type\":\"WebSite\",\"@id\":\"https:\/\/aeronoticias.com.pe\/noticiero\/#website\",\"url\":\"https:\/\/aeronoticias.com.pe\/noticiero\/\",\"name\":\"Aeronoticias.com.pe\",\"description\":\"Noticias de tranporte aereo, turismo, hoteles, gastronomia, actualidad, internacional\",\"potentialAction\":[{\"@type\":\"SearchAction\",\"target\":{\"@type\":\"EntryPoint\",\"urlTemplate\":\"https:\/\/aeronoticias.com.pe\/noticiero\/?s={search_term_string}\"},\"query-input\":{\"@type\":\"PropertyValueSpecification\",\"valueRequired\":true,\"valueName\":\"search_term_string\"}}],\"inLanguage\":\"es\"},{\"@type\":\"Person\",\"@id\":\"https:\/\/aeronoticias.com.pe\/noticiero\/#\/schema\/person\/fc1e5d578f4b62ba1cf7ac2bba1170a0\",\"name\":\"Redacci\u00f3n Aeronoticias\",\"url\":\"https:\/\/aeronoticias.com.pe\/noticiero\/author\/piloto\/\"}]}<\/script>\n<!-- \/ Yoast SEO plugin. -->","yoast_head_json":{"title":"Con procesi\u00f3n se inician hoy en Piura festividades por Semana Santa","description":"Portal de noticias del Per\u00fa sobre el transporte a\u00e9reo, aviaci\u00f3n, turismo, hoteleria, actualidad.","robots":{"index":"index","follow":"follow","max-snippet":"max-snippet:-1","max-image-preview":"max-image-preview:large","max-video-preview":"max-video-preview:-1"},"canonical":"https:\/\/aeronoticias.com.pe\/noticiero\/turismo\/13\/con-procesion-se-inician-hoy-en-piura-festividades-por-semana-santa\/","og_locale":"es_ES","og_type":"article","og_title":"Con procesi\u00f3n se inician hoy en Piura festividades por Semana Santa","og_description":"Portal de noticias del Per\u00fa sobre el transporte a\u00e9reo, aviaci\u00f3n, turismo, hoteleria, actualidad.","og_url":"https:\/\/aeronoticias.com.pe\/noticiero\/turismo\/13\/con-procesion-se-inician-hoy-en-piura-festividades-por-semana-santa\/","og_site_name":"Aeronoticias.com.pe","article_publisher":"https:\/\/www.facebook.com\/Aeronoticias.com.pe\/","article_published_time":"2011-04-15T14:00:57+00:00","author":"Redacci\u00f3n Aeronoticias","twitter_card":"summary_large_image","twitter_creator":"@aeronoticias","twitter_site":"@aeronoticias","twitter_misc":{"Escrito por":"Redacci\u00f3n Aeronoticias","Tiempo de lectura":"1 minuto"},"schema":{"@context":"https:\/\/schema.org","@graph":[{"@type":"WebPage","@id":"https:\/\/aeronoticias.com.pe\/noticiero\/turismo\/13\/con-procesion-se-inician-hoy-en-piura-festividades-por-semana-santa\/","url":"https:\/\/aeronoticias.com.pe\/noticiero\/turismo\/13\/con-procesion-se-inician-hoy-en-piura-festividades-por-semana-santa\/","name":"Con procesi\u00f3n se inician hoy en Piura festividades por Semana Santa","isPartOf":{"@id":"https:\/\/aeronoticias.com.pe\/noticiero\/#website"},"datePublished":"2011-04-15T14:00:57+00:00","author":{"@id":"https:\/\/aeronoticias.com.pe\/noticiero\/#\/schema\/person\/fc1e5d578f4b62ba1cf7ac2bba1170a0"},"description":"Portal de noticias del Per\u00fa sobre el transporte a\u00e9reo, aviaci\u00f3n, turismo, hoteleria, actualidad.","breadcrumb":{"@id":"https:\/\/aeronoticias.com.pe\/noticiero\/turismo\/13\/con-procesion-se-inician-hoy-en-piura-festividades-por-semana-santa\/#breadcrumb"},"inLanguage":"es","potentialAction":[{"@type":"ReadAction","target":["https:\/\/aeronoticias.com.pe\/noticiero\/turismo\/13\/con-procesion-se-inician-hoy-en-piura-festividades-por-semana-santa\/"]}]},{"@type":"BreadcrumbList","@id":"https:\/\/aeronoticias.com.pe\/noticiero\/turismo\/13\/con-procesion-se-inician-hoy-en-piura-festividades-por-semana-santa\/#breadcrumb","itemListElement":[{"@type":"ListItem","position":1,"name":"Portada","item":"https:\/\/aeronoticias.com.pe\/noticiero\/"},{"@type":"ListItem","position":2,"name":"Con procesi\u00f3n se inician hoy en Piura festividades por Semana Santa"}]},{"@type":"WebSite","@id":"https:\/\/aeronoticias.com.pe\/noticiero\/#website","url":"https:\/\/aeronoticias.com.pe\/noticiero\/","name":"Aeronoticias.com.pe","description":"Noticias de tranporte aereo, turismo, hoteles, gastronomia, actualidad, internacional","potentialAction":[{"@type":"SearchAction","target":{"@type":"EntryPoint","urlTemplate":"https:\/\/aeronoticias.com.pe\/noticiero\/?s={search_term_string}"},"query-input":{"@type":"PropertyValueSpecification","valueRequired":true,"valueName":"search_term_string"}}],"inLanguage":"es"},{"@type":"Person","@id":"https:\/\/aeronoticias.com.pe\/noticiero\/#\/schema\/person\/fc1e5d578f4b62ba1cf7ac2bba1170a0","name":"Redacci\u00f3n Aeronoticias","url":"https:\/\/aeronoticias.com.pe\/noticiero\/author\/piloto\/"}]}},"_links":{"self":[{"href":"https:\/\/aeronoticias.com.pe\/noticiero\/wp-json\/wp\/v2\/posts\/16646","targetHints":{"allow":["GET"]}}],"collection":[{"href":"https:\/\/aeronoticias.com.pe\/noticiero\/wp-json\/wp\/v2\/posts"}],"about":[{"href":"https:\/\/aeronoticias.com.pe\/noticiero\/wp-json\/wp\/v2\/types\/post"}],"author":[{"embeddable":true,"href":"https:\/\/aeronoticias.com.pe\/noticiero\/wp-json\/wp\/v2\/users\/1"}],"replies":[{"embeddable":true,"href":"https:\/\/aeronoticias.com.pe\/noticiero\/wp-json\/wp\/v2\/comments?post=16646"}],"version-history":[{"count":0,"href":"https:\/\/aeronoticias.com.pe\/noticiero\/wp-json\/wp\/v2\/posts\/16646\/revisions"}],"wp:attachment":[{"href":"https:\/\/aeronoticias.com.pe\/noticiero\/wp-json\/wp\/v2\/media?parent=16646"}],"wp:term":[{"taxonomy":"category","embeddable":true,"href":"https:\/\/aeronoticias.com.pe\/noticiero\/wp-json\/wp\/v2\/categories?post=16646"},{"taxonomy":"post_tag","embeddable":true,"href":"https:\/\/aeronoticias.com.pe\/noticiero\/wp-json\/wp\/v2\/tags?post=16646"}],"curies":[{"name":"wp","href":"https:\/\/api.w.org\/{rel}","templated":true}]}}