{"id":16647,"date":"2011-04-15T13:50:44","date_gmt":"2011-04-15T13:50:44","guid":{"rendered":"http:\/\/desarrollo.mcvicious.com\/aero2020\/2011\/04\/15\/chile-reticente-a-disculparse-por-excesos-en-la-guerra-del-pacifico\/"},"modified":"2011-04-15T13:50:44","modified_gmt":"2011-04-15T13:50:44","slug":"chile-reticente-a-disculparse-por-excesos-en-la-guerra-del-pacifico","status":"publish","type":"post","link":"https:\/\/aeronoticias.com.pe\/noticiero\/politica\/chile-reticente-a-disculparse-por-excesos-en-la-guerra-del-pacifico\/","title":{"rendered":"Chile, reticente a disculparse por excesos en la Guerra del Pac\u00edfico"},"content":{"rendered":"<p style=\"text-align: justify;\"><strong>(Aeronoticias).-<\/strong> Un editorialista del diario chileno La Tercera calific\u00f3 de \u00abvirulentas\u00bb la declaraciones del candidato presidencial peruano Ollanta Humala sobre que Chile debe pedir perd\u00f3n por los excesos que cometi\u00f3 hace m\u00e1s de un siglo durante la Guerra del Pac\u00edfico, en la que no solamente \u00a0le fueron arrebatados extensos territorios sino que tambi\u00e9n result\u00f3 despojado de muchos bienes propios de su patrimonio cultural.<\/p>\n<p style=\"text-align: justify;\">El autor de la nota, Lu\u00eds Winter, destaca tambi\u00e9n \u00a0la expectativa que existe en Chile por saber qui\u00e9n ser\u00e1 el pr\u00f3ximo presidente del Per\u00fa, toda vez que \u00a0le corresponder\u00e1 \u00a0actuar sobre el fallo que dar\u00e1 el alto Tribunal Internacional de Justicia de \u00a0La Haya respecto al diferendo mar\u00edtimo que existe entre ambos pa\u00edses.<\/p>\n<p>  <!--more-->  <\/p>\n<p style=\"text-align: justify;\">Por otra parte admite que el l\u00edder nacionalista \u00a0peruano captar\u00e1 en la segunda vuelta electoral \u00a0muchos votos m\u00e1s correspondientes a sus adversarios pol\u00edticos en el camino hacia el Palacio de Pizarro, hecho que se concretar\u00e1 el pr\u00f3ximo 5 de Junio.<\/p>\n<p style=\"text-align: justify;\">Finalmente el editorialista destaca el destino \u201c important\u00edsimo\u201d que significa el Per\u00fa para los inversionistas chilenos, haciendo votos para que el nuevo gobernante peruano mantenga \u201c el aparente buen clima \u00a0que ha reinado entre \u00a0ambos pa\u00edses en el \u00faltimo tiempo\u201d, de modo que no es indiferente para Chile el resultado de los comicios peruanos.<\/p>\n<p style=\"text-align: justify;\"><img decoding=\"async\" src=\"images\/stories\/11\/04\/150411\/ollanta_humala.jpg\" border=\"0\" alt=\"Chile, reticente a disculparse por excesos en la Guerra del Pac\u00edfico\" title=\"Chile, reticente a disculparse por excesos en la Guerra del Pac\u00edfico\" \/><\/p>\n","protected":false},"excerpt":{"rendered":"<p>(Aeronoticias).- Un editorialista del diario chileno La Tercera calific\u00f3 de \u00abvirulentas\u00bb la declaraciones del candidato presidencial peruano Ollanta Humala sobre que Chile debe pedir perd\u00f3n por los excesos que cometi\u00f3 hace m\u00e1s de un siglo durante la Guerra del Pac\u00edfico, en la que no solamente \u00a0le fueron arrebatados extensos territorios sino que tambi\u00e9n result\u00f3 despojado [&hellip;]<\/p>\n","protected":false},"author":1,"featured_media":0,"comment_status":"open","ping_status":"open","sticky":false,"template":"","format":"standard","meta":{"tdm_status":"","tdm_grid_status":"","footnotes":""},"categories":[36],"tags":[],"class_list":{"0":"post-16647","1":"post","2":"type-post","3":"status-publish","4":"format-standard","6":"category-politica"},"yoast_head":"<!-- This site is optimized with the Yoast SEO plugin v25.1 - https:\/\/yoast.com\/wordpress\/plugins\/seo\/ -->\n<title>Chile, reticente a disculparse por excesos en la Guerra del Pac\u00edfico<\/title>\n<meta name=\"description\" content=\"Portal de noticias del Per\u00fa sobre el transporte a\u00e9reo, aviaci\u00f3n, turismo, hoteleria, actualidad.\" \/>\n<meta name=\"robots\" content=\"index, follow, max-snippet:-1, max-image-preview:large, max-video-preview:-1\" \/>\n<link rel=\"canonical\" href=\"https:\/\/aeronoticias.com.pe\/noticiero\/politica\/chile-reticente-a-disculparse-por-excesos-en-la-guerra-del-pacifico\/\" \/>\n<meta property=\"og:locale\" content=\"es_ES\" \/>\n<meta property=\"og:type\" content=\"article\" \/>\n<meta property=\"og:title\" content=\"Chile, reticente a disculparse por excesos en la Guerra del Pac\u00edfico\" \/>\n<meta property=\"og:description\" content=\"Portal de noticias del Per\u00fa sobre el transporte a\u00e9reo, aviaci\u00f3n, turismo, hoteleria, actualidad.\" \/>\n<meta property=\"og:url\" content=\"https:\/\/aeronoticias.com.pe\/noticiero\/politica\/chile-reticente-a-disculparse-por-excesos-en-la-guerra-del-pacifico\/\" \/>\n<meta property=\"og:site_name\" content=\"Aeronoticias.com.pe\" \/>\n<meta property=\"article:publisher\" content=\"https:\/\/www.facebook.com\/Aeronoticias.com.pe\/\" \/>\n<meta property=\"article:published_time\" content=\"2011-04-15T13:50:44+00:00\" \/>\n<meta name=\"author\" content=\"Redacci\u00f3n Aeronoticias\" \/>\n<meta name=\"twitter:card\" content=\"summary_large_image\" \/>\n<meta name=\"twitter:creator\" content=\"@aeronoticias\" \/>\n<meta name=\"twitter:site\" content=\"@aeronoticias\" \/>\n<meta name=\"twitter:label1\" content=\"Escrito por\" \/>\n\t<meta name=\"twitter:data1\" content=\"Redacci\u00f3n Aeronoticias\" \/>\n\t<meta name=\"twitter:label2\" content=\"Tiempo de lectura\" \/>\n\t<meta name=\"twitter:data2\" content=\"1 minuto\" \/>\n<script type=\"application\/ld+json\" class=\"yoast-schema-graph\">{\"@context\":\"https:\/\/schema.org\",\"@graph\":[{\"@type\":\"WebPage\",\"@id\":\"https:\/\/aeronoticias.com.pe\/noticiero\/politica\/chile-reticente-a-disculparse-por-excesos-en-la-guerra-del-pacifico\/\",\"url\":\"https:\/\/aeronoticias.com.pe\/noticiero\/politica\/chile-reticente-a-disculparse-por-excesos-en-la-guerra-del-pacifico\/\",\"name\":\"Chile, reticente a disculparse por excesos en la Guerra del Pac\u00edfico\",\"isPartOf\":{\"@id\":\"https:\/\/aeronoticias.com.pe\/noticiero\/#website\"},\"datePublished\":\"2011-04-15T13:50:44+00:00\",\"author\":{\"@id\":\"https:\/\/aeronoticias.com.pe\/noticiero\/#\/schema\/person\/fc1e5d578f4b62ba1cf7ac2bba1170a0\"},\"description\":\"Portal de noticias del Per\u00fa sobre el transporte a\u00e9reo, aviaci\u00f3n, turismo, hoteleria, actualidad.\",\"breadcrumb\":{\"@id\":\"https:\/\/aeronoticias.com.pe\/noticiero\/politica\/chile-reticente-a-disculparse-por-excesos-en-la-guerra-del-pacifico\/#breadcrumb\"},\"inLanguage\":\"es\",\"potentialAction\":[{\"@type\":\"ReadAction\",\"target\":[\"https:\/\/aeronoticias.com.pe\/noticiero\/politica\/chile-reticente-a-disculparse-por-excesos-en-la-guerra-del-pacifico\/\"]}]},{\"@type\":\"BreadcrumbList\",\"@id\":\"https:\/\/aeronoticias.com.pe\/noticiero\/politica\/chile-reticente-a-disculparse-por-excesos-en-la-guerra-del-pacifico\/#breadcrumb\",\"itemListElement\":[{\"@type\":\"ListItem\",\"position\":1,\"name\":\"Portada\",\"item\":\"https:\/\/aeronoticias.com.pe\/noticiero\/\"},{\"@type\":\"ListItem\",\"position\":2,\"name\":\"Chile, reticente a disculparse por excesos en la Guerra del Pac\u00edfico\"}]},{\"@type\":\"WebSite\",\"@id\":\"https:\/\/aeronoticias.com.pe\/noticiero\/#website\",\"url\":\"https:\/\/aeronoticias.com.pe\/noticiero\/\",\"name\":\"Aeronoticias.com.pe\",\"description\":\"Noticias de tranporte aereo, turismo, hoteles, gastronomia, actualidad, internacional\",\"potentialAction\":[{\"@type\":\"SearchAction\",\"target\":{\"@type\":\"EntryPoint\",\"urlTemplate\":\"https:\/\/aeronoticias.com.pe\/noticiero\/?s={search_term_string}\"},\"query-input\":{\"@type\":\"PropertyValueSpecification\",\"valueRequired\":true,\"valueName\":\"search_term_string\"}}],\"inLanguage\":\"es\"},{\"@type\":\"Person\",\"@id\":\"https:\/\/aeronoticias.com.pe\/noticiero\/#\/schema\/person\/fc1e5d578f4b62ba1cf7ac2bba1170a0\",\"name\":\"Redacci\u00f3n Aeronoticias\",\"url\":\"https:\/\/aeronoticias.com.pe\/noticiero\/author\/piloto\/\"}]}<\/script>\n<!-- \/ Yoast SEO plugin. -->","yoast_head_json":{"title":"Chile, reticente a disculparse por excesos en la Guerra del Pac\u00edfico","description":"Portal de noticias del Per\u00fa sobre el transporte a\u00e9reo, aviaci\u00f3n, turismo, hoteleria, actualidad.","robots":{"index":"index","follow":"follow","max-snippet":"max-snippet:-1","max-image-preview":"max-image-preview:large","max-video-preview":"max-video-preview:-1"},"canonical":"https:\/\/aeronoticias.com.pe\/noticiero\/politica\/chile-reticente-a-disculparse-por-excesos-en-la-guerra-del-pacifico\/","og_locale":"es_ES","og_type":"article","og_title":"Chile, reticente a disculparse por excesos en la Guerra del Pac\u00edfico","og_description":"Portal de noticias del Per\u00fa sobre el transporte a\u00e9reo, aviaci\u00f3n, turismo, hoteleria, actualidad.","og_url":"https:\/\/aeronoticias.com.pe\/noticiero\/politica\/chile-reticente-a-disculparse-por-excesos-en-la-guerra-del-pacifico\/","og_site_name":"Aeronoticias.com.pe","article_publisher":"https:\/\/www.facebook.com\/Aeronoticias.com.pe\/","article_published_time":"2011-04-15T13:50:44+00:00","author":"Redacci\u00f3n Aeronoticias","twitter_card":"summary_large_image","twitter_creator":"@aeronoticias","twitter_site":"@aeronoticias","twitter_misc":{"Escrito por":"Redacci\u00f3n Aeronoticias","Tiempo de lectura":"1 minuto"},"schema":{"@context":"https:\/\/schema.org","@graph":[{"@type":"WebPage","@id":"https:\/\/aeronoticias.com.pe\/noticiero\/politica\/chile-reticente-a-disculparse-por-excesos-en-la-guerra-del-pacifico\/","url":"https:\/\/aeronoticias.com.pe\/noticiero\/politica\/chile-reticente-a-disculparse-por-excesos-en-la-guerra-del-pacifico\/","name":"Chile, reticente a disculparse por excesos en la Guerra del Pac\u00edfico","isPartOf":{"@id":"https:\/\/aeronoticias.com.pe\/noticiero\/#website"},"datePublished":"2011-04-15T13:50:44+00:00","author":{"@id":"https:\/\/aeronoticias.com.pe\/noticiero\/#\/schema\/person\/fc1e5d578f4b62ba1cf7ac2bba1170a0"},"description":"Portal de noticias del Per\u00fa sobre el transporte a\u00e9reo, aviaci\u00f3n, turismo, hoteleria, actualidad.","breadcrumb":{"@id":"https:\/\/aeronoticias.com.pe\/noticiero\/politica\/chile-reticente-a-disculparse-por-excesos-en-la-guerra-del-pacifico\/#breadcrumb"},"inLanguage":"es","potentialAction":[{"@type":"ReadAction","target":["https:\/\/aeronoticias.com.pe\/noticiero\/politica\/chile-reticente-a-disculparse-por-excesos-en-la-guerra-del-pacifico\/"]}]},{"@type":"BreadcrumbList","@id":"https:\/\/aeronoticias.com.pe\/noticiero\/politica\/chile-reticente-a-disculparse-por-excesos-en-la-guerra-del-pacifico\/#breadcrumb","itemListElement":[{"@type":"ListItem","position":1,"name":"Portada","item":"https:\/\/aeronoticias.com.pe\/noticiero\/"},{"@type":"ListItem","position":2,"name":"Chile, reticente a disculparse por excesos en la Guerra del Pac\u00edfico"}]},{"@type":"WebSite","@id":"https:\/\/aeronoticias.com.pe\/noticiero\/#website","url":"https:\/\/aeronoticias.com.pe\/noticiero\/","name":"Aeronoticias.com.pe","description":"Noticias de tranporte aereo, turismo, hoteles, gastronomia, actualidad, internacional","potentialAction":[{"@type":"SearchAction","target":{"@type":"EntryPoint","urlTemplate":"https:\/\/aeronoticias.com.pe\/noticiero\/?s={search_term_string}"},"query-input":{"@type":"PropertyValueSpecification","valueRequired":true,"valueName":"search_term_string"}}],"inLanguage":"es"},{"@type":"Person","@id":"https:\/\/aeronoticias.com.pe\/noticiero\/#\/schema\/person\/fc1e5d578f4b62ba1cf7ac2bba1170a0","name":"Redacci\u00f3n Aeronoticias","url":"https:\/\/aeronoticias.com.pe\/noticiero\/author\/piloto\/"}]}},"_links":{"self":[{"href":"https:\/\/aeronoticias.com.pe\/noticiero\/wp-json\/wp\/v2\/posts\/16647","targetHints":{"allow":["GET"]}}],"collection":[{"href":"https:\/\/aeronoticias.com.pe\/noticiero\/wp-json\/wp\/v2\/posts"}],"about":[{"href":"https:\/\/aeronoticias.com.pe\/noticiero\/wp-json\/wp\/v2\/types\/post"}],"author":[{"embeddable":true,"href":"https:\/\/aeronoticias.com.pe\/noticiero\/wp-json\/wp\/v2\/users\/1"}],"replies":[{"embeddable":true,"href":"https:\/\/aeronoticias.com.pe\/noticiero\/wp-json\/wp\/v2\/comments?post=16647"}],"version-history":[{"count":0,"href":"https:\/\/aeronoticias.com.pe\/noticiero\/wp-json\/wp\/v2\/posts\/16647\/revisions"}],"wp:attachment":[{"href":"https:\/\/aeronoticias.com.pe\/noticiero\/wp-json\/wp\/v2\/media?parent=16647"}],"wp:term":[{"taxonomy":"category","embeddable":true,"href":"https:\/\/aeronoticias.com.pe\/noticiero\/wp-json\/wp\/v2\/categories?post=16647"},{"taxonomy":"post_tag","embeddable":true,"href":"https:\/\/aeronoticias.com.pe\/noticiero\/wp-json\/wp\/v2\/tags?post=16647"}],"curies":[{"name":"wp","href":"https:\/\/api.w.org\/{rel}","templated":true}]}}