{"id":16650,"date":"2011-04-15T14:34:51","date_gmt":"2011-04-15T14:34:51","guid":{"rendered":"http:\/\/desarrollo.mcvicious.com\/aero2020\/2011\/04\/15\/en-una-semana-darian-de-alta-a-joven-que-fue-rescatada-del-valle-del-colca\/"},"modified":"2011-04-15T14:34:51","modified_gmt":"2011-04-15T14:34:51","slug":"en-una-semana-darian-de-alta-a-joven-que-fue-rescatada-del-valle-del-colca","status":"publish","type":"post","link":"https:\/\/aeronoticias.com.pe\/noticiero\/nacionales\/en-una-semana-darian-de-alta-a-joven-que-fue-rescatada-del-valle-del-colca\/","title":{"rendered":"En una semana dar\u00edan de alta a joven que fue rescatada del Valle del Colca"},"content":{"rendered":"<p style=\"text-align: justify;\"><strong>(Aeronoticias).- <\/strong>La joven universitaria Rosario Ponce L\u00f3pez, quien fue rescatada del Valle del Colca, en Arequipa, junto a su compa\u00f1ero Ciro Castillo Rojo, se recupera en la cl\u00ednica San Pablo y en un plazo de una semana a diez d\u00edas ser\u00eda dada de alta.<strong><br \/><\/strong><\/p>\n<p style=\"text-align: justify;\">La joven fue internada el d\u00eda de ayer en la cl\u00ednica San Pablo, evoluciona de forma favorable y recibe todas las atenciones del caso para superar por completo su estado de salud, afectado por el las contusiones corporales, la deshidrataci\u00f3n y el ayuno prolongado que padeci\u00f3.<\/p>\n<p>  <!--more-->  <\/p>\n<p style=\"text-align: justify;\">Seg\u00fan Amador Vargas, director de dicha cl\u00ednica, Rosario Ponce fue sometida a todos los ex\u00e1menes auxiliares respectivos por parte de los especialistas m\u00e9dicos y se determin\u00f3 que no solo sufri\u00f3 da\u00f1os corporales, sino tambi\u00e9n alteraciones emocionales, como depresi\u00f3n y p\u00e1nico.<\/p>\n<p>\u201cElla estuvo varios d\u00edas sometida a temperaturas muy bajas, tienen erosiones en diferentes partes de su cuerpo. No hay problemas de retina en su vista, pues solo tienen conjuntivitis y ha comenzado su nutrici\u00f3n de forma progresiva\u201d, explic\u00f3 Vargas a RPP.<\/p>\n<p>Ella retorn\u00f3 el d\u00eda de ayer a Lima y fue trasladada hasta la mencionada cl\u00ednica local, donde fue evaluada y asistida para lograr su recuperaci\u00f3n. <\/p>\n<p>Al promediar las 13.30 horas, la estudiante lleg\u00f3 a Lima en una aeronave policial que aterriz\u00f3 sin inconvenientes en la Direcci\u00f3n de la Polic\u00eda A\u00e9rea (Dipa), en el Callao. <br \/>All\u00ed la esperaba una ambulancia y un equipo t\u00e9cnico para brindarle asistencia.<\/p>\n<p>Cabe se\u00f1alar, que Rosario su compa\u00f1ero Ciro estuvieron desaparecidos por espacio de 10 d\u00edas hasta que fue encontrada en las inmediaciones del cerro Fortaleza, al pie de la cordillera del Chila.\u00a0Luego de su hallazgo, tuvo que ser llevada al centro de salud de Chivay para ser estabilizada, ya que estaba deshidratada.<\/p>\n<p style=\"text-align: justify;\">En tanto, un equipo de rescate contin\u00faa la b\u00fasqueda de Cirilo Castillo.<\/p>\n<p style=\"text-align: justify;\"><img decoding=\"async\" src=\"images\/stories\/11\/04\/150411\/rosario_ponce_colca.jpg\" border=\"0\" alt=\"En una semana dar\u00edan de alta a joven que fue rescatada del Valle del Colca \" title=\"En una semana dar\u00edan de alta a joven que fue rescatada del Valle del Colca \" \/><\/p>\n","protected":false},"excerpt":{"rendered":"<p>(Aeronoticias).- La joven universitaria Rosario Ponce L\u00f3pez, quien fue rescatada del Valle del Colca, en Arequipa, junto a su compa\u00f1ero Ciro Castillo Rojo, se recupera en la cl\u00ednica San Pablo y en un plazo de una semana a diez d\u00edas ser\u00eda dada de alta. La joven fue internada el d\u00eda de ayer en la cl\u00ednica [&hellip;]<\/p>\n","protected":false},"author":1,"featured_media":0,"comment_status":"open","ping_status":"open","sticky":false,"template":"","format":"standard","meta":{"tdm_status":"","tdm_grid_status":"","footnotes":""},"categories":[38],"tags":[],"class_list":{"0":"post-16650","1":"post","2":"type-post","3":"status-publish","4":"format-standard","6":"category-nacionales"},"yoast_head":"<!-- This site is optimized with the Yoast SEO plugin v25.1 - https:\/\/yoast.com\/wordpress\/plugins\/seo\/ -->\n<title>En una semana dar\u00edan de alta a joven que fue rescatada del Valle del Colca<\/title>\n<meta name=\"description\" content=\"Portal de noticias del Per\u00fa sobre el transporte a\u00e9reo, aviaci\u00f3n, turismo, hoteleria, actualidad.\" \/>\n<meta name=\"robots\" content=\"index, follow, max-snippet:-1, max-image-preview:large, max-video-preview:-1\" \/>\n<link rel=\"canonical\" href=\"https:\/\/aeronoticias.com.pe\/noticiero\/nacionales\/en-una-semana-darian-de-alta-a-joven-que-fue-rescatada-del-valle-del-colca\/\" \/>\n<meta property=\"og:locale\" content=\"es_ES\" \/>\n<meta property=\"og:type\" content=\"article\" \/>\n<meta property=\"og:title\" content=\"En una semana dar\u00edan de alta a joven que fue rescatada del Valle del Colca\" \/>\n<meta property=\"og:description\" content=\"Portal de noticias del Per\u00fa sobre el transporte a\u00e9reo, aviaci\u00f3n, turismo, hoteleria, actualidad.\" \/>\n<meta property=\"og:url\" content=\"https:\/\/aeronoticias.com.pe\/noticiero\/nacionales\/en-una-semana-darian-de-alta-a-joven-que-fue-rescatada-del-valle-del-colca\/\" \/>\n<meta property=\"og:site_name\" content=\"Aeronoticias.com.pe\" \/>\n<meta property=\"article:publisher\" content=\"https:\/\/www.facebook.com\/Aeronoticias.com.pe\/\" \/>\n<meta property=\"article:published_time\" content=\"2011-04-15T14:34:51+00:00\" \/>\n<meta name=\"author\" content=\"Redacci\u00f3n Aeronoticias\" \/>\n<meta name=\"twitter:card\" content=\"summary_large_image\" \/>\n<meta name=\"twitter:creator\" content=\"@aeronoticias\" \/>\n<meta name=\"twitter:site\" content=\"@aeronoticias\" \/>\n<meta name=\"twitter:label1\" content=\"Escrito por\" \/>\n\t<meta name=\"twitter:data1\" content=\"Redacci\u00f3n Aeronoticias\" \/>\n\t<meta name=\"twitter:label2\" content=\"Tiempo de lectura\" \/>\n\t<meta name=\"twitter:data2\" content=\"2 minutos\" \/>\n<script type=\"application\/ld+json\" class=\"yoast-schema-graph\">{\"@context\":\"https:\/\/schema.org\",\"@graph\":[{\"@type\":\"WebPage\",\"@id\":\"https:\/\/aeronoticias.com.pe\/noticiero\/nacionales\/en-una-semana-darian-de-alta-a-joven-que-fue-rescatada-del-valle-del-colca\/\",\"url\":\"https:\/\/aeronoticias.com.pe\/noticiero\/nacionales\/en-una-semana-darian-de-alta-a-joven-que-fue-rescatada-del-valle-del-colca\/\",\"name\":\"En una semana dar\u00edan de alta a joven que fue rescatada del Valle del Colca\",\"isPartOf\":{\"@id\":\"https:\/\/aeronoticias.com.pe\/noticiero\/#website\"},\"datePublished\":\"2011-04-15T14:34:51+00:00\",\"author\":{\"@id\":\"https:\/\/aeronoticias.com.pe\/noticiero\/#\/schema\/person\/fc1e5d578f4b62ba1cf7ac2bba1170a0\"},\"description\":\"Portal de noticias del Per\u00fa sobre el transporte a\u00e9reo, aviaci\u00f3n, turismo, hoteleria, actualidad.\",\"breadcrumb\":{\"@id\":\"https:\/\/aeronoticias.com.pe\/noticiero\/nacionales\/en-una-semana-darian-de-alta-a-joven-que-fue-rescatada-del-valle-del-colca\/#breadcrumb\"},\"inLanguage\":\"es\",\"potentialAction\":[{\"@type\":\"ReadAction\",\"target\":[\"https:\/\/aeronoticias.com.pe\/noticiero\/nacionales\/en-una-semana-darian-de-alta-a-joven-que-fue-rescatada-del-valle-del-colca\/\"]}]},{\"@type\":\"BreadcrumbList\",\"@id\":\"https:\/\/aeronoticias.com.pe\/noticiero\/nacionales\/en-una-semana-darian-de-alta-a-joven-que-fue-rescatada-del-valle-del-colca\/#breadcrumb\",\"itemListElement\":[{\"@type\":\"ListItem\",\"position\":1,\"name\":\"Portada\",\"item\":\"https:\/\/aeronoticias.com.pe\/noticiero\/\"},{\"@type\":\"ListItem\",\"position\":2,\"name\":\"En una semana dar\u00edan de alta a joven que fue rescatada del Valle del Colca\"}]},{\"@type\":\"WebSite\",\"@id\":\"https:\/\/aeronoticias.com.pe\/noticiero\/#website\",\"url\":\"https:\/\/aeronoticias.com.pe\/noticiero\/\",\"name\":\"Aeronoticias.com.pe\",\"description\":\"Noticias de tranporte aereo, turismo, hoteles, gastronomia, actualidad, internacional\",\"potentialAction\":[{\"@type\":\"SearchAction\",\"target\":{\"@type\":\"EntryPoint\",\"urlTemplate\":\"https:\/\/aeronoticias.com.pe\/noticiero\/?s={search_term_string}\"},\"query-input\":{\"@type\":\"PropertyValueSpecification\",\"valueRequired\":true,\"valueName\":\"search_term_string\"}}],\"inLanguage\":\"es\"},{\"@type\":\"Person\",\"@id\":\"https:\/\/aeronoticias.com.pe\/noticiero\/#\/schema\/person\/fc1e5d578f4b62ba1cf7ac2bba1170a0\",\"name\":\"Redacci\u00f3n Aeronoticias\",\"url\":\"https:\/\/aeronoticias.com.pe\/noticiero\/author\/piloto\/\"}]}<\/script>\n<!-- \/ Yoast SEO plugin. -->","yoast_head_json":{"title":"En una semana dar\u00edan de alta a joven que fue rescatada del Valle del Colca","description":"Portal de noticias del Per\u00fa sobre el transporte a\u00e9reo, aviaci\u00f3n, turismo, hoteleria, actualidad.","robots":{"index":"index","follow":"follow","max-snippet":"max-snippet:-1","max-image-preview":"max-image-preview:large","max-video-preview":"max-video-preview:-1"},"canonical":"https:\/\/aeronoticias.com.pe\/noticiero\/nacionales\/en-una-semana-darian-de-alta-a-joven-que-fue-rescatada-del-valle-del-colca\/","og_locale":"es_ES","og_type":"article","og_title":"En una semana dar\u00edan de alta a joven que fue rescatada del Valle del Colca","og_description":"Portal de noticias del Per\u00fa sobre el transporte a\u00e9reo, aviaci\u00f3n, turismo, hoteleria, actualidad.","og_url":"https:\/\/aeronoticias.com.pe\/noticiero\/nacionales\/en-una-semana-darian-de-alta-a-joven-que-fue-rescatada-del-valle-del-colca\/","og_site_name":"Aeronoticias.com.pe","article_publisher":"https:\/\/www.facebook.com\/Aeronoticias.com.pe\/","article_published_time":"2011-04-15T14:34:51+00:00","author":"Redacci\u00f3n Aeronoticias","twitter_card":"summary_large_image","twitter_creator":"@aeronoticias","twitter_site":"@aeronoticias","twitter_misc":{"Escrito por":"Redacci\u00f3n Aeronoticias","Tiempo de lectura":"2 minutos"},"schema":{"@context":"https:\/\/schema.org","@graph":[{"@type":"WebPage","@id":"https:\/\/aeronoticias.com.pe\/noticiero\/nacionales\/en-una-semana-darian-de-alta-a-joven-que-fue-rescatada-del-valle-del-colca\/","url":"https:\/\/aeronoticias.com.pe\/noticiero\/nacionales\/en-una-semana-darian-de-alta-a-joven-que-fue-rescatada-del-valle-del-colca\/","name":"En una semana dar\u00edan de alta a joven que fue rescatada del Valle del Colca","isPartOf":{"@id":"https:\/\/aeronoticias.com.pe\/noticiero\/#website"},"datePublished":"2011-04-15T14:34:51+00:00","author":{"@id":"https:\/\/aeronoticias.com.pe\/noticiero\/#\/schema\/person\/fc1e5d578f4b62ba1cf7ac2bba1170a0"},"description":"Portal de noticias del Per\u00fa sobre el transporte a\u00e9reo, aviaci\u00f3n, turismo, hoteleria, actualidad.","breadcrumb":{"@id":"https:\/\/aeronoticias.com.pe\/noticiero\/nacionales\/en-una-semana-darian-de-alta-a-joven-que-fue-rescatada-del-valle-del-colca\/#breadcrumb"},"inLanguage":"es","potentialAction":[{"@type":"ReadAction","target":["https:\/\/aeronoticias.com.pe\/noticiero\/nacionales\/en-una-semana-darian-de-alta-a-joven-que-fue-rescatada-del-valle-del-colca\/"]}]},{"@type":"BreadcrumbList","@id":"https:\/\/aeronoticias.com.pe\/noticiero\/nacionales\/en-una-semana-darian-de-alta-a-joven-que-fue-rescatada-del-valle-del-colca\/#breadcrumb","itemListElement":[{"@type":"ListItem","position":1,"name":"Portada","item":"https:\/\/aeronoticias.com.pe\/noticiero\/"},{"@type":"ListItem","position":2,"name":"En una semana dar\u00edan de alta a joven que fue rescatada del Valle del Colca"}]},{"@type":"WebSite","@id":"https:\/\/aeronoticias.com.pe\/noticiero\/#website","url":"https:\/\/aeronoticias.com.pe\/noticiero\/","name":"Aeronoticias.com.pe","description":"Noticias de tranporte aereo, turismo, hoteles, gastronomia, actualidad, internacional","potentialAction":[{"@type":"SearchAction","target":{"@type":"EntryPoint","urlTemplate":"https:\/\/aeronoticias.com.pe\/noticiero\/?s={search_term_string}"},"query-input":{"@type":"PropertyValueSpecification","valueRequired":true,"valueName":"search_term_string"}}],"inLanguage":"es"},{"@type":"Person","@id":"https:\/\/aeronoticias.com.pe\/noticiero\/#\/schema\/person\/fc1e5d578f4b62ba1cf7ac2bba1170a0","name":"Redacci\u00f3n Aeronoticias","url":"https:\/\/aeronoticias.com.pe\/noticiero\/author\/piloto\/"}]}},"_links":{"self":[{"href":"https:\/\/aeronoticias.com.pe\/noticiero\/wp-json\/wp\/v2\/posts\/16650","targetHints":{"allow":["GET"]}}],"collection":[{"href":"https:\/\/aeronoticias.com.pe\/noticiero\/wp-json\/wp\/v2\/posts"}],"about":[{"href":"https:\/\/aeronoticias.com.pe\/noticiero\/wp-json\/wp\/v2\/types\/post"}],"author":[{"embeddable":true,"href":"https:\/\/aeronoticias.com.pe\/noticiero\/wp-json\/wp\/v2\/users\/1"}],"replies":[{"embeddable":true,"href":"https:\/\/aeronoticias.com.pe\/noticiero\/wp-json\/wp\/v2\/comments?post=16650"}],"version-history":[{"count":0,"href":"https:\/\/aeronoticias.com.pe\/noticiero\/wp-json\/wp\/v2\/posts\/16650\/revisions"}],"wp:attachment":[{"href":"https:\/\/aeronoticias.com.pe\/noticiero\/wp-json\/wp\/v2\/media?parent=16650"}],"wp:term":[{"taxonomy":"category","embeddable":true,"href":"https:\/\/aeronoticias.com.pe\/noticiero\/wp-json\/wp\/v2\/categories?post=16650"},{"taxonomy":"post_tag","embeddable":true,"href":"https:\/\/aeronoticias.com.pe\/noticiero\/wp-json\/wp\/v2\/tags?post=16650"}],"curies":[{"name":"wp","href":"https:\/\/api.w.org\/{rel}","templated":true}]}}