{"id":16651,"date":"2011-04-15T14:44:17","date_gmt":"2011-04-15T14:44:17","guid":{"rendered":"http:\/\/desarrollo.mcvicious.com\/aero2020\/2011\/04\/15\/aetai-y-apea-se-pronuncian-contra-sentencia-del-tribunal-constitucional\/"},"modified":"2011-04-15T14:44:17","modified_gmt":"2011-04-15T14:44:17","slug":"aetai-y-apea-se-pronuncian-contra-sentencia-del-tribunal-constitucional","status":"publish","type":"post","link":"https:\/\/aeronoticias.com.pe\/noticiero\/ultimas\/1\/aetai-y-apea-se-pronuncian-contra-sentencia-del-tribunal-constitucional\/","title":{"rendered":"AETAI y APEA se pronuncian contra sentencia del Tribunal Constitucional"},"content":{"rendered":"<p style=\"text-align: justify;\"><strong>(Aeronoticias).- <\/strong>La Asociaci\u00f3n de Empresa de Transporte A\u00e9reo Internacional AETAI y la Asociaci\u00f3n Peruana de Empresas A\u00e9reas publican un aviso en el diario El Comercio reclamando que los peruanos tienen derecho a seguir volando con tarifas econ\u00f3micas dice el aviso (<a href=\"images\/stories\/11\/04\/150411\/aetai_apea_endose.jpg\" target=\"_blank\" title=\"AETAI y APEA se pronuncian contra sentencia del Tribunal Constitucional\" rel=\"noopener noreferrer\"><strong>vea el aviso<\/strong><\/a>)<\/p>\n<p>Al respecto\u00a0 consideramos que el Contrato de Transporte A\u00e9reo contiene cl\u00e1usulas de adhesi\u00f3n que no tiene como negociar el pasajero, no compartimos la posici\u00f3n de AETAI y de APEA, ya que el pueblo peruano deber\u00eda tener tarifas econ\u00f3micas los 365 d\u00edas del a\u00f1o si se sigue el esquema de las l\u00edneas a\u00e9reas de bajo costo como Ryanair, en este caso no se est\u00e1 defendiendo las tarifas econ\u00f3micas de los pasajeros, sino la econom\u00eda de las l\u00edneas a\u00e9reas que pretenden mantener un sistema que les da m\u00e1s ganancias, afectando al consumidor.<\/p>\n<p>  <!--more-->  <\/p>\n<p style=\"text-align: justify;\">Creemos que el endoso y libre cambio de fecha defiende los derechos del consumidor y atenta contra beneficios adicionales de las l\u00edneas a\u00e9reas, especialmente TACA y LAN que tienen un cuasimonopolio en el mercado aerocomercial peruano.<\/p>\n<p>Creemos que la amenaza de que no hayan tarifas econ\u00f3micas es un m\u00e9todo abusivo de la situaci\u00f3n de ventaja que tiene el cuasimonopolio aerocomercial en el espacio a\u00e9reo en perjuicio de los consumidores, y ahora a trav\u00e9s de este proyecto de ley, con un evidente lobbie en la PCM pretenden nuevamente imponer condiciones excesivamente onerosas en el endoso, y el libre cambio de fecha de los pasajes a\u00e9reos.<\/p>\n<p>Respaldamos la sentencia del Tribunal Constitucional y consideramos que se tendr\u00e1 que abrir el debate en el Congreso respecto al proyecto del Poder Ejecutivo que pretende cambiar el C\u00f3digo de Protecci\u00f3n y Defensa del Consumidor para que dos empresas de aviaci\u00f3n LAN y TACA que durante 10 a\u00f1os no han invertido en una sola aeronave de matr\u00edcula peruana sigan teniendo el dominio del mercado, grandes utilidades y beneficios que no invierten en el Per\u00fa en perjuicio del consumidor que siempre se tiene que someter a estas pr\u00e1cticas de consumo porque nadie defiende sus derechos, salvo el c\u00f3digo y congresistas dignos y honorables que dieron nacimiento al C\u00f3digo de Protecci\u00f3n y Defensa del Consumidor.<\/p>\n<p style=\"text-align: justify;\"><img decoding=\"async\" src=\"images\/stories\/11\/04\/150411\/aetai_apea_boletos.jpg\" border=\"0\" alt=\"AETAI y APEA se pronuncian contra sentencia del Tribunal Constitucional\" title=\"AETAI y APEA se pronuncian contra sentencia del Tribunal Constitucional\" \/><\/p>\n","protected":false},"excerpt":{"rendered":"<p>(Aeronoticias).- La Asociaci\u00f3n de Empresa de Transporte A\u00e9reo Internacional AETAI y la Asociaci\u00f3n Peruana de Empresas A\u00e9reas publican un aviso en el diario El Comercio reclamando que los peruanos tienen derecho a seguir volando con tarifas econ\u00f3micas dice el aviso (vea el aviso) Al respecto\u00a0 consideramos que el Contrato de Transporte A\u00e9reo contiene cl\u00e1usulas de [&hellip;]<\/p>\n","protected":false},"author":1,"featured_media":0,"comment_status":"open","ping_status":"open","sticky":false,"template":"","format":"standard","meta":{"tdm_status":"","tdm_grid_status":"","footnotes":""},"categories":[30],"tags":[],"class_list":{"0":"post-16651","1":"post","2":"type-post","3":"status-publish","4":"format-standard","6":"category-30"},"yoast_head":"<!-- This site is optimized with the Yoast SEO plugin v25.1 - https:\/\/yoast.com\/wordpress\/plugins\/seo\/ -->\n<title>AETAI y APEA se pronuncian contra sentencia del Tribunal Constitucional<\/title>\n<meta name=\"description\" content=\"Portal de noticias del Per\u00fa sobre el transporte a\u00e9reo, aviaci\u00f3n, turismo, hoteleria, actualidad.\" \/>\n<meta name=\"robots\" content=\"index, follow, max-snippet:-1, max-image-preview:large, max-video-preview:-1\" \/>\n<link rel=\"canonical\" href=\"https:\/\/aeronoticias.com.pe\/noticiero\/ultimas\/1\/aetai-y-apea-se-pronuncian-contra-sentencia-del-tribunal-constitucional\/\" \/>\n<meta property=\"og:locale\" content=\"es_ES\" \/>\n<meta property=\"og:type\" content=\"article\" \/>\n<meta property=\"og:title\" content=\"AETAI y APEA se pronuncian contra sentencia del Tribunal Constitucional\" \/>\n<meta property=\"og:description\" content=\"Portal de noticias del Per\u00fa sobre el transporte a\u00e9reo, aviaci\u00f3n, turismo, hoteleria, actualidad.\" \/>\n<meta property=\"og:url\" content=\"https:\/\/aeronoticias.com.pe\/noticiero\/ultimas\/1\/aetai-y-apea-se-pronuncian-contra-sentencia-del-tribunal-constitucional\/\" \/>\n<meta property=\"og:site_name\" content=\"Aeronoticias.com.pe\" \/>\n<meta property=\"article:publisher\" content=\"https:\/\/www.facebook.com\/Aeronoticias.com.pe\/\" \/>\n<meta property=\"article:published_time\" content=\"2011-04-15T14:44:17+00:00\" \/>\n<meta name=\"author\" content=\"Redacci\u00f3n Aeronoticias\" \/>\n<meta name=\"twitter:card\" content=\"summary_large_image\" \/>\n<meta name=\"twitter:creator\" content=\"@aeronoticias\" \/>\n<meta name=\"twitter:site\" content=\"@aeronoticias\" \/>\n<meta name=\"twitter:label1\" content=\"Escrito por\" \/>\n\t<meta name=\"twitter:data1\" content=\"Redacci\u00f3n Aeronoticias\" \/>\n\t<meta name=\"twitter:label2\" content=\"Tiempo de lectura\" \/>\n\t<meta name=\"twitter:data2\" content=\"2 minutos\" \/>\n<script type=\"application\/ld+json\" class=\"yoast-schema-graph\">{\"@context\":\"https:\/\/schema.org\",\"@graph\":[{\"@type\":\"WebPage\",\"@id\":\"https:\/\/aeronoticias.com.pe\/noticiero\/ultimas\/1\/aetai-y-apea-se-pronuncian-contra-sentencia-del-tribunal-constitucional\/\",\"url\":\"https:\/\/aeronoticias.com.pe\/noticiero\/ultimas\/1\/aetai-y-apea-se-pronuncian-contra-sentencia-del-tribunal-constitucional\/\",\"name\":\"AETAI y APEA se pronuncian contra sentencia del Tribunal Constitucional\",\"isPartOf\":{\"@id\":\"https:\/\/aeronoticias.com.pe\/noticiero\/#website\"},\"datePublished\":\"2011-04-15T14:44:17+00:00\",\"author\":{\"@id\":\"https:\/\/aeronoticias.com.pe\/noticiero\/#\/schema\/person\/fc1e5d578f4b62ba1cf7ac2bba1170a0\"},\"description\":\"Portal de noticias del Per\u00fa sobre el transporte a\u00e9reo, aviaci\u00f3n, turismo, hoteleria, actualidad.\",\"breadcrumb\":{\"@id\":\"https:\/\/aeronoticias.com.pe\/noticiero\/ultimas\/1\/aetai-y-apea-se-pronuncian-contra-sentencia-del-tribunal-constitucional\/#breadcrumb\"},\"inLanguage\":\"es\",\"potentialAction\":[{\"@type\":\"ReadAction\",\"target\":[\"https:\/\/aeronoticias.com.pe\/noticiero\/ultimas\/1\/aetai-y-apea-se-pronuncian-contra-sentencia-del-tribunal-constitucional\/\"]}]},{\"@type\":\"BreadcrumbList\",\"@id\":\"https:\/\/aeronoticias.com.pe\/noticiero\/ultimas\/1\/aetai-y-apea-se-pronuncian-contra-sentencia-del-tribunal-constitucional\/#breadcrumb\",\"itemListElement\":[{\"@type\":\"ListItem\",\"position\":1,\"name\":\"Portada\",\"item\":\"https:\/\/aeronoticias.com.pe\/noticiero\/\"},{\"@type\":\"ListItem\",\"position\":2,\"name\":\"AETAI y APEA se pronuncian contra sentencia del Tribunal Constitucional\"}]},{\"@type\":\"WebSite\",\"@id\":\"https:\/\/aeronoticias.com.pe\/noticiero\/#website\",\"url\":\"https:\/\/aeronoticias.com.pe\/noticiero\/\",\"name\":\"Aeronoticias.com.pe\",\"description\":\"Noticias de tranporte aereo, turismo, hoteles, gastronomia, actualidad, internacional\",\"potentialAction\":[{\"@type\":\"SearchAction\",\"target\":{\"@type\":\"EntryPoint\",\"urlTemplate\":\"https:\/\/aeronoticias.com.pe\/noticiero\/?s={search_term_string}\"},\"query-input\":{\"@type\":\"PropertyValueSpecification\",\"valueRequired\":true,\"valueName\":\"search_term_string\"}}],\"inLanguage\":\"es\"},{\"@type\":\"Person\",\"@id\":\"https:\/\/aeronoticias.com.pe\/noticiero\/#\/schema\/person\/fc1e5d578f4b62ba1cf7ac2bba1170a0\",\"name\":\"Redacci\u00f3n Aeronoticias\",\"url\":\"https:\/\/aeronoticias.com.pe\/noticiero\/author\/piloto\/\"}]}<\/script>\n<!-- \/ Yoast SEO plugin. -->","yoast_head_json":{"title":"AETAI y APEA se pronuncian contra sentencia del Tribunal Constitucional","description":"Portal de noticias del Per\u00fa sobre el transporte a\u00e9reo, aviaci\u00f3n, turismo, hoteleria, actualidad.","robots":{"index":"index","follow":"follow","max-snippet":"max-snippet:-1","max-image-preview":"max-image-preview:large","max-video-preview":"max-video-preview:-1"},"canonical":"https:\/\/aeronoticias.com.pe\/noticiero\/ultimas\/1\/aetai-y-apea-se-pronuncian-contra-sentencia-del-tribunal-constitucional\/","og_locale":"es_ES","og_type":"article","og_title":"AETAI y APEA se pronuncian contra sentencia del Tribunal Constitucional","og_description":"Portal de noticias del Per\u00fa sobre el transporte a\u00e9reo, aviaci\u00f3n, turismo, hoteleria, actualidad.","og_url":"https:\/\/aeronoticias.com.pe\/noticiero\/ultimas\/1\/aetai-y-apea-se-pronuncian-contra-sentencia-del-tribunal-constitucional\/","og_site_name":"Aeronoticias.com.pe","article_publisher":"https:\/\/www.facebook.com\/Aeronoticias.com.pe\/","article_published_time":"2011-04-15T14:44:17+00:00","author":"Redacci\u00f3n Aeronoticias","twitter_card":"summary_large_image","twitter_creator":"@aeronoticias","twitter_site":"@aeronoticias","twitter_misc":{"Escrito por":"Redacci\u00f3n Aeronoticias","Tiempo de lectura":"2 minutos"},"schema":{"@context":"https:\/\/schema.org","@graph":[{"@type":"WebPage","@id":"https:\/\/aeronoticias.com.pe\/noticiero\/ultimas\/1\/aetai-y-apea-se-pronuncian-contra-sentencia-del-tribunal-constitucional\/","url":"https:\/\/aeronoticias.com.pe\/noticiero\/ultimas\/1\/aetai-y-apea-se-pronuncian-contra-sentencia-del-tribunal-constitucional\/","name":"AETAI y APEA se pronuncian contra sentencia del Tribunal Constitucional","isPartOf":{"@id":"https:\/\/aeronoticias.com.pe\/noticiero\/#website"},"datePublished":"2011-04-15T14:44:17+00:00","author":{"@id":"https:\/\/aeronoticias.com.pe\/noticiero\/#\/schema\/person\/fc1e5d578f4b62ba1cf7ac2bba1170a0"},"description":"Portal de noticias del Per\u00fa sobre el transporte a\u00e9reo, aviaci\u00f3n, turismo, hoteleria, actualidad.","breadcrumb":{"@id":"https:\/\/aeronoticias.com.pe\/noticiero\/ultimas\/1\/aetai-y-apea-se-pronuncian-contra-sentencia-del-tribunal-constitucional\/#breadcrumb"},"inLanguage":"es","potentialAction":[{"@type":"ReadAction","target":["https:\/\/aeronoticias.com.pe\/noticiero\/ultimas\/1\/aetai-y-apea-se-pronuncian-contra-sentencia-del-tribunal-constitucional\/"]}]},{"@type":"BreadcrumbList","@id":"https:\/\/aeronoticias.com.pe\/noticiero\/ultimas\/1\/aetai-y-apea-se-pronuncian-contra-sentencia-del-tribunal-constitucional\/#breadcrumb","itemListElement":[{"@type":"ListItem","position":1,"name":"Portada","item":"https:\/\/aeronoticias.com.pe\/noticiero\/"},{"@type":"ListItem","position":2,"name":"AETAI y APEA se pronuncian contra sentencia del Tribunal Constitucional"}]},{"@type":"WebSite","@id":"https:\/\/aeronoticias.com.pe\/noticiero\/#website","url":"https:\/\/aeronoticias.com.pe\/noticiero\/","name":"Aeronoticias.com.pe","description":"Noticias de tranporte aereo, turismo, hoteles, gastronomia, actualidad, internacional","potentialAction":[{"@type":"SearchAction","target":{"@type":"EntryPoint","urlTemplate":"https:\/\/aeronoticias.com.pe\/noticiero\/?s={search_term_string}"},"query-input":{"@type":"PropertyValueSpecification","valueRequired":true,"valueName":"search_term_string"}}],"inLanguage":"es"},{"@type":"Person","@id":"https:\/\/aeronoticias.com.pe\/noticiero\/#\/schema\/person\/fc1e5d578f4b62ba1cf7ac2bba1170a0","name":"Redacci\u00f3n Aeronoticias","url":"https:\/\/aeronoticias.com.pe\/noticiero\/author\/piloto\/"}]}},"_links":{"self":[{"href":"https:\/\/aeronoticias.com.pe\/noticiero\/wp-json\/wp\/v2\/posts\/16651","targetHints":{"allow":["GET"]}}],"collection":[{"href":"https:\/\/aeronoticias.com.pe\/noticiero\/wp-json\/wp\/v2\/posts"}],"about":[{"href":"https:\/\/aeronoticias.com.pe\/noticiero\/wp-json\/wp\/v2\/types\/post"}],"author":[{"embeddable":true,"href":"https:\/\/aeronoticias.com.pe\/noticiero\/wp-json\/wp\/v2\/users\/1"}],"replies":[{"embeddable":true,"href":"https:\/\/aeronoticias.com.pe\/noticiero\/wp-json\/wp\/v2\/comments?post=16651"}],"version-history":[{"count":0,"href":"https:\/\/aeronoticias.com.pe\/noticiero\/wp-json\/wp\/v2\/posts\/16651\/revisions"}],"wp:attachment":[{"href":"https:\/\/aeronoticias.com.pe\/noticiero\/wp-json\/wp\/v2\/media?parent=16651"}],"wp:term":[{"taxonomy":"category","embeddable":true,"href":"https:\/\/aeronoticias.com.pe\/noticiero\/wp-json\/wp\/v2\/categories?post=16651"},{"taxonomy":"post_tag","embeddable":true,"href":"https:\/\/aeronoticias.com.pe\/noticiero\/wp-json\/wp\/v2\/tags?post=16651"}],"curies":[{"name":"wp","href":"https:\/\/api.w.org\/{rel}","templated":true}]}}