{"id":16653,"date":"2011-04-15T15:19:46","date_gmt":"2011-04-15T15:19:46","guid":{"rendered":"http:\/\/desarrollo.mcvicious.com\/aero2020\/2011\/04\/15\/egipto-si-se-lo-reconoce-culpable-mubarak-podria-ser-condenado-a-la-horca\/"},"modified":"2011-04-15T15:19:46","modified_gmt":"2011-04-15T15:19:46","slug":"egipto-si-se-lo-reconoce-culpable-mubarak-podria-ser-condenado-a-la-horca","status":"publish","type":"post","link":"https:\/\/aeronoticias.com.pe\/noticiero\/internacionales\/egipto-si-se-lo-reconoce-culpable-mubarak-podria-ser-condenado-a-la-horca\/","title":{"rendered":"Egipto: si se lo reconoce culpable, Mubarak podr\u00eda ser condenado a la horca"},"content":{"rendered":"<p style=\"text-align: justify;\"><strong>(Aeronoticias)<\/strong> El ex presidente egipcio, Hosni Mubarak, detenido en el marco de una investigaci\u00f3n sobre la represi\u00f3n de las manifestaciones, podr\u00eda ser condenado a la horca si se lo reconoce culpable, inform\u00f3 la prensa oficial el viernes.<\/p>\n<p>Mubarak y sus hijos Gamal y Alaa fueron detenidos el mi\u00e9rcoles por 15 d\u00edas dentro de una investigaci\u00f3n judicial sobre la violenta represi\u00f3n de las revueltas de enero y febrero, que dejaron unos 800 muertos, seg\u00fan fuentes oficiales, y que desemboc\u00f3 con la ca\u00edda del r\u00e9gimen. El peri\u00f3dico gubernamental Al Ahram, cit\u00f3 el viernes al presidente de la corte de apelaciones de El Cairo, Zakaria Chalach, que afirm\u00f3 que Mubarak podr\u00eda ser ejecutado si se lo reconoce culpable de haber provocado la muerte de manifestantes de manera premeditada.<\/p>\n<p style=\"text-align: center;\"><img decoding=\"async\" src=\"images\/stories\/11\/04\/150411\/horca.jpg\" border=\"0\" alt=\"horca\" title=\"horca\" \/><\/p>\n<p style=\"text-align: justify;\">\n<p>Chakach indic\u00f3 que el testimonio del ex ministro de Interio de Mubarak, Habib Al Adli, tambi\u00e9n acusado por haber ordenado disparar contra los manifestantes, lo convert\u00eda en c\u00f3mplice si se confirma: Adli afirm\u00f3 que Mubarak le hab\u00eda ordenado utilizar la fuerza contra los manifestantes. \u00abSi ello se demuestra, (Mubarak) recibir\u00e1 la misma pena que la persona que condujo (la represi\u00f3n) y podr\u00eda tratarse de una ejecuci\u00f3n si se prueba que los manifestantes pac\u00edficos fueron muertos con premeditaci\u00f3n\u00bb, dijo.<\/p>\n<p>Si no hubo premeditaci\u00f3n ser\u00e1 condenado a cadena perpetua, precis\u00f3. Mubarak podr\u00eda ser condenado a una pena de entre tres y cinco a\u00f1os de prisi\u00f3n si se prueba que la represi\u00f3n, bajo sus \u00f3rdenes, hiri\u00f3 a manifestantes. AFP<\/p>\n<p style=\"text-align: center;\">\u00a0<\/p>\n","protected":false},"excerpt":{"rendered":"<p>(Aeronoticias) El ex presidente egipcio, Hosni Mubarak, detenido en el marco de una investigaci\u00f3n sobre la represi\u00f3n de las manifestaciones, podr\u00eda ser condenado a la horca si se lo reconoce culpable, inform\u00f3 la prensa oficial el viernes. Mubarak y sus hijos Gamal y Alaa fueron detenidos el mi\u00e9rcoles por 15 d\u00edas dentro de una investigaci\u00f3n [&hellip;]<\/p>\n","protected":false},"author":1,"featured_media":0,"comment_status":"open","ping_status":"open","sticky":false,"template":"","format":"standard","meta":{"tdm_status":"","tdm_grid_status":"","footnotes":""},"categories":[34],"tags":[],"class_list":{"0":"post-16653","1":"post","2":"type-post","3":"status-publish","4":"format-standard","6":"category-internacionales"},"yoast_head":"<!-- This site is optimized with the Yoast SEO plugin v25.1 - https:\/\/yoast.com\/wordpress\/plugins\/seo\/ -->\n<title>Egipto: si se lo reconoce culpable, Mubarak podr\u00eda ser condenado a la horca<\/title>\n<meta name=\"description\" content=\"Portal de noticias del Per\u00fa sobre el transporte a\u00e9reo, aviaci\u00f3n, turismo, hoteleria, actualidad.\" \/>\n<meta name=\"robots\" content=\"index, follow, max-snippet:-1, max-image-preview:large, max-video-preview:-1\" \/>\n<link rel=\"canonical\" href=\"https:\/\/aeronoticias.com.pe\/noticiero\/internacionales\/egipto-si-se-lo-reconoce-culpable-mubarak-podria-ser-condenado-a-la-horca\/\" \/>\n<meta property=\"og:locale\" content=\"es_ES\" \/>\n<meta property=\"og:type\" content=\"article\" \/>\n<meta property=\"og:title\" content=\"Egipto: si se lo reconoce culpable, Mubarak podr\u00eda ser condenado a la horca\" \/>\n<meta property=\"og:description\" content=\"Portal de noticias del Per\u00fa sobre el transporte a\u00e9reo, aviaci\u00f3n, turismo, hoteleria, actualidad.\" \/>\n<meta property=\"og:url\" content=\"https:\/\/aeronoticias.com.pe\/noticiero\/internacionales\/egipto-si-se-lo-reconoce-culpable-mubarak-podria-ser-condenado-a-la-horca\/\" \/>\n<meta property=\"og:site_name\" content=\"Aeronoticias.com.pe\" \/>\n<meta property=\"article:publisher\" content=\"https:\/\/www.facebook.com\/Aeronoticias.com.pe\/\" \/>\n<meta property=\"article:published_time\" content=\"2011-04-15T15:19:46+00:00\" \/>\n<meta name=\"author\" content=\"Redacci\u00f3n Aeronoticias\" \/>\n<meta name=\"twitter:card\" content=\"summary_large_image\" \/>\n<meta name=\"twitter:creator\" content=\"@aeronoticias\" \/>\n<meta name=\"twitter:site\" content=\"@aeronoticias\" \/>\n<meta name=\"twitter:label1\" content=\"Escrito por\" \/>\n\t<meta name=\"twitter:data1\" content=\"Redacci\u00f3n Aeronoticias\" \/>\n\t<meta name=\"twitter:label2\" content=\"Tiempo de lectura\" \/>\n\t<meta name=\"twitter:data2\" content=\"1 minuto\" \/>\n<script type=\"application\/ld+json\" class=\"yoast-schema-graph\">{\"@context\":\"https:\/\/schema.org\",\"@graph\":[{\"@type\":\"WebPage\",\"@id\":\"https:\/\/aeronoticias.com.pe\/noticiero\/internacionales\/egipto-si-se-lo-reconoce-culpable-mubarak-podria-ser-condenado-a-la-horca\/\",\"url\":\"https:\/\/aeronoticias.com.pe\/noticiero\/internacionales\/egipto-si-se-lo-reconoce-culpable-mubarak-podria-ser-condenado-a-la-horca\/\",\"name\":\"Egipto: si se lo reconoce culpable, Mubarak podr\u00eda ser condenado a la horca\",\"isPartOf\":{\"@id\":\"https:\/\/aeronoticias.com.pe\/noticiero\/#website\"},\"datePublished\":\"2011-04-15T15:19:46+00:00\",\"author\":{\"@id\":\"https:\/\/aeronoticias.com.pe\/noticiero\/#\/schema\/person\/fc1e5d578f4b62ba1cf7ac2bba1170a0\"},\"description\":\"Portal de noticias del Per\u00fa sobre el transporte a\u00e9reo, aviaci\u00f3n, turismo, hoteleria, actualidad.\",\"breadcrumb\":{\"@id\":\"https:\/\/aeronoticias.com.pe\/noticiero\/internacionales\/egipto-si-se-lo-reconoce-culpable-mubarak-podria-ser-condenado-a-la-horca\/#breadcrumb\"},\"inLanguage\":\"es\",\"potentialAction\":[{\"@type\":\"ReadAction\",\"target\":[\"https:\/\/aeronoticias.com.pe\/noticiero\/internacionales\/egipto-si-se-lo-reconoce-culpable-mubarak-podria-ser-condenado-a-la-horca\/\"]}]},{\"@type\":\"BreadcrumbList\",\"@id\":\"https:\/\/aeronoticias.com.pe\/noticiero\/internacionales\/egipto-si-se-lo-reconoce-culpable-mubarak-podria-ser-condenado-a-la-horca\/#breadcrumb\",\"itemListElement\":[{\"@type\":\"ListItem\",\"position\":1,\"name\":\"Portada\",\"item\":\"https:\/\/aeronoticias.com.pe\/noticiero\/\"},{\"@type\":\"ListItem\",\"position\":2,\"name\":\"Egipto: si se lo reconoce culpable, Mubarak podr\u00eda ser condenado a la horca\"}]},{\"@type\":\"WebSite\",\"@id\":\"https:\/\/aeronoticias.com.pe\/noticiero\/#website\",\"url\":\"https:\/\/aeronoticias.com.pe\/noticiero\/\",\"name\":\"Aeronoticias.com.pe\",\"description\":\"Noticias de tranporte aereo, turismo, hoteles, gastronomia, actualidad, internacional\",\"potentialAction\":[{\"@type\":\"SearchAction\",\"target\":{\"@type\":\"EntryPoint\",\"urlTemplate\":\"https:\/\/aeronoticias.com.pe\/noticiero\/?s={search_term_string}\"},\"query-input\":{\"@type\":\"PropertyValueSpecification\",\"valueRequired\":true,\"valueName\":\"search_term_string\"}}],\"inLanguage\":\"es\"},{\"@type\":\"Person\",\"@id\":\"https:\/\/aeronoticias.com.pe\/noticiero\/#\/schema\/person\/fc1e5d578f4b62ba1cf7ac2bba1170a0\",\"name\":\"Redacci\u00f3n Aeronoticias\",\"url\":\"https:\/\/aeronoticias.com.pe\/noticiero\/author\/piloto\/\"}]}<\/script>\n<!-- \/ Yoast SEO plugin. -->","yoast_head_json":{"title":"Egipto: si se lo reconoce culpable, Mubarak podr\u00eda ser condenado a la horca","description":"Portal de noticias del Per\u00fa sobre el transporte a\u00e9reo, aviaci\u00f3n, turismo, hoteleria, actualidad.","robots":{"index":"index","follow":"follow","max-snippet":"max-snippet:-1","max-image-preview":"max-image-preview:large","max-video-preview":"max-video-preview:-1"},"canonical":"https:\/\/aeronoticias.com.pe\/noticiero\/internacionales\/egipto-si-se-lo-reconoce-culpable-mubarak-podria-ser-condenado-a-la-horca\/","og_locale":"es_ES","og_type":"article","og_title":"Egipto: si se lo reconoce culpable, Mubarak podr\u00eda ser condenado a la horca","og_description":"Portal de noticias del Per\u00fa sobre el transporte a\u00e9reo, aviaci\u00f3n, turismo, hoteleria, actualidad.","og_url":"https:\/\/aeronoticias.com.pe\/noticiero\/internacionales\/egipto-si-se-lo-reconoce-culpable-mubarak-podria-ser-condenado-a-la-horca\/","og_site_name":"Aeronoticias.com.pe","article_publisher":"https:\/\/www.facebook.com\/Aeronoticias.com.pe\/","article_published_time":"2011-04-15T15:19:46+00:00","author":"Redacci\u00f3n Aeronoticias","twitter_card":"summary_large_image","twitter_creator":"@aeronoticias","twitter_site":"@aeronoticias","twitter_misc":{"Escrito por":"Redacci\u00f3n Aeronoticias","Tiempo de lectura":"1 minuto"},"schema":{"@context":"https:\/\/schema.org","@graph":[{"@type":"WebPage","@id":"https:\/\/aeronoticias.com.pe\/noticiero\/internacionales\/egipto-si-se-lo-reconoce-culpable-mubarak-podria-ser-condenado-a-la-horca\/","url":"https:\/\/aeronoticias.com.pe\/noticiero\/internacionales\/egipto-si-se-lo-reconoce-culpable-mubarak-podria-ser-condenado-a-la-horca\/","name":"Egipto: si se lo reconoce culpable, Mubarak podr\u00eda ser condenado a la horca","isPartOf":{"@id":"https:\/\/aeronoticias.com.pe\/noticiero\/#website"},"datePublished":"2011-04-15T15:19:46+00:00","author":{"@id":"https:\/\/aeronoticias.com.pe\/noticiero\/#\/schema\/person\/fc1e5d578f4b62ba1cf7ac2bba1170a0"},"description":"Portal de noticias del Per\u00fa sobre el transporte a\u00e9reo, aviaci\u00f3n, turismo, hoteleria, actualidad.","breadcrumb":{"@id":"https:\/\/aeronoticias.com.pe\/noticiero\/internacionales\/egipto-si-se-lo-reconoce-culpable-mubarak-podria-ser-condenado-a-la-horca\/#breadcrumb"},"inLanguage":"es","potentialAction":[{"@type":"ReadAction","target":["https:\/\/aeronoticias.com.pe\/noticiero\/internacionales\/egipto-si-se-lo-reconoce-culpable-mubarak-podria-ser-condenado-a-la-horca\/"]}]},{"@type":"BreadcrumbList","@id":"https:\/\/aeronoticias.com.pe\/noticiero\/internacionales\/egipto-si-se-lo-reconoce-culpable-mubarak-podria-ser-condenado-a-la-horca\/#breadcrumb","itemListElement":[{"@type":"ListItem","position":1,"name":"Portada","item":"https:\/\/aeronoticias.com.pe\/noticiero\/"},{"@type":"ListItem","position":2,"name":"Egipto: si se lo reconoce culpable, Mubarak podr\u00eda ser condenado a la horca"}]},{"@type":"WebSite","@id":"https:\/\/aeronoticias.com.pe\/noticiero\/#website","url":"https:\/\/aeronoticias.com.pe\/noticiero\/","name":"Aeronoticias.com.pe","description":"Noticias de tranporte aereo, turismo, hoteles, gastronomia, actualidad, internacional","potentialAction":[{"@type":"SearchAction","target":{"@type":"EntryPoint","urlTemplate":"https:\/\/aeronoticias.com.pe\/noticiero\/?s={search_term_string}"},"query-input":{"@type":"PropertyValueSpecification","valueRequired":true,"valueName":"search_term_string"}}],"inLanguage":"es"},{"@type":"Person","@id":"https:\/\/aeronoticias.com.pe\/noticiero\/#\/schema\/person\/fc1e5d578f4b62ba1cf7ac2bba1170a0","name":"Redacci\u00f3n Aeronoticias","url":"https:\/\/aeronoticias.com.pe\/noticiero\/author\/piloto\/"}]}},"_links":{"self":[{"href":"https:\/\/aeronoticias.com.pe\/noticiero\/wp-json\/wp\/v2\/posts\/16653","targetHints":{"allow":["GET"]}}],"collection":[{"href":"https:\/\/aeronoticias.com.pe\/noticiero\/wp-json\/wp\/v2\/posts"}],"about":[{"href":"https:\/\/aeronoticias.com.pe\/noticiero\/wp-json\/wp\/v2\/types\/post"}],"author":[{"embeddable":true,"href":"https:\/\/aeronoticias.com.pe\/noticiero\/wp-json\/wp\/v2\/users\/1"}],"replies":[{"embeddable":true,"href":"https:\/\/aeronoticias.com.pe\/noticiero\/wp-json\/wp\/v2\/comments?post=16653"}],"version-history":[{"count":0,"href":"https:\/\/aeronoticias.com.pe\/noticiero\/wp-json\/wp\/v2\/posts\/16653\/revisions"}],"wp:attachment":[{"href":"https:\/\/aeronoticias.com.pe\/noticiero\/wp-json\/wp\/v2\/media?parent=16653"}],"wp:term":[{"taxonomy":"category","embeddable":true,"href":"https:\/\/aeronoticias.com.pe\/noticiero\/wp-json\/wp\/v2\/categories?post=16653"},{"taxonomy":"post_tag","embeddable":true,"href":"https:\/\/aeronoticias.com.pe\/noticiero\/wp-json\/wp\/v2\/tags?post=16653"}],"curies":[{"name":"wp","href":"https:\/\/api.w.org\/{rel}","templated":true}]}}