{"id":16654,"date":"2011-04-15T15:19:37","date_gmt":"2011-04-15T15:19:37","guid":{"rendered":"http:\/\/desarrollo.mcvicious.com\/aero2020\/2011\/04\/15\/continuaran-busqueda-de-joven-desaparecido-en-el-valle-del-colca\/"},"modified":"2011-04-15T15:19:37","modified_gmt":"2011-04-15T15:19:37","slug":"continuaran-busqueda-de-joven-desaparecido-en-el-valle-del-colca","status":"publish","type":"post","link":"https:\/\/aeronoticias.com.pe\/noticiero\/nacionales\/continuaran-busqueda-de-joven-desaparecido-en-el-valle-del-colca\/","title":{"rendered":"Continua b\u00fasqueda de joven desaparecido en el Valle del Colca"},"content":{"rendered":"<p style=\"text-align: justify;\"><strong>(Aeronoticias).-<\/strong> La b\u00fasqueda por aire y tierra del joven universitario Cirilo Castillo Rojo, extraviado en el valle arequipe\u00f1o del Colca hace 12 d\u00edas, continuar\u00e1 hasta dar con su paradero, asegur\u00f3 hoy el ministro del Interior, Miguel Hidalgo Medina, inform\u00f3 Andina.<\/p>\n<p style=\"text-align: justify;\">Asegur\u00f3 que en las pr\u00f3ximas horas se reanudar\u00e1n los sobrevuelos del helic\u00f3ptero de la Polic\u00eda Nacional, sum\u00e1ndose a las labores de rastreo que realizan por tierra, patrullas de brigadistas.<\/p>\n<p>  <!--more-->  <\/p>\n<p style=\"text-align: justify;\">\u00abLa b\u00fasqueda no se ha suspendido en ning\u00fan momento. Ayer (jueves) por la noche, al retornar del Cusco, convers\u00e9 con el padre de Ciro Castillo y le confirm\u00e9 que la b\u00fasqueda continua y continuar\u00e1 hasta dar con el paradero de su hijo\u201d, subray\u00f3.<\/p>\n<p style=\"text-align: justify;\">Respecto al temor que el helic\u00f3ptero de la Polic\u00eda no contin\u00fae con la b\u00fasqueda, el titular del sector inform\u00f3 que la nave tuvo que retornar a Arequipa para mantenimiento y abastecimiento de combustible. \u201cPero hoy (viernes) se reanudar\u00e1n los vuelos por la zona\u201d, insisti\u00f3.<\/p>\n<p style=\"text-align: justify;\">Sin embargo, aclar\u00f3 que lo m\u00e1s importante para este tipo de rescates, debido a lo agreste de la topograf\u00eda del terreno, son las patrullas por tierra, porque el mal tiempo y la inaccesibilidad en la zona, dificultan la exploraci\u00f3n a\u00e9rea.<\/p>\n<p style=\"text-align: justify;\">Hidalgo Medina pidi\u00f3 a los familiares de Ciro Castillo y a sus compa\u00f1eros, que llegaron hasta el Ministerio del Interior para manifestar su preocupaci\u00f3n, mantener la tranquilidad y fe en que \u00abpronto tendremos noticias\u00bb.<\/p>\n<p style=\"text-align: justify;\">Revel\u00f3 que hoy se peinar\u00e1 otro sector y que \u201cespera que la se\u00f1orita Rosario L\u00f3pez Ponce -rescatada el \u00faltimo mi\u00e9rcoles- se recupere un poco m\u00e1s para que nos pueda proporcionar informaci\u00f3n m\u00e1s puntual que nos permita orientar una b\u00fasqueda m\u00e1s precisa. La informaci\u00f3n que ella nos proporcione es vital para la b\u00fasqueda\u201d.<\/p>\n<p style=\"text-align: justify;\">Por su parte, el padre de Ciro Castillo confirm\u00f3 que en la v\u00edspera el ministro del Interior se comunic\u00f3 con \u00e9l v\u00eda telef\u00f3nica y le asegur\u00f3 que la b\u00fasqueda continuaba por aire y tierra.<\/p>\n<p style=\"text-align: justify;\">El equipo de brigadistas est\u00e1 formado por cerca de 20 efectivos de la Unidad de Salvamento de Alta Monta\u00f1a junto a otros 10 integrantes de los Bomberos Unidos Sin Fronteras, gu\u00edas de turismo y pobladores de la zona.<\/p>\n<p style=\"text-align: justify;\">Los j\u00f3venes Rosario Ponce y Ciro Castillo Rojo se extraviaron el pasado 4 de abril cuando iniciaron una caminata desde el distrito de Madrigal hasta el de Tapay, en pleno valle del Colca.<\/p>\n<p style=\"text-align: justify;\"><img decoding=\"async\" src=\"images\/stories\/11\/04\/150411\/valle_colca_cirilo_castillo.jpg\" border=\"0\" alt=\"Continuar\u00e1n b\u00fasqueda de joven desaparecido en el Valle del Colca\" title=\"Continuar\u00e1n b\u00fasqueda de joven desaparecido en el Valle del Colca\" \/><\/p>\n","protected":false},"excerpt":{"rendered":"<p>(Aeronoticias).- La b\u00fasqueda por aire y tierra del joven universitario Cirilo Castillo Rojo, extraviado en el valle arequipe\u00f1o del Colca hace 12 d\u00edas, continuar\u00e1 hasta dar con su paradero, asegur\u00f3 hoy el ministro del Interior, Miguel Hidalgo Medina, inform\u00f3 Andina. Asegur\u00f3 que en las pr\u00f3ximas horas se reanudar\u00e1n los sobrevuelos del helic\u00f3ptero de la Polic\u00eda [&hellip;]<\/p>\n","protected":false},"author":1,"featured_media":0,"comment_status":"open","ping_status":"open","sticky":false,"template":"","format":"standard","meta":{"tdm_status":"","tdm_grid_status":"","footnotes":""},"categories":[38],"tags":[],"class_list":{"0":"post-16654","1":"post","2":"type-post","3":"status-publish","4":"format-standard","6":"category-nacionales"},"yoast_head":"<!-- This site is optimized with the Yoast SEO plugin v25.1 - https:\/\/yoast.com\/wordpress\/plugins\/seo\/ -->\n<title>Continua b\u00fasqueda de joven desaparecido en el Valle del Colca<\/title>\n<meta name=\"description\" content=\"Portal de noticias del Per\u00fa sobre el transporte a\u00e9reo, aviaci\u00f3n, turismo, hoteleria, actualidad.\" \/>\n<meta name=\"robots\" content=\"index, follow, max-snippet:-1, max-image-preview:large, max-video-preview:-1\" \/>\n<link rel=\"canonical\" href=\"https:\/\/aeronoticias.com.pe\/noticiero\/nacionales\/continuaran-busqueda-de-joven-desaparecido-en-el-valle-del-colca\/\" \/>\n<meta property=\"og:locale\" content=\"es_ES\" \/>\n<meta property=\"og:type\" content=\"article\" \/>\n<meta property=\"og:title\" content=\"Continua b\u00fasqueda de joven desaparecido en el Valle del Colca\" \/>\n<meta property=\"og:description\" content=\"Portal de noticias del Per\u00fa sobre el transporte a\u00e9reo, aviaci\u00f3n, turismo, hoteleria, actualidad.\" \/>\n<meta property=\"og:url\" content=\"https:\/\/aeronoticias.com.pe\/noticiero\/nacionales\/continuaran-busqueda-de-joven-desaparecido-en-el-valle-del-colca\/\" \/>\n<meta property=\"og:site_name\" content=\"Aeronoticias.com.pe\" \/>\n<meta property=\"article:publisher\" content=\"https:\/\/www.facebook.com\/Aeronoticias.com.pe\/\" \/>\n<meta property=\"article:published_time\" content=\"2011-04-15T15:19:37+00:00\" \/>\n<meta name=\"author\" content=\"Redacci\u00f3n Aeronoticias\" \/>\n<meta name=\"twitter:card\" content=\"summary_large_image\" \/>\n<meta name=\"twitter:creator\" content=\"@aeronoticias\" \/>\n<meta name=\"twitter:site\" content=\"@aeronoticias\" \/>\n<meta name=\"twitter:label1\" content=\"Escrito por\" \/>\n\t<meta name=\"twitter:data1\" content=\"Redacci\u00f3n Aeronoticias\" \/>\n\t<meta name=\"twitter:label2\" content=\"Tiempo de lectura\" \/>\n\t<meta name=\"twitter:data2\" content=\"2 minutos\" \/>\n<script type=\"application\/ld+json\" class=\"yoast-schema-graph\">{\"@context\":\"https:\/\/schema.org\",\"@graph\":[{\"@type\":\"WebPage\",\"@id\":\"https:\/\/aeronoticias.com.pe\/noticiero\/nacionales\/continuaran-busqueda-de-joven-desaparecido-en-el-valle-del-colca\/\",\"url\":\"https:\/\/aeronoticias.com.pe\/noticiero\/nacionales\/continuaran-busqueda-de-joven-desaparecido-en-el-valle-del-colca\/\",\"name\":\"Continua b\u00fasqueda de joven desaparecido en el Valle del Colca\",\"isPartOf\":{\"@id\":\"https:\/\/aeronoticias.com.pe\/noticiero\/#website\"},\"datePublished\":\"2011-04-15T15:19:37+00:00\",\"author\":{\"@id\":\"https:\/\/aeronoticias.com.pe\/noticiero\/#\/schema\/person\/fc1e5d578f4b62ba1cf7ac2bba1170a0\"},\"description\":\"Portal de noticias del Per\u00fa sobre el transporte a\u00e9reo, aviaci\u00f3n, turismo, hoteleria, actualidad.\",\"breadcrumb\":{\"@id\":\"https:\/\/aeronoticias.com.pe\/noticiero\/nacionales\/continuaran-busqueda-de-joven-desaparecido-en-el-valle-del-colca\/#breadcrumb\"},\"inLanguage\":\"es\",\"potentialAction\":[{\"@type\":\"ReadAction\",\"target\":[\"https:\/\/aeronoticias.com.pe\/noticiero\/nacionales\/continuaran-busqueda-de-joven-desaparecido-en-el-valle-del-colca\/\"]}]},{\"@type\":\"BreadcrumbList\",\"@id\":\"https:\/\/aeronoticias.com.pe\/noticiero\/nacionales\/continuaran-busqueda-de-joven-desaparecido-en-el-valle-del-colca\/#breadcrumb\",\"itemListElement\":[{\"@type\":\"ListItem\",\"position\":1,\"name\":\"Portada\",\"item\":\"https:\/\/aeronoticias.com.pe\/noticiero\/\"},{\"@type\":\"ListItem\",\"position\":2,\"name\":\"Continua b\u00fasqueda de joven desaparecido en el Valle del Colca\"}]},{\"@type\":\"WebSite\",\"@id\":\"https:\/\/aeronoticias.com.pe\/noticiero\/#website\",\"url\":\"https:\/\/aeronoticias.com.pe\/noticiero\/\",\"name\":\"Aeronoticias.com.pe\",\"description\":\"Noticias de tranporte aereo, turismo, hoteles, gastronomia, actualidad, internacional\",\"potentialAction\":[{\"@type\":\"SearchAction\",\"target\":{\"@type\":\"EntryPoint\",\"urlTemplate\":\"https:\/\/aeronoticias.com.pe\/noticiero\/?s={search_term_string}\"},\"query-input\":{\"@type\":\"PropertyValueSpecification\",\"valueRequired\":true,\"valueName\":\"search_term_string\"}}],\"inLanguage\":\"es\"},{\"@type\":\"Person\",\"@id\":\"https:\/\/aeronoticias.com.pe\/noticiero\/#\/schema\/person\/fc1e5d578f4b62ba1cf7ac2bba1170a0\",\"name\":\"Redacci\u00f3n Aeronoticias\",\"url\":\"https:\/\/aeronoticias.com.pe\/noticiero\/author\/piloto\/\"}]}<\/script>\n<!-- \/ Yoast SEO plugin. -->","yoast_head_json":{"title":"Continua b\u00fasqueda de joven desaparecido en el Valle del Colca","description":"Portal de noticias del Per\u00fa sobre el transporte a\u00e9reo, aviaci\u00f3n, turismo, hoteleria, actualidad.","robots":{"index":"index","follow":"follow","max-snippet":"max-snippet:-1","max-image-preview":"max-image-preview:large","max-video-preview":"max-video-preview:-1"},"canonical":"https:\/\/aeronoticias.com.pe\/noticiero\/nacionales\/continuaran-busqueda-de-joven-desaparecido-en-el-valle-del-colca\/","og_locale":"es_ES","og_type":"article","og_title":"Continua b\u00fasqueda de joven desaparecido en el Valle del Colca","og_description":"Portal de noticias del Per\u00fa sobre el transporte a\u00e9reo, aviaci\u00f3n, turismo, hoteleria, actualidad.","og_url":"https:\/\/aeronoticias.com.pe\/noticiero\/nacionales\/continuaran-busqueda-de-joven-desaparecido-en-el-valle-del-colca\/","og_site_name":"Aeronoticias.com.pe","article_publisher":"https:\/\/www.facebook.com\/Aeronoticias.com.pe\/","article_published_time":"2011-04-15T15:19:37+00:00","author":"Redacci\u00f3n Aeronoticias","twitter_card":"summary_large_image","twitter_creator":"@aeronoticias","twitter_site":"@aeronoticias","twitter_misc":{"Escrito por":"Redacci\u00f3n Aeronoticias","Tiempo de lectura":"2 minutos"},"schema":{"@context":"https:\/\/schema.org","@graph":[{"@type":"WebPage","@id":"https:\/\/aeronoticias.com.pe\/noticiero\/nacionales\/continuaran-busqueda-de-joven-desaparecido-en-el-valle-del-colca\/","url":"https:\/\/aeronoticias.com.pe\/noticiero\/nacionales\/continuaran-busqueda-de-joven-desaparecido-en-el-valle-del-colca\/","name":"Continua b\u00fasqueda de joven desaparecido en el Valle del Colca","isPartOf":{"@id":"https:\/\/aeronoticias.com.pe\/noticiero\/#website"},"datePublished":"2011-04-15T15:19:37+00:00","author":{"@id":"https:\/\/aeronoticias.com.pe\/noticiero\/#\/schema\/person\/fc1e5d578f4b62ba1cf7ac2bba1170a0"},"description":"Portal de noticias del Per\u00fa sobre el transporte a\u00e9reo, aviaci\u00f3n, turismo, hoteleria, actualidad.","breadcrumb":{"@id":"https:\/\/aeronoticias.com.pe\/noticiero\/nacionales\/continuaran-busqueda-de-joven-desaparecido-en-el-valle-del-colca\/#breadcrumb"},"inLanguage":"es","potentialAction":[{"@type":"ReadAction","target":["https:\/\/aeronoticias.com.pe\/noticiero\/nacionales\/continuaran-busqueda-de-joven-desaparecido-en-el-valle-del-colca\/"]}]},{"@type":"BreadcrumbList","@id":"https:\/\/aeronoticias.com.pe\/noticiero\/nacionales\/continuaran-busqueda-de-joven-desaparecido-en-el-valle-del-colca\/#breadcrumb","itemListElement":[{"@type":"ListItem","position":1,"name":"Portada","item":"https:\/\/aeronoticias.com.pe\/noticiero\/"},{"@type":"ListItem","position":2,"name":"Continua b\u00fasqueda de joven desaparecido en el Valle del Colca"}]},{"@type":"WebSite","@id":"https:\/\/aeronoticias.com.pe\/noticiero\/#website","url":"https:\/\/aeronoticias.com.pe\/noticiero\/","name":"Aeronoticias.com.pe","description":"Noticias de tranporte aereo, turismo, hoteles, gastronomia, actualidad, internacional","potentialAction":[{"@type":"SearchAction","target":{"@type":"EntryPoint","urlTemplate":"https:\/\/aeronoticias.com.pe\/noticiero\/?s={search_term_string}"},"query-input":{"@type":"PropertyValueSpecification","valueRequired":true,"valueName":"search_term_string"}}],"inLanguage":"es"},{"@type":"Person","@id":"https:\/\/aeronoticias.com.pe\/noticiero\/#\/schema\/person\/fc1e5d578f4b62ba1cf7ac2bba1170a0","name":"Redacci\u00f3n Aeronoticias","url":"https:\/\/aeronoticias.com.pe\/noticiero\/author\/piloto\/"}]}},"_links":{"self":[{"href":"https:\/\/aeronoticias.com.pe\/noticiero\/wp-json\/wp\/v2\/posts\/16654","targetHints":{"allow":["GET"]}}],"collection":[{"href":"https:\/\/aeronoticias.com.pe\/noticiero\/wp-json\/wp\/v2\/posts"}],"about":[{"href":"https:\/\/aeronoticias.com.pe\/noticiero\/wp-json\/wp\/v2\/types\/post"}],"author":[{"embeddable":true,"href":"https:\/\/aeronoticias.com.pe\/noticiero\/wp-json\/wp\/v2\/users\/1"}],"replies":[{"embeddable":true,"href":"https:\/\/aeronoticias.com.pe\/noticiero\/wp-json\/wp\/v2\/comments?post=16654"}],"version-history":[{"count":0,"href":"https:\/\/aeronoticias.com.pe\/noticiero\/wp-json\/wp\/v2\/posts\/16654\/revisions"}],"wp:attachment":[{"href":"https:\/\/aeronoticias.com.pe\/noticiero\/wp-json\/wp\/v2\/media?parent=16654"}],"wp:term":[{"taxonomy":"category","embeddable":true,"href":"https:\/\/aeronoticias.com.pe\/noticiero\/wp-json\/wp\/v2\/categories?post=16654"},{"taxonomy":"post_tag","embeddable":true,"href":"https:\/\/aeronoticias.com.pe\/noticiero\/wp-json\/wp\/v2\/tags?post=16654"}],"curies":[{"name":"wp","href":"https:\/\/api.w.org\/{rel}","templated":true}]}}