{"id":16662,"date":"2011-04-15T16:44:21","date_gmt":"2011-04-15T16:44:21","guid":{"rendered":"http:\/\/desarrollo.mcvicious.com\/aero2020\/2011\/04\/15\/derby-a-la-vista-real-madrid-y-barcelona-se-enfrentan-este-sabado\/"},"modified":"2011-04-15T16:44:21","modified_gmt":"2011-04-15T16:44:21","slug":"derby-a-la-vista-real-madrid-y-barcelona-se-enfrentan-este-sabado","status":"publish","type":"post","link":"https:\/\/aeronoticias.com.pe\/noticiero\/deportes\/derby-a-la-vista-real-madrid-y-barcelona-se-enfrentan-este-sabado\/","title":{"rendered":"Derby a la vista: Real Madrid y Barcelona se enfrentan este s\u00e1bado"},"content":{"rendered":"<p style=\"text-align: justify;\"><strong>(Aeronoticias)<\/strong> Se avecina el Derby! Y es que Espa\u00f1a est\u00e1 de fiesta porque este s\u00e1bado 16 de abril, se protagonizar\u00e1 una edici\u00f3n m\u00e1s del cl\u00e1sico espa\u00f1ol entre los cuadros del Real Madrid y el Barcelona, quienes son los favoritos para quedarse con el t\u00edtulo de liga en esta temporada. El cuadro local, para este gran encuentro ser\u00e1 el Santiago Bernab\u00e9u.<\/p>\n<p style=\"text-align: center;\"><img decoding=\"async\" src=\"images\/stories\/11\/04\/150411\/derby2.jpg\" border=\"0\" alt=\"derby\" title=\"derby\" \/><\/p>\n<p style=\"text-align: justify;\">\n<p>El cuadro merengue dirigido por Jos\u00e9 Mourinho, hasta el momento no ha podido vencer a loa catalanes, por eso tiene esa gran misi\u00f3n este fin de semana. El Madrid marcha en el segundo lugar de la liga, a 8 puntos de su rival de turno, por lo que de perder el partido, pr\u00e1cticamente el sue\u00f1o del t\u00edtulo, se pagar\u00eda una vez m\u00e1s para ellos. En lo que refiere a su \u00faltimo partido de la Liga BBVA, hay que decir que ganaron de visita ante el Athletic Bilbao por el marcador de 0-3, y a mitad de semana venci\u00f3 al Tottenham de visita por la Liga de Campeones, accediendo as\u00ed a las semifinales, donde tambi\u00e9n enfrentar\u00e1n al Barcelona.<\/p>\n<p>En tanto los azulgranas, sigue con su racha de victorias, por tal motivo la posici\u00f3n en la que se encuentra. Para este duelo estar\u00e1n todos los jugadores titulares, por lo que se avecina un partidazo. Los de Guardiola llegan de vencer al Shakthar Donetsk por los cuartos de final de la Champions League, y lo que es la liga venci\u00f3 el \u00faltimo fin de semana al Almer\u00eda por el marcador de 3-1.<\/p>\n<p style=\"text-align: center;\">\u00a0<\/p>\n","protected":false},"excerpt":{"rendered":"<p>(Aeronoticias) Se avecina el Derby! Y es que Espa\u00f1a est\u00e1 de fiesta porque este s\u00e1bado 16 de abril, se protagonizar\u00e1 una edici\u00f3n m\u00e1s del cl\u00e1sico espa\u00f1ol entre los cuadros del Real Madrid y el Barcelona, quienes son los favoritos para quedarse con el t\u00edtulo de liga en esta temporada. El cuadro local, para este gran [&hellip;]<\/p>\n","protected":false},"author":1,"featured_media":0,"comment_status":"open","ping_status":"open","sticky":false,"template":"","format":"standard","meta":{"tdm_status":"","tdm_grid_status":"","footnotes":""},"categories":[40],"tags":[],"class_list":{"0":"post-16662","1":"post","2":"type-post","3":"status-publish","4":"format-standard","6":"category-deportes"},"yoast_head":"<!-- This site is optimized with the Yoast SEO plugin v25.1 - https:\/\/yoast.com\/wordpress\/plugins\/seo\/ -->\n<title>Derby a la vista: Real Madrid y Barcelona se enfrentan este s\u00e1bado<\/title>\n<meta name=\"description\" content=\"Portal de noticias del Per\u00fa sobre el transporte a\u00e9reo, aviaci\u00f3n, turismo, hoteleria, actualidad.\" \/>\n<meta name=\"robots\" content=\"index, follow, max-snippet:-1, max-image-preview:large, max-video-preview:-1\" \/>\n<link rel=\"canonical\" href=\"https:\/\/aeronoticias.com.pe\/noticiero\/deportes\/derby-a-la-vista-real-madrid-y-barcelona-se-enfrentan-este-sabado\/\" \/>\n<meta property=\"og:locale\" content=\"es_ES\" \/>\n<meta property=\"og:type\" content=\"article\" \/>\n<meta property=\"og:title\" content=\"Derby a la vista: Real Madrid y Barcelona se enfrentan este s\u00e1bado\" \/>\n<meta property=\"og:description\" content=\"Portal de noticias del Per\u00fa sobre el transporte a\u00e9reo, aviaci\u00f3n, turismo, hoteleria, actualidad.\" \/>\n<meta property=\"og:url\" content=\"https:\/\/aeronoticias.com.pe\/noticiero\/deportes\/derby-a-la-vista-real-madrid-y-barcelona-se-enfrentan-este-sabado\/\" \/>\n<meta property=\"og:site_name\" content=\"Aeronoticias.com.pe\" \/>\n<meta property=\"article:publisher\" content=\"https:\/\/www.facebook.com\/Aeronoticias.com.pe\/\" \/>\n<meta property=\"article:published_time\" content=\"2011-04-15T16:44:21+00:00\" \/>\n<meta name=\"author\" content=\"Redacci\u00f3n Aeronoticias\" \/>\n<meta name=\"twitter:card\" content=\"summary_large_image\" \/>\n<meta name=\"twitter:creator\" content=\"@aeronoticias\" \/>\n<meta name=\"twitter:site\" content=\"@aeronoticias\" \/>\n<meta name=\"twitter:label1\" content=\"Escrito por\" \/>\n\t<meta name=\"twitter:data1\" content=\"Redacci\u00f3n Aeronoticias\" \/>\n\t<meta name=\"twitter:label2\" content=\"Tiempo de lectura\" \/>\n\t<meta name=\"twitter:data2\" content=\"1 minuto\" \/>\n<script type=\"application\/ld+json\" class=\"yoast-schema-graph\">{\"@context\":\"https:\/\/schema.org\",\"@graph\":[{\"@type\":\"WebPage\",\"@id\":\"https:\/\/aeronoticias.com.pe\/noticiero\/deportes\/derby-a-la-vista-real-madrid-y-barcelona-se-enfrentan-este-sabado\/\",\"url\":\"https:\/\/aeronoticias.com.pe\/noticiero\/deportes\/derby-a-la-vista-real-madrid-y-barcelona-se-enfrentan-este-sabado\/\",\"name\":\"Derby a la vista: Real Madrid y Barcelona se enfrentan este s\u00e1bado\",\"isPartOf\":{\"@id\":\"https:\/\/aeronoticias.com.pe\/noticiero\/#website\"},\"datePublished\":\"2011-04-15T16:44:21+00:00\",\"author\":{\"@id\":\"https:\/\/aeronoticias.com.pe\/noticiero\/#\/schema\/person\/fc1e5d578f4b62ba1cf7ac2bba1170a0\"},\"description\":\"Portal de noticias del Per\u00fa sobre el transporte a\u00e9reo, aviaci\u00f3n, turismo, hoteleria, actualidad.\",\"breadcrumb\":{\"@id\":\"https:\/\/aeronoticias.com.pe\/noticiero\/deportes\/derby-a-la-vista-real-madrid-y-barcelona-se-enfrentan-este-sabado\/#breadcrumb\"},\"inLanguage\":\"es\",\"potentialAction\":[{\"@type\":\"ReadAction\",\"target\":[\"https:\/\/aeronoticias.com.pe\/noticiero\/deportes\/derby-a-la-vista-real-madrid-y-barcelona-se-enfrentan-este-sabado\/\"]}]},{\"@type\":\"BreadcrumbList\",\"@id\":\"https:\/\/aeronoticias.com.pe\/noticiero\/deportes\/derby-a-la-vista-real-madrid-y-barcelona-se-enfrentan-este-sabado\/#breadcrumb\",\"itemListElement\":[{\"@type\":\"ListItem\",\"position\":1,\"name\":\"Portada\",\"item\":\"https:\/\/aeronoticias.com.pe\/noticiero\/\"},{\"@type\":\"ListItem\",\"position\":2,\"name\":\"Derby a la vista: Real Madrid y Barcelona se enfrentan este s\u00e1bado\"}]},{\"@type\":\"WebSite\",\"@id\":\"https:\/\/aeronoticias.com.pe\/noticiero\/#website\",\"url\":\"https:\/\/aeronoticias.com.pe\/noticiero\/\",\"name\":\"Aeronoticias.com.pe\",\"description\":\"Noticias de tranporte aereo, turismo, hoteles, gastronomia, actualidad, internacional\",\"potentialAction\":[{\"@type\":\"SearchAction\",\"target\":{\"@type\":\"EntryPoint\",\"urlTemplate\":\"https:\/\/aeronoticias.com.pe\/noticiero\/?s={search_term_string}\"},\"query-input\":{\"@type\":\"PropertyValueSpecification\",\"valueRequired\":true,\"valueName\":\"search_term_string\"}}],\"inLanguage\":\"es\"},{\"@type\":\"Person\",\"@id\":\"https:\/\/aeronoticias.com.pe\/noticiero\/#\/schema\/person\/fc1e5d578f4b62ba1cf7ac2bba1170a0\",\"name\":\"Redacci\u00f3n Aeronoticias\",\"url\":\"https:\/\/aeronoticias.com.pe\/noticiero\/author\/piloto\/\"}]}<\/script>\n<!-- \/ Yoast SEO plugin. -->","yoast_head_json":{"title":"Derby a la vista: Real Madrid y Barcelona se enfrentan este s\u00e1bado","description":"Portal de noticias del Per\u00fa sobre el transporte a\u00e9reo, aviaci\u00f3n, turismo, hoteleria, actualidad.","robots":{"index":"index","follow":"follow","max-snippet":"max-snippet:-1","max-image-preview":"max-image-preview:large","max-video-preview":"max-video-preview:-1"},"canonical":"https:\/\/aeronoticias.com.pe\/noticiero\/deportes\/derby-a-la-vista-real-madrid-y-barcelona-se-enfrentan-este-sabado\/","og_locale":"es_ES","og_type":"article","og_title":"Derby a la vista: Real Madrid y Barcelona se enfrentan este s\u00e1bado","og_description":"Portal de noticias del Per\u00fa sobre el transporte a\u00e9reo, aviaci\u00f3n, turismo, hoteleria, actualidad.","og_url":"https:\/\/aeronoticias.com.pe\/noticiero\/deportes\/derby-a-la-vista-real-madrid-y-barcelona-se-enfrentan-este-sabado\/","og_site_name":"Aeronoticias.com.pe","article_publisher":"https:\/\/www.facebook.com\/Aeronoticias.com.pe\/","article_published_time":"2011-04-15T16:44:21+00:00","author":"Redacci\u00f3n Aeronoticias","twitter_card":"summary_large_image","twitter_creator":"@aeronoticias","twitter_site":"@aeronoticias","twitter_misc":{"Escrito por":"Redacci\u00f3n Aeronoticias","Tiempo de lectura":"1 minuto"},"schema":{"@context":"https:\/\/schema.org","@graph":[{"@type":"WebPage","@id":"https:\/\/aeronoticias.com.pe\/noticiero\/deportes\/derby-a-la-vista-real-madrid-y-barcelona-se-enfrentan-este-sabado\/","url":"https:\/\/aeronoticias.com.pe\/noticiero\/deportes\/derby-a-la-vista-real-madrid-y-barcelona-se-enfrentan-este-sabado\/","name":"Derby a la vista: Real Madrid y Barcelona se enfrentan este s\u00e1bado","isPartOf":{"@id":"https:\/\/aeronoticias.com.pe\/noticiero\/#website"},"datePublished":"2011-04-15T16:44:21+00:00","author":{"@id":"https:\/\/aeronoticias.com.pe\/noticiero\/#\/schema\/person\/fc1e5d578f4b62ba1cf7ac2bba1170a0"},"description":"Portal de noticias del Per\u00fa sobre el transporte a\u00e9reo, aviaci\u00f3n, turismo, hoteleria, actualidad.","breadcrumb":{"@id":"https:\/\/aeronoticias.com.pe\/noticiero\/deportes\/derby-a-la-vista-real-madrid-y-barcelona-se-enfrentan-este-sabado\/#breadcrumb"},"inLanguage":"es","potentialAction":[{"@type":"ReadAction","target":["https:\/\/aeronoticias.com.pe\/noticiero\/deportes\/derby-a-la-vista-real-madrid-y-barcelona-se-enfrentan-este-sabado\/"]}]},{"@type":"BreadcrumbList","@id":"https:\/\/aeronoticias.com.pe\/noticiero\/deportes\/derby-a-la-vista-real-madrid-y-barcelona-se-enfrentan-este-sabado\/#breadcrumb","itemListElement":[{"@type":"ListItem","position":1,"name":"Portada","item":"https:\/\/aeronoticias.com.pe\/noticiero\/"},{"@type":"ListItem","position":2,"name":"Derby a la vista: Real Madrid y Barcelona se enfrentan este s\u00e1bado"}]},{"@type":"WebSite","@id":"https:\/\/aeronoticias.com.pe\/noticiero\/#website","url":"https:\/\/aeronoticias.com.pe\/noticiero\/","name":"Aeronoticias.com.pe","description":"Noticias de tranporte aereo, turismo, hoteles, gastronomia, actualidad, internacional","potentialAction":[{"@type":"SearchAction","target":{"@type":"EntryPoint","urlTemplate":"https:\/\/aeronoticias.com.pe\/noticiero\/?s={search_term_string}"},"query-input":{"@type":"PropertyValueSpecification","valueRequired":true,"valueName":"search_term_string"}}],"inLanguage":"es"},{"@type":"Person","@id":"https:\/\/aeronoticias.com.pe\/noticiero\/#\/schema\/person\/fc1e5d578f4b62ba1cf7ac2bba1170a0","name":"Redacci\u00f3n Aeronoticias","url":"https:\/\/aeronoticias.com.pe\/noticiero\/author\/piloto\/"}]}},"_links":{"self":[{"href":"https:\/\/aeronoticias.com.pe\/noticiero\/wp-json\/wp\/v2\/posts\/16662","targetHints":{"allow":["GET"]}}],"collection":[{"href":"https:\/\/aeronoticias.com.pe\/noticiero\/wp-json\/wp\/v2\/posts"}],"about":[{"href":"https:\/\/aeronoticias.com.pe\/noticiero\/wp-json\/wp\/v2\/types\/post"}],"author":[{"embeddable":true,"href":"https:\/\/aeronoticias.com.pe\/noticiero\/wp-json\/wp\/v2\/users\/1"}],"replies":[{"embeddable":true,"href":"https:\/\/aeronoticias.com.pe\/noticiero\/wp-json\/wp\/v2\/comments?post=16662"}],"version-history":[{"count":0,"href":"https:\/\/aeronoticias.com.pe\/noticiero\/wp-json\/wp\/v2\/posts\/16662\/revisions"}],"wp:attachment":[{"href":"https:\/\/aeronoticias.com.pe\/noticiero\/wp-json\/wp\/v2\/media?parent=16662"}],"wp:term":[{"taxonomy":"category","embeddable":true,"href":"https:\/\/aeronoticias.com.pe\/noticiero\/wp-json\/wp\/v2\/categories?post=16662"},{"taxonomy":"post_tag","embeddable":true,"href":"https:\/\/aeronoticias.com.pe\/noticiero\/wp-json\/wp\/v2\/tags?post=16662"}],"curies":[{"name":"wp","href":"https:\/\/api.w.org\/{rel}","templated":true}]}}