{"id":16666,"date":"2011-04-15T18:55:56","date_gmt":"2011-04-15T18:55:56","guid":{"rendered":"http:\/\/desarrollo.mcvicious.com\/aero2020\/2011\/04\/15\/embraer-logra-contrato-con-fuerza-aerea-de-brasil\/"},"modified":"2011-04-15T18:55:56","modified_gmt":"2011-04-15T18:55:56","slug":"embraer-logra-contrato-con-fuerza-aerea-de-brasil","status":"publish","type":"post","link":"https:\/\/aeronoticias.com.pe\/noticiero\/transporte-aereo\/internacional\/embraer-logra-contrato-con-fuerza-aerea-de-brasil\/","title":{"rendered":"Embraer reforzar\u00e1 flota de cazas de la Fuerza A\u00e9rea de Brasil"},"content":{"rendered":"<p style=\"text-align: justify;\"><strong>(Aeronoticias).-<\/strong> Embraer, el tercer mayor fabricante de aviones del mundo, firm\u00f3 el jueves un acuerdo para reformar 11 cazas de la Fuerza A\u00e9rea Brasile\u00f1a, en el marco de su expansi\u00f3n de su provisi\u00f3n de servicios a\u00e9reos y de defensa, inform\u00f3 Reuters.<\/p>\n<p style=\"text-align: justify;\">El contrato, que prev\u00e9 la entrega de los primeros aviones en el 2013, es una extensi\u00f3n de un programa de 46 aeronaves, que comenz\u00f3 en el 2000, para reacondicionar cazas F-5 de Northrop Grumman (NOC.N), dijo en un comunicado la compa\u00f1\u00eda con sede en Sao Jose de Campos en el estado de Sao Paulo.<\/p>\n<p>  <!--more-->  <\/p>\n<p style=\"text-align: justify;\">La medida muestra el potencial de negocios del sector de defensa, en momentos en que eventos econ\u00f3micos y geopol\u00edticos llevan a Brasil a aumentar la seguridad para proteger sus grandes recursos naturales.<\/p>\n<p style=\"text-align: justify;\">La compa\u00f1\u00eda compr\u00f3 en marzo a un fabricante de radares y este mes anunci\u00f3 la adquisici\u00f3n de una participaci\u00f3n en un fabricante de sistemas de defensa.<\/p>\n<p style=\"text-align: justify;\">Embraer (EMBR3.SA) podr\u00eda comprar empresas para fortalecerse como proveedor de servicios de defensa y de seguridad, dijo el 31 de marzo a Reuters el presidente ejecutivo de la compa\u00f1\u00eda, Frederico Curado.<\/p>\n<p style=\"text-align: justify;\">El Gobierno de Brasil quiere mejorar el equipamiento militar del pa\u00eds para aumentar sus capacidades de defensa.<\/p>\n<p style=\"text-align: justify;\">El programa incluye planes para la compra de aviones caza de nueva generaci\u00f3n y la construcci\u00f3n de submarinos nucleares y no nucleares en asociaci\u00f3n con Francia.<\/p>\n<p style=\"text-align: justify;\">La Fuerza A\u00e9rea Brasile\u00f1a ha estado volando aviones caza F-5 desde la d\u00e9cada de 1970 y est\u00e1 reacondicionando su flota con tecnolog\u00eda de aviaci\u00f3n de \u00faltima generaci\u00f3n, sistemas de reabastecimiento de combustible en vuelo y tecnolog\u00eda de guerra electr\u00f3nica para extender su vida \u00fatil en al menos otros 15 a\u00f1os. Fuente:reuters.com<\/p>\n<p style=\"text-align: justify;\"><img decoding=\"async\" src=\"images\/stories\/11\/04\/150411\/embraer_fuerza_aerea_brasil.jpg\" border=\"0\" alt=\"Embraer logra contrato con Fuerza A\u00e9rea de Brasil\" title=\"Embraer logra contrato con Fuerza A\u00e9rea de Brasil\" \/><\/p>\n","protected":false},"excerpt":{"rendered":"<p>(Aeronoticias).- Embraer, el tercer mayor fabricante de aviones del mundo, firm\u00f3 el jueves un acuerdo para reformar 11 cazas de la Fuerza A\u00e9rea Brasile\u00f1a, en el marco de su expansi\u00f3n de su provisi\u00f3n de servicios a\u00e9reos y de defensa, inform\u00f3 Reuters. El contrato, que prev\u00e9 la entrega de los primeros aviones en el 2013, es [&hellip;]<\/p>\n","protected":false},"author":1,"featured_media":0,"comment_status":"open","ping_status":"open","sticky":false,"template":"","format":"standard","meta":{"tdm_status":"","tdm_grid_status":"","footnotes":""},"categories":[32],"tags":[],"class_list":{"0":"post-16666","1":"post","2":"type-post","3":"status-publish","4":"format-standard","6":"category-internacional"},"yoast_head":"<!-- This site is optimized with the Yoast SEO plugin v25.1 - https:\/\/yoast.com\/wordpress\/plugins\/seo\/ -->\n<title>Embraer reforzar\u00e1 flota de cazas de la Fuerza A\u00e9rea de Brasil<\/title>\n<meta name=\"description\" content=\"Portal de noticias del Per\u00fa sobre el transporte a\u00e9reo, aviaci\u00f3n, turismo, hoteleria, actualidad.\" \/>\n<meta name=\"robots\" content=\"index, follow, max-snippet:-1, max-image-preview:large, max-video-preview:-1\" \/>\n<link rel=\"canonical\" href=\"https:\/\/aeronoticias.com.pe\/noticiero\/transporte-aereo\/internacional\/embraer-logra-contrato-con-fuerza-aerea-de-brasil\/\" \/>\n<meta property=\"og:locale\" content=\"es_ES\" \/>\n<meta property=\"og:type\" content=\"article\" \/>\n<meta property=\"og:title\" content=\"Embraer reforzar\u00e1 flota de cazas de la Fuerza A\u00e9rea de Brasil\" \/>\n<meta property=\"og:description\" content=\"Portal de noticias del Per\u00fa sobre el transporte a\u00e9reo, aviaci\u00f3n, turismo, hoteleria, actualidad.\" \/>\n<meta property=\"og:url\" content=\"https:\/\/aeronoticias.com.pe\/noticiero\/transporte-aereo\/internacional\/embraer-logra-contrato-con-fuerza-aerea-de-brasil\/\" \/>\n<meta property=\"og:site_name\" content=\"Aeronoticias.com.pe\" \/>\n<meta property=\"article:publisher\" content=\"https:\/\/www.facebook.com\/Aeronoticias.com.pe\/\" \/>\n<meta property=\"article:published_time\" content=\"2011-04-15T18:55:56+00:00\" \/>\n<meta name=\"author\" content=\"Redacci\u00f3n Aeronoticias\" \/>\n<meta name=\"twitter:card\" content=\"summary_large_image\" \/>\n<meta name=\"twitter:creator\" content=\"@aeronoticias\" \/>\n<meta name=\"twitter:site\" content=\"@aeronoticias\" \/>\n<meta name=\"twitter:label1\" content=\"Escrito por\" \/>\n\t<meta name=\"twitter:data1\" content=\"Redacci\u00f3n Aeronoticias\" \/>\n\t<meta name=\"twitter:label2\" content=\"Tiempo de lectura\" \/>\n\t<meta name=\"twitter:data2\" content=\"2 minutos\" \/>\n<script type=\"application\/ld+json\" class=\"yoast-schema-graph\">{\"@context\":\"https:\/\/schema.org\",\"@graph\":[{\"@type\":\"WebPage\",\"@id\":\"https:\/\/aeronoticias.com.pe\/noticiero\/transporte-aereo\/internacional\/embraer-logra-contrato-con-fuerza-aerea-de-brasil\/\",\"url\":\"https:\/\/aeronoticias.com.pe\/noticiero\/transporte-aereo\/internacional\/embraer-logra-contrato-con-fuerza-aerea-de-brasil\/\",\"name\":\"Embraer reforzar\u00e1 flota de cazas de la Fuerza A\u00e9rea de Brasil\",\"isPartOf\":{\"@id\":\"https:\/\/aeronoticias.com.pe\/noticiero\/#website\"},\"datePublished\":\"2011-04-15T18:55:56+00:00\",\"author\":{\"@id\":\"https:\/\/aeronoticias.com.pe\/noticiero\/#\/schema\/person\/fc1e5d578f4b62ba1cf7ac2bba1170a0\"},\"description\":\"Portal de noticias del Per\u00fa sobre el transporte a\u00e9reo, aviaci\u00f3n, turismo, hoteleria, actualidad.\",\"breadcrumb\":{\"@id\":\"https:\/\/aeronoticias.com.pe\/noticiero\/transporte-aereo\/internacional\/embraer-logra-contrato-con-fuerza-aerea-de-brasil\/#breadcrumb\"},\"inLanguage\":\"es\",\"potentialAction\":[{\"@type\":\"ReadAction\",\"target\":[\"https:\/\/aeronoticias.com.pe\/noticiero\/transporte-aereo\/internacional\/embraer-logra-contrato-con-fuerza-aerea-de-brasil\/\"]}]},{\"@type\":\"BreadcrumbList\",\"@id\":\"https:\/\/aeronoticias.com.pe\/noticiero\/transporte-aereo\/internacional\/embraer-logra-contrato-con-fuerza-aerea-de-brasil\/#breadcrumb\",\"itemListElement\":[{\"@type\":\"ListItem\",\"position\":1,\"name\":\"Portada\",\"item\":\"https:\/\/aeronoticias.com.pe\/noticiero\/\"},{\"@type\":\"ListItem\",\"position\":2,\"name\":\"Embraer reforzar\u00e1 flota de cazas de la Fuerza A\u00e9rea de Brasil\"}]},{\"@type\":\"WebSite\",\"@id\":\"https:\/\/aeronoticias.com.pe\/noticiero\/#website\",\"url\":\"https:\/\/aeronoticias.com.pe\/noticiero\/\",\"name\":\"Aeronoticias.com.pe\",\"description\":\"Noticias de tranporte aereo, turismo, hoteles, gastronomia, actualidad, internacional\",\"potentialAction\":[{\"@type\":\"SearchAction\",\"target\":{\"@type\":\"EntryPoint\",\"urlTemplate\":\"https:\/\/aeronoticias.com.pe\/noticiero\/?s={search_term_string}\"},\"query-input\":{\"@type\":\"PropertyValueSpecification\",\"valueRequired\":true,\"valueName\":\"search_term_string\"}}],\"inLanguage\":\"es\"},{\"@type\":\"Person\",\"@id\":\"https:\/\/aeronoticias.com.pe\/noticiero\/#\/schema\/person\/fc1e5d578f4b62ba1cf7ac2bba1170a0\",\"name\":\"Redacci\u00f3n Aeronoticias\",\"url\":\"https:\/\/aeronoticias.com.pe\/noticiero\/author\/piloto\/\"}]}<\/script>\n<!-- \/ Yoast SEO plugin. -->","yoast_head_json":{"title":"Embraer reforzar\u00e1 flota de cazas de la Fuerza A\u00e9rea de Brasil","description":"Portal de noticias del Per\u00fa sobre el transporte a\u00e9reo, aviaci\u00f3n, turismo, hoteleria, actualidad.","robots":{"index":"index","follow":"follow","max-snippet":"max-snippet:-1","max-image-preview":"max-image-preview:large","max-video-preview":"max-video-preview:-1"},"canonical":"https:\/\/aeronoticias.com.pe\/noticiero\/transporte-aereo\/internacional\/embraer-logra-contrato-con-fuerza-aerea-de-brasil\/","og_locale":"es_ES","og_type":"article","og_title":"Embraer reforzar\u00e1 flota de cazas de la Fuerza A\u00e9rea de Brasil","og_description":"Portal de noticias del Per\u00fa sobre el transporte a\u00e9reo, aviaci\u00f3n, turismo, hoteleria, actualidad.","og_url":"https:\/\/aeronoticias.com.pe\/noticiero\/transporte-aereo\/internacional\/embraer-logra-contrato-con-fuerza-aerea-de-brasil\/","og_site_name":"Aeronoticias.com.pe","article_publisher":"https:\/\/www.facebook.com\/Aeronoticias.com.pe\/","article_published_time":"2011-04-15T18:55:56+00:00","author":"Redacci\u00f3n Aeronoticias","twitter_card":"summary_large_image","twitter_creator":"@aeronoticias","twitter_site":"@aeronoticias","twitter_misc":{"Escrito por":"Redacci\u00f3n Aeronoticias","Tiempo de lectura":"2 minutos"},"schema":{"@context":"https:\/\/schema.org","@graph":[{"@type":"WebPage","@id":"https:\/\/aeronoticias.com.pe\/noticiero\/transporte-aereo\/internacional\/embraer-logra-contrato-con-fuerza-aerea-de-brasil\/","url":"https:\/\/aeronoticias.com.pe\/noticiero\/transporte-aereo\/internacional\/embraer-logra-contrato-con-fuerza-aerea-de-brasil\/","name":"Embraer reforzar\u00e1 flota de cazas de la Fuerza A\u00e9rea de Brasil","isPartOf":{"@id":"https:\/\/aeronoticias.com.pe\/noticiero\/#website"},"datePublished":"2011-04-15T18:55:56+00:00","author":{"@id":"https:\/\/aeronoticias.com.pe\/noticiero\/#\/schema\/person\/fc1e5d578f4b62ba1cf7ac2bba1170a0"},"description":"Portal de noticias del Per\u00fa sobre el transporte a\u00e9reo, aviaci\u00f3n, turismo, hoteleria, actualidad.","breadcrumb":{"@id":"https:\/\/aeronoticias.com.pe\/noticiero\/transporte-aereo\/internacional\/embraer-logra-contrato-con-fuerza-aerea-de-brasil\/#breadcrumb"},"inLanguage":"es","potentialAction":[{"@type":"ReadAction","target":["https:\/\/aeronoticias.com.pe\/noticiero\/transporte-aereo\/internacional\/embraer-logra-contrato-con-fuerza-aerea-de-brasil\/"]}]},{"@type":"BreadcrumbList","@id":"https:\/\/aeronoticias.com.pe\/noticiero\/transporte-aereo\/internacional\/embraer-logra-contrato-con-fuerza-aerea-de-brasil\/#breadcrumb","itemListElement":[{"@type":"ListItem","position":1,"name":"Portada","item":"https:\/\/aeronoticias.com.pe\/noticiero\/"},{"@type":"ListItem","position":2,"name":"Embraer reforzar\u00e1 flota de cazas de la Fuerza A\u00e9rea de Brasil"}]},{"@type":"WebSite","@id":"https:\/\/aeronoticias.com.pe\/noticiero\/#website","url":"https:\/\/aeronoticias.com.pe\/noticiero\/","name":"Aeronoticias.com.pe","description":"Noticias de tranporte aereo, turismo, hoteles, gastronomia, actualidad, internacional","potentialAction":[{"@type":"SearchAction","target":{"@type":"EntryPoint","urlTemplate":"https:\/\/aeronoticias.com.pe\/noticiero\/?s={search_term_string}"},"query-input":{"@type":"PropertyValueSpecification","valueRequired":true,"valueName":"search_term_string"}}],"inLanguage":"es"},{"@type":"Person","@id":"https:\/\/aeronoticias.com.pe\/noticiero\/#\/schema\/person\/fc1e5d578f4b62ba1cf7ac2bba1170a0","name":"Redacci\u00f3n Aeronoticias","url":"https:\/\/aeronoticias.com.pe\/noticiero\/author\/piloto\/"}]}},"_links":{"self":[{"href":"https:\/\/aeronoticias.com.pe\/noticiero\/wp-json\/wp\/v2\/posts\/16666","targetHints":{"allow":["GET"]}}],"collection":[{"href":"https:\/\/aeronoticias.com.pe\/noticiero\/wp-json\/wp\/v2\/posts"}],"about":[{"href":"https:\/\/aeronoticias.com.pe\/noticiero\/wp-json\/wp\/v2\/types\/post"}],"author":[{"embeddable":true,"href":"https:\/\/aeronoticias.com.pe\/noticiero\/wp-json\/wp\/v2\/users\/1"}],"replies":[{"embeddable":true,"href":"https:\/\/aeronoticias.com.pe\/noticiero\/wp-json\/wp\/v2\/comments?post=16666"}],"version-history":[{"count":0,"href":"https:\/\/aeronoticias.com.pe\/noticiero\/wp-json\/wp\/v2\/posts\/16666\/revisions"}],"wp:attachment":[{"href":"https:\/\/aeronoticias.com.pe\/noticiero\/wp-json\/wp\/v2\/media?parent=16666"}],"wp:term":[{"taxonomy":"category","embeddable":true,"href":"https:\/\/aeronoticias.com.pe\/noticiero\/wp-json\/wp\/v2\/categories?post=16666"},{"taxonomy":"post_tag","embeddable":true,"href":"https:\/\/aeronoticias.com.pe\/noticiero\/wp-json\/wp\/v2\/tags?post=16666"}],"curies":[{"name":"wp","href":"https:\/\/api.w.org\/{rel}","templated":true}]}}