{"id":16674,"date":"2011-04-15T23:08:42","date_gmt":"2011-04-15T23:08:42","guid":{"rendered":"http:\/\/desarrollo.mcvicious.com\/aero2020\/2011\/04\/15\/mef-autoriza-disolucion-y-liquidacion-de-empresa-industria-aeronautica\/"},"modified":"2011-04-15T23:08:42","modified_gmt":"2011-04-15T23:08:42","slug":"mef-autoriza-disolucion-y-liquidacion-de-empresa-industria-aeronautica","status":"publish","type":"post","link":"https:\/\/aeronoticias.com.pe\/noticiero\/politica\/mef-autoriza-disolucion-y-liquidacion-de-empresa-industria-aeronautica\/","title":{"rendered":"MEF autoriza disoluci\u00f3n y liquidaci\u00f3n de Empresa Industria Aeron\u00e1utica"},"content":{"rendered":"<p style=\"text-align: justify;\"><strong>(Aeronoticias).-<\/strong> El Ministerio de Econom\u00eda y Finanzas (MEF) autoriz\u00f3 hoy, mediante decreto supremo, la disoluci\u00f3n y posterior liquidaci\u00f3n de la Empresa Industria Aeron\u00e1utica del Per\u00fa (Indaer), la que deber\u00e1 ser perfeccionada mediante acuerdo de la Junta General de Accionistas.<\/p>\n<p>As\u00ed, se estableci\u00f3 que el procedimiento de liquidaci\u00f3n se regir\u00e1 por lo dispuesto en las directivas del Fondo Nacional de Financiamiento de la Actividad Empresarial del Estado (Fonafe). La designaci\u00f3n del liquidador de la empresa estar\u00e1 a cargo del directorio del Fonafe.<\/p>\n<p>Indaer fue creada mediante decreto ley del 20 de mayo de 1975, quedando organizada el 12 de junio de 1981 como una empresa estatal de derecho privado bajo la forma societaria de una sociedad an\u00f3nima, la misma que actualmente se encuentra adscrita al sector Defensa y bajo el \u00e1mbito del Fonafe.<\/p>\n<p><strong>M\u00e1s informaci\u00f3n<br \/><\/strong><br \/>Como se recuerda, el gobierno actual reactiv\u00f3 Indaer en el 2009 durante la gesti\u00f3n de \u00c1ntero Flores-Ar\u00e1oz como ministro de Defensa. Esa vez fue rescatada de su liquidaci\u00f3n.<\/p>\n<p style=\"text-align: justify;\"><img decoding=\"async\" src=\"images\/stories\/11\/04\/150411\/indaer.jpg\" border=\"0\" alt=\"MEF autoriza disoluci\u00f3n y liquidaci\u00f3n de Empresa Industria Aeron\u00e1utica\" title=\"MEF autoriza disoluci\u00f3n y liquidaci\u00f3n de Empresa Industria Aeron\u00e1utica\" \/><\/p>\n","protected":false},"excerpt":{"rendered":"<p>(Aeronoticias).- El Ministerio de Econom\u00eda y Finanzas (MEF) autoriz\u00f3 hoy, mediante decreto supremo, la disoluci\u00f3n y posterior liquidaci\u00f3n de la Empresa Industria Aeron\u00e1utica del Per\u00fa (Indaer), la que deber\u00e1 ser perfeccionada mediante acuerdo de la Junta General de Accionistas. As\u00ed, se estableci\u00f3 que el procedimiento de liquidaci\u00f3n se regir\u00e1 por lo dispuesto en las directivas [&hellip;]<\/p>\n","protected":false},"author":1,"featured_media":0,"comment_status":"open","ping_status":"open","sticky":false,"template":"","format":"standard","meta":{"tdm_status":"","tdm_grid_status":"","footnotes":""},"categories":[36],"tags":[],"class_list":{"0":"post-16674","1":"post","2":"type-post","3":"status-publish","4":"format-standard","6":"category-politica"},"yoast_head":"<!-- This site is optimized with the Yoast SEO plugin v25.1 - https:\/\/yoast.com\/wordpress\/plugins\/seo\/ -->\n<title>MEF autoriza disoluci\u00f3n y liquidaci\u00f3n de Empresa Industria Aeron\u00e1utica<\/title>\n<meta name=\"description\" content=\"Portal de noticias del Per\u00fa sobre el transporte a\u00e9reo, aviaci\u00f3n, turismo, hoteleria, actualidad.\" \/>\n<meta name=\"robots\" content=\"index, follow, max-snippet:-1, max-image-preview:large, max-video-preview:-1\" \/>\n<link rel=\"canonical\" href=\"https:\/\/aeronoticias.com.pe\/noticiero\/politica\/mef-autoriza-disolucion-y-liquidacion-de-empresa-industria-aeronautica\/\" \/>\n<meta property=\"og:locale\" content=\"es_ES\" \/>\n<meta property=\"og:type\" content=\"article\" \/>\n<meta property=\"og:title\" content=\"MEF autoriza disoluci\u00f3n y liquidaci\u00f3n de Empresa Industria Aeron\u00e1utica\" \/>\n<meta property=\"og:description\" content=\"Portal de noticias del Per\u00fa sobre el transporte a\u00e9reo, aviaci\u00f3n, turismo, hoteleria, actualidad.\" \/>\n<meta property=\"og:url\" content=\"https:\/\/aeronoticias.com.pe\/noticiero\/politica\/mef-autoriza-disolucion-y-liquidacion-de-empresa-industria-aeronautica\/\" \/>\n<meta property=\"og:site_name\" content=\"Aeronoticias.com.pe\" \/>\n<meta property=\"article:publisher\" content=\"https:\/\/www.facebook.com\/Aeronoticias.com.pe\/\" \/>\n<meta property=\"article:published_time\" content=\"2011-04-15T23:08:42+00:00\" \/>\n<meta name=\"author\" content=\"Redacci\u00f3n Aeronoticias\" \/>\n<meta name=\"twitter:card\" content=\"summary_large_image\" \/>\n<meta name=\"twitter:creator\" content=\"@aeronoticias\" \/>\n<meta name=\"twitter:site\" content=\"@aeronoticias\" \/>\n<meta name=\"twitter:label1\" content=\"Escrito por\" \/>\n\t<meta name=\"twitter:data1\" content=\"Redacci\u00f3n Aeronoticias\" \/>\n\t<meta name=\"twitter:label2\" content=\"Tiempo de lectura\" \/>\n\t<meta name=\"twitter:data2\" content=\"1 minuto\" \/>\n<script type=\"application\/ld+json\" class=\"yoast-schema-graph\">{\"@context\":\"https:\/\/schema.org\",\"@graph\":[{\"@type\":\"WebPage\",\"@id\":\"https:\/\/aeronoticias.com.pe\/noticiero\/politica\/mef-autoriza-disolucion-y-liquidacion-de-empresa-industria-aeronautica\/\",\"url\":\"https:\/\/aeronoticias.com.pe\/noticiero\/politica\/mef-autoriza-disolucion-y-liquidacion-de-empresa-industria-aeronautica\/\",\"name\":\"MEF autoriza disoluci\u00f3n y liquidaci\u00f3n de Empresa Industria Aeron\u00e1utica\",\"isPartOf\":{\"@id\":\"https:\/\/aeronoticias.com.pe\/noticiero\/#website\"},\"datePublished\":\"2011-04-15T23:08:42+00:00\",\"author\":{\"@id\":\"https:\/\/aeronoticias.com.pe\/noticiero\/#\/schema\/person\/fc1e5d578f4b62ba1cf7ac2bba1170a0\"},\"description\":\"Portal de noticias del Per\u00fa sobre el transporte a\u00e9reo, aviaci\u00f3n, turismo, hoteleria, actualidad.\",\"breadcrumb\":{\"@id\":\"https:\/\/aeronoticias.com.pe\/noticiero\/politica\/mef-autoriza-disolucion-y-liquidacion-de-empresa-industria-aeronautica\/#breadcrumb\"},\"inLanguage\":\"es\",\"potentialAction\":[{\"@type\":\"ReadAction\",\"target\":[\"https:\/\/aeronoticias.com.pe\/noticiero\/politica\/mef-autoriza-disolucion-y-liquidacion-de-empresa-industria-aeronautica\/\"]}]},{\"@type\":\"BreadcrumbList\",\"@id\":\"https:\/\/aeronoticias.com.pe\/noticiero\/politica\/mef-autoriza-disolucion-y-liquidacion-de-empresa-industria-aeronautica\/#breadcrumb\",\"itemListElement\":[{\"@type\":\"ListItem\",\"position\":1,\"name\":\"Portada\",\"item\":\"https:\/\/aeronoticias.com.pe\/noticiero\/\"},{\"@type\":\"ListItem\",\"position\":2,\"name\":\"MEF autoriza disoluci\u00f3n y liquidaci\u00f3n de Empresa Industria Aeron\u00e1utica\"}]},{\"@type\":\"WebSite\",\"@id\":\"https:\/\/aeronoticias.com.pe\/noticiero\/#website\",\"url\":\"https:\/\/aeronoticias.com.pe\/noticiero\/\",\"name\":\"Aeronoticias.com.pe\",\"description\":\"Noticias de tranporte aereo, turismo, hoteles, gastronomia, actualidad, internacional\",\"potentialAction\":[{\"@type\":\"SearchAction\",\"target\":{\"@type\":\"EntryPoint\",\"urlTemplate\":\"https:\/\/aeronoticias.com.pe\/noticiero\/?s={search_term_string}\"},\"query-input\":{\"@type\":\"PropertyValueSpecification\",\"valueRequired\":true,\"valueName\":\"search_term_string\"}}],\"inLanguage\":\"es\"},{\"@type\":\"Person\",\"@id\":\"https:\/\/aeronoticias.com.pe\/noticiero\/#\/schema\/person\/fc1e5d578f4b62ba1cf7ac2bba1170a0\",\"name\":\"Redacci\u00f3n Aeronoticias\",\"url\":\"https:\/\/aeronoticias.com.pe\/noticiero\/author\/piloto\/\"}]}<\/script>\n<!-- \/ Yoast SEO plugin. -->","yoast_head_json":{"title":"MEF autoriza disoluci\u00f3n y liquidaci\u00f3n de Empresa Industria Aeron\u00e1utica","description":"Portal de noticias del Per\u00fa sobre el transporte a\u00e9reo, aviaci\u00f3n, turismo, hoteleria, actualidad.","robots":{"index":"index","follow":"follow","max-snippet":"max-snippet:-1","max-image-preview":"max-image-preview:large","max-video-preview":"max-video-preview:-1"},"canonical":"https:\/\/aeronoticias.com.pe\/noticiero\/politica\/mef-autoriza-disolucion-y-liquidacion-de-empresa-industria-aeronautica\/","og_locale":"es_ES","og_type":"article","og_title":"MEF autoriza disoluci\u00f3n y liquidaci\u00f3n de Empresa Industria Aeron\u00e1utica","og_description":"Portal de noticias del Per\u00fa sobre el transporte a\u00e9reo, aviaci\u00f3n, turismo, hoteleria, actualidad.","og_url":"https:\/\/aeronoticias.com.pe\/noticiero\/politica\/mef-autoriza-disolucion-y-liquidacion-de-empresa-industria-aeronautica\/","og_site_name":"Aeronoticias.com.pe","article_publisher":"https:\/\/www.facebook.com\/Aeronoticias.com.pe\/","article_published_time":"2011-04-15T23:08:42+00:00","author":"Redacci\u00f3n Aeronoticias","twitter_card":"summary_large_image","twitter_creator":"@aeronoticias","twitter_site":"@aeronoticias","twitter_misc":{"Escrito por":"Redacci\u00f3n Aeronoticias","Tiempo de lectura":"1 minuto"},"schema":{"@context":"https:\/\/schema.org","@graph":[{"@type":"WebPage","@id":"https:\/\/aeronoticias.com.pe\/noticiero\/politica\/mef-autoriza-disolucion-y-liquidacion-de-empresa-industria-aeronautica\/","url":"https:\/\/aeronoticias.com.pe\/noticiero\/politica\/mef-autoriza-disolucion-y-liquidacion-de-empresa-industria-aeronautica\/","name":"MEF autoriza disoluci\u00f3n y liquidaci\u00f3n de Empresa Industria Aeron\u00e1utica","isPartOf":{"@id":"https:\/\/aeronoticias.com.pe\/noticiero\/#website"},"datePublished":"2011-04-15T23:08:42+00:00","author":{"@id":"https:\/\/aeronoticias.com.pe\/noticiero\/#\/schema\/person\/fc1e5d578f4b62ba1cf7ac2bba1170a0"},"description":"Portal de noticias del Per\u00fa sobre el transporte a\u00e9reo, aviaci\u00f3n, turismo, hoteleria, actualidad.","breadcrumb":{"@id":"https:\/\/aeronoticias.com.pe\/noticiero\/politica\/mef-autoriza-disolucion-y-liquidacion-de-empresa-industria-aeronautica\/#breadcrumb"},"inLanguage":"es","potentialAction":[{"@type":"ReadAction","target":["https:\/\/aeronoticias.com.pe\/noticiero\/politica\/mef-autoriza-disolucion-y-liquidacion-de-empresa-industria-aeronautica\/"]}]},{"@type":"BreadcrumbList","@id":"https:\/\/aeronoticias.com.pe\/noticiero\/politica\/mef-autoriza-disolucion-y-liquidacion-de-empresa-industria-aeronautica\/#breadcrumb","itemListElement":[{"@type":"ListItem","position":1,"name":"Portada","item":"https:\/\/aeronoticias.com.pe\/noticiero\/"},{"@type":"ListItem","position":2,"name":"MEF autoriza disoluci\u00f3n y liquidaci\u00f3n de Empresa Industria Aeron\u00e1utica"}]},{"@type":"WebSite","@id":"https:\/\/aeronoticias.com.pe\/noticiero\/#website","url":"https:\/\/aeronoticias.com.pe\/noticiero\/","name":"Aeronoticias.com.pe","description":"Noticias de tranporte aereo, turismo, hoteles, gastronomia, actualidad, internacional","potentialAction":[{"@type":"SearchAction","target":{"@type":"EntryPoint","urlTemplate":"https:\/\/aeronoticias.com.pe\/noticiero\/?s={search_term_string}"},"query-input":{"@type":"PropertyValueSpecification","valueRequired":true,"valueName":"search_term_string"}}],"inLanguage":"es"},{"@type":"Person","@id":"https:\/\/aeronoticias.com.pe\/noticiero\/#\/schema\/person\/fc1e5d578f4b62ba1cf7ac2bba1170a0","name":"Redacci\u00f3n Aeronoticias","url":"https:\/\/aeronoticias.com.pe\/noticiero\/author\/piloto\/"}]}},"_links":{"self":[{"href":"https:\/\/aeronoticias.com.pe\/noticiero\/wp-json\/wp\/v2\/posts\/16674","targetHints":{"allow":["GET"]}}],"collection":[{"href":"https:\/\/aeronoticias.com.pe\/noticiero\/wp-json\/wp\/v2\/posts"}],"about":[{"href":"https:\/\/aeronoticias.com.pe\/noticiero\/wp-json\/wp\/v2\/types\/post"}],"author":[{"embeddable":true,"href":"https:\/\/aeronoticias.com.pe\/noticiero\/wp-json\/wp\/v2\/users\/1"}],"replies":[{"embeddable":true,"href":"https:\/\/aeronoticias.com.pe\/noticiero\/wp-json\/wp\/v2\/comments?post=16674"}],"version-history":[{"count":0,"href":"https:\/\/aeronoticias.com.pe\/noticiero\/wp-json\/wp\/v2\/posts\/16674\/revisions"}],"wp:attachment":[{"href":"https:\/\/aeronoticias.com.pe\/noticiero\/wp-json\/wp\/v2\/media?parent=16674"}],"wp:term":[{"taxonomy":"category","embeddable":true,"href":"https:\/\/aeronoticias.com.pe\/noticiero\/wp-json\/wp\/v2\/categories?post=16674"},{"taxonomy":"post_tag","embeddable":true,"href":"https:\/\/aeronoticias.com.pe\/noticiero\/wp-json\/wp\/v2\/tags?post=16674"}],"curies":[{"name":"wp","href":"https:\/\/api.w.org\/{rel}","templated":true}]}}