{"id":16714,"date":"2011-04-18T17:37:39","date_gmt":"2011-04-18T17:37:39","guid":{"rendered":"http:\/\/desarrollo.mcvicious.com\/aero2020\/2011\/04\/18\/cuatro-monumentos-arqueologicos-de-cusco-declarados-patrimonio-cultural-de-la-nacion\/"},"modified":"2011-04-18T17:37:39","modified_gmt":"2011-04-18T17:37:39","slug":"cuatro-monumentos-arqueologicos-de-cusco-declarados-patrimonio-cultural-de-la-nacion","status":"publish","type":"post","link":"https:\/\/aeronoticias.com.pe\/noticiero\/turismo\/13\/cuatro-monumentos-arqueologicos-de-cusco-declarados-patrimonio-cultural-de-la-nacion\/","title":{"rendered":"Cuatro monumentos arqueol\u00f3gicos de Cusco declarados patrimonio cultural de la naci\u00f3n"},"content":{"rendered":"<p style=\"text-align: justify;\"><strong>(Aeronoticias).-<\/strong> Cuatro monumentos arqueol\u00f3gicos ubicados en los distritos de San Salvador y Zurite, en las provincias cusque\u00f1as de Calca y Anta, respectivamente, fueron declarados Patrimonio Cultural de la Naci\u00f3n por el Ministerio de Cultura, mediante resoluciones publicadas hoy en el bolet\u00edn de Normas Legales del Diario Oficial El Peruano.<\/p>\n<p style=\"text-align: justify;\">Se trata de la capilla de San Antonio de Padua, la otrora casa hacienda de Huallhua y la capilla Virgen del Rosario, ubicadas en el distrito de San Salvador; y la Casa Cabildo Zurite.<\/p>\n<p>  <!--more-->  <\/p>\n<p style=\"text-align: justify;\">En el caso de la otrora casa hacienda de Huallhua y la capilla Virgen del Rosario se incluye espacios complementarios como el patio principal, la plazuela, el corral, los huertos y su marco circundante de protecci\u00f3n.<\/p>\n<p style=\"text-align: justify;\">A partir del reconocimiento, es obligaci\u00f3n de los propietarios, autoridades locales y regionales someter cualquier intervenci\u00f3n a realizarse en dichos inmuebles a la aprobaci\u00f3n previa del \u00f3rgano competente del Ministerio de Cultura.<\/p>\n<p style=\"text-align: justify;\">Se dispone, asimismo, que la Direcci\u00f3n de Defensa del Patrimonio Hist\u00f3rico cumpla con la inscripci\u00f3n en los Registros P\u00fablicos de la condici\u00f3n de bien integrante del Patrimonio Cultural de la Naci\u00f3n. Fuente:Andina.com.pe<\/p>\n<p style=\"text-align: justify;\"><img decoding=\"async\" src=\"images\/stories\/11\/04\/180411\/cusco_patrimo_cultural.jpg\" border=\"0\" alt=\"Cuatro monumentos arqueol\u00f3gicos de Cusco declarados patrimonio cultural de la naci\u00f3n\" title=\"Cuatro monumentos arqueol\u00f3gicos de Cusco declarados patrimonio cultural de la naci\u00f3n\" \/><\/p>\n","protected":false},"excerpt":{"rendered":"<p>(Aeronoticias).- Cuatro monumentos arqueol\u00f3gicos ubicados en los distritos de San Salvador y Zurite, en las provincias cusque\u00f1as de Calca y Anta, respectivamente, fueron declarados Patrimonio Cultural de la Naci\u00f3n por el Ministerio de Cultura, mediante resoluciones publicadas hoy en el bolet\u00edn de Normas Legales del Diario Oficial El Peruano. Se trata de la capilla de [&hellip;]<\/p>\n","protected":false},"author":1,"featured_media":0,"comment_status":"open","ping_status":"open","sticky":false,"template":"","format":"standard","meta":{"tdm_status":"","tdm_grid_status":"","footnotes":""},"categories":[31],"tags":[],"class_list":{"0":"post-16714","1":"post","2":"type-post","3":"status-publish","4":"format-standard","6":"category-31"},"yoast_head":"<!-- This site is optimized with the Yoast SEO plugin v25.1 - https:\/\/yoast.com\/wordpress\/plugins\/seo\/ -->\n<title>Cuatro monumentos arqueol\u00f3gicos de Cusco declarados patrimonio cultural de la naci\u00f3n<\/title>\n<meta name=\"description\" content=\"Portal de noticias del Per\u00fa sobre el transporte a\u00e9reo, aviaci\u00f3n, turismo, hoteleria, actualidad.\" \/>\n<meta name=\"robots\" content=\"index, follow, max-snippet:-1, max-image-preview:large, max-video-preview:-1\" \/>\n<link rel=\"canonical\" href=\"https:\/\/aeronoticias.com.pe\/noticiero\/turismo\/13\/cuatro-monumentos-arqueologicos-de-cusco-declarados-patrimonio-cultural-de-la-nacion\/\" \/>\n<meta property=\"og:locale\" content=\"es_ES\" \/>\n<meta property=\"og:type\" content=\"article\" \/>\n<meta property=\"og:title\" content=\"Cuatro monumentos arqueol\u00f3gicos de Cusco declarados patrimonio cultural de la naci\u00f3n\" \/>\n<meta property=\"og:description\" content=\"Portal de noticias del Per\u00fa sobre el transporte a\u00e9reo, aviaci\u00f3n, turismo, hoteleria, actualidad.\" \/>\n<meta property=\"og:url\" content=\"https:\/\/aeronoticias.com.pe\/noticiero\/turismo\/13\/cuatro-monumentos-arqueologicos-de-cusco-declarados-patrimonio-cultural-de-la-nacion\/\" \/>\n<meta property=\"og:site_name\" content=\"Aeronoticias.com.pe\" \/>\n<meta property=\"article:publisher\" content=\"https:\/\/www.facebook.com\/Aeronoticias.com.pe\/\" \/>\n<meta property=\"article:published_time\" content=\"2011-04-18T17:37:39+00:00\" \/>\n<meta name=\"author\" content=\"Redacci\u00f3n Aeronoticias\" \/>\n<meta name=\"twitter:card\" content=\"summary_large_image\" \/>\n<meta name=\"twitter:creator\" content=\"@aeronoticias\" \/>\n<meta name=\"twitter:site\" content=\"@aeronoticias\" \/>\n<meta name=\"twitter:label1\" content=\"Escrito por\" \/>\n\t<meta name=\"twitter:data1\" content=\"Redacci\u00f3n Aeronoticias\" \/>\n\t<meta name=\"twitter:label2\" content=\"Tiempo de lectura\" \/>\n\t<meta name=\"twitter:data2\" content=\"1 minuto\" \/>\n<script type=\"application\/ld+json\" class=\"yoast-schema-graph\">{\"@context\":\"https:\/\/schema.org\",\"@graph\":[{\"@type\":\"WebPage\",\"@id\":\"https:\/\/aeronoticias.com.pe\/noticiero\/turismo\/13\/cuatro-monumentos-arqueologicos-de-cusco-declarados-patrimonio-cultural-de-la-nacion\/\",\"url\":\"https:\/\/aeronoticias.com.pe\/noticiero\/turismo\/13\/cuatro-monumentos-arqueologicos-de-cusco-declarados-patrimonio-cultural-de-la-nacion\/\",\"name\":\"Cuatro monumentos arqueol\u00f3gicos de Cusco declarados patrimonio cultural de la naci\u00f3n\",\"isPartOf\":{\"@id\":\"https:\/\/aeronoticias.com.pe\/noticiero\/#website\"},\"datePublished\":\"2011-04-18T17:37:39+00:00\",\"author\":{\"@id\":\"https:\/\/aeronoticias.com.pe\/noticiero\/#\/schema\/person\/fc1e5d578f4b62ba1cf7ac2bba1170a0\"},\"description\":\"Portal de noticias del Per\u00fa sobre el transporte a\u00e9reo, aviaci\u00f3n, turismo, hoteleria, actualidad.\",\"breadcrumb\":{\"@id\":\"https:\/\/aeronoticias.com.pe\/noticiero\/turismo\/13\/cuatro-monumentos-arqueologicos-de-cusco-declarados-patrimonio-cultural-de-la-nacion\/#breadcrumb\"},\"inLanguage\":\"es\",\"potentialAction\":[{\"@type\":\"ReadAction\",\"target\":[\"https:\/\/aeronoticias.com.pe\/noticiero\/turismo\/13\/cuatro-monumentos-arqueologicos-de-cusco-declarados-patrimonio-cultural-de-la-nacion\/\"]}]},{\"@type\":\"BreadcrumbList\",\"@id\":\"https:\/\/aeronoticias.com.pe\/noticiero\/turismo\/13\/cuatro-monumentos-arqueologicos-de-cusco-declarados-patrimonio-cultural-de-la-nacion\/#breadcrumb\",\"itemListElement\":[{\"@type\":\"ListItem\",\"position\":1,\"name\":\"Portada\",\"item\":\"https:\/\/aeronoticias.com.pe\/noticiero\/\"},{\"@type\":\"ListItem\",\"position\":2,\"name\":\"Cuatro monumentos arqueol\u00f3gicos de Cusco declarados patrimonio cultural de la naci\u00f3n\"}]},{\"@type\":\"WebSite\",\"@id\":\"https:\/\/aeronoticias.com.pe\/noticiero\/#website\",\"url\":\"https:\/\/aeronoticias.com.pe\/noticiero\/\",\"name\":\"Aeronoticias.com.pe\",\"description\":\"Noticias de tranporte aereo, turismo, hoteles, gastronomia, actualidad, internacional\",\"potentialAction\":[{\"@type\":\"SearchAction\",\"target\":{\"@type\":\"EntryPoint\",\"urlTemplate\":\"https:\/\/aeronoticias.com.pe\/noticiero\/?s={search_term_string}\"},\"query-input\":{\"@type\":\"PropertyValueSpecification\",\"valueRequired\":true,\"valueName\":\"search_term_string\"}}],\"inLanguage\":\"es\"},{\"@type\":\"Person\",\"@id\":\"https:\/\/aeronoticias.com.pe\/noticiero\/#\/schema\/person\/fc1e5d578f4b62ba1cf7ac2bba1170a0\",\"name\":\"Redacci\u00f3n Aeronoticias\",\"url\":\"https:\/\/aeronoticias.com.pe\/noticiero\/author\/piloto\/\"}]}<\/script>\n<!-- \/ Yoast SEO plugin. -->","yoast_head_json":{"title":"Cuatro monumentos arqueol\u00f3gicos de Cusco declarados patrimonio cultural de la naci\u00f3n","description":"Portal de noticias del Per\u00fa sobre el transporte a\u00e9reo, aviaci\u00f3n, turismo, hoteleria, actualidad.","robots":{"index":"index","follow":"follow","max-snippet":"max-snippet:-1","max-image-preview":"max-image-preview:large","max-video-preview":"max-video-preview:-1"},"canonical":"https:\/\/aeronoticias.com.pe\/noticiero\/turismo\/13\/cuatro-monumentos-arqueologicos-de-cusco-declarados-patrimonio-cultural-de-la-nacion\/","og_locale":"es_ES","og_type":"article","og_title":"Cuatro monumentos arqueol\u00f3gicos de Cusco declarados patrimonio cultural de la naci\u00f3n","og_description":"Portal de noticias del Per\u00fa sobre el transporte a\u00e9reo, aviaci\u00f3n, turismo, hoteleria, actualidad.","og_url":"https:\/\/aeronoticias.com.pe\/noticiero\/turismo\/13\/cuatro-monumentos-arqueologicos-de-cusco-declarados-patrimonio-cultural-de-la-nacion\/","og_site_name":"Aeronoticias.com.pe","article_publisher":"https:\/\/www.facebook.com\/Aeronoticias.com.pe\/","article_published_time":"2011-04-18T17:37:39+00:00","author":"Redacci\u00f3n Aeronoticias","twitter_card":"summary_large_image","twitter_creator":"@aeronoticias","twitter_site":"@aeronoticias","twitter_misc":{"Escrito por":"Redacci\u00f3n Aeronoticias","Tiempo de lectura":"1 minuto"},"schema":{"@context":"https:\/\/schema.org","@graph":[{"@type":"WebPage","@id":"https:\/\/aeronoticias.com.pe\/noticiero\/turismo\/13\/cuatro-monumentos-arqueologicos-de-cusco-declarados-patrimonio-cultural-de-la-nacion\/","url":"https:\/\/aeronoticias.com.pe\/noticiero\/turismo\/13\/cuatro-monumentos-arqueologicos-de-cusco-declarados-patrimonio-cultural-de-la-nacion\/","name":"Cuatro monumentos arqueol\u00f3gicos de Cusco declarados patrimonio cultural de la naci\u00f3n","isPartOf":{"@id":"https:\/\/aeronoticias.com.pe\/noticiero\/#website"},"datePublished":"2011-04-18T17:37:39+00:00","author":{"@id":"https:\/\/aeronoticias.com.pe\/noticiero\/#\/schema\/person\/fc1e5d578f4b62ba1cf7ac2bba1170a0"},"description":"Portal de noticias del Per\u00fa sobre el transporte a\u00e9reo, aviaci\u00f3n, turismo, hoteleria, actualidad.","breadcrumb":{"@id":"https:\/\/aeronoticias.com.pe\/noticiero\/turismo\/13\/cuatro-monumentos-arqueologicos-de-cusco-declarados-patrimonio-cultural-de-la-nacion\/#breadcrumb"},"inLanguage":"es","potentialAction":[{"@type":"ReadAction","target":["https:\/\/aeronoticias.com.pe\/noticiero\/turismo\/13\/cuatro-monumentos-arqueologicos-de-cusco-declarados-patrimonio-cultural-de-la-nacion\/"]}]},{"@type":"BreadcrumbList","@id":"https:\/\/aeronoticias.com.pe\/noticiero\/turismo\/13\/cuatro-monumentos-arqueologicos-de-cusco-declarados-patrimonio-cultural-de-la-nacion\/#breadcrumb","itemListElement":[{"@type":"ListItem","position":1,"name":"Portada","item":"https:\/\/aeronoticias.com.pe\/noticiero\/"},{"@type":"ListItem","position":2,"name":"Cuatro monumentos arqueol\u00f3gicos de Cusco declarados patrimonio cultural de la naci\u00f3n"}]},{"@type":"WebSite","@id":"https:\/\/aeronoticias.com.pe\/noticiero\/#website","url":"https:\/\/aeronoticias.com.pe\/noticiero\/","name":"Aeronoticias.com.pe","description":"Noticias de tranporte aereo, turismo, hoteles, gastronomia, actualidad, internacional","potentialAction":[{"@type":"SearchAction","target":{"@type":"EntryPoint","urlTemplate":"https:\/\/aeronoticias.com.pe\/noticiero\/?s={search_term_string}"},"query-input":{"@type":"PropertyValueSpecification","valueRequired":true,"valueName":"search_term_string"}}],"inLanguage":"es"},{"@type":"Person","@id":"https:\/\/aeronoticias.com.pe\/noticiero\/#\/schema\/person\/fc1e5d578f4b62ba1cf7ac2bba1170a0","name":"Redacci\u00f3n Aeronoticias","url":"https:\/\/aeronoticias.com.pe\/noticiero\/author\/piloto\/"}]}},"_links":{"self":[{"href":"https:\/\/aeronoticias.com.pe\/noticiero\/wp-json\/wp\/v2\/posts\/16714","targetHints":{"allow":["GET"]}}],"collection":[{"href":"https:\/\/aeronoticias.com.pe\/noticiero\/wp-json\/wp\/v2\/posts"}],"about":[{"href":"https:\/\/aeronoticias.com.pe\/noticiero\/wp-json\/wp\/v2\/types\/post"}],"author":[{"embeddable":true,"href":"https:\/\/aeronoticias.com.pe\/noticiero\/wp-json\/wp\/v2\/users\/1"}],"replies":[{"embeddable":true,"href":"https:\/\/aeronoticias.com.pe\/noticiero\/wp-json\/wp\/v2\/comments?post=16714"}],"version-history":[{"count":0,"href":"https:\/\/aeronoticias.com.pe\/noticiero\/wp-json\/wp\/v2\/posts\/16714\/revisions"}],"wp:attachment":[{"href":"https:\/\/aeronoticias.com.pe\/noticiero\/wp-json\/wp\/v2\/media?parent=16714"}],"wp:term":[{"taxonomy":"category","embeddable":true,"href":"https:\/\/aeronoticias.com.pe\/noticiero\/wp-json\/wp\/v2\/categories?post=16714"},{"taxonomy":"post_tag","embeddable":true,"href":"https:\/\/aeronoticias.com.pe\/noticiero\/wp-json\/wp\/v2\/tags?post=16714"}],"curies":[{"name":"wp","href":"https:\/\/api.w.org\/{rel}","templated":true}]}}