{"id":16720,"date":"2011-04-19T13:52:28","date_gmt":"2011-04-19T13:52:28","guid":{"rendered":"http:\/\/desarrollo.mcvicious.com\/aero2020\/2011\/04\/19\/keiko-qjuro-por-dios-que-no-indultare-a-mi-padreq\/"},"modified":"2011-04-19T13:52:28","modified_gmt":"2011-04-19T13:52:28","slug":"keiko-qjuro-por-dios-que-no-indultare-a-mi-padreq","status":"publish","type":"post","link":"https:\/\/aeronoticias.com.pe\/noticiero\/politica\/keiko-qjuro-por-dios-que-no-indultare-a-mi-padreq\/","title":{"rendered":"Keiko: &#8216;Juro por Dios que no indultar\u00e9 a mi padre&#8217;"},"content":{"rendered":"<p style=\"text-align: justify;\"><strong>(Aeronoticias)<\/strong> La candidata presidencial peruana de Fuerza 2011, Keiko Fujimori, jur\u00f3 este martes que no indultar\u00e1 a su padre, el ex presidente Alberto Fujimori, sentenciado a 25 a\u00f1os de prisi\u00f3n por violaci\u00f3n de derechos humanos.<\/p>\n<p>\u00abJuro por Dios que no lo voy a indultar\u00bb, se\u00f1al\u00f3 Keiko Fujimori tras culminar una visita a la campeona Mundial de boxeo femenino, Kina Malpartida, que el s\u00e1bado retuvo por cuarta vez su t\u00edtulo superpluma, seg\u00fan la agencia oficial Andina.<\/p>\n<p style=\"text-align: center;\"><img decoding=\"async\" src=\"images\/stories\/11\/04\/keiko.jpg\" border=\"0\" alt=\"keiko\" title=\"keiko\" \/><\/p>\n<p style=\"text-align: justify;\">\n<p>\u00abYo lo he repetido en varias oportunidades, no es mi intenci\u00f3n, ni intenci\u00f3n de la familia, indultar a Alberto Fujimori, lo ratifico como lo he dicho en varias oportunidades\u00bb, dijo ante preguntas de la prensa. La candidata record\u00f3 sus cr\u00edticas al gobierno de Alberto Fujimori -bajo el cual se desempe\u00f1\u00f3 como Primera Dama.<\/p>\n<p>\u00abCondeno los errores que ocurrieron en el gobierno de mi padre, as\u00ed como saludo los actos positivos, creo que debemos de mirar el pasado con objetividad pero sin rencores\u00bb, se\u00f1al\u00f3.<br \/>El ex presidente Fujimori (1990-2000) fue condenado a 25 a\u00f1os de c\u00e1rcel en 2009 como autor intelectual de la muerte de 25 personas en dos matanzas perpetradas por un escuadr\u00f3n bajo su lucha contra la guerrilla mao\u00edsta Sendero Luminoso.<\/p>\n<p>La derechista Fujimori, segunda en la primera vuelta electoral, enfrentar\u00e1 al izquierdista Ollanta Humala en la segunda vuelta del 5 de junio. AFP<\/p>\n<p style=\"text-align: center;\">\u00a0<\/p>\n","protected":false},"excerpt":{"rendered":"<p>(Aeronoticias) La candidata presidencial peruana de Fuerza 2011, Keiko Fujimori, jur\u00f3 este martes que no indultar\u00e1 a su padre, el ex presidente Alberto Fujimori, sentenciado a 25 a\u00f1os de prisi\u00f3n por violaci\u00f3n de derechos humanos. \u00abJuro por Dios que no lo voy a indultar\u00bb, se\u00f1al\u00f3 Keiko Fujimori tras culminar una visita a la campeona Mundial [&hellip;]<\/p>\n","protected":false},"author":1,"featured_media":0,"comment_status":"open","ping_status":"open","sticky":false,"template":"","format":"standard","meta":{"tdm_status":"","tdm_grid_status":"","footnotes":""},"categories":[36],"tags":[],"class_list":{"0":"post-16720","1":"post","2":"type-post","3":"status-publish","4":"format-standard","6":"category-politica"},"yoast_head":"<!-- This site is optimized with the Yoast SEO plugin v25.1 - https:\/\/yoast.com\/wordpress\/plugins\/seo\/ -->\n<title>Keiko: &#039;Juro por Dios que no indultar\u00e9 a mi padre&#039;<\/title>\n<meta name=\"description\" content=\"Portal de noticias del Per\u00fa sobre el transporte a\u00e9reo, aviaci\u00f3n, turismo, hoteleria, actualidad.\" \/>\n<meta name=\"robots\" content=\"index, follow, max-snippet:-1, max-image-preview:large, max-video-preview:-1\" \/>\n<link rel=\"canonical\" href=\"https:\/\/aeronoticias.com.pe\/noticiero\/politica\/keiko-qjuro-por-dios-que-no-indultare-a-mi-padreq\/\" \/>\n<meta property=\"og:locale\" content=\"es_ES\" \/>\n<meta property=\"og:type\" content=\"article\" \/>\n<meta property=\"og:title\" content=\"Keiko: &#039;Juro por Dios que no indultar\u00e9 a mi padre&#039;\" \/>\n<meta property=\"og:description\" content=\"Portal de noticias del Per\u00fa sobre el transporte a\u00e9reo, aviaci\u00f3n, turismo, hoteleria, actualidad.\" \/>\n<meta property=\"og:url\" content=\"https:\/\/aeronoticias.com.pe\/noticiero\/politica\/keiko-qjuro-por-dios-que-no-indultare-a-mi-padreq\/\" \/>\n<meta property=\"og:site_name\" content=\"Aeronoticias.com.pe\" \/>\n<meta property=\"article:publisher\" content=\"https:\/\/www.facebook.com\/Aeronoticias.com.pe\/\" \/>\n<meta property=\"article:published_time\" content=\"2011-04-19T13:52:28+00:00\" \/>\n<meta name=\"author\" content=\"Redacci\u00f3n Aeronoticias\" \/>\n<meta name=\"twitter:card\" content=\"summary_large_image\" \/>\n<meta name=\"twitter:creator\" content=\"@aeronoticias\" \/>\n<meta name=\"twitter:site\" content=\"@aeronoticias\" \/>\n<meta name=\"twitter:label1\" content=\"Escrito por\" \/>\n\t<meta name=\"twitter:data1\" content=\"Redacci\u00f3n Aeronoticias\" \/>\n\t<meta name=\"twitter:label2\" content=\"Tiempo de lectura\" \/>\n\t<meta name=\"twitter:data2\" content=\"1 minuto\" \/>\n<script type=\"application\/ld+json\" class=\"yoast-schema-graph\">{\"@context\":\"https:\/\/schema.org\",\"@graph\":[{\"@type\":\"WebPage\",\"@id\":\"https:\/\/aeronoticias.com.pe\/noticiero\/politica\/keiko-qjuro-por-dios-que-no-indultare-a-mi-padreq\/\",\"url\":\"https:\/\/aeronoticias.com.pe\/noticiero\/politica\/keiko-qjuro-por-dios-que-no-indultare-a-mi-padreq\/\",\"name\":\"Keiko: 'Juro por Dios que no indultar\u00e9 a mi padre'\",\"isPartOf\":{\"@id\":\"https:\/\/aeronoticias.com.pe\/noticiero\/#website\"},\"datePublished\":\"2011-04-19T13:52:28+00:00\",\"author\":{\"@id\":\"https:\/\/aeronoticias.com.pe\/noticiero\/#\/schema\/person\/fc1e5d578f4b62ba1cf7ac2bba1170a0\"},\"description\":\"Portal de noticias del Per\u00fa sobre el transporte a\u00e9reo, aviaci\u00f3n, turismo, hoteleria, actualidad.\",\"breadcrumb\":{\"@id\":\"https:\/\/aeronoticias.com.pe\/noticiero\/politica\/keiko-qjuro-por-dios-que-no-indultare-a-mi-padreq\/#breadcrumb\"},\"inLanguage\":\"es\",\"potentialAction\":[{\"@type\":\"ReadAction\",\"target\":[\"https:\/\/aeronoticias.com.pe\/noticiero\/politica\/keiko-qjuro-por-dios-que-no-indultare-a-mi-padreq\/\"]}]},{\"@type\":\"BreadcrumbList\",\"@id\":\"https:\/\/aeronoticias.com.pe\/noticiero\/politica\/keiko-qjuro-por-dios-que-no-indultare-a-mi-padreq\/#breadcrumb\",\"itemListElement\":[{\"@type\":\"ListItem\",\"position\":1,\"name\":\"Portada\",\"item\":\"https:\/\/aeronoticias.com.pe\/noticiero\/\"},{\"@type\":\"ListItem\",\"position\":2,\"name\":\"Keiko: &#8216;Juro por Dios que no indultar\u00e9 a mi padre&#8217;\"}]},{\"@type\":\"WebSite\",\"@id\":\"https:\/\/aeronoticias.com.pe\/noticiero\/#website\",\"url\":\"https:\/\/aeronoticias.com.pe\/noticiero\/\",\"name\":\"Aeronoticias.com.pe\",\"description\":\"Noticias de tranporte aereo, turismo, hoteles, gastronomia, actualidad, internacional\",\"potentialAction\":[{\"@type\":\"SearchAction\",\"target\":{\"@type\":\"EntryPoint\",\"urlTemplate\":\"https:\/\/aeronoticias.com.pe\/noticiero\/?s={search_term_string}\"},\"query-input\":{\"@type\":\"PropertyValueSpecification\",\"valueRequired\":true,\"valueName\":\"search_term_string\"}}],\"inLanguage\":\"es\"},{\"@type\":\"Person\",\"@id\":\"https:\/\/aeronoticias.com.pe\/noticiero\/#\/schema\/person\/fc1e5d578f4b62ba1cf7ac2bba1170a0\",\"name\":\"Redacci\u00f3n Aeronoticias\",\"url\":\"https:\/\/aeronoticias.com.pe\/noticiero\/author\/piloto\/\"}]}<\/script>\n<!-- \/ Yoast SEO plugin. -->","yoast_head_json":{"title":"Keiko: 'Juro por Dios que no indultar\u00e9 a mi padre'","description":"Portal de noticias del Per\u00fa sobre el transporte a\u00e9reo, aviaci\u00f3n, turismo, hoteleria, actualidad.","robots":{"index":"index","follow":"follow","max-snippet":"max-snippet:-1","max-image-preview":"max-image-preview:large","max-video-preview":"max-video-preview:-1"},"canonical":"https:\/\/aeronoticias.com.pe\/noticiero\/politica\/keiko-qjuro-por-dios-que-no-indultare-a-mi-padreq\/","og_locale":"es_ES","og_type":"article","og_title":"Keiko: 'Juro por Dios que no indultar\u00e9 a mi padre'","og_description":"Portal de noticias del Per\u00fa sobre el transporte a\u00e9reo, aviaci\u00f3n, turismo, hoteleria, actualidad.","og_url":"https:\/\/aeronoticias.com.pe\/noticiero\/politica\/keiko-qjuro-por-dios-que-no-indultare-a-mi-padreq\/","og_site_name":"Aeronoticias.com.pe","article_publisher":"https:\/\/www.facebook.com\/Aeronoticias.com.pe\/","article_published_time":"2011-04-19T13:52:28+00:00","author":"Redacci\u00f3n Aeronoticias","twitter_card":"summary_large_image","twitter_creator":"@aeronoticias","twitter_site":"@aeronoticias","twitter_misc":{"Escrito por":"Redacci\u00f3n Aeronoticias","Tiempo de lectura":"1 minuto"},"schema":{"@context":"https:\/\/schema.org","@graph":[{"@type":"WebPage","@id":"https:\/\/aeronoticias.com.pe\/noticiero\/politica\/keiko-qjuro-por-dios-que-no-indultare-a-mi-padreq\/","url":"https:\/\/aeronoticias.com.pe\/noticiero\/politica\/keiko-qjuro-por-dios-que-no-indultare-a-mi-padreq\/","name":"Keiko: 'Juro por Dios que no indultar\u00e9 a mi padre'","isPartOf":{"@id":"https:\/\/aeronoticias.com.pe\/noticiero\/#website"},"datePublished":"2011-04-19T13:52:28+00:00","author":{"@id":"https:\/\/aeronoticias.com.pe\/noticiero\/#\/schema\/person\/fc1e5d578f4b62ba1cf7ac2bba1170a0"},"description":"Portal de noticias del Per\u00fa sobre el transporte a\u00e9reo, aviaci\u00f3n, turismo, hoteleria, actualidad.","breadcrumb":{"@id":"https:\/\/aeronoticias.com.pe\/noticiero\/politica\/keiko-qjuro-por-dios-que-no-indultare-a-mi-padreq\/#breadcrumb"},"inLanguage":"es","potentialAction":[{"@type":"ReadAction","target":["https:\/\/aeronoticias.com.pe\/noticiero\/politica\/keiko-qjuro-por-dios-que-no-indultare-a-mi-padreq\/"]}]},{"@type":"BreadcrumbList","@id":"https:\/\/aeronoticias.com.pe\/noticiero\/politica\/keiko-qjuro-por-dios-que-no-indultare-a-mi-padreq\/#breadcrumb","itemListElement":[{"@type":"ListItem","position":1,"name":"Portada","item":"https:\/\/aeronoticias.com.pe\/noticiero\/"},{"@type":"ListItem","position":2,"name":"Keiko: &#8216;Juro por Dios que no indultar\u00e9 a mi padre&#8217;"}]},{"@type":"WebSite","@id":"https:\/\/aeronoticias.com.pe\/noticiero\/#website","url":"https:\/\/aeronoticias.com.pe\/noticiero\/","name":"Aeronoticias.com.pe","description":"Noticias de tranporte aereo, turismo, hoteles, gastronomia, actualidad, internacional","potentialAction":[{"@type":"SearchAction","target":{"@type":"EntryPoint","urlTemplate":"https:\/\/aeronoticias.com.pe\/noticiero\/?s={search_term_string}"},"query-input":{"@type":"PropertyValueSpecification","valueRequired":true,"valueName":"search_term_string"}}],"inLanguage":"es"},{"@type":"Person","@id":"https:\/\/aeronoticias.com.pe\/noticiero\/#\/schema\/person\/fc1e5d578f4b62ba1cf7ac2bba1170a0","name":"Redacci\u00f3n Aeronoticias","url":"https:\/\/aeronoticias.com.pe\/noticiero\/author\/piloto\/"}]}},"_links":{"self":[{"href":"https:\/\/aeronoticias.com.pe\/noticiero\/wp-json\/wp\/v2\/posts\/16720","targetHints":{"allow":["GET"]}}],"collection":[{"href":"https:\/\/aeronoticias.com.pe\/noticiero\/wp-json\/wp\/v2\/posts"}],"about":[{"href":"https:\/\/aeronoticias.com.pe\/noticiero\/wp-json\/wp\/v2\/types\/post"}],"author":[{"embeddable":true,"href":"https:\/\/aeronoticias.com.pe\/noticiero\/wp-json\/wp\/v2\/users\/1"}],"replies":[{"embeddable":true,"href":"https:\/\/aeronoticias.com.pe\/noticiero\/wp-json\/wp\/v2\/comments?post=16720"}],"version-history":[{"count":0,"href":"https:\/\/aeronoticias.com.pe\/noticiero\/wp-json\/wp\/v2\/posts\/16720\/revisions"}],"wp:attachment":[{"href":"https:\/\/aeronoticias.com.pe\/noticiero\/wp-json\/wp\/v2\/media?parent=16720"}],"wp:term":[{"taxonomy":"category","embeddable":true,"href":"https:\/\/aeronoticias.com.pe\/noticiero\/wp-json\/wp\/v2\/categories?post=16720"},{"taxonomy":"post_tag","embeddable":true,"href":"https:\/\/aeronoticias.com.pe\/noticiero\/wp-json\/wp\/v2\/tags?post=16720"}],"curies":[{"name":"wp","href":"https:\/\/api.w.org\/{rel}","templated":true}]}}