{"id":16721,"date":"2011-04-19T14:13:09","date_gmt":"2011-04-19T14:13:09","guid":{"rendered":"http:\/\/desarrollo.mcvicious.com\/aero2020\/2011\/04\/19\/la-situacion-economica-afecta-la-popularidad-del-presidente-obama\/"},"modified":"2011-04-19T14:13:09","modified_gmt":"2011-04-19T14:13:09","slug":"la-situacion-economica-afecta-la-popularidad-del-presidente-obama","status":"publish","type":"post","link":"https:\/\/aeronoticias.com.pe\/noticiero\/internacionales\/la-situacion-economica-afecta-la-popularidad-del-presidente-obama\/","title":{"rendered":"La situaci\u00f3n econ\u00f3mica afecta la popularidad del presidente Obama"},"content":{"rendered":"<p style=\"text-align: justify;\"><strong>(Aeronoticias)<\/strong> El creciente pesimismo de los estadounidenses acerca de la situaci\u00f3n econ\u00f3mica ha hecho bajar la popularidad del presidente Barack Obama, quien ya anunci\u00f3 su candidatura para la reelecci\u00f3n en 2012, seg\u00fan una encuesta que publica hoy el diario The Washington Post. <\/p>\n<p>La encuesta, realizada del 14 al 17 de forma conjunta con el servicio ABC News de televisi\u00f3n entre 1.001 adultos, y con un margen de error de m\u00e1s o menos 3,5 puntos, muestra asimismo que la insatisfacci\u00f3n de los ciudadanos con los posibles candidatos presidenciales republicanos da una ventaja a Obama.<\/p>\n<p style=\"text-align: center;\"><img decoding=\"async\" src=\"images\/stories\/11\/04\/obama.jpg\" border=\"0\" alt=\"obama\" title=\"obama\" \/><\/p>\n<p style=\"text-align: justify;\">\n<p>El 47 por ciento de los entrevistados indic\u00f3 que aprueba la gesti\u00f3n presidencial de Obama y esto significa una p\u00e9rdida de siete puntos desde enero. La mitad de los entrevistados se\u00f1al\u00f3 su desaprobaci\u00f3n por la forma en que Obama desempe\u00f1a su cargo, y el 37 por ciento manifest\u00f3 una \u00abdesaprobaci\u00f3n en\u00e9rgica\u00bb, casi el nivel de los peores momentos de su mandato. <\/p>\n<p>Lo que sigue hundiendo a Obama en las encuestas es la preocupaci\u00f3n creciente de los ciudadanos por la situaci\u00f3n econ\u00f3mica y la ansiedad que causa el aumento de los precios, en especial de la gasolina. A pesar de que la econom\u00eda, que sali\u00f3 en julio de 2009 de su peor recesi\u00f3n en casi ocho d\u00e9cadas, muestra indicios de una firme reactivaci\u00f3n el 44 por ciento de los encuestados cree que la situaci\u00f3n va empeorando, y esto es la proporci\u00f3n m\u00e1s alta de pesimistas en m\u00e1s de dos a\u00f1os. <\/p>\n<p>\u00abEl impacto para Obama es directo\u00bb, se\u00f1ala el Post, a\u00f1adiendo que el 57 por ciento de los encuestados desaprueba la forma en que el presidente maneja la econom\u00eda. Pero, de cara a las elecciones de 2012, Obama tiene una ventaja: el conjunto de aspirantes a la candidatura presidencial por el Partido Republicano es abigarrado y no satisface a los votantes de ese partido. EFE<\/p>\n<p style=\"text-align: center;\">\u00a0<\/p>\n","protected":false},"excerpt":{"rendered":"<p>(Aeronoticias) El creciente pesimismo de los estadounidenses acerca de la situaci\u00f3n econ\u00f3mica ha hecho bajar la popularidad del presidente Barack Obama, quien ya anunci\u00f3 su candidatura para la reelecci\u00f3n en 2012, seg\u00fan una encuesta que publica hoy el diario The Washington Post. La encuesta, realizada del 14 al 17 de forma conjunta con el servicio [&hellip;]<\/p>\n","protected":false},"author":1,"featured_media":0,"comment_status":"open","ping_status":"open","sticky":false,"template":"","format":"standard","meta":{"tdm_status":"","tdm_grid_status":"","footnotes":""},"categories":[34],"tags":[],"class_list":{"0":"post-16721","1":"post","2":"type-post","3":"status-publish","4":"format-standard","6":"category-internacionales"},"yoast_head":"<!-- This site is optimized with the Yoast SEO plugin v25.1 - https:\/\/yoast.com\/wordpress\/plugins\/seo\/ -->\n<title>La situaci\u00f3n econ\u00f3mica afecta la popularidad del presidente Obama<\/title>\n<meta name=\"description\" content=\"Portal de noticias del Per\u00fa sobre el transporte a\u00e9reo, aviaci\u00f3n, turismo, hoteleria, actualidad.\" \/>\n<meta name=\"robots\" content=\"index, follow, max-snippet:-1, max-image-preview:large, max-video-preview:-1\" \/>\n<link rel=\"canonical\" href=\"https:\/\/aeronoticias.com.pe\/noticiero\/internacionales\/la-situacion-economica-afecta-la-popularidad-del-presidente-obama\/\" \/>\n<meta property=\"og:locale\" content=\"es_ES\" \/>\n<meta property=\"og:type\" content=\"article\" \/>\n<meta property=\"og:title\" content=\"La situaci\u00f3n econ\u00f3mica afecta la popularidad del presidente Obama\" \/>\n<meta property=\"og:description\" content=\"Portal de noticias del Per\u00fa sobre el transporte a\u00e9reo, aviaci\u00f3n, turismo, hoteleria, actualidad.\" \/>\n<meta property=\"og:url\" content=\"https:\/\/aeronoticias.com.pe\/noticiero\/internacionales\/la-situacion-economica-afecta-la-popularidad-del-presidente-obama\/\" \/>\n<meta property=\"og:site_name\" content=\"Aeronoticias.com.pe\" \/>\n<meta property=\"article:publisher\" content=\"https:\/\/www.facebook.com\/Aeronoticias.com.pe\/\" \/>\n<meta property=\"article:published_time\" content=\"2011-04-19T14:13:09+00:00\" \/>\n<meta name=\"author\" content=\"Redacci\u00f3n Aeronoticias\" \/>\n<meta name=\"twitter:card\" content=\"summary_large_image\" \/>\n<meta name=\"twitter:creator\" content=\"@aeronoticias\" \/>\n<meta name=\"twitter:site\" content=\"@aeronoticias\" \/>\n<meta name=\"twitter:label1\" content=\"Escrito por\" \/>\n\t<meta name=\"twitter:data1\" content=\"Redacci\u00f3n Aeronoticias\" \/>\n\t<meta name=\"twitter:label2\" content=\"Tiempo de lectura\" \/>\n\t<meta name=\"twitter:data2\" content=\"2 minutos\" \/>\n<script type=\"application\/ld+json\" class=\"yoast-schema-graph\">{\"@context\":\"https:\/\/schema.org\",\"@graph\":[{\"@type\":\"WebPage\",\"@id\":\"https:\/\/aeronoticias.com.pe\/noticiero\/internacionales\/la-situacion-economica-afecta-la-popularidad-del-presidente-obama\/\",\"url\":\"https:\/\/aeronoticias.com.pe\/noticiero\/internacionales\/la-situacion-economica-afecta-la-popularidad-del-presidente-obama\/\",\"name\":\"La situaci\u00f3n econ\u00f3mica afecta la popularidad del presidente Obama\",\"isPartOf\":{\"@id\":\"https:\/\/aeronoticias.com.pe\/noticiero\/#website\"},\"datePublished\":\"2011-04-19T14:13:09+00:00\",\"author\":{\"@id\":\"https:\/\/aeronoticias.com.pe\/noticiero\/#\/schema\/person\/fc1e5d578f4b62ba1cf7ac2bba1170a0\"},\"description\":\"Portal de noticias del Per\u00fa sobre el transporte a\u00e9reo, aviaci\u00f3n, turismo, hoteleria, actualidad.\",\"breadcrumb\":{\"@id\":\"https:\/\/aeronoticias.com.pe\/noticiero\/internacionales\/la-situacion-economica-afecta-la-popularidad-del-presidente-obama\/#breadcrumb\"},\"inLanguage\":\"es\",\"potentialAction\":[{\"@type\":\"ReadAction\",\"target\":[\"https:\/\/aeronoticias.com.pe\/noticiero\/internacionales\/la-situacion-economica-afecta-la-popularidad-del-presidente-obama\/\"]}]},{\"@type\":\"BreadcrumbList\",\"@id\":\"https:\/\/aeronoticias.com.pe\/noticiero\/internacionales\/la-situacion-economica-afecta-la-popularidad-del-presidente-obama\/#breadcrumb\",\"itemListElement\":[{\"@type\":\"ListItem\",\"position\":1,\"name\":\"Portada\",\"item\":\"https:\/\/aeronoticias.com.pe\/noticiero\/\"},{\"@type\":\"ListItem\",\"position\":2,\"name\":\"La situaci\u00f3n econ\u00f3mica afecta la popularidad del presidente Obama\"}]},{\"@type\":\"WebSite\",\"@id\":\"https:\/\/aeronoticias.com.pe\/noticiero\/#website\",\"url\":\"https:\/\/aeronoticias.com.pe\/noticiero\/\",\"name\":\"Aeronoticias.com.pe\",\"description\":\"Noticias de tranporte aereo, turismo, hoteles, gastronomia, actualidad, internacional\",\"potentialAction\":[{\"@type\":\"SearchAction\",\"target\":{\"@type\":\"EntryPoint\",\"urlTemplate\":\"https:\/\/aeronoticias.com.pe\/noticiero\/?s={search_term_string}\"},\"query-input\":{\"@type\":\"PropertyValueSpecification\",\"valueRequired\":true,\"valueName\":\"search_term_string\"}}],\"inLanguage\":\"es\"},{\"@type\":\"Person\",\"@id\":\"https:\/\/aeronoticias.com.pe\/noticiero\/#\/schema\/person\/fc1e5d578f4b62ba1cf7ac2bba1170a0\",\"name\":\"Redacci\u00f3n Aeronoticias\",\"url\":\"https:\/\/aeronoticias.com.pe\/noticiero\/author\/piloto\/\"}]}<\/script>\n<!-- \/ Yoast SEO plugin. -->","yoast_head_json":{"title":"La situaci\u00f3n econ\u00f3mica afecta la popularidad del presidente Obama","description":"Portal de noticias del Per\u00fa sobre el transporte a\u00e9reo, aviaci\u00f3n, turismo, hoteleria, actualidad.","robots":{"index":"index","follow":"follow","max-snippet":"max-snippet:-1","max-image-preview":"max-image-preview:large","max-video-preview":"max-video-preview:-1"},"canonical":"https:\/\/aeronoticias.com.pe\/noticiero\/internacionales\/la-situacion-economica-afecta-la-popularidad-del-presidente-obama\/","og_locale":"es_ES","og_type":"article","og_title":"La situaci\u00f3n econ\u00f3mica afecta la popularidad del presidente Obama","og_description":"Portal de noticias del Per\u00fa sobre el transporte a\u00e9reo, aviaci\u00f3n, turismo, hoteleria, actualidad.","og_url":"https:\/\/aeronoticias.com.pe\/noticiero\/internacionales\/la-situacion-economica-afecta-la-popularidad-del-presidente-obama\/","og_site_name":"Aeronoticias.com.pe","article_publisher":"https:\/\/www.facebook.com\/Aeronoticias.com.pe\/","article_published_time":"2011-04-19T14:13:09+00:00","author":"Redacci\u00f3n Aeronoticias","twitter_card":"summary_large_image","twitter_creator":"@aeronoticias","twitter_site":"@aeronoticias","twitter_misc":{"Escrito por":"Redacci\u00f3n Aeronoticias","Tiempo de lectura":"2 minutos"},"schema":{"@context":"https:\/\/schema.org","@graph":[{"@type":"WebPage","@id":"https:\/\/aeronoticias.com.pe\/noticiero\/internacionales\/la-situacion-economica-afecta-la-popularidad-del-presidente-obama\/","url":"https:\/\/aeronoticias.com.pe\/noticiero\/internacionales\/la-situacion-economica-afecta-la-popularidad-del-presidente-obama\/","name":"La situaci\u00f3n econ\u00f3mica afecta la popularidad del presidente Obama","isPartOf":{"@id":"https:\/\/aeronoticias.com.pe\/noticiero\/#website"},"datePublished":"2011-04-19T14:13:09+00:00","author":{"@id":"https:\/\/aeronoticias.com.pe\/noticiero\/#\/schema\/person\/fc1e5d578f4b62ba1cf7ac2bba1170a0"},"description":"Portal de noticias del Per\u00fa sobre el transporte a\u00e9reo, aviaci\u00f3n, turismo, hoteleria, actualidad.","breadcrumb":{"@id":"https:\/\/aeronoticias.com.pe\/noticiero\/internacionales\/la-situacion-economica-afecta-la-popularidad-del-presidente-obama\/#breadcrumb"},"inLanguage":"es","potentialAction":[{"@type":"ReadAction","target":["https:\/\/aeronoticias.com.pe\/noticiero\/internacionales\/la-situacion-economica-afecta-la-popularidad-del-presidente-obama\/"]}]},{"@type":"BreadcrumbList","@id":"https:\/\/aeronoticias.com.pe\/noticiero\/internacionales\/la-situacion-economica-afecta-la-popularidad-del-presidente-obama\/#breadcrumb","itemListElement":[{"@type":"ListItem","position":1,"name":"Portada","item":"https:\/\/aeronoticias.com.pe\/noticiero\/"},{"@type":"ListItem","position":2,"name":"La situaci\u00f3n econ\u00f3mica afecta la popularidad del presidente Obama"}]},{"@type":"WebSite","@id":"https:\/\/aeronoticias.com.pe\/noticiero\/#website","url":"https:\/\/aeronoticias.com.pe\/noticiero\/","name":"Aeronoticias.com.pe","description":"Noticias de tranporte aereo, turismo, hoteles, gastronomia, actualidad, internacional","potentialAction":[{"@type":"SearchAction","target":{"@type":"EntryPoint","urlTemplate":"https:\/\/aeronoticias.com.pe\/noticiero\/?s={search_term_string}"},"query-input":{"@type":"PropertyValueSpecification","valueRequired":true,"valueName":"search_term_string"}}],"inLanguage":"es"},{"@type":"Person","@id":"https:\/\/aeronoticias.com.pe\/noticiero\/#\/schema\/person\/fc1e5d578f4b62ba1cf7ac2bba1170a0","name":"Redacci\u00f3n Aeronoticias","url":"https:\/\/aeronoticias.com.pe\/noticiero\/author\/piloto\/"}]}},"_links":{"self":[{"href":"https:\/\/aeronoticias.com.pe\/noticiero\/wp-json\/wp\/v2\/posts\/16721","targetHints":{"allow":["GET"]}}],"collection":[{"href":"https:\/\/aeronoticias.com.pe\/noticiero\/wp-json\/wp\/v2\/posts"}],"about":[{"href":"https:\/\/aeronoticias.com.pe\/noticiero\/wp-json\/wp\/v2\/types\/post"}],"author":[{"embeddable":true,"href":"https:\/\/aeronoticias.com.pe\/noticiero\/wp-json\/wp\/v2\/users\/1"}],"replies":[{"embeddable":true,"href":"https:\/\/aeronoticias.com.pe\/noticiero\/wp-json\/wp\/v2\/comments?post=16721"}],"version-history":[{"count":0,"href":"https:\/\/aeronoticias.com.pe\/noticiero\/wp-json\/wp\/v2\/posts\/16721\/revisions"}],"wp:attachment":[{"href":"https:\/\/aeronoticias.com.pe\/noticiero\/wp-json\/wp\/v2\/media?parent=16721"}],"wp:term":[{"taxonomy":"category","embeddable":true,"href":"https:\/\/aeronoticias.com.pe\/noticiero\/wp-json\/wp\/v2\/categories?post=16721"},{"taxonomy":"post_tag","embeddable":true,"href":"https:\/\/aeronoticias.com.pe\/noticiero\/wp-json\/wp\/v2\/tags?post=16721"}],"curies":[{"name":"wp","href":"https:\/\/api.w.org\/{rel}","templated":true}]}}