{"id":16724,"date":"2011-04-19T14:28:19","date_gmt":"2011-04-19T14:28:19","guid":{"rendered":"http:\/\/desarrollo.mcvicious.com\/aero2020\/2011\/04\/19\/ollanta-considera-al-brasil-como-futuro-gran-socio-comercial-del-peru\/"},"modified":"2011-04-19T14:28:19","modified_gmt":"2011-04-19T14:28:19","slug":"ollanta-considera-al-brasil-como-futuro-gran-socio-comercial-del-peru","status":"publish","type":"post","link":"https:\/\/aeronoticias.com.pe\/noticiero\/politica\/ollanta-considera-al-brasil-como-futuro-gran-socio-comercial-del-peru\/","title":{"rendered":"Ollanta considera al Brasil como futuro gran socio comercial del Per\u00fa"},"content":{"rendered":"<p style=\"text-align: justify;\"><strong>(Aeronoticias).-<\/strong> La prensa boliviana, cuyo pa\u00eds limita con Brasil, destaca la intenci\u00f3n del l\u00edder nacionalista peruano Ollanta Humala \u00a0para convertir al gigante suramericano en un gran socio comercial del Per\u00fa en caso de triunfar en las elecciones \u00a0presidenciales de Junio pr\u00f3ximo.<\/p>\n<p style=\"text-align: justify;\">As\u00ed, el diario Los Tiempos, subraya las palabras de Ollanta incidiendo en que el Per\u00fa debe aprovechar ser vecino de \u201c una potencia \u00a0mundial que busca conectarse con el Oc\u00e9ano Pac\u00edfico , \u00a0porque sino los brasile\u00f1os no hallar\u00e1n \u00a0en el Per\u00fa las condiciones para ser socios. Debemos estar preparados para esta eventualidad\u201d transcribe el mencionado rotativo.<\/p>\n<p>  <!--more-->  <\/p>\n<p style=\"text-align: justify;\">Tambi\u00e9n hace menci\u00f3n al visible acercamiento de Ollanta hacia el Partido de los Trabajadores del Brasil (PT) que llev\u00f3 a la presidencia de este pa\u00eds al ahora ex mandatario Lula que termin\u00f3 su gobierno con una alta aprobaci\u00f3n de sus connacionales.<\/p>\n<p style=\"text-align: justify;\">Las declaraciones de Ollanta Humala fueron vertidas durante la presentaci\u00f3n de medio centenar de \u00a0nuevos asesores que se incorporaron ayer en una ceremonia p\u00fablica en Lima, figurando entre ellos varios consejeros del ex mandatario peruano Alejandro Toledo quienes comparten los postulados del movimiento nacionalista en el sentido de que es necesario reformar el sistema tributario peruano aplicando mayores impuestos a la miner\u00eda de su pa\u00eds.<\/p>\n<p style=\"text-align: justify;\"><img decoding=\"async\" src=\"images\/stories\/11\/04\/190411\/ollanta_humala_brasil.jpg\" border=\"0\" alt=\"Ollanta considera al Brasil como futuro gran socio comercial del Per\u00fa\" title=\"Ollanta considera al Brasil como futuro gran socio comercial del Per\u00fa\" \/><\/p>\n","protected":false},"excerpt":{"rendered":"<p>(Aeronoticias).- La prensa boliviana, cuyo pa\u00eds limita con Brasil, destaca la intenci\u00f3n del l\u00edder nacionalista peruano Ollanta Humala \u00a0para convertir al gigante suramericano en un gran socio comercial del Per\u00fa en caso de triunfar en las elecciones \u00a0presidenciales de Junio pr\u00f3ximo. As\u00ed, el diario Los Tiempos, subraya las palabras de Ollanta incidiendo en que el [&hellip;]<\/p>\n","protected":false},"author":1,"featured_media":0,"comment_status":"open","ping_status":"open","sticky":false,"template":"","format":"standard","meta":{"tdm_status":"","tdm_grid_status":"","footnotes":""},"categories":[36],"tags":[],"class_list":{"0":"post-16724","1":"post","2":"type-post","3":"status-publish","4":"format-standard","6":"category-politica"},"yoast_head":"<!-- This site is optimized with the Yoast SEO plugin v25.1 - https:\/\/yoast.com\/wordpress\/plugins\/seo\/ -->\n<title>Ollanta considera al Brasil como futuro gran socio comercial del Per\u00fa<\/title>\n<meta name=\"description\" content=\"Portal de noticias del Per\u00fa sobre el transporte a\u00e9reo, aviaci\u00f3n, turismo, hoteleria, actualidad.\" \/>\n<meta name=\"robots\" content=\"index, follow, max-snippet:-1, max-image-preview:large, max-video-preview:-1\" \/>\n<link rel=\"canonical\" href=\"https:\/\/aeronoticias.com.pe\/noticiero\/politica\/ollanta-considera-al-brasil-como-futuro-gran-socio-comercial-del-peru\/\" \/>\n<meta property=\"og:locale\" content=\"es_ES\" \/>\n<meta property=\"og:type\" content=\"article\" \/>\n<meta property=\"og:title\" content=\"Ollanta considera al Brasil como futuro gran socio comercial del Per\u00fa\" \/>\n<meta property=\"og:description\" content=\"Portal de noticias del Per\u00fa sobre el transporte a\u00e9reo, aviaci\u00f3n, turismo, hoteleria, actualidad.\" \/>\n<meta property=\"og:url\" content=\"https:\/\/aeronoticias.com.pe\/noticiero\/politica\/ollanta-considera-al-brasil-como-futuro-gran-socio-comercial-del-peru\/\" \/>\n<meta property=\"og:site_name\" content=\"Aeronoticias.com.pe\" \/>\n<meta property=\"article:publisher\" content=\"https:\/\/www.facebook.com\/Aeronoticias.com.pe\/\" \/>\n<meta property=\"article:published_time\" content=\"2011-04-19T14:28:19+00:00\" \/>\n<meta name=\"author\" content=\"Redacci\u00f3n Aeronoticias\" \/>\n<meta name=\"twitter:card\" content=\"summary_large_image\" \/>\n<meta name=\"twitter:creator\" content=\"@aeronoticias\" \/>\n<meta name=\"twitter:site\" content=\"@aeronoticias\" \/>\n<meta name=\"twitter:label1\" content=\"Escrito por\" \/>\n\t<meta name=\"twitter:data1\" content=\"Redacci\u00f3n Aeronoticias\" \/>\n\t<meta name=\"twitter:label2\" content=\"Tiempo de lectura\" \/>\n\t<meta name=\"twitter:data2\" content=\"1 minuto\" \/>\n<script type=\"application\/ld+json\" class=\"yoast-schema-graph\">{\"@context\":\"https:\/\/schema.org\",\"@graph\":[{\"@type\":\"WebPage\",\"@id\":\"https:\/\/aeronoticias.com.pe\/noticiero\/politica\/ollanta-considera-al-brasil-como-futuro-gran-socio-comercial-del-peru\/\",\"url\":\"https:\/\/aeronoticias.com.pe\/noticiero\/politica\/ollanta-considera-al-brasil-como-futuro-gran-socio-comercial-del-peru\/\",\"name\":\"Ollanta considera al Brasil como futuro gran socio comercial del Per\u00fa\",\"isPartOf\":{\"@id\":\"https:\/\/aeronoticias.com.pe\/noticiero\/#website\"},\"datePublished\":\"2011-04-19T14:28:19+00:00\",\"author\":{\"@id\":\"https:\/\/aeronoticias.com.pe\/noticiero\/#\/schema\/person\/fc1e5d578f4b62ba1cf7ac2bba1170a0\"},\"description\":\"Portal de noticias del Per\u00fa sobre el transporte a\u00e9reo, aviaci\u00f3n, turismo, hoteleria, actualidad.\",\"breadcrumb\":{\"@id\":\"https:\/\/aeronoticias.com.pe\/noticiero\/politica\/ollanta-considera-al-brasil-como-futuro-gran-socio-comercial-del-peru\/#breadcrumb\"},\"inLanguage\":\"es\",\"potentialAction\":[{\"@type\":\"ReadAction\",\"target\":[\"https:\/\/aeronoticias.com.pe\/noticiero\/politica\/ollanta-considera-al-brasil-como-futuro-gran-socio-comercial-del-peru\/\"]}]},{\"@type\":\"BreadcrumbList\",\"@id\":\"https:\/\/aeronoticias.com.pe\/noticiero\/politica\/ollanta-considera-al-brasil-como-futuro-gran-socio-comercial-del-peru\/#breadcrumb\",\"itemListElement\":[{\"@type\":\"ListItem\",\"position\":1,\"name\":\"Portada\",\"item\":\"https:\/\/aeronoticias.com.pe\/noticiero\/\"},{\"@type\":\"ListItem\",\"position\":2,\"name\":\"Ollanta considera al Brasil como futuro gran socio comercial del Per\u00fa\"}]},{\"@type\":\"WebSite\",\"@id\":\"https:\/\/aeronoticias.com.pe\/noticiero\/#website\",\"url\":\"https:\/\/aeronoticias.com.pe\/noticiero\/\",\"name\":\"Aeronoticias.com.pe\",\"description\":\"Noticias de tranporte aereo, turismo, hoteles, gastronomia, actualidad, internacional\",\"potentialAction\":[{\"@type\":\"SearchAction\",\"target\":{\"@type\":\"EntryPoint\",\"urlTemplate\":\"https:\/\/aeronoticias.com.pe\/noticiero\/?s={search_term_string}\"},\"query-input\":{\"@type\":\"PropertyValueSpecification\",\"valueRequired\":true,\"valueName\":\"search_term_string\"}}],\"inLanguage\":\"es\"},{\"@type\":\"Person\",\"@id\":\"https:\/\/aeronoticias.com.pe\/noticiero\/#\/schema\/person\/fc1e5d578f4b62ba1cf7ac2bba1170a0\",\"name\":\"Redacci\u00f3n Aeronoticias\",\"url\":\"https:\/\/aeronoticias.com.pe\/noticiero\/author\/piloto\/\"}]}<\/script>\n<!-- \/ Yoast SEO plugin. -->","yoast_head_json":{"title":"Ollanta considera al Brasil como futuro gran socio comercial del Per\u00fa","description":"Portal de noticias del Per\u00fa sobre el transporte a\u00e9reo, aviaci\u00f3n, turismo, hoteleria, actualidad.","robots":{"index":"index","follow":"follow","max-snippet":"max-snippet:-1","max-image-preview":"max-image-preview:large","max-video-preview":"max-video-preview:-1"},"canonical":"https:\/\/aeronoticias.com.pe\/noticiero\/politica\/ollanta-considera-al-brasil-como-futuro-gran-socio-comercial-del-peru\/","og_locale":"es_ES","og_type":"article","og_title":"Ollanta considera al Brasil como futuro gran socio comercial del Per\u00fa","og_description":"Portal de noticias del Per\u00fa sobre el transporte a\u00e9reo, aviaci\u00f3n, turismo, hoteleria, actualidad.","og_url":"https:\/\/aeronoticias.com.pe\/noticiero\/politica\/ollanta-considera-al-brasil-como-futuro-gran-socio-comercial-del-peru\/","og_site_name":"Aeronoticias.com.pe","article_publisher":"https:\/\/www.facebook.com\/Aeronoticias.com.pe\/","article_published_time":"2011-04-19T14:28:19+00:00","author":"Redacci\u00f3n Aeronoticias","twitter_card":"summary_large_image","twitter_creator":"@aeronoticias","twitter_site":"@aeronoticias","twitter_misc":{"Escrito por":"Redacci\u00f3n Aeronoticias","Tiempo de lectura":"1 minuto"},"schema":{"@context":"https:\/\/schema.org","@graph":[{"@type":"WebPage","@id":"https:\/\/aeronoticias.com.pe\/noticiero\/politica\/ollanta-considera-al-brasil-como-futuro-gran-socio-comercial-del-peru\/","url":"https:\/\/aeronoticias.com.pe\/noticiero\/politica\/ollanta-considera-al-brasil-como-futuro-gran-socio-comercial-del-peru\/","name":"Ollanta considera al Brasil como futuro gran socio comercial del Per\u00fa","isPartOf":{"@id":"https:\/\/aeronoticias.com.pe\/noticiero\/#website"},"datePublished":"2011-04-19T14:28:19+00:00","author":{"@id":"https:\/\/aeronoticias.com.pe\/noticiero\/#\/schema\/person\/fc1e5d578f4b62ba1cf7ac2bba1170a0"},"description":"Portal de noticias del Per\u00fa sobre el transporte a\u00e9reo, aviaci\u00f3n, turismo, hoteleria, actualidad.","breadcrumb":{"@id":"https:\/\/aeronoticias.com.pe\/noticiero\/politica\/ollanta-considera-al-brasil-como-futuro-gran-socio-comercial-del-peru\/#breadcrumb"},"inLanguage":"es","potentialAction":[{"@type":"ReadAction","target":["https:\/\/aeronoticias.com.pe\/noticiero\/politica\/ollanta-considera-al-brasil-como-futuro-gran-socio-comercial-del-peru\/"]}]},{"@type":"BreadcrumbList","@id":"https:\/\/aeronoticias.com.pe\/noticiero\/politica\/ollanta-considera-al-brasil-como-futuro-gran-socio-comercial-del-peru\/#breadcrumb","itemListElement":[{"@type":"ListItem","position":1,"name":"Portada","item":"https:\/\/aeronoticias.com.pe\/noticiero\/"},{"@type":"ListItem","position":2,"name":"Ollanta considera al Brasil como futuro gran socio comercial del Per\u00fa"}]},{"@type":"WebSite","@id":"https:\/\/aeronoticias.com.pe\/noticiero\/#website","url":"https:\/\/aeronoticias.com.pe\/noticiero\/","name":"Aeronoticias.com.pe","description":"Noticias de tranporte aereo, turismo, hoteles, gastronomia, actualidad, internacional","potentialAction":[{"@type":"SearchAction","target":{"@type":"EntryPoint","urlTemplate":"https:\/\/aeronoticias.com.pe\/noticiero\/?s={search_term_string}"},"query-input":{"@type":"PropertyValueSpecification","valueRequired":true,"valueName":"search_term_string"}}],"inLanguage":"es"},{"@type":"Person","@id":"https:\/\/aeronoticias.com.pe\/noticiero\/#\/schema\/person\/fc1e5d578f4b62ba1cf7ac2bba1170a0","name":"Redacci\u00f3n Aeronoticias","url":"https:\/\/aeronoticias.com.pe\/noticiero\/author\/piloto\/"}]}},"_links":{"self":[{"href":"https:\/\/aeronoticias.com.pe\/noticiero\/wp-json\/wp\/v2\/posts\/16724","targetHints":{"allow":["GET"]}}],"collection":[{"href":"https:\/\/aeronoticias.com.pe\/noticiero\/wp-json\/wp\/v2\/posts"}],"about":[{"href":"https:\/\/aeronoticias.com.pe\/noticiero\/wp-json\/wp\/v2\/types\/post"}],"author":[{"embeddable":true,"href":"https:\/\/aeronoticias.com.pe\/noticiero\/wp-json\/wp\/v2\/users\/1"}],"replies":[{"embeddable":true,"href":"https:\/\/aeronoticias.com.pe\/noticiero\/wp-json\/wp\/v2\/comments?post=16724"}],"version-history":[{"count":0,"href":"https:\/\/aeronoticias.com.pe\/noticiero\/wp-json\/wp\/v2\/posts\/16724\/revisions"}],"wp:attachment":[{"href":"https:\/\/aeronoticias.com.pe\/noticiero\/wp-json\/wp\/v2\/media?parent=16724"}],"wp:term":[{"taxonomy":"category","embeddable":true,"href":"https:\/\/aeronoticias.com.pe\/noticiero\/wp-json\/wp\/v2\/categories?post=16724"},{"taxonomy":"post_tag","embeddable":true,"href":"https:\/\/aeronoticias.com.pe\/noticiero\/wp-json\/wp\/v2\/tags?post=16724"}],"curies":[{"name":"wp","href":"https:\/\/api.w.org\/{rel}","templated":true}]}}