{"id":16725,"date":"2011-04-19T14:39:32","date_gmt":"2011-04-19T14:39:32","guid":{"rendered":"http:\/\/desarrollo.mcvicious.com\/aero2020\/2011\/04\/19\/en-ecuador-atribuyen-alta-votacion-de-ollanta-por-su-atencion-a-los-pobres\/"},"modified":"2011-04-19T14:39:32","modified_gmt":"2011-04-19T14:39:32","slug":"en-ecuador-atribuyen-alta-votacion-de-ollanta-por-su-atencion-a-los-pobres","status":"publish","type":"post","link":"https:\/\/aeronoticias.com.pe\/noticiero\/politica\/en-ecuador-atribuyen-alta-votacion-de-ollanta-por-su-atencion-a-los-pobres\/","title":{"rendered":"En Ecuador atribuyen alta votaci\u00f3n de Ollanta por su atenci\u00f3n a los pobres"},"content":{"rendered":"<p style=\"text-align: justify;\"><strong>(Aeronoticias).-<\/strong> El influyente diario quite\u00f1o \u201cEl Comercio\u201d se\u00f1ala en su p\u00e1gina editorial de hoy \u00a0que la alta votaci\u00f3n alcanzada en la primera vuelta por el candidato presidencial peruano Ollanta Humala se debe a que su programa apunta hacia una mejor atenci\u00f3n a los pobres de su pa\u00eds.<\/p>\n<p style=\"text-align: justify;\">En un art\u00edculo, cuya autor\u00eda pertenece al analista ecuatoriano Washington Herrera, se precisa que los especialistas peruanos coinciden en que el crecimiento en 20 a\u00f1os ha aumentado la clase media pero no ha conseguido mejorar el desarrollo humano de la gente pobre.<\/p>\n<p>  <!--more-->  <\/p>\n<p style=\"text-align: justify;\">Insiste la nota en que la pobreza no ha podido ser combatida por el centralismo de Lima, donde tambi\u00e9n hay una poblaci\u00f3n marginalizada, \u00a0 descuid\u00e1ndose al \u00a0Per\u00fa andino y amaz\u00f3nico.<\/p>\n<p style=\"text-align: justify;\">El art\u00edculo, titulado \u201cHumala y la pobreza\u201d , termina expresando el deseo del autor para que el nuevo gobierno peruano mantenga el crecimiento \u00a0econ\u00f3mico , profundizando el combate a la pobreza para que nuestro vecino progrese, \u201c como es nuestro deseo\u201d.<\/p>\n<p style=\"text-align: justify;\"><img decoding=\"async\" src=\"images\/stories\/11\/04\/190411\/ollanta_humala_ecuador.jpg\" border=\"0\" alt=\"En Ecuador atribuyen alta votaci\u00f3n de Ollanta por su atenci\u00f3n a los pobres\" title=\"En Ecuador atribuyen alta votaci\u00f3n de Ollanta por su atenci\u00f3n a los pobres\" \/><\/p>\n","protected":false},"excerpt":{"rendered":"<p>(Aeronoticias).- El influyente diario quite\u00f1o \u201cEl Comercio\u201d se\u00f1ala en su p\u00e1gina editorial de hoy \u00a0que la alta votaci\u00f3n alcanzada en la primera vuelta por el candidato presidencial peruano Ollanta Humala se debe a que su programa apunta hacia una mejor atenci\u00f3n a los pobres de su pa\u00eds. En un art\u00edculo, cuya autor\u00eda pertenece al analista [&hellip;]<\/p>\n","protected":false},"author":1,"featured_media":0,"comment_status":"open","ping_status":"open","sticky":false,"template":"","format":"standard","meta":{"tdm_status":"","tdm_grid_status":"","footnotes":""},"categories":[36],"tags":[],"class_list":{"0":"post-16725","1":"post","2":"type-post","3":"status-publish","4":"format-standard","6":"category-politica"},"yoast_head":"<!-- This site is optimized with the Yoast SEO plugin v25.1 - https:\/\/yoast.com\/wordpress\/plugins\/seo\/ -->\n<title>En Ecuador atribuyen alta votaci\u00f3n de Ollanta por su atenci\u00f3n a los pobres<\/title>\n<meta name=\"description\" content=\"Portal de noticias del Per\u00fa sobre el transporte a\u00e9reo, aviaci\u00f3n, turismo, hoteleria, actualidad.\" \/>\n<meta name=\"robots\" content=\"index, follow, max-snippet:-1, max-image-preview:large, max-video-preview:-1\" \/>\n<link rel=\"canonical\" href=\"https:\/\/aeronoticias.com.pe\/noticiero\/politica\/en-ecuador-atribuyen-alta-votacion-de-ollanta-por-su-atencion-a-los-pobres\/\" \/>\n<meta property=\"og:locale\" content=\"es_ES\" \/>\n<meta property=\"og:type\" content=\"article\" \/>\n<meta property=\"og:title\" content=\"En Ecuador atribuyen alta votaci\u00f3n de Ollanta por su atenci\u00f3n a los pobres\" \/>\n<meta property=\"og:description\" content=\"Portal de noticias del Per\u00fa sobre el transporte a\u00e9reo, aviaci\u00f3n, turismo, hoteleria, actualidad.\" \/>\n<meta property=\"og:url\" content=\"https:\/\/aeronoticias.com.pe\/noticiero\/politica\/en-ecuador-atribuyen-alta-votacion-de-ollanta-por-su-atencion-a-los-pobres\/\" \/>\n<meta property=\"og:site_name\" content=\"Aeronoticias.com.pe\" \/>\n<meta property=\"article:publisher\" content=\"https:\/\/www.facebook.com\/Aeronoticias.com.pe\/\" \/>\n<meta property=\"article:published_time\" content=\"2011-04-19T14:39:32+00:00\" \/>\n<meta name=\"author\" content=\"Redacci\u00f3n Aeronoticias\" \/>\n<meta name=\"twitter:card\" content=\"summary_large_image\" \/>\n<meta name=\"twitter:creator\" content=\"@aeronoticias\" \/>\n<meta name=\"twitter:site\" content=\"@aeronoticias\" \/>\n<meta name=\"twitter:label1\" content=\"Escrito por\" \/>\n\t<meta name=\"twitter:data1\" content=\"Redacci\u00f3n Aeronoticias\" \/>\n\t<meta name=\"twitter:label2\" content=\"Tiempo de lectura\" \/>\n\t<meta name=\"twitter:data2\" content=\"1 minuto\" \/>\n<script type=\"application\/ld+json\" class=\"yoast-schema-graph\">{\"@context\":\"https:\/\/schema.org\",\"@graph\":[{\"@type\":\"WebPage\",\"@id\":\"https:\/\/aeronoticias.com.pe\/noticiero\/politica\/en-ecuador-atribuyen-alta-votacion-de-ollanta-por-su-atencion-a-los-pobres\/\",\"url\":\"https:\/\/aeronoticias.com.pe\/noticiero\/politica\/en-ecuador-atribuyen-alta-votacion-de-ollanta-por-su-atencion-a-los-pobres\/\",\"name\":\"En Ecuador atribuyen alta votaci\u00f3n de Ollanta por su atenci\u00f3n a los pobres\",\"isPartOf\":{\"@id\":\"https:\/\/aeronoticias.com.pe\/noticiero\/#website\"},\"datePublished\":\"2011-04-19T14:39:32+00:00\",\"author\":{\"@id\":\"https:\/\/aeronoticias.com.pe\/noticiero\/#\/schema\/person\/fc1e5d578f4b62ba1cf7ac2bba1170a0\"},\"description\":\"Portal de noticias del Per\u00fa sobre el transporte a\u00e9reo, aviaci\u00f3n, turismo, hoteleria, actualidad.\",\"breadcrumb\":{\"@id\":\"https:\/\/aeronoticias.com.pe\/noticiero\/politica\/en-ecuador-atribuyen-alta-votacion-de-ollanta-por-su-atencion-a-los-pobres\/#breadcrumb\"},\"inLanguage\":\"es\",\"potentialAction\":[{\"@type\":\"ReadAction\",\"target\":[\"https:\/\/aeronoticias.com.pe\/noticiero\/politica\/en-ecuador-atribuyen-alta-votacion-de-ollanta-por-su-atencion-a-los-pobres\/\"]}]},{\"@type\":\"BreadcrumbList\",\"@id\":\"https:\/\/aeronoticias.com.pe\/noticiero\/politica\/en-ecuador-atribuyen-alta-votacion-de-ollanta-por-su-atencion-a-los-pobres\/#breadcrumb\",\"itemListElement\":[{\"@type\":\"ListItem\",\"position\":1,\"name\":\"Portada\",\"item\":\"https:\/\/aeronoticias.com.pe\/noticiero\/\"},{\"@type\":\"ListItem\",\"position\":2,\"name\":\"En Ecuador atribuyen alta votaci\u00f3n de Ollanta por su atenci\u00f3n a los pobres\"}]},{\"@type\":\"WebSite\",\"@id\":\"https:\/\/aeronoticias.com.pe\/noticiero\/#website\",\"url\":\"https:\/\/aeronoticias.com.pe\/noticiero\/\",\"name\":\"Aeronoticias.com.pe\",\"description\":\"Noticias de tranporte aereo, turismo, hoteles, gastronomia, actualidad, internacional\",\"potentialAction\":[{\"@type\":\"SearchAction\",\"target\":{\"@type\":\"EntryPoint\",\"urlTemplate\":\"https:\/\/aeronoticias.com.pe\/noticiero\/?s={search_term_string}\"},\"query-input\":{\"@type\":\"PropertyValueSpecification\",\"valueRequired\":true,\"valueName\":\"search_term_string\"}}],\"inLanguage\":\"es\"},{\"@type\":\"Person\",\"@id\":\"https:\/\/aeronoticias.com.pe\/noticiero\/#\/schema\/person\/fc1e5d578f4b62ba1cf7ac2bba1170a0\",\"name\":\"Redacci\u00f3n Aeronoticias\",\"url\":\"https:\/\/aeronoticias.com.pe\/noticiero\/author\/piloto\/\"}]}<\/script>\n<!-- \/ Yoast SEO plugin. -->","yoast_head_json":{"title":"En Ecuador atribuyen alta votaci\u00f3n de Ollanta por su atenci\u00f3n a los pobres","description":"Portal de noticias del Per\u00fa sobre el transporte a\u00e9reo, aviaci\u00f3n, turismo, hoteleria, actualidad.","robots":{"index":"index","follow":"follow","max-snippet":"max-snippet:-1","max-image-preview":"max-image-preview:large","max-video-preview":"max-video-preview:-1"},"canonical":"https:\/\/aeronoticias.com.pe\/noticiero\/politica\/en-ecuador-atribuyen-alta-votacion-de-ollanta-por-su-atencion-a-los-pobres\/","og_locale":"es_ES","og_type":"article","og_title":"En Ecuador atribuyen alta votaci\u00f3n de Ollanta por su atenci\u00f3n a los pobres","og_description":"Portal de noticias del Per\u00fa sobre el transporte a\u00e9reo, aviaci\u00f3n, turismo, hoteleria, actualidad.","og_url":"https:\/\/aeronoticias.com.pe\/noticiero\/politica\/en-ecuador-atribuyen-alta-votacion-de-ollanta-por-su-atencion-a-los-pobres\/","og_site_name":"Aeronoticias.com.pe","article_publisher":"https:\/\/www.facebook.com\/Aeronoticias.com.pe\/","article_published_time":"2011-04-19T14:39:32+00:00","author":"Redacci\u00f3n Aeronoticias","twitter_card":"summary_large_image","twitter_creator":"@aeronoticias","twitter_site":"@aeronoticias","twitter_misc":{"Escrito por":"Redacci\u00f3n Aeronoticias","Tiempo de lectura":"1 minuto"},"schema":{"@context":"https:\/\/schema.org","@graph":[{"@type":"WebPage","@id":"https:\/\/aeronoticias.com.pe\/noticiero\/politica\/en-ecuador-atribuyen-alta-votacion-de-ollanta-por-su-atencion-a-los-pobres\/","url":"https:\/\/aeronoticias.com.pe\/noticiero\/politica\/en-ecuador-atribuyen-alta-votacion-de-ollanta-por-su-atencion-a-los-pobres\/","name":"En Ecuador atribuyen alta votaci\u00f3n de Ollanta por su atenci\u00f3n a los pobres","isPartOf":{"@id":"https:\/\/aeronoticias.com.pe\/noticiero\/#website"},"datePublished":"2011-04-19T14:39:32+00:00","author":{"@id":"https:\/\/aeronoticias.com.pe\/noticiero\/#\/schema\/person\/fc1e5d578f4b62ba1cf7ac2bba1170a0"},"description":"Portal de noticias del Per\u00fa sobre el transporte a\u00e9reo, aviaci\u00f3n, turismo, hoteleria, actualidad.","breadcrumb":{"@id":"https:\/\/aeronoticias.com.pe\/noticiero\/politica\/en-ecuador-atribuyen-alta-votacion-de-ollanta-por-su-atencion-a-los-pobres\/#breadcrumb"},"inLanguage":"es","potentialAction":[{"@type":"ReadAction","target":["https:\/\/aeronoticias.com.pe\/noticiero\/politica\/en-ecuador-atribuyen-alta-votacion-de-ollanta-por-su-atencion-a-los-pobres\/"]}]},{"@type":"BreadcrumbList","@id":"https:\/\/aeronoticias.com.pe\/noticiero\/politica\/en-ecuador-atribuyen-alta-votacion-de-ollanta-por-su-atencion-a-los-pobres\/#breadcrumb","itemListElement":[{"@type":"ListItem","position":1,"name":"Portada","item":"https:\/\/aeronoticias.com.pe\/noticiero\/"},{"@type":"ListItem","position":2,"name":"En Ecuador atribuyen alta votaci\u00f3n de Ollanta por su atenci\u00f3n a los pobres"}]},{"@type":"WebSite","@id":"https:\/\/aeronoticias.com.pe\/noticiero\/#website","url":"https:\/\/aeronoticias.com.pe\/noticiero\/","name":"Aeronoticias.com.pe","description":"Noticias de tranporte aereo, turismo, hoteles, gastronomia, actualidad, internacional","potentialAction":[{"@type":"SearchAction","target":{"@type":"EntryPoint","urlTemplate":"https:\/\/aeronoticias.com.pe\/noticiero\/?s={search_term_string}"},"query-input":{"@type":"PropertyValueSpecification","valueRequired":true,"valueName":"search_term_string"}}],"inLanguage":"es"},{"@type":"Person","@id":"https:\/\/aeronoticias.com.pe\/noticiero\/#\/schema\/person\/fc1e5d578f4b62ba1cf7ac2bba1170a0","name":"Redacci\u00f3n Aeronoticias","url":"https:\/\/aeronoticias.com.pe\/noticiero\/author\/piloto\/"}]}},"_links":{"self":[{"href":"https:\/\/aeronoticias.com.pe\/noticiero\/wp-json\/wp\/v2\/posts\/16725","targetHints":{"allow":["GET"]}}],"collection":[{"href":"https:\/\/aeronoticias.com.pe\/noticiero\/wp-json\/wp\/v2\/posts"}],"about":[{"href":"https:\/\/aeronoticias.com.pe\/noticiero\/wp-json\/wp\/v2\/types\/post"}],"author":[{"embeddable":true,"href":"https:\/\/aeronoticias.com.pe\/noticiero\/wp-json\/wp\/v2\/users\/1"}],"replies":[{"embeddable":true,"href":"https:\/\/aeronoticias.com.pe\/noticiero\/wp-json\/wp\/v2\/comments?post=16725"}],"version-history":[{"count":0,"href":"https:\/\/aeronoticias.com.pe\/noticiero\/wp-json\/wp\/v2\/posts\/16725\/revisions"}],"wp:attachment":[{"href":"https:\/\/aeronoticias.com.pe\/noticiero\/wp-json\/wp\/v2\/media?parent=16725"}],"wp:term":[{"taxonomy":"category","embeddable":true,"href":"https:\/\/aeronoticias.com.pe\/noticiero\/wp-json\/wp\/v2\/categories?post=16725"},{"taxonomy":"post_tag","embeddable":true,"href":"https:\/\/aeronoticias.com.pe\/noticiero\/wp-json\/wp\/v2\/tags?post=16725"}],"curies":[{"name":"wp","href":"https:\/\/api.w.org\/{rel}","templated":true}]}}