{"id":16726,"date":"2011-04-20T14:53:00","date_gmt":"2011-04-20T14:53:00","guid":{"rendered":"http:\/\/desarrollo.mcvicious.com\/aero2020\/2011\/04\/20\/lineas-aereas-realizaron-almuerzo-en-homenaje-a-carlos-palacin-fernandez\/"},"modified":"2011-04-20T14:53:00","modified_gmt":"2011-04-20T14:53:00","slug":"lineas-aereas-realizaron-almuerzo-en-homenaje-a-carlos-palacin-fernandez","status":"publish","type":"post","link":"https:\/\/aeronoticias.com.pe\/noticiero\/institucionales\/eventos\/lineas-aereas-realizaron-almuerzo-en-homenaje-a-carlos-palacin-fernandez\/","title":{"rendered":"L\u00edneas a\u00e9reas realizaron almuerzo en homenaje a Carlos Palacin Fern\u00e1ndez"},"content":{"rendered":"<p style=\"text-align: justify;\"><strong>(Aeronoticias).-<\/strong> En el centro empresarial de San Isidro, los gremios del transporte a\u00e9reo y turismo y los representantes de las l\u00edneas a\u00e9reas nacionales y ex directores de aeron\u00e1utica civil del Ministerio de Transportes se reunieron para celebrar el cumplea\u00f1os N\u00ba\u00a0 78 de <strong>Carlos Palacin Fern\u00e1ndez <\/strong>ex presidente de la Asociaci\u00f3n Peruana de Empresas A\u00e9reas \u2013 APEA- y de Aerocondor y reconocido l\u00edder empresarial que ha luchado por el sector durante m\u00e1s de 60 a\u00f1os.<\/p>\n<p><strong>Carlos Palacin Fern\u00e1ndez<\/strong> CPF fue el fundador y presidente de la Asociaci\u00f3n Peruana de Empresas A\u00e9reas en 1979, gremio que representa los intereses de las l\u00edneas a\u00e9reas peruanas que vienen prestando servicio de transporte a\u00e9reo regular y no regular, en forma segura y eficiente y econ\u00f3mica en el espacio a\u00e9reo peruano.<\/p>\n<p>  <!--more-->  <\/p>\n<p style=\"text-align: justify;\">CPF particip\u00f3 en representaci\u00f3n de la APEA en los debates de las leyes de aeron\u00e1utica civil N\u00ba 24882, 1988, y 27261 en el 2000, en el Congreso de la Rep\u00fablica del Per\u00fa, lider\u00f3 la defensa de los empresarios de aviaci\u00f3n en el Per\u00fa para lograr la evoluci\u00f3n del pensamiento gubernamental para que se entienda que el transporte a\u00e9reo es un sector estrat\u00e9gico en la consecuci\u00f3n de los grandes objetivos nacionales.<\/p>\n<p>Despu\u00e9s de Elmer Faucett que es el m\u00e1s importante empresario de aviaci\u00f3n en la historia del Per\u00fa <strong>Carlos Palacin Fern\u00e1ndez<\/strong> ha hecho aviaci\u00f3n civil, pa\u00eds desde que se inici\u00f3 fumigando las haciendas en 1975 hasta fundar Aerotaxi Palacin, hoy Travel Air que presta servicios tur\u00edsticos a las l\u00edneas de Nasca, Aerocondor que lleg\u00f3 a transportar 3 millones de pasajeros en rutas nacionales y 2 millones de turistas a las l\u00edneas de Nasca.<\/p>\n<p><strong>Hoy sus esfuerzos han permitido una alianza estrat\u00e9gica con la prestigiosa Universidad Alas Peruanas que tiene como Rector al Dr. Ram\u00edrez Prado, esta instituci\u00f3n educativa que viene haciendo aviaci\u00f3n en el Per\u00fa es la nueva propietaria del aer\u00f3dromo Las Dunas de Ica que durante las \u00faltimas tres d\u00e9cadas desarrollara el ex propietario de este aer\u00f3dromo y pionero tambi\u00e9n en el desarrollo de la infraestructura aeroportuaria Carlos Palacin Fern\u00e1ndez y que hoy sigue con sus principios e ideales y sue\u00f1os haciendo aviaci\u00f3n civil en el Per\u00fa. <\/strong><\/p>\n<p>Entre las personalidades presentes cabe destacar a <strong>Daniel Ratti <\/strong>presidente de TACA PER\u00da, <strong>Emilio Rodr\u00edguez Larrain<\/strong> presidente de LAN PER\u00da,<strong> Carlos Canales<\/strong>, presidente de CANATUR, <strong>Javier Carulla<\/strong> presidente de la Asociaci\u00f3n Peruana de Empresas A\u00e9reas, APEA &#8211; y gerente general de ATSA, <strong>Roberto Rodr\u00edguez Galloso<\/strong> ex director de Aeron\u00e1utica Civil \u2013 DGAC del Ministerio de Transportes y Comunicaciones del Per\u00fa y <strong>Juan Carlos Pavic<\/strong> ex funcionario de la DGAC del Per\u00fa,<strong> Patricia Siles<\/strong> ex presidente de AETAE, <strong>Gabriel Mohanna,<\/strong> asesor legal de la APEA,<strong> Adriana Carbonell <\/strong>representante de la IATA, <strong>Alexander Perkun<\/strong>, presidente de Trans Air, <strong>John Elliot del Campo<\/strong>, presidente de la Asociaci\u00f3n Peruana de Aviaci\u00f3n Civil y <strong>Edgardo S\u00e1nchez<\/strong> en representaci\u00f3n del Rector de la Universidad Alas Peruanas Dr.<strong> Fidel Ram\u00edrez Prado.<\/strong><\/p>\n<p>En el almuerzo los gremios y las l\u00edneas a\u00e9reas le dieron al homenajeado <strong>Carlos Palacin Fern\u00e1ndez<\/strong> un plato recordatorio que es el s\u00edmbolo de su lucha por el desarrollo del sector empresarial aerocomercial que tambi\u00e9n ha permitido durante d\u00e9cadas la formaci\u00f3n de cientos de pilotos en la desaparecida l\u00ednea a\u00e9rea Aerocondor.<\/p>\n<p><strong>Aeronoticias <\/strong>se suma a este homenaje que es la prueba que en el Per\u00fa los empresarios de aviaci\u00f3n herederos de los principios y la gloria de Elmer Faucett siguen trazando las rutas de la aviaci\u00f3n civil lo que nos hace recordar los pueblos que tienen memoria hacen futuro y en este almuerzo se reconoci\u00f3 d\u00e9cadas de esfuerzo de trabajo, de sacrificio de un hombre como <strong>Carlos Palacin Fern\u00e1ndez<\/strong>, cuya biograf\u00eda est\u00e1 inscrita en el quinto Tomo de la Historia de la Aviaci\u00f3n Civil que publicara hace algunos a\u00f1os el desaparecido historiador Alberto Fern\u00e1ndez Prada Effio, recordado ex presidente de la Academia de Historia Aeron\u00e1utica del Per\u00fa.<\/p>\n<p style=\"text-align: justify;\"><strong>Por Raymundo Hurtado Mart\u00ednez<\/strong><\/p>\n<p style=\"text-align: justify;\"><img decoding=\"async\" class=\"caption\" src=\"images\/stories\/11\/04\/190411\/homenaje_carlos_palacin.jpg\" border=\"0\" alt=\"Adriana Carbonell; Alvaro Carulla, Presidente de APEA; Roberto Rodr\u00edguez; Patricia Siles; Gabriel Mohanna; en momentos que se realiza la entrega del plato recordatorio a Carlos Palac\u00edn.\" title=\"Adriana Carbonell; Alvaro Carulla, Presidente de APEA; Roberto Rodr\u00edguez; Patricia Siles; Gabriel Mohanna; en momentos que se realiza la entrega del plato recordatorio a Carlos Palac\u00edn.\" \/><\/p>\n<p><img decoding=\"async\" src=\"images\/stories\/11\/04\/190411\/foto.jpg\" border=\"0\" alt=\"L\u00edneas a\u00e9reas realizaron almuerzo en homenaje a Carlos Palacin Fern\u00e1ndez\" title=\"L\u00edneas a\u00e9reas realizaron almuerzo en homenaje a Carlos Palacin Fern\u00e1ndez\" \/><\/p>\n<p style=\"text-align: justify;\"><img decoding=\"async\" src=\"images\/stories\/11\/04\/190411\/foto_01 copia.jpg\" border=\"0\" \/><\/p>\n<p style=\"text-align: justify;\"><img decoding=\"async\" src=\"images\/stories\/11\/04\/190411\/foto_02 copia.jpg\" border=\"0\" \/><\/p>\n<p style=\"text-align: justify;\"><img decoding=\"async\" src=\"images\/stories\/11\/04\/190411\/foto_03 copia.jpg\" border=\"0\" \/><\/p>\n<p style=\"text-align: justify;\"><img decoding=\"async\" src=\"images\/stories\/11\/04\/190411\/foto_04 copia.jpg\" border=\"0\" \/><\/p>\n<p style=\"text-align: justify;\"><img decoding=\"async\" src=\"images\/stories\/11\/04\/190411\/foto_06 copia.jpg\" border=\"0\" \/><\/p>\n<p style=\"text-align: justify;\"><img decoding=\"async\" src=\"images\/stories\/11\/04\/190411\/foto_07 copia.jpg\" border=\"0\" \/><\/p>\n<p style=\"text-align: justify;\"><img decoding=\"async\" src=\"images\/stories\/11\/04\/190411\/foto_08 copia.jpg\" border=\"0\" \/><\/p>\n<p style=\"text-align: justify;\"><img decoding=\"async\" src=\"images\/stories\/11\/04\/190411\/foto_09 copia.jpg\" border=\"0\" \/><\/p>\n","protected":false},"excerpt":{"rendered":"<p>(Aeronoticias).- En el centro empresarial de San Isidro, los gremios del transporte a\u00e9reo y turismo y los representantes de las l\u00edneas a\u00e9reas nacionales y ex directores de aeron\u00e1utica civil del Ministerio de Transportes se reunieron para celebrar el cumplea\u00f1os N\u00ba\u00a0 78 de Carlos Palacin Fern\u00e1ndez ex presidente de la Asociaci\u00f3n Peruana de Empresas A\u00e9reas \u2013 [&hellip;]<\/p>\n","protected":false},"author":1,"featured_media":0,"comment_status":"open","ping_status":"open","sticky":false,"template":"","format":"standard","meta":{"tdm_status":"","tdm_grid_status":"","footnotes":""},"categories":[45],"tags":[],"class_list":{"0":"post-16726","1":"post","2":"type-post","3":"status-publish","4":"format-standard","6":"category-eventos"},"yoast_head":"<!-- This site is optimized with the Yoast SEO plugin v25.1 - https:\/\/yoast.com\/wordpress\/plugins\/seo\/ -->\n<title>L\u00edneas a\u00e9reas realizaron almuerzo en homenaje a Carlos Palacin Fern\u00e1ndez<\/title>\n<meta name=\"description\" content=\"Portal de noticias del Per\u00fa sobre el transporte a\u00e9reo, aviaci\u00f3n, turismo, hoteleria, actualidad.\" \/>\n<meta name=\"robots\" content=\"index, follow, max-snippet:-1, max-image-preview:large, max-video-preview:-1\" \/>\n<link rel=\"canonical\" href=\"https:\/\/aeronoticias.com.pe\/noticiero\/institucionales\/eventos\/lineas-aereas-realizaron-almuerzo-en-homenaje-a-carlos-palacin-fernandez\/\" \/>\n<meta property=\"og:locale\" content=\"es_ES\" \/>\n<meta property=\"og:type\" content=\"article\" \/>\n<meta property=\"og:title\" content=\"L\u00edneas a\u00e9reas realizaron almuerzo en homenaje a Carlos Palacin Fern\u00e1ndez\" \/>\n<meta property=\"og:description\" content=\"Portal de noticias del Per\u00fa sobre el transporte a\u00e9reo, aviaci\u00f3n, turismo, hoteleria, actualidad.\" \/>\n<meta property=\"og:url\" content=\"https:\/\/aeronoticias.com.pe\/noticiero\/institucionales\/eventos\/lineas-aereas-realizaron-almuerzo-en-homenaje-a-carlos-palacin-fernandez\/\" \/>\n<meta property=\"og:site_name\" content=\"Aeronoticias.com.pe\" \/>\n<meta property=\"article:publisher\" content=\"https:\/\/www.facebook.com\/Aeronoticias.com.pe\/\" \/>\n<meta property=\"article:published_time\" content=\"2011-04-20T14:53:00+00:00\" \/>\n<meta name=\"author\" content=\"Redacci\u00f3n Aeronoticias\" \/>\n<meta name=\"twitter:card\" content=\"summary_large_image\" \/>\n<meta name=\"twitter:creator\" content=\"@aeronoticias\" \/>\n<meta name=\"twitter:site\" content=\"@aeronoticias\" \/>\n<meta name=\"twitter:label1\" content=\"Escrito por\" \/>\n\t<meta name=\"twitter:data1\" content=\"Redacci\u00f3n Aeronoticias\" \/>\n\t<meta name=\"twitter:label2\" content=\"Tiempo de lectura\" \/>\n\t<meta name=\"twitter:data2\" content=\"4 minutos\" \/>\n<script type=\"application\/ld+json\" class=\"yoast-schema-graph\">{\"@context\":\"https:\/\/schema.org\",\"@graph\":[{\"@type\":\"WebPage\",\"@id\":\"https:\/\/aeronoticias.com.pe\/noticiero\/institucionales\/eventos\/lineas-aereas-realizaron-almuerzo-en-homenaje-a-carlos-palacin-fernandez\/\",\"url\":\"https:\/\/aeronoticias.com.pe\/noticiero\/institucionales\/eventos\/lineas-aereas-realizaron-almuerzo-en-homenaje-a-carlos-palacin-fernandez\/\",\"name\":\"L\u00edneas a\u00e9reas realizaron almuerzo en homenaje a Carlos Palacin Fern\u00e1ndez\",\"isPartOf\":{\"@id\":\"https:\/\/aeronoticias.com.pe\/noticiero\/#website\"},\"datePublished\":\"2011-04-20T14:53:00+00:00\",\"author\":{\"@id\":\"https:\/\/aeronoticias.com.pe\/noticiero\/#\/schema\/person\/fc1e5d578f4b62ba1cf7ac2bba1170a0\"},\"description\":\"Portal de noticias del Per\u00fa sobre el transporte a\u00e9reo, aviaci\u00f3n, turismo, hoteleria, actualidad.\",\"breadcrumb\":{\"@id\":\"https:\/\/aeronoticias.com.pe\/noticiero\/institucionales\/eventos\/lineas-aereas-realizaron-almuerzo-en-homenaje-a-carlos-palacin-fernandez\/#breadcrumb\"},\"inLanguage\":\"es\",\"potentialAction\":[{\"@type\":\"ReadAction\",\"target\":[\"https:\/\/aeronoticias.com.pe\/noticiero\/institucionales\/eventos\/lineas-aereas-realizaron-almuerzo-en-homenaje-a-carlos-palacin-fernandez\/\"]}]},{\"@type\":\"BreadcrumbList\",\"@id\":\"https:\/\/aeronoticias.com.pe\/noticiero\/institucionales\/eventos\/lineas-aereas-realizaron-almuerzo-en-homenaje-a-carlos-palacin-fernandez\/#breadcrumb\",\"itemListElement\":[{\"@type\":\"ListItem\",\"position\":1,\"name\":\"Portada\",\"item\":\"https:\/\/aeronoticias.com.pe\/noticiero\/\"},{\"@type\":\"ListItem\",\"position\":2,\"name\":\"L\u00edneas a\u00e9reas realizaron almuerzo en homenaje a Carlos Palacin Fern\u00e1ndez\"}]},{\"@type\":\"WebSite\",\"@id\":\"https:\/\/aeronoticias.com.pe\/noticiero\/#website\",\"url\":\"https:\/\/aeronoticias.com.pe\/noticiero\/\",\"name\":\"Aeronoticias.com.pe\",\"description\":\"Noticias de tranporte aereo, turismo, hoteles, gastronomia, actualidad, internacional\",\"potentialAction\":[{\"@type\":\"SearchAction\",\"target\":{\"@type\":\"EntryPoint\",\"urlTemplate\":\"https:\/\/aeronoticias.com.pe\/noticiero\/?s={search_term_string}\"},\"query-input\":{\"@type\":\"PropertyValueSpecification\",\"valueRequired\":true,\"valueName\":\"search_term_string\"}}],\"inLanguage\":\"es\"},{\"@type\":\"Person\",\"@id\":\"https:\/\/aeronoticias.com.pe\/noticiero\/#\/schema\/person\/fc1e5d578f4b62ba1cf7ac2bba1170a0\",\"name\":\"Redacci\u00f3n Aeronoticias\",\"url\":\"https:\/\/aeronoticias.com.pe\/noticiero\/author\/piloto\/\"}]}<\/script>\n<!-- \/ Yoast SEO plugin. -->","yoast_head_json":{"title":"L\u00edneas a\u00e9reas realizaron almuerzo en homenaje a Carlos Palacin Fern\u00e1ndez","description":"Portal de noticias del Per\u00fa sobre el transporte a\u00e9reo, aviaci\u00f3n, turismo, hoteleria, actualidad.","robots":{"index":"index","follow":"follow","max-snippet":"max-snippet:-1","max-image-preview":"max-image-preview:large","max-video-preview":"max-video-preview:-1"},"canonical":"https:\/\/aeronoticias.com.pe\/noticiero\/institucionales\/eventos\/lineas-aereas-realizaron-almuerzo-en-homenaje-a-carlos-palacin-fernandez\/","og_locale":"es_ES","og_type":"article","og_title":"L\u00edneas a\u00e9reas realizaron almuerzo en homenaje a Carlos Palacin Fern\u00e1ndez","og_description":"Portal de noticias del Per\u00fa sobre el transporte a\u00e9reo, aviaci\u00f3n, turismo, hoteleria, actualidad.","og_url":"https:\/\/aeronoticias.com.pe\/noticiero\/institucionales\/eventos\/lineas-aereas-realizaron-almuerzo-en-homenaje-a-carlos-palacin-fernandez\/","og_site_name":"Aeronoticias.com.pe","article_publisher":"https:\/\/www.facebook.com\/Aeronoticias.com.pe\/","article_published_time":"2011-04-20T14:53:00+00:00","author":"Redacci\u00f3n Aeronoticias","twitter_card":"summary_large_image","twitter_creator":"@aeronoticias","twitter_site":"@aeronoticias","twitter_misc":{"Escrito por":"Redacci\u00f3n Aeronoticias","Tiempo de lectura":"4 minutos"},"schema":{"@context":"https:\/\/schema.org","@graph":[{"@type":"WebPage","@id":"https:\/\/aeronoticias.com.pe\/noticiero\/institucionales\/eventos\/lineas-aereas-realizaron-almuerzo-en-homenaje-a-carlos-palacin-fernandez\/","url":"https:\/\/aeronoticias.com.pe\/noticiero\/institucionales\/eventos\/lineas-aereas-realizaron-almuerzo-en-homenaje-a-carlos-palacin-fernandez\/","name":"L\u00edneas a\u00e9reas realizaron almuerzo en homenaje a Carlos Palacin Fern\u00e1ndez","isPartOf":{"@id":"https:\/\/aeronoticias.com.pe\/noticiero\/#website"},"datePublished":"2011-04-20T14:53:00+00:00","author":{"@id":"https:\/\/aeronoticias.com.pe\/noticiero\/#\/schema\/person\/fc1e5d578f4b62ba1cf7ac2bba1170a0"},"description":"Portal de noticias del Per\u00fa sobre el transporte a\u00e9reo, aviaci\u00f3n, turismo, hoteleria, actualidad.","breadcrumb":{"@id":"https:\/\/aeronoticias.com.pe\/noticiero\/institucionales\/eventos\/lineas-aereas-realizaron-almuerzo-en-homenaje-a-carlos-palacin-fernandez\/#breadcrumb"},"inLanguage":"es","potentialAction":[{"@type":"ReadAction","target":["https:\/\/aeronoticias.com.pe\/noticiero\/institucionales\/eventos\/lineas-aereas-realizaron-almuerzo-en-homenaje-a-carlos-palacin-fernandez\/"]}]},{"@type":"BreadcrumbList","@id":"https:\/\/aeronoticias.com.pe\/noticiero\/institucionales\/eventos\/lineas-aereas-realizaron-almuerzo-en-homenaje-a-carlos-palacin-fernandez\/#breadcrumb","itemListElement":[{"@type":"ListItem","position":1,"name":"Portada","item":"https:\/\/aeronoticias.com.pe\/noticiero\/"},{"@type":"ListItem","position":2,"name":"L\u00edneas a\u00e9reas realizaron almuerzo en homenaje a Carlos Palacin Fern\u00e1ndez"}]},{"@type":"WebSite","@id":"https:\/\/aeronoticias.com.pe\/noticiero\/#website","url":"https:\/\/aeronoticias.com.pe\/noticiero\/","name":"Aeronoticias.com.pe","description":"Noticias de tranporte aereo, turismo, hoteles, gastronomia, actualidad, internacional","potentialAction":[{"@type":"SearchAction","target":{"@type":"EntryPoint","urlTemplate":"https:\/\/aeronoticias.com.pe\/noticiero\/?s={search_term_string}"},"query-input":{"@type":"PropertyValueSpecification","valueRequired":true,"valueName":"search_term_string"}}],"inLanguage":"es"},{"@type":"Person","@id":"https:\/\/aeronoticias.com.pe\/noticiero\/#\/schema\/person\/fc1e5d578f4b62ba1cf7ac2bba1170a0","name":"Redacci\u00f3n Aeronoticias","url":"https:\/\/aeronoticias.com.pe\/noticiero\/author\/piloto\/"}]}},"_links":{"self":[{"href":"https:\/\/aeronoticias.com.pe\/noticiero\/wp-json\/wp\/v2\/posts\/16726","targetHints":{"allow":["GET"]}}],"collection":[{"href":"https:\/\/aeronoticias.com.pe\/noticiero\/wp-json\/wp\/v2\/posts"}],"about":[{"href":"https:\/\/aeronoticias.com.pe\/noticiero\/wp-json\/wp\/v2\/types\/post"}],"author":[{"embeddable":true,"href":"https:\/\/aeronoticias.com.pe\/noticiero\/wp-json\/wp\/v2\/users\/1"}],"replies":[{"embeddable":true,"href":"https:\/\/aeronoticias.com.pe\/noticiero\/wp-json\/wp\/v2\/comments?post=16726"}],"version-history":[{"count":0,"href":"https:\/\/aeronoticias.com.pe\/noticiero\/wp-json\/wp\/v2\/posts\/16726\/revisions"}],"wp:attachment":[{"href":"https:\/\/aeronoticias.com.pe\/noticiero\/wp-json\/wp\/v2\/media?parent=16726"}],"wp:term":[{"taxonomy":"category","embeddable":true,"href":"https:\/\/aeronoticias.com.pe\/noticiero\/wp-json\/wp\/v2\/categories?post=16726"},{"taxonomy":"post_tag","embeddable":true,"href":"https:\/\/aeronoticias.com.pe\/noticiero\/wp-json\/wp\/v2\/tags?post=16726"}],"curies":[{"name":"wp","href":"https:\/\/api.w.org\/{rel}","templated":true}]}}