{"id":16733,"date":"2011-04-19T18:23:14","date_gmt":"2011-04-19T18:23:14","guid":{"rendered":"http:\/\/desarrollo.mcvicious.com\/aero2020\/2011\/04\/19\/carlos-bruce-renuncia-a-peru-posible\/"},"modified":"2011-04-19T18:23:14","modified_gmt":"2011-04-19T18:23:14","slug":"carlos-bruce-renuncia-a-peru-posible","status":"publish","type":"post","link":"https:\/\/aeronoticias.com.pe\/noticiero\/ultimas\/1\/carlos-bruce-renuncia-a-peru-posible\/","title":{"rendered":"Carlos Bruce y Javier Re\u00e1tegui renuncian a Per\u00fa Posible"},"content":{"rendered":"<p style=\"text-align: justify;\"><strong>(Aeronoticias).-<\/strong> El congresista electo Carlos Bruce renunci\u00f3 de manera irrevocable a la dirigencia de Per\u00fa Posible (PP), adem\u00e1s lo hizo tambi\u00e9n el secretario general de dicho partido, Javier Re\u00e1tegui, luego de la derrota del candidato Alejandro Toledo en las elecciones presidenciales.<\/p>\n<p>Bruce afirm\u00f3 que desconoce la opini\u00f3n de Toledo sobre su alejamiento ya que no ha podido conversar con \u00e9l. Indic\u00f3 que se mantendr\u00e1 en la militancia, en una entrevista con RPP.<\/p>\n<p style=\"text-align: justify;\">Explic\u00f3 que adopt\u00f3 esta decisi\u00f3n asumiendo su responsabilidad en el fracaso de las elecciones, como jefe de campa\u00f1a del partido, y para permitir que haya una restructuraci\u00f3n de la dirigencia.<\/p>\n<p>  <!--more-->  <\/p>\n<p style=\"text-align: justify;\">\u201cHe renunciado de manera irrevocable a cualquier cargo directivo en Per\u00fa Posible, pero me mantengo en el partido como un militante m\u00e1s para trabajar en mi bancada que tiene un rol importante en el Congreso para equilibrar las fuerzas de los dos candidatos en contienda\u201d, expres\u00f3.<\/p>\n<p>Adem\u00e1s dijo que, si bien no ha conversado a\u00fan con Toledo sobre esta decisi\u00f3n, neg\u00f3 que exista roce alguno con el l\u00edder de PP.<\/p>\n<p>Recomend\u00f3 a los nuevos dirigentes a adoptar una posici\u00f3n prudente sobre el candidato que apoyar\u00e1n en la segunda vuelta electoral y no dar se\u00f1ales equivocadas a los simpatizantes, sobretodo por haber dicho que Ollanta Humala era un \u201csalto al vac\u00edo\u201d.<\/p>\n<p>\u201cMe parece que el partido no puede tomar una decisi\u00f3n tan apresurada, hace unas semanas dec\u00edamos que Humala era un \u2018salto al vac\u00edo\u2019, no podemos ahora expresar nuestro apoyo\u201d, se\u00f1al\u00f3.<\/p>\n<p>En ese sentido, destac\u00f3 la posici\u00f3n de Toledo Manrique, quien en la v\u00edspera escribi\u00f3 en su Twitter \u201cNi con Ollanta ni con Keiko\u201d.<\/p>\n<p style=\"text-align: justify;\">Adem\u00e1s, hoy el secretario general de Per\u00fa Posible (PP) Javier Re\u00e1tegui inform\u00f3 que puso su cargo a disposici\u00f3n tras la derrota electoral del 10 de abril.<\/p>\n<p>Asever\u00f3 que propondr\u00e1 la conformaci\u00f3n de una comisi\u00f3n reorganizadora y espera que el Comit\u00e9 Ejecutivo Nacional (CEN) imite sus pasos.<\/p>\n<p>\u201cY si el secretario general pone (su cargo) a disposici\u00f3n, los dem\u00e1s secretarios nacionales igualmente pondr\u00e1n su cargo a disposici\u00f3n del presidente del partido y ejercemos mientras dure todo este proceso (hasta que se renueve la dirigencia)\u201d, expres\u00f3.<\/p>\n<p>Re\u00e1tegui estim\u00f3 adem\u00e1s que para agosto pr\u00f3ximo se llevar\u00e1 a cabo la elecci\u00f3n de los secretarios distritales y provinciales para luego elegir al nuevo CEN, inform\u00f3 a Andina.<\/p>\n<p><img decoding=\"async\" src=\"images\/stories\/11\/04\/190411\/renuncia_bruce_reategui.jpg\" border=\"0\" alt=\"Carlos Bruce y Javier Re\u00e1tegui renuncian a Per\u00fa Posible\" title=\"Carlos Bruce y Javier Re\u00e1tegui renuncian a Per\u00fa Posible\" \/><\/p>\n","protected":false},"excerpt":{"rendered":"<p>(Aeronoticias).- El congresista electo Carlos Bruce renunci\u00f3 de manera irrevocable a la dirigencia de Per\u00fa Posible (PP), adem\u00e1s lo hizo tambi\u00e9n el secretario general de dicho partido, Javier Re\u00e1tegui, luego de la derrota del candidato Alejandro Toledo en las elecciones presidenciales. Bruce afirm\u00f3 que desconoce la opini\u00f3n de Toledo sobre su alejamiento ya que no [&hellip;]<\/p>\n","protected":false},"author":1,"featured_media":0,"comment_status":"open","ping_status":"open","sticky":false,"template":"","format":"standard","meta":{"tdm_status":"","tdm_grid_status":"","footnotes":""},"categories":[30],"tags":[],"class_list":{"0":"post-16733","1":"post","2":"type-post","3":"status-publish","4":"format-standard","6":"category-30"},"yoast_head":"<!-- This site is optimized with the Yoast SEO plugin v25.1 - https:\/\/yoast.com\/wordpress\/plugins\/seo\/ -->\n<title>Carlos Bruce y Javier Re\u00e1tegui renuncian a Per\u00fa Posible<\/title>\n<meta name=\"description\" content=\"Portal de noticias del Per\u00fa sobre el transporte a\u00e9reo, aviaci\u00f3n, turismo, hoteleria, actualidad.\" \/>\n<meta name=\"robots\" content=\"index, follow, max-snippet:-1, max-image-preview:large, max-video-preview:-1\" \/>\n<link rel=\"canonical\" href=\"https:\/\/aeronoticias.com.pe\/noticiero\/ultimas\/1\/carlos-bruce-renuncia-a-peru-posible\/\" \/>\n<meta property=\"og:locale\" content=\"es_ES\" \/>\n<meta property=\"og:type\" content=\"article\" \/>\n<meta property=\"og:title\" content=\"Carlos Bruce y Javier Re\u00e1tegui renuncian a Per\u00fa Posible\" \/>\n<meta property=\"og:description\" content=\"Portal de noticias del Per\u00fa sobre el transporte a\u00e9reo, aviaci\u00f3n, turismo, hoteleria, actualidad.\" \/>\n<meta property=\"og:url\" content=\"https:\/\/aeronoticias.com.pe\/noticiero\/ultimas\/1\/carlos-bruce-renuncia-a-peru-posible\/\" \/>\n<meta property=\"og:site_name\" content=\"Aeronoticias.com.pe\" \/>\n<meta property=\"article:publisher\" content=\"https:\/\/www.facebook.com\/Aeronoticias.com.pe\/\" \/>\n<meta property=\"article:published_time\" content=\"2011-04-19T18:23:14+00:00\" \/>\n<meta name=\"author\" content=\"Redacci\u00f3n Aeronoticias\" \/>\n<meta name=\"twitter:card\" content=\"summary_large_image\" \/>\n<meta name=\"twitter:creator\" content=\"@aeronoticias\" \/>\n<meta name=\"twitter:site\" content=\"@aeronoticias\" \/>\n<meta name=\"twitter:label1\" content=\"Escrito por\" \/>\n\t<meta name=\"twitter:data1\" content=\"Redacci\u00f3n Aeronoticias\" \/>\n\t<meta name=\"twitter:label2\" content=\"Tiempo de lectura\" \/>\n\t<meta name=\"twitter:data2\" content=\"2 minutos\" \/>\n<script type=\"application\/ld+json\" class=\"yoast-schema-graph\">{\"@context\":\"https:\/\/schema.org\",\"@graph\":[{\"@type\":\"WebPage\",\"@id\":\"https:\/\/aeronoticias.com.pe\/noticiero\/ultimas\/1\/carlos-bruce-renuncia-a-peru-posible\/\",\"url\":\"https:\/\/aeronoticias.com.pe\/noticiero\/ultimas\/1\/carlos-bruce-renuncia-a-peru-posible\/\",\"name\":\"Carlos Bruce y Javier Re\u00e1tegui renuncian a Per\u00fa Posible\",\"isPartOf\":{\"@id\":\"https:\/\/aeronoticias.com.pe\/noticiero\/#website\"},\"datePublished\":\"2011-04-19T18:23:14+00:00\",\"author\":{\"@id\":\"https:\/\/aeronoticias.com.pe\/noticiero\/#\/schema\/person\/fc1e5d578f4b62ba1cf7ac2bba1170a0\"},\"description\":\"Portal de noticias del Per\u00fa sobre el transporte a\u00e9reo, aviaci\u00f3n, turismo, hoteleria, actualidad.\",\"breadcrumb\":{\"@id\":\"https:\/\/aeronoticias.com.pe\/noticiero\/ultimas\/1\/carlos-bruce-renuncia-a-peru-posible\/#breadcrumb\"},\"inLanguage\":\"es\",\"potentialAction\":[{\"@type\":\"ReadAction\",\"target\":[\"https:\/\/aeronoticias.com.pe\/noticiero\/ultimas\/1\/carlos-bruce-renuncia-a-peru-posible\/\"]}]},{\"@type\":\"BreadcrumbList\",\"@id\":\"https:\/\/aeronoticias.com.pe\/noticiero\/ultimas\/1\/carlos-bruce-renuncia-a-peru-posible\/#breadcrumb\",\"itemListElement\":[{\"@type\":\"ListItem\",\"position\":1,\"name\":\"Portada\",\"item\":\"https:\/\/aeronoticias.com.pe\/noticiero\/\"},{\"@type\":\"ListItem\",\"position\":2,\"name\":\"Carlos Bruce y Javier Re\u00e1tegui renuncian a Per\u00fa Posible\"}]},{\"@type\":\"WebSite\",\"@id\":\"https:\/\/aeronoticias.com.pe\/noticiero\/#website\",\"url\":\"https:\/\/aeronoticias.com.pe\/noticiero\/\",\"name\":\"Aeronoticias.com.pe\",\"description\":\"Noticias de tranporte aereo, turismo, hoteles, gastronomia, actualidad, internacional\",\"potentialAction\":[{\"@type\":\"SearchAction\",\"target\":{\"@type\":\"EntryPoint\",\"urlTemplate\":\"https:\/\/aeronoticias.com.pe\/noticiero\/?s={search_term_string}\"},\"query-input\":{\"@type\":\"PropertyValueSpecification\",\"valueRequired\":true,\"valueName\":\"search_term_string\"}}],\"inLanguage\":\"es\"},{\"@type\":\"Person\",\"@id\":\"https:\/\/aeronoticias.com.pe\/noticiero\/#\/schema\/person\/fc1e5d578f4b62ba1cf7ac2bba1170a0\",\"name\":\"Redacci\u00f3n Aeronoticias\",\"url\":\"https:\/\/aeronoticias.com.pe\/noticiero\/author\/piloto\/\"}]}<\/script>\n<!-- \/ Yoast SEO plugin. -->","yoast_head_json":{"title":"Carlos Bruce y Javier Re\u00e1tegui renuncian a Per\u00fa Posible","description":"Portal de noticias del Per\u00fa sobre el transporte a\u00e9reo, aviaci\u00f3n, turismo, hoteleria, actualidad.","robots":{"index":"index","follow":"follow","max-snippet":"max-snippet:-1","max-image-preview":"max-image-preview:large","max-video-preview":"max-video-preview:-1"},"canonical":"https:\/\/aeronoticias.com.pe\/noticiero\/ultimas\/1\/carlos-bruce-renuncia-a-peru-posible\/","og_locale":"es_ES","og_type":"article","og_title":"Carlos Bruce y Javier Re\u00e1tegui renuncian a Per\u00fa Posible","og_description":"Portal de noticias del Per\u00fa sobre el transporte a\u00e9reo, aviaci\u00f3n, turismo, hoteleria, actualidad.","og_url":"https:\/\/aeronoticias.com.pe\/noticiero\/ultimas\/1\/carlos-bruce-renuncia-a-peru-posible\/","og_site_name":"Aeronoticias.com.pe","article_publisher":"https:\/\/www.facebook.com\/Aeronoticias.com.pe\/","article_published_time":"2011-04-19T18:23:14+00:00","author":"Redacci\u00f3n Aeronoticias","twitter_card":"summary_large_image","twitter_creator":"@aeronoticias","twitter_site":"@aeronoticias","twitter_misc":{"Escrito por":"Redacci\u00f3n Aeronoticias","Tiempo de lectura":"2 minutos"},"schema":{"@context":"https:\/\/schema.org","@graph":[{"@type":"WebPage","@id":"https:\/\/aeronoticias.com.pe\/noticiero\/ultimas\/1\/carlos-bruce-renuncia-a-peru-posible\/","url":"https:\/\/aeronoticias.com.pe\/noticiero\/ultimas\/1\/carlos-bruce-renuncia-a-peru-posible\/","name":"Carlos Bruce y Javier Re\u00e1tegui renuncian a Per\u00fa Posible","isPartOf":{"@id":"https:\/\/aeronoticias.com.pe\/noticiero\/#website"},"datePublished":"2011-04-19T18:23:14+00:00","author":{"@id":"https:\/\/aeronoticias.com.pe\/noticiero\/#\/schema\/person\/fc1e5d578f4b62ba1cf7ac2bba1170a0"},"description":"Portal de noticias del Per\u00fa sobre el transporte a\u00e9reo, aviaci\u00f3n, turismo, hoteleria, actualidad.","breadcrumb":{"@id":"https:\/\/aeronoticias.com.pe\/noticiero\/ultimas\/1\/carlos-bruce-renuncia-a-peru-posible\/#breadcrumb"},"inLanguage":"es","potentialAction":[{"@type":"ReadAction","target":["https:\/\/aeronoticias.com.pe\/noticiero\/ultimas\/1\/carlos-bruce-renuncia-a-peru-posible\/"]}]},{"@type":"BreadcrumbList","@id":"https:\/\/aeronoticias.com.pe\/noticiero\/ultimas\/1\/carlos-bruce-renuncia-a-peru-posible\/#breadcrumb","itemListElement":[{"@type":"ListItem","position":1,"name":"Portada","item":"https:\/\/aeronoticias.com.pe\/noticiero\/"},{"@type":"ListItem","position":2,"name":"Carlos Bruce y Javier Re\u00e1tegui renuncian a Per\u00fa Posible"}]},{"@type":"WebSite","@id":"https:\/\/aeronoticias.com.pe\/noticiero\/#website","url":"https:\/\/aeronoticias.com.pe\/noticiero\/","name":"Aeronoticias.com.pe","description":"Noticias de tranporte aereo, turismo, hoteles, gastronomia, actualidad, internacional","potentialAction":[{"@type":"SearchAction","target":{"@type":"EntryPoint","urlTemplate":"https:\/\/aeronoticias.com.pe\/noticiero\/?s={search_term_string}"},"query-input":{"@type":"PropertyValueSpecification","valueRequired":true,"valueName":"search_term_string"}}],"inLanguage":"es"},{"@type":"Person","@id":"https:\/\/aeronoticias.com.pe\/noticiero\/#\/schema\/person\/fc1e5d578f4b62ba1cf7ac2bba1170a0","name":"Redacci\u00f3n Aeronoticias","url":"https:\/\/aeronoticias.com.pe\/noticiero\/author\/piloto\/"}]}},"_links":{"self":[{"href":"https:\/\/aeronoticias.com.pe\/noticiero\/wp-json\/wp\/v2\/posts\/16733","targetHints":{"allow":["GET"]}}],"collection":[{"href":"https:\/\/aeronoticias.com.pe\/noticiero\/wp-json\/wp\/v2\/posts"}],"about":[{"href":"https:\/\/aeronoticias.com.pe\/noticiero\/wp-json\/wp\/v2\/types\/post"}],"author":[{"embeddable":true,"href":"https:\/\/aeronoticias.com.pe\/noticiero\/wp-json\/wp\/v2\/users\/1"}],"replies":[{"embeddable":true,"href":"https:\/\/aeronoticias.com.pe\/noticiero\/wp-json\/wp\/v2\/comments?post=16733"}],"version-history":[{"count":0,"href":"https:\/\/aeronoticias.com.pe\/noticiero\/wp-json\/wp\/v2\/posts\/16733\/revisions"}],"wp:attachment":[{"href":"https:\/\/aeronoticias.com.pe\/noticiero\/wp-json\/wp\/v2\/media?parent=16733"}],"wp:term":[{"taxonomy":"category","embeddable":true,"href":"https:\/\/aeronoticias.com.pe\/noticiero\/wp-json\/wp\/v2\/categories?post=16733"},{"taxonomy":"post_tag","embeddable":true,"href":"https:\/\/aeronoticias.com.pe\/noticiero\/wp-json\/wp\/v2\/tags?post=16733"}],"curies":[{"name":"wp","href":"https:\/\/api.w.org\/{rel}","templated":true}]}}