{"id":16737,"date":"2011-04-19T19:40:39","date_gmt":"2011-04-19T19:40:39","guid":{"rendered":"http:\/\/desarrollo.mcvicious.com\/aero2020\/2011\/04\/19\/air-france-y-klm-fortalecen-su-presencia-en-la-region-andina-y-centroamericana\/"},"modified":"2011-04-19T19:40:39","modified_gmt":"2011-04-19T19:40:39","slug":"air-france-y-klm-fortalecen-su-presencia-en-la-region-andina-y-centroamericana","status":"publish","type":"post","link":"https:\/\/aeronoticias.com.pe\/noticiero\/transporte-aereo\/internacional\/air-france-y-klm-fortalecen-su-presencia-en-la-region-andina-y-centroamericana\/","title":{"rendered":"Air France y KLM fortalecen su presencia en la Regi\u00f3n Andina y Centroamericana"},"content":{"rendered":"<p style=\"text-align: justify;\"><strong>(Aeronoticias).-<\/strong> AIR FRANCE y KLM ofrecen\u00a0 actualmente 32 vuelos semanales entre Europa y las capitales de la regi\u00f3n. Bogot\u00e1 y Caracas son operados por Air France en un vuelo diario, mientras que\u00a0 KLM cubre las rutas de Guayaquil, Quito con 5 vuelos semanales, Ciudad de Panam\u00e1 con 6 vuelos semanales, y la de Lima con un vuelo diario.<\/p>\n<p><img decoding=\"async\" src=\"images\/stories\/11\/04\/190411\/avionairfrance.jpg\" border=\"0\" alt=\"airfranceklm\" title=\"airfranceklm\" \/><\/p>\n<p>Dentro de su estrategia de fortalecimiento en la regi\u00f3n, Air France se enorgullece de contribuir a afianzar el intercambio cultural y comercial entre Francia y Per\u00fa, gracias a la apertura de la ruta Par\u00eds-Lima el pr\u00f3ximo 21 de junio. <\/p>\n<p>En Per\u00fa la presencia del grupo quedar\u00e1 configurada de la siguiente forma:<\/p>\n<p>Lima contar\u00e1 con 12 vuelos semanales a Europa y al mundo, gracias al vuelo diario que opera actualmente KLM a \u00c1msterdam en un B777-200 con capacidad para 318 pasajeros: 35 en World Business Class, 34 en Economy Confort \u2013 zona que ofrece mayor espacio entre las filas de sillas &#8211; y 249 en Economy Class. <\/p>\n<p>Por su parte, Air France operar\u00e1 5 vuelos semanales, igualmente en un B777-200, con capacidad para 309 pasajeros: 35 en Affaires, clase ejecutiva; 24 en Premium Voyageur, la nueva clase intermedia de Air France y 250 en Voyageur, clase econ\u00f3mica.<\/p>\n<p>El vuelo de Air France a Lima contar\u00e1 con el nuevo asiento Affaires, clase ejecutiva, que se convierte en una cama, pr\u00e1cticamente horizontal, de 2 metros de largo, una de las m\u00e1s largas del mercado, y 61 cm. de ancho. Esta nueva clase ejecutiva ofrecer\u00e1 mayor confort y facilidades de uso dentro de una cabina muy agradable que combina nuevos colores, tonos sutiles y rayas en un dise\u00f1o original. <\/p>\n<p>En Am\u00e9rica Latina, Air France y KLM ofrecen 93 vuelos semanales a 11 destinos en\u00a0 9 pa\u00edses.<br \/>Para Domingo De Cola, gerente regional, la expansi\u00f3n de Air France y KLM en los Pa\u00edses Andinos y Centroamericanos, brindar\u00e1 mayores ventajas a los clientes en materia de destinos, frecuencias y tarifas gracias a la complementariedad de las redes a\u00e9reas y a la estrategia de doble hub, Paris-Charles de Gaulle y \u00c1msterdam-Schiphol.<\/p>\n<p>AIR FRANCE KLM, la fusi\u00f3n entre AIR FRANCE y KLM en 2004 posiciona al grupo como uno de l\u00edderes del transporte a\u00e9reo europeo, Sus principales actividades son el transporte de pasajeros, de carga y el mantenimiento de aeronaves. Durante el a\u00f1o IATA 2009-2010, AIR FRANCE KLM transport\u00f3 71.4 millones de pasajeros. <\/p>\n<p>La flota del grupo cuenta con m\u00e1s de 558 aviones, incluyendo 192 aviones regionales operados por sus filiales Brit Air, Cit Jet y KLM Cityhopper. Su extensa red a\u00e9rea ofrece vuelos a 244 destinos en 106 pa\u00edses desde sus hubs de Paris-Charles de Gaulle y \u00c1msterdam \u2013<\/p>\n<p>Schiphol. El programa de viajero frecuente Flying Blue, l\u00edder en Europa, y cuenta con m\u00e1s de 17 millones de socios.<br \/>Junto con sus socios Delta y Alitalia, AIR FRANCE y KLM operan la mayor Joint Venture trasatl\u00e1ntica ofreciendo cerca de 250 vuelos diarios.<br \/>AIR FRANCE y KLM son socios de la alianza SkyTeam que reune 13 aerol\u00edneas socias\u00a0 que ofrecen a sus clientes acceso a una vasta red global de m\u00e1s de 12.500 vuelos diarios a 898 destinos en 169 pa\u00edses. <\/p>\n<p>En Am\u00e9rica Latina, Air France y KLM ofrecen 93 vuelos semanales a 11 destinos en\u00a0 9 pa\u00edses.<\/p>\n","protected":false},"excerpt":{"rendered":"<p>(Aeronoticias).- AIR FRANCE y KLM ofrecen\u00a0 actualmente 32 vuelos semanales entre Europa y las capitales de la regi\u00f3n. Bogot\u00e1 y Caracas son operados por Air France en un vuelo diario, mientras que\u00a0 KLM cubre las rutas de Guayaquil, Quito con 5 vuelos semanales, Ciudad de Panam\u00e1 con 6 vuelos semanales, y la de Lima con [&hellip;]<\/p>\n","protected":false},"author":1,"featured_media":0,"comment_status":"open","ping_status":"open","sticky":false,"template":"","format":"standard","meta":{"tdm_status":"","tdm_grid_status":"","footnotes":""},"categories":[32],"tags":[],"class_list":{"0":"post-16737","1":"post","2":"type-post","3":"status-publish","4":"format-standard","6":"category-internacional"},"yoast_head":"<!-- This site is optimized with the Yoast SEO plugin v25.1 - https:\/\/yoast.com\/wordpress\/plugins\/seo\/ -->\n<title>Air France y KLM fortalecen su presencia en la Regi\u00f3n Andina y Centroamericana<\/title>\n<meta name=\"description\" content=\"Portal de noticias del Per\u00fa sobre el transporte a\u00e9reo, aviaci\u00f3n, turismo, hoteleria, actualidad.\" \/>\n<meta name=\"robots\" content=\"index, follow, max-snippet:-1, max-image-preview:large, max-video-preview:-1\" \/>\n<link rel=\"canonical\" href=\"https:\/\/aeronoticias.com.pe\/noticiero\/transporte-aereo\/internacional\/air-france-y-klm-fortalecen-su-presencia-en-la-region-andina-y-centroamericana\/\" \/>\n<meta property=\"og:locale\" content=\"es_ES\" \/>\n<meta property=\"og:type\" content=\"article\" \/>\n<meta property=\"og:title\" content=\"Air France y KLM fortalecen su presencia en la Regi\u00f3n Andina y Centroamericana\" \/>\n<meta property=\"og:description\" content=\"Portal de noticias del Per\u00fa sobre el transporte a\u00e9reo, aviaci\u00f3n, turismo, hoteleria, actualidad.\" \/>\n<meta property=\"og:url\" content=\"https:\/\/aeronoticias.com.pe\/noticiero\/transporte-aereo\/internacional\/air-france-y-klm-fortalecen-su-presencia-en-la-region-andina-y-centroamericana\/\" \/>\n<meta property=\"og:site_name\" content=\"Aeronoticias.com.pe\" \/>\n<meta property=\"article:publisher\" content=\"https:\/\/www.facebook.com\/Aeronoticias.com.pe\/\" \/>\n<meta property=\"article:published_time\" content=\"2011-04-19T19:40:39+00:00\" \/>\n<meta name=\"author\" content=\"Redacci\u00f3n Aeronoticias\" \/>\n<meta name=\"twitter:card\" content=\"summary_large_image\" \/>\n<meta name=\"twitter:creator\" content=\"@aeronoticias\" \/>\n<meta name=\"twitter:site\" content=\"@aeronoticias\" \/>\n<meta name=\"twitter:label1\" content=\"Escrito por\" \/>\n\t<meta name=\"twitter:data1\" content=\"Redacci\u00f3n Aeronoticias\" \/>\n\t<meta name=\"twitter:label2\" content=\"Tiempo de lectura\" \/>\n\t<meta name=\"twitter:data2\" content=\"3 minutos\" \/>\n<script type=\"application\/ld+json\" class=\"yoast-schema-graph\">{\"@context\":\"https:\/\/schema.org\",\"@graph\":[{\"@type\":\"WebPage\",\"@id\":\"https:\/\/aeronoticias.com.pe\/noticiero\/transporte-aereo\/internacional\/air-france-y-klm-fortalecen-su-presencia-en-la-region-andina-y-centroamericana\/\",\"url\":\"https:\/\/aeronoticias.com.pe\/noticiero\/transporte-aereo\/internacional\/air-france-y-klm-fortalecen-su-presencia-en-la-region-andina-y-centroamericana\/\",\"name\":\"Air France y KLM fortalecen su presencia en la Regi\u00f3n Andina y Centroamericana\",\"isPartOf\":{\"@id\":\"https:\/\/aeronoticias.com.pe\/noticiero\/#website\"},\"datePublished\":\"2011-04-19T19:40:39+00:00\",\"author\":{\"@id\":\"https:\/\/aeronoticias.com.pe\/noticiero\/#\/schema\/person\/fc1e5d578f4b62ba1cf7ac2bba1170a0\"},\"description\":\"Portal de noticias del Per\u00fa sobre el transporte a\u00e9reo, aviaci\u00f3n, turismo, hoteleria, actualidad.\",\"breadcrumb\":{\"@id\":\"https:\/\/aeronoticias.com.pe\/noticiero\/transporte-aereo\/internacional\/air-france-y-klm-fortalecen-su-presencia-en-la-region-andina-y-centroamericana\/#breadcrumb\"},\"inLanguage\":\"es\",\"potentialAction\":[{\"@type\":\"ReadAction\",\"target\":[\"https:\/\/aeronoticias.com.pe\/noticiero\/transporte-aereo\/internacional\/air-france-y-klm-fortalecen-su-presencia-en-la-region-andina-y-centroamericana\/\"]}]},{\"@type\":\"BreadcrumbList\",\"@id\":\"https:\/\/aeronoticias.com.pe\/noticiero\/transporte-aereo\/internacional\/air-france-y-klm-fortalecen-su-presencia-en-la-region-andina-y-centroamericana\/#breadcrumb\",\"itemListElement\":[{\"@type\":\"ListItem\",\"position\":1,\"name\":\"Portada\",\"item\":\"https:\/\/aeronoticias.com.pe\/noticiero\/\"},{\"@type\":\"ListItem\",\"position\":2,\"name\":\"Air France y KLM fortalecen su presencia en la Regi\u00f3n Andina y Centroamericana\"}]},{\"@type\":\"WebSite\",\"@id\":\"https:\/\/aeronoticias.com.pe\/noticiero\/#website\",\"url\":\"https:\/\/aeronoticias.com.pe\/noticiero\/\",\"name\":\"Aeronoticias.com.pe\",\"description\":\"Noticias de tranporte aereo, turismo, hoteles, gastronomia, actualidad, internacional\",\"potentialAction\":[{\"@type\":\"SearchAction\",\"target\":{\"@type\":\"EntryPoint\",\"urlTemplate\":\"https:\/\/aeronoticias.com.pe\/noticiero\/?s={search_term_string}\"},\"query-input\":{\"@type\":\"PropertyValueSpecification\",\"valueRequired\":true,\"valueName\":\"search_term_string\"}}],\"inLanguage\":\"es\"},{\"@type\":\"Person\",\"@id\":\"https:\/\/aeronoticias.com.pe\/noticiero\/#\/schema\/person\/fc1e5d578f4b62ba1cf7ac2bba1170a0\",\"name\":\"Redacci\u00f3n Aeronoticias\",\"url\":\"https:\/\/aeronoticias.com.pe\/noticiero\/author\/piloto\/\"}]}<\/script>\n<!-- \/ Yoast SEO plugin. -->","yoast_head_json":{"title":"Air France y KLM fortalecen su presencia en la Regi\u00f3n Andina y Centroamericana","description":"Portal de noticias del Per\u00fa sobre el transporte a\u00e9reo, aviaci\u00f3n, turismo, hoteleria, actualidad.","robots":{"index":"index","follow":"follow","max-snippet":"max-snippet:-1","max-image-preview":"max-image-preview:large","max-video-preview":"max-video-preview:-1"},"canonical":"https:\/\/aeronoticias.com.pe\/noticiero\/transporte-aereo\/internacional\/air-france-y-klm-fortalecen-su-presencia-en-la-region-andina-y-centroamericana\/","og_locale":"es_ES","og_type":"article","og_title":"Air France y KLM fortalecen su presencia en la Regi\u00f3n Andina y Centroamericana","og_description":"Portal de noticias del Per\u00fa sobre el transporte a\u00e9reo, aviaci\u00f3n, turismo, hoteleria, actualidad.","og_url":"https:\/\/aeronoticias.com.pe\/noticiero\/transporte-aereo\/internacional\/air-france-y-klm-fortalecen-su-presencia-en-la-region-andina-y-centroamericana\/","og_site_name":"Aeronoticias.com.pe","article_publisher":"https:\/\/www.facebook.com\/Aeronoticias.com.pe\/","article_published_time":"2011-04-19T19:40:39+00:00","author":"Redacci\u00f3n Aeronoticias","twitter_card":"summary_large_image","twitter_creator":"@aeronoticias","twitter_site":"@aeronoticias","twitter_misc":{"Escrito por":"Redacci\u00f3n Aeronoticias","Tiempo de lectura":"3 minutos"},"schema":{"@context":"https:\/\/schema.org","@graph":[{"@type":"WebPage","@id":"https:\/\/aeronoticias.com.pe\/noticiero\/transporte-aereo\/internacional\/air-france-y-klm-fortalecen-su-presencia-en-la-region-andina-y-centroamericana\/","url":"https:\/\/aeronoticias.com.pe\/noticiero\/transporte-aereo\/internacional\/air-france-y-klm-fortalecen-su-presencia-en-la-region-andina-y-centroamericana\/","name":"Air France y KLM fortalecen su presencia en la Regi\u00f3n Andina y Centroamericana","isPartOf":{"@id":"https:\/\/aeronoticias.com.pe\/noticiero\/#website"},"datePublished":"2011-04-19T19:40:39+00:00","author":{"@id":"https:\/\/aeronoticias.com.pe\/noticiero\/#\/schema\/person\/fc1e5d578f4b62ba1cf7ac2bba1170a0"},"description":"Portal de noticias del Per\u00fa sobre el transporte a\u00e9reo, aviaci\u00f3n, turismo, hoteleria, actualidad.","breadcrumb":{"@id":"https:\/\/aeronoticias.com.pe\/noticiero\/transporte-aereo\/internacional\/air-france-y-klm-fortalecen-su-presencia-en-la-region-andina-y-centroamericana\/#breadcrumb"},"inLanguage":"es","potentialAction":[{"@type":"ReadAction","target":["https:\/\/aeronoticias.com.pe\/noticiero\/transporte-aereo\/internacional\/air-france-y-klm-fortalecen-su-presencia-en-la-region-andina-y-centroamericana\/"]}]},{"@type":"BreadcrumbList","@id":"https:\/\/aeronoticias.com.pe\/noticiero\/transporte-aereo\/internacional\/air-france-y-klm-fortalecen-su-presencia-en-la-region-andina-y-centroamericana\/#breadcrumb","itemListElement":[{"@type":"ListItem","position":1,"name":"Portada","item":"https:\/\/aeronoticias.com.pe\/noticiero\/"},{"@type":"ListItem","position":2,"name":"Air France y KLM fortalecen su presencia en la Regi\u00f3n Andina y Centroamericana"}]},{"@type":"WebSite","@id":"https:\/\/aeronoticias.com.pe\/noticiero\/#website","url":"https:\/\/aeronoticias.com.pe\/noticiero\/","name":"Aeronoticias.com.pe","description":"Noticias de tranporte aereo, turismo, hoteles, gastronomia, actualidad, internacional","potentialAction":[{"@type":"SearchAction","target":{"@type":"EntryPoint","urlTemplate":"https:\/\/aeronoticias.com.pe\/noticiero\/?s={search_term_string}"},"query-input":{"@type":"PropertyValueSpecification","valueRequired":true,"valueName":"search_term_string"}}],"inLanguage":"es"},{"@type":"Person","@id":"https:\/\/aeronoticias.com.pe\/noticiero\/#\/schema\/person\/fc1e5d578f4b62ba1cf7ac2bba1170a0","name":"Redacci\u00f3n Aeronoticias","url":"https:\/\/aeronoticias.com.pe\/noticiero\/author\/piloto\/"}]}},"_links":{"self":[{"href":"https:\/\/aeronoticias.com.pe\/noticiero\/wp-json\/wp\/v2\/posts\/16737","targetHints":{"allow":["GET"]}}],"collection":[{"href":"https:\/\/aeronoticias.com.pe\/noticiero\/wp-json\/wp\/v2\/posts"}],"about":[{"href":"https:\/\/aeronoticias.com.pe\/noticiero\/wp-json\/wp\/v2\/types\/post"}],"author":[{"embeddable":true,"href":"https:\/\/aeronoticias.com.pe\/noticiero\/wp-json\/wp\/v2\/users\/1"}],"replies":[{"embeddable":true,"href":"https:\/\/aeronoticias.com.pe\/noticiero\/wp-json\/wp\/v2\/comments?post=16737"}],"version-history":[{"count":0,"href":"https:\/\/aeronoticias.com.pe\/noticiero\/wp-json\/wp\/v2\/posts\/16737\/revisions"}],"wp:attachment":[{"href":"https:\/\/aeronoticias.com.pe\/noticiero\/wp-json\/wp\/v2\/media?parent=16737"}],"wp:term":[{"taxonomy":"category","embeddable":true,"href":"https:\/\/aeronoticias.com.pe\/noticiero\/wp-json\/wp\/v2\/categories?post=16737"},{"taxonomy":"post_tag","embeddable":true,"href":"https:\/\/aeronoticias.com.pe\/noticiero\/wp-json\/wp\/v2\/tags?post=16737"}],"curies":[{"name":"wp","href":"https:\/\/api.w.org\/{rel}","templated":true}]}}