{"id":16758,"date":"2011-04-20T15:42:36","date_gmt":"2011-04-20T15:42:36","guid":{"rendered":"http:\/\/desarrollo.mcvicious.com\/aero2020\/2011\/04\/20\/ollanta-visita-locumba-lugar-de-su-levantamiento\/"},"modified":"2011-04-20T15:42:36","modified_gmt":"2011-04-20T15:42:36","slug":"ollanta-visita-locumba-lugar-de-su-levantamiento","status":"publish","type":"post","link":"https:\/\/aeronoticias.com.pe\/noticiero\/politica\/ollanta-visita-locumba-lugar-de-su-levantamiento\/","title":{"rendered":"Ollanta visita Locumba, lugar de su levantamiento"},"content":{"rendered":"<p style=\"text-align: justify;\"><strong>(Aeronoticias).-<\/strong> \u201c Me siento como un tacne\u00f1o\u201d, exclam\u00f3 el l\u00edder nacionalista Ollanta Humala al arribar \u00a0hoy a esta querida ciudad fronteriza en una soleada ma\u00f1ana donde fue recibido como un h\u00e9roe por los tacne\u00f1os cuya regi\u00f3n vot\u00f3 masivamente a favor de su candidatura presidencial en la primera vuelta electoral.<\/p>\n<p style=\"text-align: justify;\">En sus declaraciones a la prensa Ollanta anunci\u00f3 que adem\u00e1s de esta capital visitar\u00e1 el puerto de Ilo y la ciudad de Locumba donde se origin\u00f3 su hist\u00f3rico levantamiento contra el r\u00e9gimen de Alberto Fujimori en la d\u00e9cada de los 90 impulsado por sus ansias \u00a0acabar con los abusos y corrupci\u00f3n generalizada.<\/p>\n<p>  <!--more-->  <\/p>\n<p style=\"text-align: justify;\">Dijo tambi\u00e9n que en un eventual gobierno suyo har\u00e1 que el abastecimiento del gas llegue hasta los hogares tacne\u00f1os y mejorar\u00e1 la zona franca transform\u00e1ndola industrialmente.<\/p>\n<p style=\"text-align: justify;\">Respondiendo las m\u00faltiples preguntas de los reporteros reiter\u00f3 que el movimiento nacionalista que encabeza no se propone tocar los fondos de las AFP \u00a0como andan difundiendo sus adversarios pol\u00edticos dentro de una campa\u00f1a tendenciosa que calific\u00f3 como \u201c la campa\u00f1a del miedo\u201d.<\/p>\n<p style=\"text-align: justify;\">Tambi\u00e9n volvi\u00f3 a prometer que de llegar al poder no permanecer\u00e1 ni un d\u00eda m\u00e1s en Palacio de Gobierno porque cree en los beneficios de la democracia \u201ca la que es preciso consolidar para que los peruanos no sean regidos nunca m\u00e1s por gobiernos autoritarios que no respetaron ni a las madres humildes que fueron esterilizadas sin su voluntad, ni se defendieron los derechos laborales, comprando conciencias en los medios de comunicaci\u00f3n\u201d.<\/p>\n<p style=\"text-align: justify;\">\u00abTampoco queremos que los delincuentes que purgan actualmente prisi\u00f3n por sus delitos contra los intereses de la patria salgan de las c\u00e1rceles para volver a gobernar\u00bb, enfatiz\u00f3 para decir finalmente que ha firmado un pacto con el pueblo para que el Per\u00fa cuente con una democracia con estabilidad econ\u00f3mica que garantice el desarrollo que todos anhelamos.<\/p>\n<p style=\"text-align: justify;\"><img decoding=\"async\" src=\"images\/stories\/11\/04\/200411\/ollanta_humala.jpg\" border=\"0\" alt=\"Ollanta visita Locumba, lugar de su levantamiento\" title=\"Ollanta visita Locumba, lugar de su levantamiento\" \/><\/p>\n<p style=\"text-align: justify;\">\u00a0<\/p>\n","protected":false},"excerpt":{"rendered":"<p>(Aeronoticias).- \u201c Me siento como un tacne\u00f1o\u201d, exclam\u00f3 el l\u00edder nacionalista Ollanta Humala al arribar \u00a0hoy a esta querida ciudad fronteriza en una soleada ma\u00f1ana donde fue recibido como un h\u00e9roe por los tacne\u00f1os cuya regi\u00f3n vot\u00f3 masivamente a favor de su candidatura presidencial en la primera vuelta electoral. En sus declaraciones a la prensa [&hellip;]<\/p>\n","protected":false},"author":1,"featured_media":0,"comment_status":"open","ping_status":"open","sticky":false,"template":"","format":"standard","meta":{"tdm_status":"","tdm_grid_status":"","footnotes":""},"categories":[36],"tags":[],"class_list":{"0":"post-16758","1":"post","2":"type-post","3":"status-publish","4":"format-standard","6":"category-politica"},"yoast_head":"<!-- This site is optimized with the Yoast SEO plugin v25.1 - https:\/\/yoast.com\/wordpress\/plugins\/seo\/ -->\n<title>Ollanta visita Locumba, lugar de su levantamiento<\/title>\n<meta name=\"description\" content=\"Portal de noticias del Per\u00fa sobre el transporte a\u00e9reo, aviaci\u00f3n, turismo, hoteleria, actualidad.\" \/>\n<meta name=\"robots\" content=\"index, follow, max-snippet:-1, max-image-preview:large, max-video-preview:-1\" \/>\n<link rel=\"canonical\" href=\"https:\/\/aeronoticias.com.pe\/noticiero\/politica\/ollanta-visita-locumba-lugar-de-su-levantamiento\/\" \/>\n<meta property=\"og:locale\" content=\"es_ES\" \/>\n<meta property=\"og:type\" content=\"article\" \/>\n<meta property=\"og:title\" content=\"Ollanta visita Locumba, lugar de su levantamiento\" \/>\n<meta property=\"og:description\" content=\"Portal de noticias del Per\u00fa sobre el transporte a\u00e9reo, aviaci\u00f3n, turismo, hoteleria, actualidad.\" \/>\n<meta property=\"og:url\" content=\"https:\/\/aeronoticias.com.pe\/noticiero\/politica\/ollanta-visita-locumba-lugar-de-su-levantamiento\/\" \/>\n<meta property=\"og:site_name\" content=\"Aeronoticias.com.pe\" \/>\n<meta property=\"article:publisher\" content=\"https:\/\/www.facebook.com\/Aeronoticias.com.pe\/\" \/>\n<meta property=\"article:published_time\" content=\"2011-04-20T15:42:36+00:00\" \/>\n<meta name=\"author\" content=\"Redacci\u00f3n Aeronoticias\" \/>\n<meta name=\"twitter:card\" content=\"summary_large_image\" \/>\n<meta name=\"twitter:creator\" content=\"@aeronoticias\" \/>\n<meta name=\"twitter:site\" content=\"@aeronoticias\" \/>\n<meta name=\"twitter:label1\" content=\"Escrito por\" \/>\n\t<meta name=\"twitter:data1\" content=\"Redacci\u00f3n Aeronoticias\" \/>\n\t<meta name=\"twitter:label2\" content=\"Tiempo de lectura\" \/>\n\t<meta name=\"twitter:data2\" content=\"2 minutos\" \/>\n<script type=\"application\/ld+json\" class=\"yoast-schema-graph\">{\"@context\":\"https:\/\/schema.org\",\"@graph\":[{\"@type\":\"WebPage\",\"@id\":\"https:\/\/aeronoticias.com.pe\/noticiero\/politica\/ollanta-visita-locumba-lugar-de-su-levantamiento\/\",\"url\":\"https:\/\/aeronoticias.com.pe\/noticiero\/politica\/ollanta-visita-locumba-lugar-de-su-levantamiento\/\",\"name\":\"Ollanta visita Locumba, lugar de su levantamiento\",\"isPartOf\":{\"@id\":\"https:\/\/aeronoticias.com.pe\/noticiero\/#website\"},\"datePublished\":\"2011-04-20T15:42:36+00:00\",\"author\":{\"@id\":\"https:\/\/aeronoticias.com.pe\/noticiero\/#\/schema\/person\/fc1e5d578f4b62ba1cf7ac2bba1170a0\"},\"description\":\"Portal de noticias del Per\u00fa sobre el transporte a\u00e9reo, aviaci\u00f3n, turismo, hoteleria, actualidad.\",\"breadcrumb\":{\"@id\":\"https:\/\/aeronoticias.com.pe\/noticiero\/politica\/ollanta-visita-locumba-lugar-de-su-levantamiento\/#breadcrumb\"},\"inLanguage\":\"es\",\"potentialAction\":[{\"@type\":\"ReadAction\",\"target\":[\"https:\/\/aeronoticias.com.pe\/noticiero\/politica\/ollanta-visita-locumba-lugar-de-su-levantamiento\/\"]}]},{\"@type\":\"BreadcrumbList\",\"@id\":\"https:\/\/aeronoticias.com.pe\/noticiero\/politica\/ollanta-visita-locumba-lugar-de-su-levantamiento\/#breadcrumb\",\"itemListElement\":[{\"@type\":\"ListItem\",\"position\":1,\"name\":\"Portada\",\"item\":\"https:\/\/aeronoticias.com.pe\/noticiero\/\"},{\"@type\":\"ListItem\",\"position\":2,\"name\":\"Ollanta visita Locumba, lugar de su levantamiento\"}]},{\"@type\":\"WebSite\",\"@id\":\"https:\/\/aeronoticias.com.pe\/noticiero\/#website\",\"url\":\"https:\/\/aeronoticias.com.pe\/noticiero\/\",\"name\":\"Aeronoticias.com.pe\",\"description\":\"Noticias de tranporte aereo, turismo, hoteles, gastronomia, actualidad, internacional\",\"potentialAction\":[{\"@type\":\"SearchAction\",\"target\":{\"@type\":\"EntryPoint\",\"urlTemplate\":\"https:\/\/aeronoticias.com.pe\/noticiero\/?s={search_term_string}\"},\"query-input\":{\"@type\":\"PropertyValueSpecification\",\"valueRequired\":true,\"valueName\":\"search_term_string\"}}],\"inLanguage\":\"es\"},{\"@type\":\"Person\",\"@id\":\"https:\/\/aeronoticias.com.pe\/noticiero\/#\/schema\/person\/fc1e5d578f4b62ba1cf7ac2bba1170a0\",\"name\":\"Redacci\u00f3n Aeronoticias\",\"url\":\"https:\/\/aeronoticias.com.pe\/noticiero\/author\/piloto\/\"}]}<\/script>\n<!-- \/ Yoast SEO plugin. -->","yoast_head_json":{"title":"Ollanta visita Locumba, lugar de su levantamiento","description":"Portal de noticias del Per\u00fa sobre el transporte a\u00e9reo, aviaci\u00f3n, turismo, hoteleria, actualidad.","robots":{"index":"index","follow":"follow","max-snippet":"max-snippet:-1","max-image-preview":"max-image-preview:large","max-video-preview":"max-video-preview:-1"},"canonical":"https:\/\/aeronoticias.com.pe\/noticiero\/politica\/ollanta-visita-locumba-lugar-de-su-levantamiento\/","og_locale":"es_ES","og_type":"article","og_title":"Ollanta visita Locumba, lugar de su levantamiento","og_description":"Portal de noticias del Per\u00fa sobre el transporte a\u00e9reo, aviaci\u00f3n, turismo, hoteleria, actualidad.","og_url":"https:\/\/aeronoticias.com.pe\/noticiero\/politica\/ollanta-visita-locumba-lugar-de-su-levantamiento\/","og_site_name":"Aeronoticias.com.pe","article_publisher":"https:\/\/www.facebook.com\/Aeronoticias.com.pe\/","article_published_time":"2011-04-20T15:42:36+00:00","author":"Redacci\u00f3n Aeronoticias","twitter_card":"summary_large_image","twitter_creator":"@aeronoticias","twitter_site":"@aeronoticias","twitter_misc":{"Escrito por":"Redacci\u00f3n Aeronoticias","Tiempo de lectura":"2 minutos"},"schema":{"@context":"https:\/\/schema.org","@graph":[{"@type":"WebPage","@id":"https:\/\/aeronoticias.com.pe\/noticiero\/politica\/ollanta-visita-locumba-lugar-de-su-levantamiento\/","url":"https:\/\/aeronoticias.com.pe\/noticiero\/politica\/ollanta-visita-locumba-lugar-de-su-levantamiento\/","name":"Ollanta visita Locumba, lugar de su levantamiento","isPartOf":{"@id":"https:\/\/aeronoticias.com.pe\/noticiero\/#website"},"datePublished":"2011-04-20T15:42:36+00:00","author":{"@id":"https:\/\/aeronoticias.com.pe\/noticiero\/#\/schema\/person\/fc1e5d578f4b62ba1cf7ac2bba1170a0"},"description":"Portal de noticias del Per\u00fa sobre el transporte a\u00e9reo, aviaci\u00f3n, turismo, hoteleria, actualidad.","breadcrumb":{"@id":"https:\/\/aeronoticias.com.pe\/noticiero\/politica\/ollanta-visita-locumba-lugar-de-su-levantamiento\/#breadcrumb"},"inLanguage":"es","potentialAction":[{"@type":"ReadAction","target":["https:\/\/aeronoticias.com.pe\/noticiero\/politica\/ollanta-visita-locumba-lugar-de-su-levantamiento\/"]}]},{"@type":"BreadcrumbList","@id":"https:\/\/aeronoticias.com.pe\/noticiero\/politica\/ollanta-visita-locumba-lugar-de-su-levantamiento\/#breadcrumb","itemListElement":[{"@type":"ListItem","position":1,"name":"Portada","item":"https:\/\/aeronoticias.com.pe\/noticiero\/"},{"@type":"ListItem","position":2,"name":"Ollanta visita Locumba, lugar de su levantamiento"}]},{"@type":"WebSite","@id":"https:\/\/aeronoticias.com.pe\/noticiero\/#website","url":"https:\/\/aeronoticias.com.pe\/noticiero\/","name":"Aeronoticias.com.pe","description":"Noticias de tranporte aereo, turismo, hoteles, gastronomia, actualidad, internacional","potentialAction":[{"@type":"SearchAction","target":{"@type":"EntryPoint","urlTemplate":"https:\/\/aeronoticias.com.pe\/noticiero\/?s={search_term_string}"},"query-input":{"@type":"PropertyValueSpecification","valueRequired":true,"valueName":"search_term_string"}}],"inLanguage":"es"},{"@type":"Person","@id":"https:\/\/aeronoticias.com.pe\/noticiero\/#\/schema\/person\/fc1e5d578f4b62ba1cf7ac2bba1170a0","name":"Redacci\u00f3n Aeronoticias","url":"https:\/\/aeronoticias.com.pe\/noticiero\/author\/piloto\/"}]}},"_links":{"self":[{"href":"https:\/\/aeronoticias.com.pe\/noticiero\/wp-json\/wp\/v2\/posts\/16758","targetHints":{"allow":["GET"]}}],"collection":[{"href":"https:\/\/aeronoticias.com.pe\/noticiero\/wp-json\/wp\/v2\/posts"}],"about":[{"href":"https:\/\/aeronoticias.com.pe\/noticiero\/wp-json\/wp\/v2\/types\/post"}],"author":[{"embeddable":true,"href":"https:\/\/aeronoticias.com.pe\/noticiero\/wp-json\/wp\/v2\/users\/1"}],"replies":[{"embeddable":true,"href":"https:\/\/aeronoticias.com.pe\/noticiero\/wp-json\/wp\/v2\/comments?post=16758"}],"version-history":[{"count":0,"href":"https:\/\/aeronoticias.com.pe\/noticiero\/wp-json\/wp\/v2\/posts\/16758\/revisions"}],"wp:attachment":[{"href":"https:\/\/aeronoticias.com.pe\/noticiero\/wp-json\/wp\/v2\/media?parent=16758"}],"wp:term":[{"taxonomy":"category","embeddable":true,"href":"https:\/\/aeronoticias.com.pe\/noticiero\/wp-json\/wp\/v2\/categories?post=16758"},{"taxonomy":"post_tag","embeddable":true,"href":"https:\/\/aeronoticias.com.pe\/noticiero\/wp-json\/wp\/v2\/tags?post=16758"}],"curies":[{"name":"wp","href":"https:\/\/api.w.org\/{rel}","templated":true}]}}