{"id":16760,"date":"2011-04-20T15:57:13","date_gmt":"2011-04-20T15:57:13","guid":{"rendered":"http:\/\/desarrollo.mcvicious.com\/aero2020\/2011\/04\/20\/manzanares-elegido-presidente-de-la-union-de-toreros\/"},"modified":"2011-04-20T15:57:13","modified_gmt":"2011-04-20T15:57:13","slug":"manzanares-elegido-presidente-de-la-union-de-toreros","status":"publish","type":"post","link":"https:\/\/aeronoticias.com.pe\/noticiero\/taurina-taurina\/manzanares-elegido-presidente-de-la-union-de-toreros\/","title":{"rendered":"Manzanares elegido Presidente de la Uni\u00f3n de toreros"},"content":{"rendered":"<p style=\"text-align: justify;\"><strong>(Aeronoticias).-<\/strong> Jos\u00e9 Mar\u00eda Manzanares, reci\u00e9n nombrado Presidente de la nueva Uni\u00f3n de Toreros, estuvo presente en el acto de entrega de premios del Foro de la Juventud Taurina. No quiso perder la ocasi\u00f3n, y aprovech\u00f3 para hablar sobre su reci\u00e9n estrenado cargo dejando en \u00a0claro que ello significa que \u00a0s\u00f3lo es el representante de los toreros, pero que \u201cen esto tenemos que ir todos a una\u201d.<\/p>\n<p style=\"text-align: justify;\">El torero alicantino agreg\u00f3 que \u201cDebemos velar y defender los intereses de los que peor lo pasan, muchas veces por ejemplo a la hora de cobrar los m\u00ednimos, puesto que en ocasiones no cobran ni eso y hay muchos matadores de toros que se est\u00e1n sacrificando y tienen muchas complicaciones para sacar sus carreras adelante\u201d.<\/p>\n<p>  <!--more-->  <\/p>\n<p style=\"text-align: justify;\">Asimismo dijo:\u201cque los toreros se sientan respaldados y queremos trabajar detr\u00e1s de ellos para que se sientan tranquilos. Yo creo que Juli\u00e1n &#8211; refiri\u00e9ndose a El Juli, presente en el acto y premiado por el Foro &#8211; tambi\u00e9n est\u00e1 conmigo en esto y coincidimos en esto de ir todos al mismo son, con un mismo rumbo, yo soy el presidente, pero hay una junta directiva y representaci\u00f3n de toreros del grupo A, B y C, para que estemos todos representados&#8217;.<\/p>\n<p style=\"text-align: justify;\">Por su parte, Juli\u00e1n L\u00f3pez, El Juli, quiso mostrar su apoyo a Jos\u00e9 Mar\u00eda Manzanares y resalt\u00f3 la importancia de un invierno plagado de reuniones, de presencia taurina y de apoyar la fiesta m\u00e1s que nunca: &#8216;La verdad es que se han dado pasos importantes durante este a\u00f1o de reuniones, ha costado pero ahora mismo el toreo est\u00e1 movilizado, a un paso corto de estar en el Ministerio de Cultura, hemos conseguido que partidos pol\u00edticos est\u00e9n juntos en una misma mesa junto con el sector taurino analizando cu\u00e1les son las cosas a mejorar&#8230;&#8217;.<\/p>\n<p style=\"text-align: justify;\">&#8216;Entre otras cosas, -continu\u00f3 El Juli-, hemos hablado de la posibilidad de que TVE recupere la retransmisi\u00f3n de corridas de toros, \u00a0y de que el mundo del toro tenga m\u00e1s presencia en la televisi\u00f3n p\u00fablica, y la verdad es que creo que han sido pasos muy importantes, abrimos el camino y ahora mismo est\u00e1 la Mesa del Toro llevando todas las cosas que hemos hecho y representan a todos los estamentos taurinos, nosotros hemos echado a andar el barco, pero este barco es para todo el mundo&#8217;<\/p>\n<p style=\"text-align: justify;\">El Juli se\u00f1al\u00f3 que toda la actividad que han ejercido este invierno, &#8216;sinceramente es muy pesada, hemos pasado muchas horas reunidos, pero estamos seguros de que es por el bien de la Fiesta y por el bien com\u00fan de todos, no hay nada que nos beneficie a nosotros en particular, as\u00ed que considero que esto es un paso importante&#8217;.<\/p>\n<p style=\"text-align: justify;\"><img decoding=\"async\" src=\"images\/stories\/11\/04\/200411\/manzanares.jpg\" border=\"0\" alt=\"Manzanares elegido Presidente de la Uni\u00f3n de toreros\" title=\"Manzanares elegido Presidente de la Uni\u00f3n de toreros\" \/><\/p>\n","protected":false},"excerpt":{"rendered":"<p>(Aeronoticias).- Jos\u00e9 Mar\u00eda Manzanares, reci\u00e9n nombrado Presidente de la nueva Uni\u00f3n de Toreros, estuvo presente en el acto de entrega de premios del Foro de la Juventud Taurina. No quiso perder la ocasi\u00f3n, y aprovech\u00f3 para hablar sobre su reci\u00e9n estrenado cargo dejando en \u00a0claro que ello significa que \u00a0s\u00f3lo es el representante de los [&hellip;]<\/p>\n","protected":false},"author":1,"featured_media":0,"comment_status":"open","ping_status":"open","sticky":false,"template":"","format":"standard","meta":{"tdm_status":"","tdm_grid_status":"","footnotes":""},"categories":[46],"tags":[],"class_list":{"0":"post-16760","1":"post","2":"type-post","3":"status-publish","4":"format-standard","6":"category-taurina-taurina"},"yoast_head":"<!-- This site is optimized with the Yoast SEO plugin v25.1 - https:\/\/yoast.com\/wordpress\/plugins\/seo\/ -->\n<title>Manzanares elegido Presidente de la Uni\u00f3n de toreros<\/title>\n<meta name=\"description\" content=\"Portal de noticias del Per\u00fa sobre el transporte a\u00e9reo, aviaci\u00f3n, turismo, hoteleria, actualidad.\" \/>\n<meta name=\"robots\" content=\"index, follow, max-snippet:-1, max-image-preview:large, max-video-preview:-1\" \/>\n<link rel=\"canonical\" href=\"https:\/\/aeronoticias.com.pe\/noticiero\/taurina-taurina\/manzanares-elegido-presidente-de-la-union-de-toreros\/\" \/>\n<meta property=\"og:locale\" content=\"es_ES\" \/>\n<meta property=\"og:type\" content=\"article\" \/>\n<meta property=\"og:title\" content=\"Manzanares elegido Presidente de la Uni\u00f3n de toreros\" \/>\n<meta property=\"og:description\" content=\"Portal de noticias del Per\u00fa sobre el transporte a\u00e9reo, aviaci\u00f3n, turismo, hoteleria, actualidad.\" \/>\n<meta property=\"og:url\" content=\"https:\/\/aeronoticias.com.pe\/noticiero\/taurina-taurina\/manzanares-elegido-presidente-de-la-union-de-toreros\/\" \/>\n<meta property=\"og:site_name\" content=\"Aeronoticias.com.pe\" \/>\n<meta property=\"article:publisher\" content=\"https:\/\/www.facebook.com\/Aeronoticias.com.pe\/\" \/>\n<meta property=\"article:published_time\" content=\"2011-04-20T15:57:13+00:00\" \/>\n<meta name=\"author\" content=\"Redacci\u00f3n Aeronoticias\" \/>\n<meta name=\"twitter:card\" content=\"summary_large_image\" \/>\n<meta name=\"twitter:creator\" content=\"@aeronoticias\" \/>\n<meta name=\"twitter:site\" content=\"@aeronoticias\" \/>\n<meta name=\"twitter:label1\" content=\"Escrito por\" \/>\n\t<meta name=\"twitter:data1\" content=\"Redacci\u00f3n Aeronoticias\" \/>\n\t<meta name=\"twitter:label2\" content=\"Tiempo de lectura\" \/>\n\t<meta name=\"twitter:data2\" content=\"2 minutos\" \/>\n<script type=\"application\/ld+json\" class=\"yoast-schema-graph\">{\"@context\":\"https:\/\/schema.org\",\"@graph\":[{\"@type\":\"WebPage\",\"@id\":\"https:\/\/aeronoticias.com.pe\/noticiero\/taurina-taurina\/manzanares-elegido-presidente-de-la-union-de-toreros\/\",\"url\":\"https:\/\/aeronoticias.com.pe\/noticiero\/taurina-taurina\/manzanares-elegido-presidente-de-la-union-de-toreros\/\",\"name\":\"Manzanares elegido Presidente de la Uni\u00f3n de toreros\",\"isPartOf\":{\"@id\":\"https:\/\/aeronoticias.com.pe\/noticiero\/#website\"},\"datePublished\":\"2011-04-20T15:57:13+00:00\",\"author\":{\"@id\":\"https:\/\/aeronoticias.com.pe\/noticiero\/#\/schema\/person\/fc1e5d578f4b62ba1cf7ac2bba1170a0\"},\"description\":\"Portal de noticias del Per\u00fa sobre el transporte a\u00e9reo, aviaci\u00f3n, turismo, hoteleria, actualidad.\",\"breadcrumb\":{\"@id\":\"https:\/\/aeronoticias.com.pe\/noticiero\/taurina-taurina\/manzanares-elegido-presidente-de-la-union-de-toreros\/#breadcrumb\"},\"inLanguage\":\"es\",\"potentialAction\":[{\"@type\":\"ReadAction\",\"target\":[\"https:\/\/aeronoticias.com.pe\/noticiero\/taurina-taurina\/manzanares-elegido-presidente-de-la-union-de-toreros\/\"]}]},{\"@type\":\"BreadcrumbList\",\"@id\":\"https:\/\/aeronoticias.com.pe\/noticiero\/taurina-taurina\/manzanares-elegido-presidente-de-la-union-de-toreros\/#breadcrumb\",\"itemListElement\":[{\"@type\":\"ListItem\",\"position\":1,\"name\":\"Portada\",\"item\":\"https:\/\/aeronoticias.com.pe\/noticiero\/\"},{\"@type\":\"ListItem\",\"position\":2,\"name\":\"Manzanares elegido Presidente de la Uni\u00f3n de toreros\"}]},{\"@type\":\"WebSite\",\"@id\":\"https:\/\/aeronoticias.com.pe\/noticiero\/#website\",\"url\":\"https:\/\/aeronoticias.com.pe\/noticiero\/\",\"name\":\"Aeronoticias.com.pe\",\"description\":\"Noticias de tranporte aereo, turismo, hoteles, gastronomia, actualidad, internacional\",\"potentialAction\":[{\"@type\":\"SearchAction\",\"target\":{\"@type\":\"EntryPoint\",\"urlTemplate\":\"https:\/\/aeronoticias.com.pe\/noticiero\/?s={search_term_string}\"},\"query-input\":{\"@type\":\"PropertyValueSpecification\",\"valueRequired\":true,\"valueName\":\"search_term_string\"}}],\"inLanguage\":\"es\"},{\"@type\":\"Person\",\"@id\":\"https:\/\/aeronoticias.com.pe\/noticiero\/#\/schema\/person\/fc1e5d578f4b62ba1cf7ac2bba1170a0\",\"name\":\"Redacci\u00f3n Aeronoticias\",\"url\":\"https:\/\/aeronoticias.com.pe\/noticiero\/author\/piloto\/\"}]}<\/script>\n<!-- \/ Yoast SEO plugin. -->","yoast_head_json":{"title":"Manzanares elegido Presidente de la Uni\u00f3n de toreros","description":"Portal de noticias del Per\u00fa sobre el transporte a\u00e9reo, aviaci\u00f3n, turismo, hoteleria, actualidad.","robots":{"index":"index","follow":"follow","max-snippet":"max-snippet:-1","max-image-preview":"max-image-preview:large","max-video-preview":"max-video-preview:-1"},"canonical":"https:\/\/aeronoticias.com.pe\/noticiero\/taurina-taurina\/manzanares-elegido-presidente-de-la-union-de-toreros\/","og_locale":"es_ES","og_type":"article","og_title":"Manzanares elegido Presidente de la Uni\u00f3n de toreros","og_description":"Portal de noticias del Per\u00fa sobre el transporte a\u00e9reo, aviaci\u00f3n, turismo, hoteleria, actualidad.","og_url":"https:\/\/aeronoticias.com.pe\/noticiero\/taurina-taurina\/manzanares-elegido-presidente-de-la-union-de-toreros\/","og_site_name":"Aeronoticias.com.pe","article_publisher":"https:\/\/www.facebook.com\/Aeronoticias.com.pe\/","article_published_time":"2011-04-20T15:57:13+00:00","author":"Redacci\u00f3n Aeronoticias","twitter_card":"summary_large_image","twitter_creator":"@aeronoticias","twitter_site":"@aeronoticias","twitter_misc":{"Escrito por":"Redacci\u00f3n Aeronoticias","Tiempo de lectura":"2 minutos"},"schema":{"@context":"https:\/\/schema.org","@graph":[{"@type":"WebPage","@id":"https:\/\/aeronoticias.com.pe\/noticiero\/taurina-taurina\/manzanares-elegido-presidente-de-la-union-de-toreros\/","url":"https:\/\/aeronoticias.com.pe\/noticiero\/taurina-taurina\/manzanares-elegido-presidente-de-la-union-de-toreros\/","name":"Manzanares elegido Presidente de la Uni\u00f3n de toreros","isPartOf":{"@id":"https:\/\/aeronoticias.com.pe\/noticiero\/#website"},"datePublished":"2011-04-20T15:57:13+00:00","author":{"@id":"https:\/\/aeronoticias.com.pe\/noticiero\/#\/schema\/person\/fc1e5d578f4b62ba1cf7ac2bba1170a0"},"description":"Portal de noticias del Per\u00fa sobre el transporte a\u00e9reo, aviaci\u00f3n, turismo, hoteleria, actualidad.","breadcrumb":{"@id":"https:\/\/aeronoticias.com.pe\/noticiero\/taurina-taurina\/manzanares-elegido-presidente-de-la-union-de-toreros\/#breadcrumb"},"inLanguage":"es","potentialAction":[{"@type":"ReadAction","target":["https:\/\/aeronoticias.com.pe\/noticiero\/taurina-taurina\/manzanares-elegido-presidente-de-la-union-de-toreros\/"]}]},{"@type":"BreadcrumbList","@id":"https:\/\/aeronoticias.com.pe\/noticiero\/taurina-taurina\/manzanares-elegido-presidente-de-la-union-de-toreros\/#breadcrumb","itemListElement":[{"@type":"ListItem","position":1,"name":"Portada","item":"https:\/\/aeronoticias.com.pe\/noticiero\/"},{"@type":"ListItem","position":2,"name":"Manzanares elegido Presidente de la Uni\u00f3n de toreros"}]},{"@type":"WebSite","@id":"https:\/\/aeronoticias.com.pe\/noticiero\/#website","url":"https:\/\/aeronoticias.com.pe\/noticiero\/","name":"Aeronoticias.com.pe","description":"Noticias de tranporte aereo, turismo, hoteles, gastronomia, actualidad, internacional","potentialAction":[{"@type":"SearchAction","target":{"@type":"EntryPoint","urlTemplate":"https:\/\/aeronoticias.com.pe\/noticiero\/?s={search_term_string}"},"query-input":{"@type":"PropertyValueSpecification","valueRequired":true,"valueName":"search_term_string"}}],"inLanguage":"es"},{"@type":"Person","@id":"https:\/\/aeronoticias.com.pe\/noticiero\/#\/schema\/person\/fc1e5d578f4b62ba1cf7ac2bba1170a0","name":"Redacci\u00f3n Aeronoticias","url":"https:\/\/aeronoticias.com.pe\/noticiero\/author\/piloto\/"}]}},"_links":{"self":[{"href":"https:\/\/aeronoticias.com.pe\/noticiero\/wp-json\/wp\/v2\/posts\/16760","targetHints":{"allow":["GET"]}}],"collection":[{"href":"https:\/\/aeronoticias.com.pe\/noticiero\/wp-json\/wp\/v2\/posts"}],"about":[{"href":"https:\/\/aeronoticias.com.pe\/noticiero\/wp-json\/wp\/v2\/types\/post"}],"author":[{"embeddable":true,"href":"https:\/\/aeronoticias.com.pe\/noticiero\/wp-json\/wp\/v2\/users\/1"}],"replies":[{"embeddable":true,"href":"https:\/\/aeronoticias.com.pe\/noticiero\/wp-json\/wp\/v2\/comments?post=16760"}],"version-history":[{"count":0,"href":"https:\/\/aeronoticias.com.pe\/noticiero\/wp-json\/wp\/v2\/posts\/16760\/revisions"}],"wp:attachment":[{"href":"https:\/\/aeronoticias.com.pe\/noticiero\/wp-json\/wp\/v2\/media?parent=16760"}],"wp:term":[{"taxonomy":"category","embeddable":true,"href":"https:\/\/aeronoticias.com.pe\/noticiero\/wp-json\/wp\/v2\/categories?post=16760"},{"taxonomy":"post_tag","embeddable":true,"href":"https:\/\/aeronoticias.com.pe\/noticiero\/wp-json\/wp\/v2\/tags?post=16760"}],"curies":[{"name":"wp","href":"https:\/\/api.w.org\/{rel}","templated":true}]}}