{"id":16761,"date":"2011-04-20T16:42:26","date_gmt":"2011-04-20T16:42:26","guid":{"rendered":"http:\/\/desarrollo.mcvicious.com\/aero2020\/2011\/04\/20\/gran-expectacion-en-sevilla-por-los-carteles-de-la-feria-de-abril\/"},"modified":"2011-04-20T16:42:26","modified_gmt":"2011-04-20T16:42:26","slug":"gran-expectacion-en-sevilla-por-los-carteles-de-la-feria-de-abril","status":"publish","type":"post","link":"https:\/\/aeronoticias.com.pe\/noticiero\/taurina-taurina\/gran-expectacion-en-sevilla-por-los-carteles-de-la-feria-de-abril\/","title":{"rendered":"Gran expectaci\u00f3n en Sevilla por los carteles de la Feria de Abril"},"content":{"rendered":"<p>\u00a0<\/p>\n<p style=\"text-align: justify;\"><strong>(Aeronoticias).-<\/strong> Est\u00e1 por iniciarse la temporada en la Plaza de la Real Maestranza de Sevilla que como es tradicional se inicia el domingo de Pascua de Resurrecci\u00f3n, a la que sigue la Feria de Abril, gran acontecimiento taurino y tur\u00edstico de la capital de Andaluc\u00eda.<\/p>\n<p style=\"text-align: justify;\">Este a\u00f1o hay una gran expectaci\u00f3n por los carteles de la Feria de Abril, que queda demostrada por las largas colas que se han formado en el Paseo de Col\u00f3n y la Calle Antonia D\u00edaz para comprar entradas sueltas para los festejos que componen el ciclo abrile\u00f1o anunciado por la empresa.<\/p>\n<p style=\"text-align: justify;\">Cientos de aficionados han estado muy cerca \u00a0de las taquillas desde primeras horas de la madrugada cuando se han puesto a la venta las entradas de los espect\u00e1culos taurinos que comenzar\u00e1n el pr\u00f3ximo d\u00eda 24 de abril en la Real Maestranza de Caballer\u00eda de Sevilla.<\/p>\n<p style=\"text-align: justify;\">A primera hora de la ma\u00f1ana, la cola se extend\u00eda desde las puertas de las taquillas hasta la calle Adriano, cruzando toda la calle Antonia D\u00edaz, demostrando que el p\u00fablico tiene verdadero inter\u00e9s por acudir a los festejos taurinos en los d\u00edas de la Feria.<\/p>\n<p style=\"text-align: justify;\">La Empresa Pag\u00e9s ha comunicado que las taquillas permanecer\u00e1n abiertas a diario de 10.00 a 14.00 horas y de 17.00 a 20.00 horas. y los d\u00edas de celebraci\u00f3n de cada espect\u00e1culo, de 10.00 horas en adelante de forma ininterrumpida.<\/p>\n<p style=\"text-align: justify;\">Durante la Semana Santa las taquillas estar\u00e1n abiertas todos los d\u00edas, excepto el Viernes Santo. El jueves se atender\u00e1 al p\u00fablico hasta mediod\u00eda, reanud\u00e1ndose la venta de localidades el S\u00e1bado Santo a las diez de la ma\u00f1ana.<\/p>\n<p style=\"text-align: justify;\">Como sabemos, el pr\u00f3ximo domingo 24 se inicia la temporada con un excelente cartel, toros de Daniel Ruiz para Morante de la Puebla, Juli\u00e1n L\u00f3pez \u201cEl Juli\u201d y Jos\u00e9 Mar\u00eda Manzanares, que indudablemente, es cartel de \u201cno hay billetes\u201d.<\/p>\n<p style=\"text-align: justify;\"><img decoding=\"async\" src=\"images\/stories\/11\/04\/200411\/toros1.jpg\" border=\"0\" alt=\"Gran expectaci\u00f3n en Sevilla por los carteles de la Feria de Abril\" title=\"Gran expectaci\u00f3n en Sevilla por los carteles de la Feria de Abril\" \/><\/p>\n<p>\u00a0<\/p>\n","protected":false},"excerpt":{"rendered":"<p>\u00a0 (Aeronoticias).- Est\u00e1 por iniciarse la temporada en la Plaza de la Real Maestranza de Sevilla que como es tradicional se inicia el domingo de Pascua de Resurrecci\u00f3n, a la que sigue la Feria de Abril, gran acontecimiento taurino y tur\u00edstico de la capital de Andaluc\u00eda. Este a\u00f1o hay una gran expectaci\u00f3n por los carteles [&hellip;]<\/p>\n","protected":false},"author":1,"featured_media":0,"comment_status":"open","ping_status":"open","sticky":false,"template":"","format":"standard","meta":{"tdm_status":"","tdm_grid_status":"","footnotes":""},"categories":[46],"tags":[],"class_list":{"0":"post-16761","1":"post","2":"type-post","3":"status-publish","4":"format-standard","6":"category-taurina-taurina"},"yoast_head":"<!-- This site is optimized with the Yoast SEO plugin v25.1 - https:\/\/yoast.com\/wordpress\/plugins\/seo\/ -->\n<title>Gran expectaci\u00f3n en Sevilla por los carteles de la Feria de Abril<\/title>\n<meta name=\"description\" content=\"Portal de noticias del Per\u00fa sobre el transporte a\u00e9reo, aviaci\u00f3n, turismo, hoteleria, actualidad.\" \/>\n<meta name=\"robots\" content=\"index, follow, max-snippet:-1, max-image-preview:large, max-video-preview:-1\" \/>\n<link rel=\"canonical\" href=\"https:\/\/aeronoticias.com.pe\/noticiero\/taurina-taurina\/gran-expectacion-en-sevilla-por-los-carteles-de-la-feria-de-abril\/\" \/>\n<meta property=\"og:locale\" content=\"es_ES\" \/>\n<meta property=\"og:type\" content=\"article\" \/>\n<meta property=\"og:title\" content=\"Gran expectaci\u00f3n en Sevilla por los carteles de la Feria de Abril\" \/>\n<meta property=\"og:description\" content=\"Portal de noticias del Per\u00fa sobre el transporte a\u00e9reo, aviaci\u00f3n, turismo, hoteleria, actualidad.\" \/>\n<meta property=\"og:url\" content=\"https:\/\/aeronoticias.com.pe\/noticiero\/taurina-taurina\/gran-expectacion-en-sevilla-por-los-carteles-de-la-feria-de-abril\/\" \/>\n<meta property=\"og:site_name\" content=\"Aeronoticias.com.pe\" \/>\n<meta property=\"article:publisher\" content=\"https:\/\/www.facebook.com\/Aeronoticias.com.pe\/\" \/>\n<meta property=\"article:published_time\" content=\"2011-04-20T16:42:26+00:00\" \/>\n<meta name=\"author\" content=\"Redacci\u00f3n Aeronoticias\" \/>\n<meta name=\"twitter:card\" content=\"summary_large_image\" \/>\n<meta name=\"twitter:creator\" content=\"@aeronoticias\" \/>\n<meta name=\"twitter:site\" content=\"@aeronoticias\" \/>\n<meta name=\"twitter:label1\" content=\"Escrito por\" \/>\n\t<meta name=\"twitter:data1\" content=\"Redacci\u00f3n Aeronoticias\" \/>\n\t<meta name=\"twitter:label2\" content=\"Tiempo de lectura\" \/>\n\t<meta name=\"twitter:data2\" content=\"2 minutos\" \/>\n<script type=\"application\/ld+json\" class=\"yoast-schema-graph\">{\"@context\":\"https:\/\/schema.org\",\"@graph\":[{\"@type\":\"WebPage\",\"@id\":\"https:\/\/aeronoticias.com.pe\/noticiero\/taurina-taurina\/gran-expectacion-en-sevilla-por-los-carteles-de-la-feria-de-abril\/\",\"url\":\"https:\/\/aeronoticias.com.pe\/noticiero\/taurina-taurina\/gran-expectacion-en-sevilla-por-los-carteles-de-la-feria-de-abril\/\",\"name\":\"Gran expectaci\u00f3n en Sevilla por los carteles de la Feria de Abril\",\"isPartOf\":{\"@id\":\"https:\/\/aeronoticias.com.pe\/noticiero\/#website\"},\"datePublished\":\"2011-04-20T16:42:26+00:00\",\"author\":{\"@id\":\"https:\/\/aeronoticias.com.pe\/noticiero\/#\/schema\/person\/fc1e5d578f4b62ba1cf7ac2bba1170a0\"},\"description\":\"Portal de noticias del Per\u00fa sobre el transporte a\u00e9reo, aviaci\u00f3n, turismo, hoteleria, actualidad.\",\"breadcrumb\":{\"@id\":\"https:\/\/aeronoticias.com.pe\/noticiero\/taurina-taurina\/gran-expectacion-en-sevilla-por-los-carteles-de-la-feria-de-abril\/#breadcrumb\"},\"inLanguage\":\"es\",\"potentialAction\":[{\"@type\":\"ReadAction\",\"target\":[\"https:\/\/aeronoticias.com.pe\/noticiero\/taurina-taurina\/gran-expectacion-en-sevilla-por-los-carteles-de-la-feria-de-abril\/\"]}]},{\"@type\":\"BreadcrumbList\",\"@id\":\"https:\/\/aeronoticias.com.pe\/noticiero\/taurina-taurina\/gran-expectacion-en-sevilla-por-los-carteles-de-la-feria-de-abril\/#breadcrumb\",\"itemListElement\":[{\"@type\":\"ListItem\",\"position\":1,\"name\":\"Portada\",\"item\":\"https:\/\/aeronoticias.com.pe\/noticiero\/\"},{\"@type\":\"ListItem\",\"position\":2,\"name\":\"Gran expectaci\u00f3n en Sevilla por los carteles de la Feria de Abril\"}]},{\"@type\":\"WebSite\",\"@id\":\"https:\/\/aeronoticias.com.pe\/noticiero\/#website\",\"url\":\"https:\/\/aeronoticias.com.pe\/noticiero\/\",\"name\":\"Aeronoticias.com.pe\",\"description\":\"Noticias de tranporte aereo, turismo, hoteles, gastronomia, actualidad, internacional\",\"potentialAction\":[{\"@type\":\"SearchAction\",\"target\":{\"@type\":\"EntryPoint\",\"urlTemplate\":\"https:\/\/aeronoticias.com.pe\/noticiero\/?s={search_term_string}\"},\"query-input\":{\"@type\":\"PropertyValueSpecification\",\"valueRequired\":true,\"valueName\":\"search_term_string\"}}],\"inLanguage\":\"es\"},{\"@type\":\"Person\",\"@id\":\"https:\/\/aeronoticias.com.pe\/noticiero\/#\/schema\/person\/fc1e5d578f4b62ba1cf7ac2bba1170a0\",\"name\":\"Redacci\u00f3n Aeronoticias\",\"url\":\"https:\/\/aeronoticias.com.pe\/noticiero\/author\/piloto\/\"}]}<\/script>\n<!-- \/ Yoast SEO plugin. -->","yoast_head_json":{"title":"Gran expectaci\u00f3n en Sevilla por los carteles de la Feria de Abril","description":"Portal de noticias del Per\u00fa sobre el transporte a\u00e9reo, aviaci\u00f3n, turismo, hoteleria, actualidad.","robots":{"index":"index","follow":"follow","max-snippet":"max-snippet:-1","max-image-preview":"max-image-preview:large","max-video-preview":"max-video-preview:-1"},"canonical":"https:\/\/aeronoticias.com.pe\/noticiero\/taurina-taurina\/gran-expectacion-en-sevilla-por-los-carteles-de-la-feria-de-abril\/","og_locale":"es_ES","og_type":"article","og_title":"Gran expectaci\u00f3n en Sevilla por los carteles de la Feria de Abril","og_description":"Portal de noticias del Per\u00fa sobre el transporte a\u00e9reo, aviaci\u00f3n, turismo, hoteleria, actualidad.","og_url":"https:\/\/aeronoticias.com.pe\/noticiero\/taurina-taurina\/gran-expectacion-en-sevilla-por-los-carteles-de-la-feria-de-abril\/","og_site_name":"Aeronoticias.com.pe","article_publisher":"https:\/\/www.facebook.com\/Aeronoticias.com.pe\/","article_published_time":"2011-04-20T16:42:26+00:00","author":"Redacci\u00f3n Aeronoticias","twitter_card":"summary_large_image","twitter_creator":"@aeronoticias","twitter_site":"@aeronoticias","twitter_misc":{"Escrito por":"Redacci\u00f3n Aeronoticias","Tiempo de lectura":"2 minutos"},"schema":{"@context":"https:\/\/schema.org","@graph":[{"@type":"WebPage","@id":"https:\/\/aeronoticias.com.pe\/noticiero\/taurina-taurina\/gran-expectacion-en-sevilla-por-los-carteles-de-la-feria-de-abril\/","url":"https:\/\/aeronoticias.com.pe\/noticiero\/taurina-taurina\/gran-expectacion-en-sevilla-por-los-carteles-de-la-feria-de-abril\/","name":"Gran expectaci\u00f3n en Sevilla por los carteles de la Feria de Abril","isPartOf":{"@id":"https:\/\/aeronoticias.com.pe\/noticiero\/#website"},"datePublished":"2011-04-20T16:42:26+00:00","author":{"@id":"https:\/\/aeronoticias.com.pe\/noticiero\/#\/schema\/person\/fc1e5d578f4b62ba1cf7ac2bba1170a0"},"description":"Portal de noticias del Per\u00fa sobre el transporte a\u00e9reo, aviaci\u00f3n, turismo, hoteleria, actualidad.","breadcrumb":{"@id":"https:\/\/aeronoticias.com.pe\/noticiero\/taurina-taurina\/gran-expectacion-en-sevilla-por-los-carteles-de-la-feria-de-abril\/#breadcrumb"},"inLanguage":"es","potentialAction":[{"@type":"ReadAction","target":["https:\/\/aeronoticias.com.pe\/noticiero\/taurina-taurina\/gran-expectacion-en-sevilla-por-los-carteles-de-la-feria-de-abril\/"]}]},{"@type":"BreadcrumbList","@id":"https:\/\/aeronoticias.com.pe\/noticiero\/taurina-taurina\/gran-expectacion-en-sevilla-por-los-carteles-de-la-feria-de-abril\/#breadcrumb","itemListElement":[{"@type":"ListItem","position":1,"name":"Portada","item":"https:\/\/aeronoticias.com.pe\/noticiero\/"},{"@type":"ListItem","position":2,"name":"Gran expectaci\u00f3n en Sevilla por los carteles de la Feria de Abril"}]},{"@type":"WebSite","@id":"https:\/\/aeronoticias.com.pe\/noticiero\/#website","url":"https:\/\/aeronoticias.com.pe\/noticiero\/","name":"Aeronoticias.com.pe","description":"Noticias de tranporte aereo, turismo, hoteles, gastronomia, actualidad, internacional","potentialAction":[{"@type":"SearchAction","target":{"@type":"EntryPoint","urlTemplate":"https:\/\/aeronoticias.com.pe\/noticiero\/?s={search_term_string}"},"query-input":{"@type":"PropertyValueSpecification","valueRequired":true,"valueName":"search_term_string"}}],"inLanguage":"es"},{"@type":"Person","@id":"https:\/\/aeronoticias.com.pe\/noticiero\/#\/schema\/person\/fc1e5d578f4b62ba1cf7ac2bba1170a0","name":"Redacci\u00f3n Aeronoticias","url":"https:\/\/aeronoticias.com.pe\/noticiero\/author\/piloto\/"}]}},"_links":{"self":[{"href":"https:\/\/aeronoticias.com.pe\/noticiero\/wp-json\/wp\/v2\/posts\/16761","targetHints":{"allow":["GET"]}}],"collection":[{"href":"https:\/\/aeronoticias.com.pe\/noticiero\/wp-json\/wp\/v2\/posts"}],"about":[{"href":"https:\/\/aeronoticias.com.pe\/noticiero\/wp-json\/wp\/v2\/types\/post"}],"author":[{"embeddable":true,"href":"https:\/\/aeronoticias.com.pe\/noticiero\/wp-json\/wp\/v2\/users\/1"}],"replies":[{"embeddable":true,"href":"https:\/\/aeronoticias.com.pe\/noticiero\/wp-json\/wp\/v2\/comments?post=16761"}],"version-history":[{"count":0,"href":"https:\/\/aeronoticias.com.pe\/noticiero\/wp-json\/wp\/v2\/posts\/16761\/revisions"}],"wp:attachment":[{"href":"https:\/\/aeronoticias.com.pe\/noticiero\/wp-json\/wp\/v2\/media?parent=16761"}],"wp:term":[{"taxonomy":"category","embeddable":true,"href":"https:\/\/aeronoticias.com.pe\/noticiero\/wp-json\/wp\/v2\/categories?post=16761"},{"taxonomy":"post_tag","embeddable":true,"href":"https:\/\/aeronoticias.com.pe\/noticiero\/wp-json\/wp\/v2\/tags?post=16761"}],"curies":[{"name":"wp","href":"https:\/\/api.w.org\/{rel}","templated":true}]}}