{"id":16763,"date":"2011-04-20T17:18:41","date_gmt":"2011-04-20T17:18:41","guid":{"rendered":"http:\/\/desarrollo.mcvicious.com\/aero2020\/2011\/04\/20\/octavio-chacon-prepara-temporada-en-el-peru\/"},"modified":"2011-04-20T17:18:41","modified_gmt":"2011-04-20T17:18:41","slug":"octavio-chacon-prepara-temporada-en-el-peru","status":"publish","type":"post","link":"https:\/\/aeronoticias.com.pe\/noticiero\/taurina-taurina\/octavio-chacon-prepara-temporada-en-el-peru\/","title":{"rendered":"Octavio Chac\u00f3n prepara temporada en el Per\u00fa"},"content":{"rendered":"<p>\u00a0<\/p>\n<p style=\"text-align: justify;\"><strong>(Aeronoticias).-<\/strong> El matador de toros gaditano Octavio Chac\u00f3n ser\u00e1 apoderado por el tambi\u00e9n diestro y ganadero Antonio Rubio \u00abMacandro\u00bb. El nuevo apoderado est\u00e1 trabajando para que su poderdante pueda confirmar su alternativa en el pr\u00f3ximo mes de Junio en la plaza de toros de Las Ventas en las corridas que se dan en la capital espa\u00f1ola fuera de abono.<\/p>\n<p style=\"text-align: justify;\">Estamos informados, adem\u00e1s, de que Octavio Chac\u00f3n viajar\u00e1 al Per\u00fa donde tiene contratadas seis corridas de toros. No obstante, su representante en Per\u00fa, Lucho Saravia, ya tiene concertadas unas treinta corridas para la presente temporada 2.011.<\/p>\n<p style=\"text-align: justify;\">El diestro volver\u00e1 a finales del mes de Mayo para actuar el d\u00eda 29 en la plaza de Montijo, Portugal, donde contar\u00e1 con la representaci\u00f3n del taurino portugu\u00e9s Antonio Nunes.<\/p>\n<p style=\"text-align: justify;\"><img decoding=\"async\" src=\"images\/stories\/11\/04\/200411\/toros2.jpg\" border=\"0\" alt=\"Octavio Chac\u00f3n prepara temporada en el Per\u00fa\" title=\"Octavio Chac\u00f3n prepara temporada en el Per\u00fa\" \/><\/p>\n<p>\u00a0<\/p>\n","protected":false},"excerpt":{"rendered":"<p>\u00a0 (Aeronoticias).- El matador de toros gaditano Octavio Chac\u00f3n ser\u00e1 apoderado por el tambi\u00e9n diestro y ganadero Antonio Rubio \u00abMacandro\u00bb. El nuevo apoderado est\u00e1 trabajando para que su poderdante pueda confirmar su alternativa en el pr\u00f3ximo mes de Junio en la plaza de toros de Las Ventas en las corridas que se dan en la [&hellip;]<\/p>\n","protected":false},"author":1,"featured_media":0,"comment_status":"open","ping_status":"open","sticky":false,"template":"","format":"standard","meta":{"tdm_status":"","tdm_grid_status":"","footnotes":""},"categories":[46],"tags":[],"class_list":{"0":"post-16763","1":"post","2":"type-post","3":"status-publish","4":"format-standard","6":"category-taurina-taurina"},"yoast_head":"<!-- This site is optimized with the Yoast SEO plugin v25.1 - https:\/\/yoast.com\/wordpress\/plugins\/seo\/ -->\n<title>Octavio Chac\u00f3n prepara temporada en el Per\u00fa<\/title>\n<meta name=\"description\" content=\"Portal de noticias del Per\u00fa sobre el transporte a\u00e9reo, aviaci\u00f3n, turismo, hoteleria, actualidad.\" \/>\n<meta name=\"robots\" content=\"index, follow, max-snippet:-1, max-image-preview:large, max-video-preview:-1\" \/>\n<link rel=\"canonical\" href=\"https:\/\/aeronoticias.com.pe\/noticiero\/taurina-taurina\/octavio-chacon-prepara-temporada-en-el-peru\/\" \/>\n<meta property=\"og:locale\" content=\"es_ES\" \/>\n<meta property=\"og:type\" content=\"article\" \/>\n<meta property=\"og:title\" content=\"Octavio Chac\u00f3n prepara temporada en el Per\u00fa\" \/>\n<meta property=\"og:description\" content=\"Portal de noticias del Per\u00fa sobre el transporte a\u00e9reo, aviaci\u00f3n, turismo, hoteleria, actualidad.\" \/>\n<meta property=\"og:url\" content=\"https:\/\/aeronoticias.com.pe\/noticiero\/taurina-taurina\/octavio-chacon-prepara-temporada-en-el-peru\/\" \/>\n<meta property=\"og:site_name\" content=\"Aeronoticias.com.pe\" \/>\n<meta property=\"article:publisher\" content=\"https:\/\/www.facebook.com\/Aeronoticias.com.pe\/\" \/>\n<meta property=\"article:published_time\" content=\"2011-04-20T17:18:41+00:00\" \/>\n<meta name=\"author\" content=\"Redacci\u00f3n Aeronoticias\" \/>\n<meta name=\"twitter:card\" content=\"summary_large_image\" \/>\n<meta name=\"twitter:creator\" content=\"@aeronoticias\" \/>\n<meta name=\"twitter:site\" content=\"@aeronoticias\" \/>\n<meta name=\"twitter:label1\" content=\"Escrito por\" \/>\n\t<meta name=\"twitter:data1\" content=\"Redacci\u00f3n Aeronoticias\" \/>\n\t<meta name=\"twitter:label2\" content=\"Tiempo de lectura\" \/>\n\t<meta name=\"twitter:data2\" content=\"1 minuto\" \/>\n<script type=\"application\/ld+json\" class=\"yoast-schema-graph\">{\"@context\":\"https:\/\/schema.org\",\"@graph\":[{\"@type\":\"WebPage\",\"@id\":\"https:\/\/aeronoticias.com.pe\/noticiero\/taurina-taurina\/octavio-chacon-prepara-temporada-en-el-peru\/\",\"url\":\"https:\/\/aeronoticias.com.pe\/noticiero\/taurina-taurina\/octavio-chacon-prepara-temporada-en-el-peru\/\",\"name\":\"Octavio Chac\u00f3n prepara temporada en el Per\u00fa\",\"isPartOf\":{\"@id\":\"https:\/\/aeronoticias.com.pe\/noticiero\/#website\"},\"datePublished\":\"2011-04-20T17:18:41+00:00\",\"author\":{\"@id\":\"https:\/\/aeronoticias.com.pe\/noticiero\/#\/schema\/person\/fc1e5d578f4b62ba1cf7ac2bba1170a0\"},\"description\":\"Portal de noticias del Per\u00fa sobre el transporte a\u00e9reo, aviaci\u00f3n, turismo, hoteleria, actualidad.\",\"breadcrumb\":{\"@id\":\"https:\/\/aeronoticias.com.pe\/noticiero\/taurina-taurina\/octavio-chacon-prepara-temporada-en-el-peru\/#breadcrumb\"},\"inLanguage\":\"es\",\"potentialAction\":[{\"@type\":\"ReadAction\",\"target\":[\"https:\/\/aeronoticias.com.pe\/noticiero\/taurina-taurina\/octavio-chacon-prepara-temporada-en-el-peru\/\"]}]},{\"@type\":\"BreadcrumbList\",\"@id\":\"https:\/\/aeronoticias.com.pe\/noticiero\/taurina-taurina\/octavio-chacon-prepara-temporada-en-el-peru\/#breadcrumb\",\"itemListElement\":[{\"@type\":\"ListItem\",\"position\":1,\"name\":\"Portada\",\"item\":\"https:\/\/aeronoticias.com.pe\/noticiero\/\"},{\"@type\":\"ListItem\",\"position\":2,\"name\":\"Octavio Chac\u00f3n prepara temporada en el Per\u00fa\"}]},{\"@type\":\"WebSite\",\"@id\":\"https:\/\/aeronoticias.com.pe\/noticiero\/#website\",\"url\":\"https:\/\/aeronoticias.com.pe\/noticiero\/\",\"name\":\"Aeronoticias.com.pe\",\"description\":\"Noticias de tranporte aereo, turismo, hoteles, gastronomia, actualidad, internacional\",\"potentialAction\":[{\"@type\":\"SearchAction\",\"target\":{\"@type\":\"EntryPoint\",\"urlTemplate\":\"https:\/\/aeronoticias.com.pe\/noticiero\/?s={search_term_string}\"},\"query-input\":{\"@type\":\"PropertyValueSpecification\",\"valueRequired\":true,\"valueName\":\"search_term_string\"}}],\"inLanguage\":\"es\"},{\"@type\":\"Person\",\"@id\":\"https:\/\/aeronoticias.com.pe\/noticiero\/#\/schema\/person\/fc1e5d578f4b62ba1cf7ac2bba1170a0\",\"name\":\"Redacci\u00f3n Aeronoticias\",\"url\":\"https:\/\/aeronoticias.com.pe\/noticiero\/author\/piloto\/\"}]}<\/script>\n<!-- \/ Yoast SEO plugin. -->","yoast_head_json":{"title":"Octavio Chac\u00f3n prepara temporada en el Per\u00fa","description":"Portal de noticias del Per\u00fa sobre el transporte a\u00e9reo, aviaci\u00f3n, turismo, hoteleria, actualidad.","robots":{"index":"index","follow":"follow","max-snippet":"max-snippet:-1","max-image-preview":"max-image-preview:large","max-video-preview":"max-video-preview:-1"},"canonical":"https:\/\/aeronoticias.com.pe\/noticiero\/taurina-taurina\/octavio-chacon-prepara-temporada-en-el-peru\/","og_locale":"es_ES","og_type":"article","og_title":"Octavio Chac\u00f3n prepara temporada en el Per\u00fa","og_description":"Portal de noticias del Per\u00fa sobre el transporte a\u00e9reo, aviaci\u00f3n, turismo, hoteleria, actualidad.","og_url":"https:\/\/aeronoticias.com.pe\/noticiero\/taurina-taurina\/octavio-chacon-prepara-temporada-en-el-peru\/","og_site_name":"Aeronoticias.com.pe","article_publisher":"https:\/\/www.facebook.com\/Aeronoticias.com.pe\/","article_published_time":"2011-04-20T17:18:41+00:00","author":"Redacci\u00f3n Aeronoticias","twitter_card":"summary_large_image","twitter_creator":"@aeronoticias","twitter_site":"@aeronoticias","twitter_misc":{"Escrito por":"Redacci\u00f3n Aeronoticias","Tiempo de lectura":"1 minuto"},"schema":{"@context":"https:\/\/schema.org","@graph":[{"@type":"WebPage","@id":"https:\/\/aeronoticias.com.pe\/noticiero\/taurina-taurina\/octavio-chacon-prepara-temporada-en-el-peru\/","url":"https:\/\/aeronoticias.com.pe\/noticiero\/taurina-taurina\/octavio-chacon-prepara-temporada-en-el-peru\/","name":"Octavio Chac\u00f3n prepara temporada en el Per\u00fa","isPartOf":{"@id":"https:\/\/aeronoticias.com.pe\/noticiero\/#website"},"datePublished":"2011-04-20T17:18:41+00:00","author":{"@id":"https:\/\/aeronoticias.com.pe\/noticiero\/#\/schema\/person\/fc1e5d578f4b62ba1cf7ac2bba1170a0"},"description":"Portal de noticias del Per\u00fa sobre el transporte a\u00e9reo, aviaci\u00f3n, turismo, hoteleria, actualidad.","breadcrumb":{"@id":"https:\/\/aeronoticias.com.pe\/noticiero\/taurina-taurina\/octavio-chacon-prepara-temporada-en-el-peru\/#breadcrumb"},"inLanguage":"es","potentialAction":[{"@type":"ReadAction","target":["https:\/\/aeronoticias.com.pe\/noticiero\/taurina-taurina\/octavio-chacon-prepara-temporada-en-el-peru\/"]}]},{"@type":"BreadcrumbList","@id":"https:\/\/aeronoticias.com.pe\/noticiero\/taurina-taurina\/octavio-chacon-prepara-temporada-en-el-peru\/#breadcrumb","itemListElement":[{"@type":"ListItem","position":1,"name":"Portada","item":"https:\/\/aeronoticias.com.pe\/noticiero\/"},{"@type":"ListItem","position":2,"name":"Octavio Chac\u00f3n prepara temporada en el Per\u00fa"}]},{"@type":"WebSite","@id":"https:\/\/aeronoticias.com.pe\/noticiero\/#website","url":"https:\/\/aeronoticias.com.pe\/noticiero\/","name":"Aeronoticias.com.pe","description":"Noticias de tranporte aereo, turismo, hoteles, gastronomia, actualidad, internacional","potentialAction":[{"@type":"SearchAction","target":{"@type":"EntryPoint","urlTemplate":"https:\/\/aeronoticias.com.pe\/noticiero\/?s={search_term_string}"},"query-input":{"@type":"PropertyValueSpecification","valueRequired":true,"valueName":"search_term_string"}}],"inLanguage":"es"},{"@type":"Person","@id":"https:\/\/aeronoticias.com.pe\/noticiero\/#\/schema\/person\/fc1e5d578f4b62ba1cf7ac2bba1170a0","name":"Redacci\u00f3n Aeronoticias","url":"https:\/\/aeronoticias.com.pe\/noticiero\/author\/piloto\/"}]}},"_links":{"self":[{"href":"https:\/\/aeronoticias.com.pe\/noticiero\/wp-json\/wp\/v2\/posts\/16763","targetHints":{"allow":["GET"]}}],"collection":[{"href":"https:\/\/aeronoticias.com.pe\/noticiero\/wp-json\/wp\/v2\/posts"}],"about":[{"href":"https:\/\/aeronoticias.com.pe\/noticiero\/wp-json\/wp\/v2\/types\/post"}],"author":[{"embeddable":true,"href":"https:\/\/aeronoticias.com.pe\/noticiero\/wp-json\/wp\/v2\/users\/1"}],"replies":[{"embeddable":true,"href":"https:\/\/aeronoticias.com.pe\/noticiero\/wp-json\/wp\/v2\/comments?post=16763"}],"version-history":[{"count":0,"href":"https:\/\/aeronoticias.com.pe\/noticiero\/wp-json\/wp\/v2\/posts\/16763\/revisions"}],"wp:attachment":[{"href":"https:\/\/aeronoticias.com.pe\/noticiero\/wp-json\/wp\/v2\/media?parent=16763"}],"wp:term":[{"taxonomy":"category","embeddable":true,"href":"https:\/\/aeronoticias.com.pe\/noticiero\/wp-json\/wp\/v2\/categories?post=16763"},{"taxonomy":"post_tag","embeddable":true,"href":"https:\/\/aeronoticias.com.pe\/noticiero\/wp-json\/wp\/v2\/tags?post=16763"}],"curies":[{"name":"wp","href":"https:\/\/api.w.org\/{rel}","templated":true}]}}