{"id":16768,"date":"2011-04-20T17:24:42","date_gmt":"2011-04-20T17:24:42","guid":{"rendered":"http:\/\/desarrollo.mcvicious.com\/aero2020\/2011\/04\/20\/en-45-dias-daran-nombre-de-candidato-a-defensor-del-pueblo\/"},"modified":"2011-04-20T17:24:42","modified_gmt":"2011-04-20T17:24:42","slug":"en-45-dias-daran-nombre-de-candidato-a-defensor-del-pueblo","status":"publish","type":"post","link":"https:\/\/aeronoticias.com.pe\/noticiero\/politica\/en-45-dias-daran-nombre-de-candidato-a-defensor-del-pueblo\/","title":{"rendered":"En 45 d\u00edas dar\u00e1n nombre de candidato a Defensor del Pueblo"},"content":{"rendered":"<p style=\"text-align: justify;\">(Aeronoticias) En un plazo de 45 d\u00edas se presentar\u00e1 el nombre del candidato a Defensor del Pueblo para su votaci\u00f3n en el Pleno del Congreso, estim\u00f3 Luis Gonzales Posada, titular de la comisi\u00f3n multipartidaria del Parlamento encargada de calificar a los postulares a ese cargo. Coment\u00f3, en ese sentido, que la pr\u00f3xima semana evaluar\u00e1n si la designaci\u00f3n se realiza por el procedimiento normal de calificaci\u00f3n o por el mecanismo de invitaci\u00f3n, en caso as\u00ed se lo faculte la Representaci\u00f3n Nacional.<\/p>\n<p>\u201cLa pr\u00f3xima semana vamos a contemplar si se hace una invitaci\u00f3n a algunas personalidades o se hace una postulaci\u00f3n abierta. Pero sea cual fuera el caso, nada impide que un plazo de 45 d\u00edas no estemos entregando el nombre. Hay que darle fuerte y velocidad al trabajo\u201d, afirm\u00f3.<\/p>\n<p style=\"text-align: center;\"><img decoding=\"async\" src=\"images\/stories\/11\/04\/210411\/po2.jpg\" border=\"0\" alt=\"posada\" title=\"posada\" \/><\/p>\n<p>Seg\u00fan Gonzales Posada, la elecci\u00f3n del pr\u00f3ximo defensor del Pueblo debe ser uno de los \u00faltimos actos de este Congreso donde se pondr\u00e1 a prueba la voluntad de concertaci\u00f3n de las bancadas pol\u00edticas. \u201cAhora veremos si la voluntad de concertaci\u00f3n existe o son simplemente palabras que se usan con fines electoreros, porque los ocho grupos parlamentarios que est\u00e1n en esta comisi\u00f3n van a estar presentes en el pr\u00f3ximo Congreso\u201d, resalt\u00f3.<\/p>\n<p>Agreg\u00f3 que el Poder Legislativo tiene una enorme responsabilidad en esta materia porque de no cumplir con nombrar al pr\u00f3ximo defensor del Pueblo dar\u00e1 \u201cuna mala se\u00f1al\u201d al pa\u00eds. En ese sentido, dijo esperar que en esta oportunidad el Pleno del Congreso apruebe con su voto la propuesta alcanzada por la comisi\u00f3n que preside porque de lo contrario \u2013anunci\u00f3- renunciar\u00e1 al encargo.<\/p>\n<p>\u201cEsta vez no va a ocurrir lo que ha sucedido en otras oportunidades donde la comisi\u00f3n presenta un candidato y el Congreso no lo vota. Nosotros no actuamos a t\u00edtulo personal, representamos a las bancadas, de tal manera que nos tiene que acompa\u00f1ar a plenitud en el voto sino nos tememos que ir\u201d, asegur\u00f3. Gonzales Posada tambi\u00e9n resalt\u00f3 que el candidato que sea propuesto para dirigir la Defensor\u00eda del Pueblo debe tener probados principios democr\u00e1ticos y ser una persona honorable.\u201cDebe ser no solo un jurista respetado sino una persona con antecedentes s\u00f3lidos vinculados a la defensa del sistema democr\u00e1tico y los derechos humanos\u201d agreg\u00f3. Andina<\/p>\n<p style=\"text-align: center;\">\u00a0<\/p>\n","protected":false},"excerpt":{"rendered":"<p>(Aeronoticias) En un plazo de 45 d\u00edas se presentar\u00e1 el nombre del candidato a Defensor del Pueblo para su votaci\u00f3n en el Pleno del Congreso, estim\u00f3 Luis Gonzales Posada, titular de la comisi\u00f3n multipartidaria del Parlamento encargada de calificar a los postulares a ese cargo. Coment\u00f3, en ese sentido, que la pr\u00f3xima semana evaluar\u00e1n si [&hellip;]<\/p>\n","protected":false},"author":1,"featured_media":0,"comment_status":"open","ping_status":"open","sticky":false,"template":"","format":"standard","meta":{"tdm_status":"","tdm_grid_status":"","footnotes":""},"categories":[36],"tags":[],"class_list":{"0":"post-16768","1":"post","2":"type-post","3":"status-publish","4":"format-standard","6":"category-politica"},"yoast_head":"<!-- This site is optimized with the Yoast SEO plugin v25.1 - https:\/\/yoast.com\/wordpress\/plugins\/seo\/ -->\n<title>En 45 d\u00edas dar\u00e1n nombre de candidato a Defensor del Pueblo<\/title>\n<meta name=\"description\" content=\"Portal de noticias del Per\u00fa sobre el transporte a\u00e9reo, aviaci\u00f3n, turismo, hoteleria, actualidad.\" \/>\n<meta name=\"robots\" content=\"index, follow, max-snippet:-1, max-image-preview:large, max-video-preview:-1\" \/>\n<link rel=\"canonical\" href=\"https:\/\/aeronoticias.com.pe\/noticiero\/politica\/en-45-dias-daran-nombre-de-candidato-a-defensor-del-pueblo\/\" \/>\n<meta property=\"og:locale\" content=\"es_ES\" \/>\n<meta property=\"og:type\" content=\"article\" \/>\n<meta property=\"og:title\" content=\"En 45 d\u00edas dar\u00e1n nombre de candidato a Defensor del Pueblo\" \/>\n<meta property=\"og:description\" content=\"Portal de noticias del Per\u00fa sobre el transporte a\u00e9reo, aviaci\u00f3n, turismo, hoteleria, actualidad.\" \/>\n<meta property=\"og:url\" content=\"https:\/\/aeronoticias.com.pe\/noticiero\/politica\/en-45-dias-daran-nombre-de-candidato-a-defensor-del-pueblo\/\" \/>\n<meta property=\"og:site_name\" content=\"Aeronoticias.com.pe\" \/>\n<meta property=\"article:publisher\" content=\"https:\/\/www.facebook.com\/Aeronoticias.com.pe\/\" \/>\n<meta property=\"article:published_time\" content=\"2011-04-20T17:24:42+00:00\" \/>\n<meta name=\"author\" content=\"Redacci\u00f3n Aeronoticias\" \/>\n<meta name=\"twitter:card\" content=\"summary_large_image\" \/>\n<meta name=\"twitter:creator\" content=\"@aeronoticias\" \/>\n<meta name=\"twitter:site\" content=\"@aeronoticias\" \/>\n<meta name=\"twitter:label1\" content=\"Escrito por\" \/>\n\t<meta name=\"twitter:data1\" content=\"Redacci\u00f3n Aeronoticias\" \/>\n\t<meta name=\"twitter:label2\" content=\"Tiempo de lectura\" \/>\n\t<meta name=\"twitter:data2\" content=\"2 minutos\" \/>\n<script type=\"application\/ld+json\" class=\"yoast-schema-graph\">{\"@context\":\"https:\/\/schema.org\",\"@graph\":[{\"@type\":\"WebPage\",\"@id\":\"https:\/\/aeronoticias.com.pe\/noticiero\/politica\/en-45-dias-daran-nombre-de-candidato-a-defensor-del-pueblo\/\",\"url\":\"https:\/\/aeronoticias.com.pe\/noticiero\/politica\/en-45-dias-daran-nombre-de-candidato-a-defensor-del-pueblo\/\",\"name\":\"En 45 d\u00edas dar\u00e1n nombre de candidato a Defensor del Pueblo\",\"isPartOf\":{\"@id\":\"https:\/\/aeronoticias.com.pe\/noticiero\/#website\"},\"datePublished\":\"2011-04-20T17:24:42+00:00\",\"author\":{\"@id\":\"https:\/\/aeronoticias.com.pe\/noticiero\/#\/schema\/person\/fc1e5d578f4b62ba1cf7ac2bba1170a0\"},\"description\":\"Portal de noticias del Per\u00fa sobre el transporte a\u00e9reo, aviaci\u00f3n, turismo, hoteleria, actualidad.\",\"breadcrumb\":{\"@id\":\"https:\/\/aeronoticias.com.pe\/noticiero\/politica\/en-45-dias-daran-nombre-de-candidato-a-defensor-del-pueblo\/#breadcrumb\"},\"inLanguage\":\"es\",\"potentialAction\":[{\"@type\":\"ReadAction\",\"target\":[\"https:\/\/aeronoticias.com.pe\/noticiero\/politica\/en-45-dias-daran-nombre-de-candidato-a-defensor-del-pueblo\/\"]}]},{\"@type\":\"BreadcrumbList\",\"@id\":\"https:\/\/aeronoticias.com.pe\/noticiero\/politica\/en-45-dias-daran-nombre-de-candidato-a-defensor-del-pueblo\/#breadcrumb\",\"itemListElement\":[{\"@type\":\"ListItem\",\"position\":1,\"name\":\"Portada\",\"item\":\"https:\/\/aeronoticias.com.pe\/noticiero\/\"},{\"@type\":\"ListItem\",\"position\":2,\"name\":\"En 45 d\u00edas dar\u00e1n nombre de candidato a Defensor del Pueblo\"}]},{\"@type\":\"WebSite\",\"@id\":\"https:\/\/aeronoticias.com.pe\/noticiero\/#website\",\"url\":\"https:\/\/aeronoticias.com.pe\/noticiero\/\",\"name\":\"Aeronoticias.com.pe\",\"description\":\"Noticias de tranporte aereo, turismo, hoteles, gastronomia, actualidad, internacional\",\"potentialAction\":[{\"@type\":\"SearchAction\",\"target\":{\"@type\":\"EntryPoint\",\"urlTemplate\":\"https:\/\/aeronoticias.com.pe\/noticiero\/?s={search_term_string}\"},\"query-input\":{\"@type\":\"PropertyValueSpecification\",\"valueRequired\":true,\"valueName\":\"search_term_string\"}}],\"inLanguage\":\"es\"},{\"@type\":\"Person\",\"@id\":\"https:\/\/aeronoticias.com.pe\/noticiero\/#\/schema\/person\/fc1e5d578f4b62ba1cf7ac2bba1170a0\",\"name\":\"Redacci\u00f3n Aeronoticias\",\"url\":\"https:\/\/aeronoticias.com.pe\/noticiero\/author\/piloto\/\"}]}<\/script>\n<!-- \/ Yoast SEO plugin. -->","yoast_head_json":{"title":"En 45 d\u00edas dar\u00e1n nombre de candidato a Defensor del Pueblo","description":"Portal de noticias del Per\u00fa sobre el transporte a\u00e9reo, aviaci\u00f3n, turismo, hoteleria, actualidad.","robots":{"index":"index","follow":"follow","max-snippet":"max-snippet:-1","max-image-preview":"max-image-preview:large","max-video-preview":"max-video-preview:-1"},"canonical":"https:\/\/aeronoticias.com.pe\/noticiero\/politica\/en-45-dias-daran-nombre-de-candidato-a-defensor-del-pueblo\/","og_locale":"es_ES","og_type":"article","og_title":"En 45 d\u00edas dar\u00e1n nombre de candidato a Defensor del Pueblo","og_description":"Portal de noticias del Per\u00fa sobre el transporte a\u00e9reo, aviaci\u00f3n, turismo, hoteleria, actualidad.","og_url":"https:\/\/aeronoticias.com.pe\/noticiero\/politica\/en-45-dias-daran-nombre-de-candidato-a-defensor-del-pueblo\/","og_site_name":"Aeronoticias.com.pe","article_publisher":"https:\/\/www.facebook.com\/Aeronoticias.com.pe\/","article_published_time":"2011-04-20T17:24:42+00:00","author":"Redacci\u00f3n Aeronoticias","twitter_card":"summary_large_image","twitter_creator":"@aeronoticias","twitter_site":"@aeronoticias","twitter_misc":{"Escrito por":"Redacci\u00f3n Aeronoticias","Tiempo de lectura":"2 minutos"},"schema":{"@context":"https:\/\/schema.org","@graph":[{"@type":"WebPage","@id":"https:\/\/aeronoticias.com.pe\/noticiero\/politica\/en-45-dias-daran-nombre-de-candidato-a-defensor-del-pueblo\/","url":"https:\/\/aeronoticias.com.pe\/noticiero\/politica\/en-45-dias-daran-nombre-de-candidato-a-defensor-del-pueblo\/","name":"En 45 d\u00edas dar\u00e1n nombre de candidato a Defensor del Pueblo","isPartOf":{"@id":"https:\/\/aeronoticias.com.pe\/noticiero\/#website"},"datePublished":"2011-04-20T17:24:42+00:00","author":{"@id":"https:\/\/aeronoticias.com.pe\/noticiero\/#\/schema\/person\/fc1e5d578f4b62ba1cf7ac2bba1170a0"},"description":"Portal de noticias del Per\u00fa sobre el transporte a\u00e9reo, aviaci\u00f3n, turismo, hoteleria, actualidad.","breadcrumb":{"@id":"https:\/\/aeronoticias.com.pe\/noticiero\/politica\/en-45-dias-daran-nombre-de-candidato-a-defensor-del-pueblo\/#breadcrumb"},"inLanguage":"es","potentialAction":[{"@type":"ReadAction","target":["https:\/\/aeronoticias.com.pe\/noticiero\/politica\/en-45-dias-daran-nombre-de-candidato-a-defensor-del-pueblo\/"]}]},{"@type":"BreadcrumbList","@id":"https:\/\/aeronoticias.com.pe\/noticiero\/politica\/en-45-dias-daran-nombre-de-candidato-a-defensor-del-pueblo\/#breadcrumb","itemListElement":[{"@type":"ListItem","position":1,"name":"Portada","item":"https:\/\/aeronoticias.com.pe\/noticiero\/"},{"@type":"ListItem","position":2,"name":"En 45 d\u00edas dar\u00e1n nombre de candidato a Defensor del Pueblo"}]},{"@type":"WebSite","@id":"https:\/\/aeronoticias.com.pe\/noticiero\/#website","url":"https:\/\/aeronoticias.com.pe\/noticiero\/","name":"Aeronoticias.com.pe","description":"Noticias de tranporte aereo, turismo, hoteles, gastronomia, actualidad, internacional","potentialAction":[{"@type":"SearchAction","target":{"@type":"EntryPoint","urlTemplate":"https:\/\/aeronoticias.com.pe\/noticiero\/?s={search_term_string}"},"query-input":{"@type":"PropertyValueSpecification","valueRequired":true,"valueName":"search_term_string"}}],"inLanguage":"es"},{"@type":"Person","@id":"https:\/\/aeronoticias.com.pe\/noticiero\/#\/schema\/person\/fc1e5d578f4b62ba1cf7ac2bba1170a0","name":"Redacci\u00f3n Aeronoticias","url":"https:\/\/aeronoticias.com.pe\/noticiero\/author\/piloto\/"}]}},"_links":{"self":[{"href":"https:\/\/aeronoticias.com.pe\/noticiero\/wp-json\/wp\/v2\/posts\/16768","targetHints":{"allow":["GET"]}}],"collection":[{"href":"https:\/\/aeronoticias.com.pe\/noticiero\/wp-json\/wp\/v2\/posts"}],"about":[{"href":"https:\/\/aeronoticias.com.pe\/noticiero\/wp-json\/wp\/v2\/types\/post"}],"author":[{"embeddable":true,"href":"https:\/\/aeronoticias.com.pe\/noticiero\/wp-json\/wp\/v2\/users\/1"}],"replies":[{"embeddable":true,"href":"https:\/\/aeronoticias.com.pe\/noticiero\/wp-json\/wp\/v2\/comments?post=16768"}],"version-history":[{"count":0,"href":"https:\/\/aeronoticias.com.pe\/noticiero\/wp-json\/wp\/v2\/posts\/16768\/revisions"}],"wp:attachment":[{"href":"https:\/\/aeronoticias.com.pe\/noticiero\/wp-json\/wp\/v2\/media?parent=16768"}],"wp:term":[{"taxonomy":"category","embeddable":true,"href":"https:\/\/aeronoticias.com.pe\/noticiero\/wp-json\/wp\/v2\/categories?post=16768"},{"taxonomy":"post_tag","embeddable":true,"href":"https:\/\/aeronoticias.com.pe\/noticiero\/wp-json\/wp\/v2\/tags?post=16768"}],"curies":[{"name":"wp","href":"https:\/\/api.w.org\/{rel}","templated":true}]}}