{"id":169,"date":"2008-08-05T19:10:24","date_gmt":"2008-08-05T19:10:24","guid":{"rendered":"http:\/\/desarrollo.mcvicious.com\/aero2020\/2008\/08\/05\/sector-turico-de-miraflores-se-une-contra-explotaciexual-infantil\/"},"modified":"2008-08-05T19:10:24","modified_gmt":"2008-08-05T19:10:24","slug":"sector-turico-de-miraflores-se-une-contra-explotaciexual-infantil","status":"publish","type":"post","link":"https:\/\/aeronoticias.com.pe\/noticiero\/turismo\/13\/sector-turico-de-miraflores-se-une-contra-explotaciexual-infantil\/","title":{"rendered":"Sector tur"},"content":{"rendered":"<blockquote>\n<p>El Viceministro de Turismo, Pablo L&oacute;pez de Roma&ntilde;a C&aacute;ceres destac&oacute; hoy el compromiso asumido por el empresariado del sector tur&iacute;stico de Miraflores al suscribir el C&oacute;digo de Conducta para la prevenci&oacute;n de la explotaci&oacute;n sexual infantil; as&iacute; como la labor promotora que viene realizando el municipio de ese Distrito para la erradicaci&oacute;n de este delito.<\/p>\n<p>&ldquo;Con la suscripci&oacute;n del C&oacute;digo de Conducta, las empresas est&aacute;n asumiendo una pol&iacute;tica &eacute;tica de rechazo a la explotaci&oacute;n sexual comercial de ni&ntilde;as, ni&ntilde;os y adolescentes en el &aacute;mbito de viajes y turismo. Adem&aacute;s se comprometen a informar y capacitar a su personal sobre la pol&iacute;tica de la empresa con respecto a la prevenci&oacute;n de la explotaci&oacute;n sexual infantil, as&iacute; como a presentar un informe anual reportando las acciones realizadas por la compa&ntilde;&iacute;a a favor de la infancia&rdquo;, se&ntilde;al&oacute;.<\/p>\n<div style=\"text-align: center\"><img loading=\"lazy\" decoding=\"async\" src=\"http:\/\/aeronoticias.com.pe\/fotonoticias\/agosto\/mesadehonor.jpg\" alt=\" \" title=\"El Especialista en Protecci&oacute;n de los Derechos de la Infancia -Unicef-, Manuel Trist&aacute;n; el alcalde de  Miraflores, Manuel Mas&iacute;as; el Viceministro de Turismo, Pablo L&oacute;pez de Roma&ntilde;a; la presidenta de AHORA, Margot Moscoso y el director de la Fundaci&oacute;n Telef&oacute;nica, Rafael Var&oacute;n. (Foto: Efr&eacute;n Vidal-Aeronoticias)\" hspace=\"5\" vspace=\"5\" width=\"230\" height=\"130\" \/><\/div>\n<\/blockquote>\n<p> <!--more--> <\/p>\n<blockquote>\n<p>&nbsp;<\/p>\n<p align=\"center\">&nbsp;<\/p>\n<p align=\"center\"><strong>S&iacute;mbolos visibles contra la explotaci&oacute;n sexual de ni&ntilde;os<\/strong>&nbsp;<\/p>\n<p align=\"justify\">A&ntilde;adi&oacute; que las empresas tambi&eacute;n se han comprometido a mantener s&iacute;mbolos visibles que alerten a clientes y proveedores sobre su posici&oacute;n respecto de la explotaci&oacute;n sexual de ni&ntilde;os, ni&ntilde;as y adolescentes e incluso a a&ntilde;adir una cl&aacute;usula en los contratos con los proveedores de servicios tur&iacute;sticos en donde se declare el com&uacute;n rechazo a la explotaci&oacute;n sexual infantil. <\/p>\n<p align=\"justify\">El C&oacute;digo de Conducta fue suscrito por la Asociaci&oacute;n de Hoteles, Restaurantes y Afines (AHORA); el Hotel Crowne Plaza; el Hotel Miraflores Park Plaza; el Hotel Casa Andina; Hoteles Las Am&eacute;ricas; el Centro Tur&iacute;stico de Entretenimiento y Compras Larcomar; Fundaci&oacute;n Telef&oacute;nica y la empresa de transportes Expreso CIAL.<\/p>\n<p align=\"justify\">La suscripci&oacute;n del C&oacute;digo de Conducta para la protecci&oacute;n de la infancia es una iniciativa que viene siendo impulsada desde el Estado en forma conjunta con los principales gremios del sector turismo.&nbsp; Consiste en la promoci&oacute;n de la suscripci&oacute;n de un compromiso de prevenci&oacute;n de la explotaci&oacute;n sexual infantil por parte de las empresas prestadoras de servicios tur&iacute;sticos.&nbsp; <\/p>\n<div style=\"text-align: center\"><img loading=\"lazy\" decoding=\"async\" src=\"http:\/\/aeronoticias.com.pe\/fotonoticias\/agosto\/unidosexplotx.jpg\" alt=\" \" title=\"Unidos contra la explotaci&oacute;n sexual infantil. (Foto: Efr&eacute;n Vidal-Aeronoticias)\" hspace=\"5\" vspace=\"5\" width=\"230\" height=\"130\" \/><\/div>\n<p align=\"center\">&nbsp;Plan de Acci&oacute;n-Miraflores<\/p>\n<p align=\"justify\">El Viceministro de Turismo inform&oacute; que en el marco del Acuerdo de Cooperaci&oacute;n Interinstitucional suscrito entre el Fondo de las Naciones Unidas para la Infancia (UNICEF) y el MINCETUR se ha previsto apoyar t&eacute;cnicamente a la Municipalidad de Miraflores en diversas acciones, entre ellas, la elaboraci&oacute;n de un Plan de Acci&oacute;n de Prevenci&oacute;n de la Explotaci&oacute;n Sexual en el &aacute;mbito del turismo, que incluir&aacute; acciones de capacitaci&oacute;n al personal de los hoteles que suscriben el C&oacute;digo de Conducta; la difusi&oacute;n de la Campa&ntilde;a de Prevenci&oacute;n de la explotaci&oacute;n sexual infantil y adolescente en el &aacute;mbito del turismo; y la promoci&oacute;n de la suscripci&oacute;n de c&oacute;digos de conducta entre otras empresas del Distrito. <\/p>\n<p align=\"center\"><strong>Acciones MINCETUR<\/strong><\/p>\n<p align=\"justify\">Indic&oacute; que el MINCETUR suscribi&oacute; un convenio con el UNICEF, a trav&eacute;s del cual este organismo brinda asistencia t&eacute;cnica y financiera, desde el 2006,&nbsp; a las acciones que el Ministerio emprenda para la prevenci&oacute;n de la explotaci&oacute;n sexual de ni&ntilde;os, ni&ntilde;as y adolescentes en los &aacute;mbitos del turismo y viajes. <\/p>\n<p align=\"justify\">El MINCETUR coordina acciones con el Ministerio de la Mujer y Desarrollo Social &ndash; MIMDES y otros sectores del Estado relacionados con la problem&aacute;tica y otras entidades de la sociedad civil, con las que viene desarrollando acciones destinadas a la prevenci&oacute;n y erradicaci&oacute;n del problema que contemplan: Campa&ntilde;as de Comunicaci&oacute;n, dirigida a los viajeros nacionales, extranjeros y prestadores de servicios tur&iacute;sticos, con el fin de dar a conocer las pol&iacute;ticas de protecci&oacute;n a la infancia en materia de explotaci&oacute;n sexual; promoci&oacute;n de la suscripci&oacute;n del C&oacute;digo de Conducta, que busca que la empresas asuman pol&iacute;ticas de rechazo a la explotaci&oacute;n sexual comercial infantil; y la capacitaci&oacute;n de agentes clave para la prevenci&oacute;n y erradicaci&oacute;n de este problema, a fin de crear una conciencia &eacute;tica en la gesti&oacute;n tur&iacute;stica y garantizar la sostenibilidad del turismo.&nbsp; <\/p>\n<p align=\"justify\">Luego de la ceremonia de suscripci&oacute;n del C&oacute;digo de Conducta se present&oacute; el &ldquo;Mural de la prevenci&oacute;n de la explotaci&oacute;n sexual de ni&ntilde;os, ni&ntilde;as y adolescentes&rdquo;, en el que se colocar&aacute;n los logotipos de las empresas del distrito de Miraflores que han suscrito el C&oacute;digos de Conducta. <\/p>\n<p align=\"justify\">El Viceministro de Turismo estuvo acompa&ntilde;ado del alcalde de&nbsp; Miraflores, Manuel Mas&iacute;as; del especialista en Protecci&oacute;n de los Derechos de la Infancia &#8211; UNICEF, Manuel Trist&aacute;n; del director de la Fundaci&oacute;n Telef&oacute;nica, Rafael Var&oacute;n; de la presidenta de AHORA Per&uacute;, Margot Moscoso y empresarios del sector privado de turismo.<\/p>\n<\/blockquote>\n","protected":false},"excerpt":{"rendered":"<p>El Viceministro de Turismo, Pablo L&oacute;pez de Roma&ntilde;a C&aacute;ceres destac&oacute; hoy el compromiso asumido por el empresariado del sector tur&iacute;stico de Miraflores al suscribir el C&oacute;digo de Conducta para la prevenci&oacute;n de la explotaci&oacute;n sexual infantil; as&iacute; como la labor promotora que viene realizando el municipio de ese Distrito para la erradicaci&oacute;n de este delito. [&hellip;]<\/p>\n","protected":false},"author":1,"featured_media":0,"comment_status":"open","ping_status":"open","sticky":false,"template":"","format":"standard","meta":{"tdm_status":"","tdm_grid_status":"","footnotes":""},"categories":[31],"tags":[],"class_list":{"0":"post-169","1":"post","2":"type-post","3":"status-publish","4":"format-standard","6":"category-31"},"yoast_head":"<!-- This site is optimized with the Yoast SEO plugin v25.1 - https:\/\/yoast.com\/wordpress\/plugins\/seo\/ -->\n<title>Sector tur<\/title>\n<meta name=\"description\" content=\"Portal de noticias del Per\u00fa sobre el transporte a\u00e9reo, aviaci\u00f3n, turismo, hoteleria, actualidad.\" \/>\n<meta name=\"robots\" content=\"index, follow, max-snippet:-1, max-image-preview:large, max-video-preview:-1\" \/>\n<link rel=\"canonical\" href=\"https:\/\/aeronoticias.com.pe\/noticiero\/turismo\/13\/sector-turico-de-miraflores-se-une-contra-explotaciexual-infantil\/\" \/>\n<meta property=\"og:locale\" content=\"es_ES\" \/>\n<meta property=\"og:type\" content=\"article\" \/>\n<meta property=\"og:title\" content=\"Sector tur\" \/>\n<meta property=\"og:description\" content=\"Portal de noticias del Per\u00fa sobre el transporte a\u00e9reo, aviaci\u00f3n, turismo, hoteleria, actualidad.\" \/>\n<meta property=\"og:url\" content=\"https:\/\/aeronoticias.com.pe\/noticiero\/turismo\/13\/sector-turico-de-miraflores-se-une-contra-explotaciexual-infantil\/\" \/>\n<meta property=\"og:site_name\" content=\"Aeronoticias.com.pe\" \/>\n<meta property=\"article:publisher\" content=\"https:\/\/www.facebook.com\/Aeronoticias.com.pe\/\" \/>\n<meta property=\"article:published_time\" content=\"2008-08-05T19:10:24+00:00\" \/>\n<meta property=\"og:image\" content=\"http:\/\/aeronoticias.com.pe\/fotonoticias\/agosto\/mesadehonor.jpg\" \/>\n<meta name=\"author\" content=\"Redacci\u00f3n Aeronoticias\" \/>\n<meta name=\"twitter:card\" content=\"summary_large_image\" \/>\n<meta name=\"twitter:creator\" content=\"@aeronoticias\" \/>\n<meta name=\"twitter:site\" content=\"@aeronoticias\" \/>\n<meta name=\"twitter:label1\" content=\"Escrito por\" \/>\n\t<meta name=\"twitter:data1\" content=\"Redacci\u00f3n Aeronoticias\" \/>\n\t<meta name=\"twitter:label2\" content=\"Tiempo de lectura\" \/>\n\t<meta name=\"twitter:data2\" content=\"5 minutos\" \/>\n<script type=\"application\/ld+json\" class=\"yoast-schema-graph\">{\"@context\":\"https:\/\/schema.org\",\"@graph\":[{\"@type\":\"WebPage\",\"@id\":\"https:\/\/aeronoticias.com.pe\/noticiero\/turismo\/13\/sector-turico-de-miraflores-se-une-contra-explotaciexual-infantil\/\",\"url\":\"https:\/\/aeronoticias.com.pe\/noticiero\/turismo\/13\/sector-turico-de-miraflores-se-une-contra-explotaciexual-infantil\/\",\"name\":\"Sector tur\",\"isPartOf\":{\"@id\":\"https:\/\/aeronoticias.com.pe\/noticiero\/#website\"},\"primaryImageOfPage\":{\"@id\":\"https:\/\/aeronoticias.com.pe\/noticiero\/turismo\/13\/sector-turico-de-miraflores-se-une-contra-explotaciexual-infantil\/#primaryimage\"},\"image\":{\"@id\":\"https:\/\/aeronoticias.com.pe\/noticiero\/turismo\/13\/sector-turico-de-miraflores-se-une-contra-explotaciexual-infantil\/#primaryimage\"},\"thumbnailUrl\":\"http:\/\/aeronoticias.com.pe\/fotonoticias\/agosto\/mesadehonor.jpg\",\"datePublished\":\"2008-08-05T19:10:24+00:00\",\"author\":{\"@id\":\"https:\/\/aeronoticias.com.pe\/noticiero\/#\/schema\/person\/fc1e5d578f4b62ba1cf7ac2bba1170a0\"},\"description\":\"Portal de noticias del Per\u00fa sobre el transporte a\u00e9reo, aviaci\u00f3n, turismo, hoteleria, actualidad.\",\"breadcrumb\":{\"@id\":\"https:\/\/aeronoticias.com.pe\/noticiero\/turismo\/13\/sector-turico-de-miraflores-se-une-contra-explotaciexual-infantil\/#breadcrumb\"},\"inLanguage\":\"es\",\"potentialAction\":[{\"@type\":\"ReadAction\",\"target\":[\"https:\/\/aeronoticias.com.pe\/noticiero\/turismo\/13\/sector-turico-de-miraflores-se-une-contra-explotaciexual-infantil\/\"]}]},{\"@type\":\"ImageObject\",\"inLanguage\":\"es\",\"@id\":\"https:\/\/aeronoticias.com.pe\/noticiero\/turismo\/13\/sector-turico-de-miraflores-se-une-contra-explotaciexual-infantil\/#primaryimage\",\"url\":\"http:\/\/aeronoticias.com.pe\/fotonoticias\/agosto\/mesadehonor.jpg\",\"contentUrl\":\"http:\/\/aeronoticias.com.pe\/fotonoticias\/agosto\/mesadehonor.jpg\"},{\"@type\":\"BreadcrumbList\",\"@id\":\"https:\/\/aeronoticias.com.pe\/noticiero\/turismo\/13\/sector-turico-de-miraflores-se-une-contra-explotaciexual-infantil\/#breadcrumb\",\"itemListElement\":[{\"@type\":\"ListItem\",\"position\":1,\"name\":\"Portada\",\"item\":\"https:\/\/aeronoticias.com.pe\/noticiero\/\"},{\"@type\":\"ListItem\",\"position\":2,\"name\":\"Sector tur\"}]},{\"@type\":\"WebSite\",\"@id\":\"https:\/\/aeronoticias.com.pe\/noticiero\/#website\",\"url\":\"https:\/\/aeronoticias.com.pe\/noticiero\/\",\"name\":\"Aeronoticias.com.pe\",\"description\":\"Noticias de tranporte aereo, turismo, hoteles, gastronomia, actualidad, internacional\",\"potentialAction\":[{\"@type\":\"SearchAction\",\"target\":{\"@type\":\"EntryPoint\",\"urlTemplate\":\"https:\/\/aeronoticias.com.pe\/noticiero\/?s={search_term_string}\"},\"query-input\":{\"@type\":\"PropertyValueSpecification\",\"valueRequired\":true,\"valueName\":\"search_term_string\"}}],\"inLanguage\":\"es\"},{\"@type\":\"Person\",\"@id\":\"https:\/\/aeronoticias.com.pe\/noticiero\/#\/schema\/person\/fc1e5d578f4b62ba1cf7ac2bba1170a0\",\"name\":\"Redacci\u00f3n Aeronoticias\",\"url\":\"https:\/\/aeronoticias.com.pe\/noticiero\/author\/piloto\/\"}]}<\/script>\n<!-- \/ Yoast SEO plugin. -->","yoast_head_json":{"title":"Sector tur","description":"Portal de noticias del Per\u00fa sobre el transporte a\u00e9reo, aviaci\u00f3n, turismo, hoteleria, actualidad.","robots":{"index":"index","follow":"follow","max-snippet":"max-snippet:-1","max-image-preview":"max-image-preview:large","max-video-preview":"max-video-preview:-1"},"canonical":"https:\/\/aeronoticias.com.pe\/noticiero\/turismo\/13\/sector-turico-de-miraflores-se-une-contra-explotaciexual-infantil\/","og_locale":"es_ES","og_type":"article","og_title":"Sector tur","og_description":"Portal de noticias del Per\u00fa sobre el transporte a\u00e9reo, aviaci\u00f3n, turismo, hoteleria, actualidad.","og_url":"https:\/\/aeronoticias.com.pe\/noticiero\/turismo\/13\/sector-turico-de-miraflores-se-une-contra-explotaciexual-infantil\/","og_site_name":"Aeronoticias.com.pe","article_publisher":"https:\/\/www.facebook.com\/Aeronoticias.com.pe\/","article_published_time":"2008-08-05T19:10:24+00:00","og_image":[{"url":"http:\/\/aeronoticias.com.pe\/fotonoticias\/agosto\/mesadehonor.jpg","type":"","width":"","height":""}],"author":"Redacci\u00f3n Aeronoticias","twitter_card":"summary_large_image","twitter_creator":"@aeronoticias","twitter_site":"@aeronoticias","twitter_misc":{"Escrito por":"Redacci\u00f3n Aeronoticias","Tiempo de lectura":"5 minutos"},"schema":{"@context":"https:\/\/schema.org","@graph":[{"@type":"WebPage","@id":"https:\/\/aeronoticias.com.pe\/noticiero\/turismo\/13\/sector-turico-de-miraflores-se-une-contra-explotaciexual-infantil\/","url":"https:\/\/aeronoticias.com.pe\/noticiero\/turismo\/13\/sector-turico-de-miraflores-se-une-contra-explotaciexual-infantil\/","name":"Sector tur","isPartOf":{"@id":"https:\/\/aeronoticias.com.pe\/noticiero\/#website"},"primaryImageOfPage":{"@id":"https:\/\/aeronoticias.com.pe\/noticiero\/turismo\/13\/sector-turico-de-miraflores-se-une-contra-explotaciexual-infantil\/#primaryimage"},"image":{"@id":"https:\/\/aeronoticias.com.pe\/noticiero\/turismo\/13\/sector-turico-de-miraflores-se-une-contra-explotaciexual-infantil\/#primaryimage"},"thumbnailUrl":"http:\/\/aeronoticias.com.pe\/fotonoticias\/agosto\/mesadehonor.jpg","datePublished":"2008-08-05T19:10:24+00:00","author":{"@id":"https:\/\/aeronoticias.com.pe\/noticiero\/#\/schema\/person\/fc1e5d578f4b62ba1cf7ac2bba1170a0"},"description":"Portal de noticias del Per\u00fa sobre el transporte a\u00e9reo, aviaci\u00f3n, turismo, hoteleria, actualidad.","breadcrumb":{"@id":"https:\/\/aeronoticias.com.pe\/noticiero\/turismo\/13\/sector-turico-de-miraflores-se-une-contra-explotaciexual-infantil\/#breadcrumb"},"inLanguage":"es","potentialAction":[{"@type":"ReadAction","target":["https:\/\/aeronoticias.com.pe\/noticiero\/turismo\/13\/sector-turico-de-miraflores-se-une-contra-explotaciexual-infantil\/"]}]},{"@type":"ImageObject","inLanguage":"es","@id":"https:\/\/aeronoticias.com.pe\/noticiero\/turismo\/13\/sector-turico-de-miraflores-se-une-contra-explotaciexual-infantil\/#primaryimage","url":"http:\/\/aeronoticias.com.pe\/fotonoticias\/agosto\/mesadehonor.jpg","contentUrl":"http:\/\/aeronoticias.com.pe\/fotonoticias\/agosto\/mesadehonor.jpg"},{"@type":"BreadcrumbList","@id":"https:\/\/aeronoticias.com.pe\/noticiero\/turismo\/13\/sector-turico-de-miraflores-se-une-contra-explotaciexual-infantil\/#breadcrumb","itemListElement":[{"@type":"ListItem","position":1,"name":"Portada","item":"https:\/\/aeronoticias.com.pe\/noticiero\/"},{"@type":"ListItem","position":2,"name":"Sector tur"}]},{"@type":"WebSite","@id":"https:\/\/aeronoticias.com.pe\/noticiero\/#website","url":"https:\/\/aeronoticias.com.pe\/noticiero\/","name":"Aeronoticias.com.pe","description":"Noticias de tranporte aereo, turismo, hoteles, gastronomia, actualidad, internacional","potentialAction":[{"@type":"SearchAction","target":{"@type":"EntryPoint","urlTemplate":"https:\/\/aeronoticias.com.pe\/noticiero\/?s={search_term_string}"},"query-input":{"@type":"PropertyValueSpecification","valueRequired":true,"valueName":"search_term_string"}}],"inLanguage":"es"},{"@type":"Person","@id":"https:\/\/aeronoticias.com.pe\/noticiero\/#\/schema\/person\/fc1e5d578f4b62ba1cf7ac2bba1170a0","name":"Redacci\u00f3n Aeronoticias","url":"https:\/\/aeronoticias.com.pe\/noticiero\/author\/piloto\/"}]}},"_links":{"self":[{"href":"https:\/\/aeronoticias.com.pe\/noticiero\/wp-json\/wp\/v2\/posts\/169","targetHints":{"allow":["GET"]}}],"collection":[{"href":"https:\/\/aeronoticias.com.pe\/noticiero\/wp-json\/wp\/v2\/posts"}],"about":[{"href":"https:\/\/aeronoticias.com.pe\/noticiero\/wp-json\/wp\/v2\/types\/post"}],"author":[{"embeddable":true,"href":"https:\/\/aeronoticias.com.pe\/noticiero\/wp-json\/wp\/v2\/users\/1"}],"replies":[{"embeddable":true,"href":"https:\/\/aeronoticias.com.pe\/noticiero\/wp-json\/wp\/v2\/comments?post=169"}],"version-history":[{"count":0,"href":"https:\/\/aeronoticias.com.pe\/noticiero\/wp-json\/wp\/v2\/posts\/169\/revisions"}],"wp:attachment":[{"href":"https:\/\/aeronoticias.com.pe\/noticiero\/wp-json\/wp\/v2\/media?parent=169"}],"wp:term":[{"taxonomy":"category","embeddable":true,"href":"https:\/\/aeronoticias.com.pe\/noticiero\/wp-json\/wp\/v2\/categories?post=169"},{"taxonomy":"post_tag","embeddable":true,"href":"https:\/\/aeronoticias.com.pe\/noticiero\/wp-json\/wp\/v2\/tags?post=169"}],"curies":[{"name":"wp","href":"https:\/\/api.w.org\/{rel}","templated":true}]}}