{"id":16953,"date":"2011-04-30T16:47:47","date_gmt":"2011-04-30T16:47:47","guid":{"rendered":"http:\/\/desarrollo.mcvicious.com\/aero2020\/2011\/04\/30\/keiko-fujimori-despenalizara-los-delitos-de-difamacion\/"},"modified":"2011-04-30T16:47:47","modified_gmt":"2011-04-30T16:47:47","slug":"keiko-fujimori-despenalizara-los-delitos-de-difamacion","status":"publish","type":"post","link":"https:\/\/aeronoticias.com.pe\/noticiero\/politica\/keiko-fujimori-despenalizara-los-delitos-de-difamacion\/","title":{"rendered":"Keiko Fujimori despenalizara los delitos de difamaci\u00f3n"},"content":{"rendered":"<p style=\"text-align: justify;\"><strong>(Aeronoticias) <\/strong>La candidata de Fuerza 2001 apoyara la despenalizaci\u00f3n de los delitos de difamaci\u00f3n en un claro deslinde contra la amenaza a la libertad de expresi\u00f3n que significa este tipo penal en nuestra sociedad.<\/p>\n<p> Por citar un ejemplo en el pasado -2008- una ministra de transportes Ver\u00f3nica Zavala Lombardi utilizo a los procuradores del MTC, y\u00a0 fondos p\u00fablicos extra\u00f1amente eran asignados para contratar abogados que persegu\u00edan a cr\u00edticos de su gesti\u00f3n en la v\u00eda penal por difamaci\u00f3n, lo que nos demuestra c\u00f3mo se puede actuar desde el poder para silenciar no solo a la prensa sino a abogados que defienden los derechos de los consumidores frente a la suspensi\u00f3n ilegal de los servicios de transporte a\u00e9reo o empresarios que reclaman frente a los abusos del poder cuando les cierran sus fuentes de trabajo.<\/p>\n<p style=\"text-align: center;\"><img loading=\"lazy\" decoding=\"async\" src=\"images\/stories\/11\/04\/300411\/keiko1.jpg\" border=\"0\" alt=\"Keiko Fujimori despenalizara los delitos de difamaci\u00f3n\" width=\"400\" height=\"270\" \/><\/p>\n<p style=\"text-align: justify;\">El Per\u00fa apoya a Keiko Fujimori en esta iniciativa, la persecuci\u00f3n penal contra periodistas como el caso de Magali Medina y otros es un claro mensaje de c\u00f3mo perversamente se utiliza la penalizaci\u00f3n de estas conductas que ya otros pa\u00edses la han despenalizado ya que en todo caso es una controversia civil y no penal, esperamos que Ollanta Humala tambi\u00e9n se pronuncie.<\/p>\n<p>Quienes con recursos p\u00fablicos en este gobierno-MTC- Utilizaban a los Procuradores para perseguir\u00a0 a cr\u00edticos violaron la libertad de expresi\u00f3n y a futuro la historia los juzgara, por lo pronto Aeronoticias acompa\u00f1a el planteamiento de Keiko Fujimori de despenalizar los delitos de difamaci\u00f3n<\/p>\n","protected":false},"excerpt":{"rendered":"<p>(Aeronoticias) La candidata de Fuerza 2001 apoyara la despenalizaci\u00f3n de los delitos de difamaci\u00f3n en un claro deslinde contra la amenaza a la libertad de expresi\u00f3n que significa este tipo penal en nuestra sociedad. Por citar un ejemplo en el pasado -2008- una ministra de transportes Ver\u00f3nica Zavala Lombardi utilizo a los procuradores del MTC, [&hellip;]<\/p>\n","protected":false},"author":1,"featured_media":0,"comment_status":"open","ping_status":"open","sticky":false,"template":"","format":"standard","meta":{"tdm_status":"","tdm_grid_status":"","footnotes":""},"categories":[36],"tags":[],"class_list":{"0":"post-16953","1":"post","2":"type-post","3":"status-publish","4":"format-standard","6":"category-politica"},"yoast_head":"<!-- This site is optimized with the Yoast SEO plugin v25.1 - https:\/\/yoast.com\/wordpress\/plugins\/seo\/ -->\n<title>Keiko Fujimori despenalizara los delitos de difamaci\u00f3n<\/title>\n<meta name=\"description\" content=\"Portal de noticias del Per\u00fa sobre el transporte a\u00e9reo, aviaci\u00f3n, turismo, hoteleria, actualidad.\" \/>\n<meta name=\"robots\" content=\"index, follow, max-snippet:-1, max-image-preview:large, max-video-preview:-1\" \/>\n<link rel=\"canonical\" href=\"https:\/\/aeronoticias.com.pe\/noticiero\/politica\/keiko-fujimori-despenalizara-los-delitos-de-difamacion\/\" \/>\n<meta property=\"og:locale\" content=\"es_ES\" \/>\n<meta property=\"og:type\" content=\"article\" \/>\n<meta property=\"og:title\" content=\"Keiko Fujimori despenalizara los delitos de difamaci\u00f3n\" \/>\n<meta property=\"og:description\" content=\"Portal de noticias del Per\u00fa sobre el transporte a\u00e9reo, aviaci\u00f3n, turismo, hoteleria, actualidad.\" \/>\n<meta property=\"og:url\" content=\"https:\/\/aeronoticias.com.pe\/noticiero\/politica\/keiko-fujimori-despenalizara-los-delitos-de-difamacion\/\" \/>\n<meta property=\"og:site_name\" content=\"Aeronoticias.com.pe\" \/>\n<meta property=\"article:publisher\" content=\"https:\/\/www.facebook.com\/Aeronoticias.com.pe\/\" \/>\n<meta property=\"article:published_time\" content=\"2011-04-30T16:47:47+00:00\" \/>\n<meta name=\"author\" content=\"Redacci\u00f3n Aeronoticias\" \/>\n<meta name=\"twitter:card\" content=\"summary_large_image\" \/>\n<meta name=\"twitter:creator\" content=\"@aeronoticias\" \/>\n<meta name=\"twitter:site\" content=\"@aeronoticias\" \/>\n<meta name=\"twitter:label1\" content=\"Escrito por\" \/>\n\t<meta name=\"twitter:data1\" content=\"Redacci\u00f3n Aeronoticias\" \/>\n\t<meta name=\"twitter:label2\" content=\"Tiempo de lectura\" \/>\n\t<meta name=\"twitter:data2\" content=\"1 minuto\" \/>\n<script type=\"application\/ld+json\" class=\"yoast-schema-graph\">{\"@context\":\"https:\/\/schema.org\",\"@graph\":[{\"@type\":\"WebPage\",\"@id\":\"https:\/\/aeronoticias.com.pe\/noticiero\/politica\/keiko-fujimori-despenalizara-los-delitos-de-difamacion\/\",\"url\":\"https:\/\/aeronoticias.com.pe\/noticiero\/politica\/keiko-fujimori-despenalizara-los-delitos-de-difamacion\/\",\"name\":\"Keiko Fujimori despenalizara los delitos de difamaci\u00f3n\",\"isPartOf\":{\"@id\":\"https:\/\/aeronoticias.com.pe\/noticiero\/#website\"},\"datePublished\":\"2011-04-30T16:47:47+00:00\",\"author\":{\"@id\":\"https:\/\/aeronoticias.com.pe\/noticiero\/#\/schema\/person\/fc1e5d578f4b62ba1cf7ac2bba1170a0\"},\"description\":\"Portal de noticias del Per\u00fa sobre el transporte a\u00e9reo, aviaci\u00f3n, turismo, hoteleria, actualidad.\",\"breadcrumb\":{\"@id\":\"https:\/\/aeronoticias.com.pe\/noticiero\/politica\/keiko-fujimori-despenalizara-los-delitos-de-difamacion\/#breadcrumb\"},\"inLanguage\":\"es\",\"potentialAction\":[{\"@type\":\"ReadAction\",\"target\":[\"https:\/\/aeronoticias.com.pe\/noticiero\/politica\/keiko-fujimori-despenalizara-los-delitos-de-difamacion\/\"]}]},{\"@type\":\"BreadcrumbList\",\"@id\":\"https:\/\/aeronoticias.com.pe\/noticiero\/politica\/keiko-fujimori-despenalizara-los-delitos-de-difamacion\/#breadcrumb\",\"itemListElement\":[{\"@type\":\"ListItem\",\"position\":1,\"name\":\"Portada\",\"item\":\"https:\/\/aeronoticias.com.pe\/noticiero\/\"},{\"@type\":\"ListItem\",\"position\":2,\"name\":\"Keiko Fujimori despenalizara los delitos de difamaci\u00f3n\"}]},{\"@type\":\"WebSite\",\"@id\":\"https:\/\/aeronoticias.com.pe\/noticiero\/#website\",\"url\":\"https:\/\/aeronoticias.com.pe\/noticiero\/\",\"name\":\"Aeronoticias.com.pe\",\"description\":\"Noticias de tranporte aereo, turismo, hoteles, gastronomia, actualidad, internacional\",\"potentialAction\":[{\"@type\":\"SearchAction\",\"target\":{\"@type\":\"EntryPoint\",\"urlTemplate\":\"https:\/\/aeronoticias.com.pe\/noticiero\/?s={search_term_string}\"},\"query-input\":{\"@type\":\"PropertyValueSpecification\",\"valueRequired\":true,\"valueName\":\"search_term_string\"}}],\"inLanguage\":\"es\"},{\"@type\":\"Person\",\"@id\":\"https:\/\/aeronoticias.com.pe\/noticiero\/#\/schema\/person\/fc1e5d578f4b62ba1cf7ac2bba1170a0\",\"name\":\"Redacci\u00f3n Aeronoticias\",\"url\":\"https:\/\/aeronoticias.com.pe\/noticiero\/author\/piloto\/\"}]}<\/script>\n<!-- \/ Yoast SEO plugin. -->","yoast_head_json":{"title":"Keiko Fujimori despenalizara los delitos de difamaci\u00f3n","description":"Portal de noticias del Per\u00fa sobre el transporte a\u00e9reo, aviaci\u00f3n, turismo, hoteleria, actualidad.","robots":{"index":"index","follow":"follow","max-snippet":"max-snippet:-1","max-image-preview":"max-image-preview:large","max-video-preview":"max-video-preview:-1"},"canonical":"https:\/\/aeronoticias.com.pe\/noticiero\/politica\/keiko-fujimori-despenalizara-los-delitos-de-difamacion\/","og_locale":"es_ES","og_type":"article","og_title":"Keiko Fujimori despenalizara los delitos de difamaci\u00f3n","og_description":"Portal de noticias del Per\u00fa sobre el transporte a\u00e9reo, aviaci\u00f3n, turismo, hoteleria, actualidad.","og_url":"https:\/\/aeronoticias.com.pe\/noticiero\/politica\/keiko-fujimori-despenalizara-los-delitos-de-difamacion\/","og_site_name":"Aeronoticias.com.pe","article_publisher":"https:\/\/www.facebook.com\/Aeronoticias.com.pe\/","article_published_time":"2011-04-30T16:47:47+00:00","author":"Redacci\u00f3n Aeronoticias","twitter_card":"summary_large_image","twitter_creator":"@aeronoticias","twitter_site":"@aeronoticias","twitter_misc":{"Escrito por":"Redacci\u00f3n Aeronoticias","Tiempo de lectura":"1 minuto"},"schema":{"@context":"https:\/\/schema.org","@graph":[{"@type":"WebPage","@id":"https:\/\/aeronoticias.com.pe\/noticiero\/politica\/keiko-fujimori-despenalizara-los-delitos-de-difamacion\/","url":"https:\/\/aeronoticias.com.pe\/noticiero\/politica\/keiko-fujimori-despenalizara-los-delitos-de-difamacion\/","name":"Keiko Fujimori despenalizara los delitos de difamaci\u00f3n","isPartOf":{"@id":"https:\/\/aeronoticias.com.pe\/noticiero\/#website"},"datePublished":"2011-04-30T16:47:47+00:00","author":{"@id":"https:\/\/aeronoticias.com.pe\/noticiero\/#\/schema\/person\/fc1e5d578f4b62ba1cf7ac2bba1170a0"},"description":"Portal de noticias del Per\u00fa sobre el transporte a\u00e9reo, aviaci\u00f3n, turismo, hoteleria, actualidad.","breadcrumb":{"@id":"https:\/\/aeronoticias.com.pe\/noticiero\/politica\/keiko-fujimori-despenalizara-los-delitos-de-difamacion\/#breadcrumb"},"inLanguage":"es","potentialAction":[{"@type":"ReadAction","target":["https:\/\/aeronoticias.com.pe\/noticiero\/politica\/keiko-fujimori-despenalizara-los-delitos-de-difamacion\/"]}]},{"@type":"BreadcrumbList","@id":"https:\/\/aeronoticias.com.pe\/noticiero\/politica\/keiko-fujimori-despenalizara-los-delitos-de-difamacion\/#breadcrumb","itemListElement":[{"@type":"ListItem","position":1,"name":"Portada","item":"https:\/\/aeronoticias.com.pe\/noticiero\/"},{"@type":"ListItem","position":2,"name":"Keiko Fujimori despenalizara los delitos de difamaci\u00f3n"}]},{"@type":"WebSite","@id":"https:\/\/aeronoticias.com.pe\/noticiero\/#website","url":"https:\/\/aeronoticias.com.pe\/noticiero\/","name":"Aeronoticias.com.pe","description":"Noticias de tranporte aereo, turismo, hoteles, gastronomia, actualidad, internacional","potentialAction":[{"@type":"SearchAction","target":{"@type":"EntryPoint","urlTemplate":"https:\/\/aeronoticias.com.pe\/noticiero\/?s={search_term_string}"},"query-input":{"@type":"PropertyValueSpecification","valueRequired":true,"valueName":"search_term_string"}}],"inLanguage":"es"},{"@type":"Person","@id":"https:\/\/aeronoticias.com.pe\/noticiero\/#\/schema\/person\/fc1e5d578f4b62ba1cf7ac2bba1170a0","name":"Redacci\u00f3n Aeronoticias","url":"https:\/\/aeronoticias.com.pe\/noticiero\/author\/piloto\/"}]}},"_links":{"self":[{"href":"https:\/\/aeronoticias.com.pe\/noticiero\/wp-json\/wp\/v2\/posts\/16953","targetHints":{"allow":["GET"]}}],"collection":[{"href":"https:\/\/aeronoticias.com.pe\/noticiero\/wp-json\/wp\/v2\/posts"}],"about":[{"href":"https:\/\/aeronoticias.com.pe\/noticiero\/wp-json\/wp\/v2\/types\/post"}],"author":[{"embeddable":true,"href":"https:\/\/aeronoticias.com.pe\/noticiero\/wp-json\/wp\/v2\/users\/1"}],"replies":[{"embeddable":true,"href":"https:\/\/aeronoticias.com.pe\/noticiero\/wp-json\/wp\/v2\/comments?post=16953"}],"version-history":[{"count":0,"href":"https:\/\/aeronoticias.com.pe\/noticiero\/wp-json\/wp\/v2\/posts\/16953\/revisions"}],"wp:attachment":[{"href":"https:\/\/aeronoticias.com.pe\/noticiero\/wp-json\/wp\/v2\/media?parent=16953"}],"wp:term":[{"taxonomy":"category","embeddable":true,"href":"https:\/\/aeronoticias.com.pe\/noticiero\/wp-json\/wp\/v2\/categories?post=16953"},{"taxonomy":"post_tag","embeddable":true,"href":"https:\/\/aeronoticias.com.pe\/noticiero\/wp-json\/wp\/v2\/tags?post=16953"}],"curies":[{"name":"wp","href":"https:\/\/api.w.org\/{rel}","templated":true}]}}