{"id":16958,"date":"2011-05-01T14:07:24","date_gmt":"2011-05-01T14:07:24","guid":{"rendered":"http:\/\/desarrollo.mcvicious.com\/aero2020\/2011\/05\/01\/beatifican-a-juan-pablo-ii\/"},"modified":"2011-05-01T14:07:24","modified_gmt":"2011-05-01T14:07:24","slug":"beatifican-a-juan-pablo-ii","status":"publish","type":"post","link":"https:\/\/aeronoticias.com.pe\/noticiero\/internacionales\/beatifican-a-juan-pablo-ii\/","title":{"rendered":"Beatifican a Juan Pablo II"},"content":{"rendered":"<p style=\"text-align: justify;\"><strong>(Aeronoticias)<\/strong> Benedicto XVI proclam\u00f3 hoy beato a su antecesor, Juan Pablo II (1920-2005), en una solemne ceremonia que se celebr\u00f3 en la plaza de San Pedro del Vaticano, y a la que asisteron m\u00e1s de un mill\u00f3n de personas de todo el mundo. La bas\u00edlica de San Pedro estar\u00e1 abierta mientras que dure el flujo de fieles, para permitir que los cientos de miles que esperan puedan rezar ante el primer pont\u00edfice polaco de la historia. Una vez concluida las celebraciones, el f\u00e9retro ser\u00e1 trasladado a una capilla del templo vaticano, para permitir una mayor afluencia de fieles en el futuro.<\/p>\n<p style=\"text-align: justify;\">Hablando en lat\u00edn, Benedicto declar\u00f3 que Juan Pablo pod\u00eda ser llamado en lo sucesivo \u00abbeato\u00bb y que su festividad se celebrar\u00eda el 22 de octubre, d\u00eda de su coronaci\u00f3n en 1978 como papa.<\/p>\n<p style=\"text-align: center;\"><img decoding=\"async\" src=\"images\/stories\/11\/05\/010511\/papa1.jpg\" border=\"0\" alt=\"papa\" title=\"papa\" \/><\/p>\n<p style=\"text-align: justify;\">En su homil\u00eda, Benedicto elogi\u00f3 a su predecesor por haber restaurado el cristianismo como religi\u00f3n de la esperanza, revirtiendo la marea aparentemente irreversible del marxismo con su valor y fe, \u00abayudando a los creyentes en el mundo a no temer que los llamen cristianos\u00bb. La multitud estall\u00f3 en gritos, aplausos y l\u00e1grimas en el momento de develarse una enorme foto de Juan Pablo sonriente sobre la loggia de la Bas\u00edlica de San Pedro.<\/p>\n<p style=\"text-align: justify;\">A continuaci\u00f3n, el pont\u00edfice recibi\u00f3 un relicario de plata con un frasco de sangre tomada de Juan Pablo durante su \u00faltima hospitalizaci\u00f3n. La reliquia, que quedara expuesta a la veneraci\u00f3n de los fieles, le fue entregada por la hermana Tobiana, la monja polaca que atendi\u00f3 a Juan Pablo durante su pontificado, y la monja francesa Marie Simon-Pierre, cuya inexplicable curaci\u00f3n del mal de Parkinson fue declarada por la Santa Sede el milagro necesario para permitir la beatificaci\u00f3n.<\/p>\n<p style=\"text-align: justify;\">Ataviado con vestimenta de Juan Pablo, e inclin\u00e1ndose para besar a beb\u00e9s, el papa Benedicto XVI, arrib\u00f3 minutos despu\u00e9s de las 10 (0800 GMT) a la enorme plaza ocupada peregrinos de todas partes del mundo. Foto: EFE<\/p>\n","protected":false},"excerpt":{"rendered":"<p>(Aeronoticias) Benedicto XVI proclam\u00f3 hoy beato a su antecesor, Juan Pablo II (1920-2005), en una solemne ceremonia que se celebr\u00f3 en la plaza de San Pedro del Vaticano, y a la que asisteron m\u00e1s de un mill\u00f3n de personas de todo el mundo. La bas\u00edlica de San Pedro estar\u00e1 abierta mientras que dure el flujo [&hellip;]<\/p>\n","protected":false},"author":1,"featured_media":0,"comment_status":"open","ping_status":"open","sticky":false,"template":"","format":"standard","meta":{"tdm_status":"","tdm_grid_status":"","footnotes":""},"categories":[34],"tags":[],"class_list":{"0":"post-16958","1":"post","2":"type-post","3":"status-publish","4":"format-standard","6":"category-internacionales"},"yoast_head":"<!-- This site is optimized with the Yoast SEO plugin v25.1 - https:\/\/yoast.com\/wordpress\/plugins\/seo\/ -->\n<title>Beatifican a Juan Pablo II<\/title>\n<meta name=\"description\" content=\"Portal de noticias del Per\u00fa sobre el transporte a\u00e9reo, aviaci\u00f3n, turismo, hoteleria, actualidad.\" \/>\n<meta name=\"robots\" content=\"index, follow, max-snippet:-1, max-image-preview:large, max-video-preview:-1\" \/>\n<link rel=\"canonical\" href=\"https:\/\/aeronoticias.com.pe\/noticiero\/internacionales\/beatifican-a-juan-pablo-ii\/\" \/>\n<meta property=\"og:locale\" content=\"es_ES\" \/>\n<meta property=\"og:type\" content=\"article\" \/>\n<meta property=\"og:title\" content=\"Beatifican a Juan Pablo II\" \/>\n<meta property=\"og:description\" content=\"Portal de noticias del Per\u00fa sobre el transporte a\u00e9reo, aviaci\u00f3n, turismo, hoteleria, actualidad.\" \/>\n<meta property=\"og:url\" content=\"https:\/\/aeronoticias.com.pe\/noticiero\/internacionales\/beatifican-a-juan-pablo-ii\/\" \/>\n<meta property=\"og:site_name\" content=\"Aeronoticias.com.pe\" \/>\n<meta property=\"article:publisher\" content=\"https:\/\/www.facebook.com\/Aeronoticias.com.pe\/\" \/>\n<meta property=\"article:published_time\" content=\"2011-05-01T14:07:24+00:00\" \/>\n<meta name=\"author\" content=\"Redacci\u00f3n Aeronoticias\" \/>\n<meta name=\"twitter:card\" content=\"summary_large_image\" \/>\n<meta name=\"twitter:creator\" content=\"@aeronoticias\" \/>\n<meta name=\"twitter:site\" content=\"@aeronoticias\" \/>\n<meta name=\"twitter:label1\" content=\"Escrito por\" \/>\n\t<meta name=\"twitter:data1\" content=\"Redacci\u00f3n Aeronoticias\" \/>\n\t<meta name=\"twitter:label2\" content=\"Tiempo de lectura\" \/>\n\t<meta name=\"twitter:data2\" content=\"2 minutos\" \/>\n<script type=\"application\/ld+json\" class=\"yoast-schema-graph\">{\"@context\":\"https:\/\/schema.org\",\"@graph\":[{\"@type\":\"WebPage\",\"@id\":\"https:\/\/aeronoticias.com.pe\/noticiero\/internacionales\/beatifican-a-juan-pablo-ii\/\",\"url\":\"https:\/\/aeronoticias.com.pe\/noticiero\/internacionales\/beatifican-a-juan-pablo-ii\/\",\"name\":\"Beatifican a Juan Pablo II\",\"isPartOf\":{\"@id\":\"https:\/\/aeronoticias.com.pe\/noticiero\/#website\"},\"datePublished\":\"2011-05-01T14:07:24+00:00\",\"author\":{\"@id\":\"https:\/\/aeronoticias.com.pe\/noticiero\/#\/schema\/person\/fc1e5d578f4b62ba1cf7ac2bba1170a0\"},\"description\":\"Portal de noticias del Per\u00fa sobre el transporte a\u00e9reo, aviaci\u00f3n, turismo, hoteleria, actualidad.\",\"breadcrumb\":{\"@id\":\"https:\/\/aeronoticias.com.pe\/noticiero\/internacionales\/beatifican-a-juan-pablo-ii\/#breadcrumb\"},\"inLanguage\":\"es\",\"potentialAction\":[{\"@type\":\"ReadAction\",\"target\":[\"https:\/\/aeronoticias.com.pe\/noticiero\/internacionales\/beatifican-a-juan-pablo-ii\/\"]}]},{\"@type\":\"BreadcrumbList\",\"@id\":\"https:\/\/aeronoticias.com.pe\/noticiero\/internacionales\/beatifican-a-juan-pablo-ii\/#breadcrumb\",\"itemListElement\":[{\"@type\":\"ListItem\",\"position\":1,\"name\":\"Portada\",\"item\":\"https:\/\/aeronoticias.com.pe\/noticiero\/\"},{\"@type\":\"ListItem\",\"position\":2,\"name\":\"Beatifican a Juan Pablo II\"}]},{\"@type\":\"WebSite\",\"@id\":\"https:\/\/aeronoticias.com.pe\/noticiero\/#website\",\"url\":\"https:\/\/aeronoticias.com.pe\/noticiero\/\",\"name\":\"Aeronoticias.com.pe\",\"description\":\"Noticias de tranporte aereo, turismo, hoteles, gastronomia, actualidad, internacional\",\"potentialAction\":[{\"@type\":\"SearchAction\",\"target\":{\"@type\":\"EntryPoint\",\"urlTemplate\":\"https:\/\/aeronoticias.com.pe\/noticiero\/?s={search_term_string}\"},\"query-input\":{\"@type\":\"PropertyValueSpecification\",\"valueRequired\":true,\"valueName\":\"search_term_string\"}}],\"inLanguage\":\"es\"},{\"@type\":\"Person\",\"@id\":\"https:\/\/aeronoticias.com.pe\/noticiero\/#\/schema\/person\/fc1e5d578f4b62ba1cf7ac2bba1170a0\",\"name\":\"Redacci\u00f3n Aeronoticias\",\"url\":\"https:\/\/aeronoticias.com.pe\/noticiero\/author\/piloto\/\"}]}<\/script>\n<!-- \/ Yoast SEO plugin. -->","yoast_head_json":{"title":"Beatifican a Juan Pablo II","description":"Portal de noticias del Per\u00fa sobre el transporte a\u00e9reo, aviaci\u00f3n, turismo, hoteleria, actualidad.","robots":{"index":"index","follow":"follow","max-snippet":"max-snippet:-1","max-image-preview":"max-image-preview:large","max-video-preview":"max-video-preview:-1"},"canonical":"https:\/\/aeronoticias.com.pe\/noticiero\/internacionales\/beatifican-a-juan-pablo-ii\/","og_locale":"es_ES","og_type":"article","og_title":"Beatifican a Juan Pablo II","og_description":"Portal de noticias del Per\u00fa sobre el transporte a\u00e9reo, aviaci\u00f3n, turismo, hoteleria, actualidad.","og_url":"https:\/\/aeronoticias.com.pe\/noticiero\/internacionales\/beatifican-a-juan-pablo-ii\/","og_site_name":"Aeronoticias.com.pe","article_publisher":"https:\/\/www.facebook.com\/Aeronoticias.com.pe\/","article_published_time":"2011-05-01T14:07:24+00:00","author":"Redacci\u00f3n Aeronoticias","twitter_card":"summary_large_image","twitter_creator":"@aeronoticias","twitter_site":"@aeronoticias","twitter_misc":{"Escrito por":"Redacci\u00f3n Aeronoticias","Tiempo de lectura":"2 minutos"},"schema":{"@context":"https:\/\/schema.org","@graph":[{"@type":"WebPage","@id":"https:\/\/aeronoticias.com.pe\/noticiero\/internacionales\/beatifican-a-juan-pablo-ii\/","url":"https:\/\/aeronoticias.com.pe\/noticiero\/internacionales\/beatifican-a-juan-pablo-ii\/","name":"Beatifican a Juan Pablo II","isPartOf":{"@id":"https:\/\/aeronoticias.com.pe\/noticiero\/#website"},"datePublished":"2011-05-01T14:07:24+00:00","author":{"@id":"https:\/\/aeronoticias.com.pe\/noticiero\/#\/schema\/person\/fc1e5d578f4b62ba1cf7ac2bba1170a0"},"description":"Portal de noticias del Per\u00fa sobre el transporte a\u00e9reo, aviaci\u00f3n, turismo, hoteleria, actualidad.","breadcrumb":{"@id":"https:\/\/aeronoticias.com.pe\/noticiero\/internacionales\/beatifican-a-juan-pablo-ii\/#breadcrumb"},"inLanguage":"es","potentialAction":[{"@type":"ReadAction","target":["https:\/\/aeronoticias.com.pe\/noticiero\/internacionales\/beatifican-a-juan-pablo-ii\/"]}]},{"@type":"BreadcrumbList","@id":"https:\/\/aeronoticias.com.pe\/noticiero\/internacionales\/beatifican-a-juan-pablo-ii\/#breadcrumb","itemListElement":[{"@type":"ListItem","position":1,"name":"Portada","item":"https:\/\/aeronoticias.com.pe\/noticiero\/"},{"@type":"ListItem","position":2,"name":"Beatifican a Juan Pablo II"}]},{"@type":"WebSite","@id":"https:\/\/aeronoticias.com.pe\/noticiero\/#website","url":"https:\/\/aeronoticias.com.pe\/noticiero\/","name":"Aeronoticias.com.pe","description":"Noticias de tranporte aereo, turismo, hoteles, gastronomia, actualidad, internacional","potentialAction":[{"@type":"SearchAction","target":{"@type":"EntryPoint","urlTemplate":"https:\/\/aeronoticias.com.pe\/noticiero\/?s={search_term_string}"},"query-input":{"@type":"PropertyValueSpecification","valueRequired":true,"valueName":"search_term_string"}}],"inLanguage":"es"},{"@type":"Person","@id":"https:\/\/aeronoticias.com.pe\/noticiero\/#\/schema\/person\/fc1e5d578f4b62ba1cf7ac2bba1170a0","name":"Redacci\u00f3n Aeronoticias","url":"https:\/\/aeronoticias.com.pe\/noticiero\/author\/piloto\/"}]}},"_links":{"self":[{"href":"https:\/\/aeronoticias.com.pe\/noticiero\/wp-json\/wp\/v2\/posts\/16958","targetHints":{"allow":["GET"]}}],"collection":[{"href":"https:\/\/aeronoticias.com.pe\/noticiero\/wp-json\/wp\/v2\/posts"}],"about":[{"href":"https:\/\/aeronoticias.com.pe\/noticiero\/wp-json\/wp\/v2\/types\/post"}],"author":[{"embeddable":true,"href":"https:\/\/aeronoticias.com.pe\/noticiero\/wp-json\/wp\/v2\/users\/1"}],"replies":[{"embeddable":true,"href":"https:\/\/aeronoticias.com.pe\/noticiero\/wp-json\/wp\/v2\/comments?post=16958"}],"version-history":[{"count":0,"href":"https:\/\/aeronoticias.com.pe\/noticiero\/wp-json\/wp\/v2\/posts\/16958\/revisions"}],"wp:attachment":[{"href":"https:\/\/aeronoticias.com.pe\/noticiero\/wp-json\/wp\/v2\/media?parent=16958"}],"wp:term":[{"taxonomy":"category","embeddable":true,"href":"https:\/\/aeronoticias.com.pe\/noticiero\/wp-json\/wp\/v2\/categories?post=16958"},{"taxonomy":"post_tag","embeddable":true,"href":"https:\/\/aeronoticias.com.pe\/noticiero\/wp-json\/wp\/v2\/tags?post=16958"}],"curies":[{"name":"wp","href":"https:\/\/api.w.org\/{rel}","templated":true}]}}