{"id":16961,"date":"2011-05-01T14:23:49","date_gmt":"2011-05-01T14:23:49","guid":{"rendered":"http:\/\/desarrollo.mcvicious.com\/aero2020\/2011\/05\/01\/boliviana-de-aviacion-presenta-nuevo-avion-boeing-737-300\/"},"modified":"2011-05-01T14:23:49","modified_gmt":"2011-05-01T14:23:49","slug":"boliviana-de-aviacion-presenta-nuevo-avion-boeing-737-300","status":"publish","type":"post","link":"https:\/\/aeronoticias.com.pe\/noticiero\/transporte-aereo\/internacional\/boliviana-de-aviacion-presenta-nuevo-avion-boeing-737-300\/","title":{"rendered":"Boliviana de Aviaci\u00f3n presenta nuevo avi\u00f3n boeing 737-300"},"content":{"rendered":"<p style=\"text-align: justify;\"><strong>(Aeronoticias).-<\/strong> Ejecutivos de la estatal Boliviana de Aviaci\u00f3n (BoA) tienen previsto estrenar hoy por la ma\u00f1ana en el aeropuerto Jorge Wilstermann de Cochabamba la quinta aeronave, un Boeing 737-300 de \u00faltima generaci\u00f3n, durante la celebraci\u00f3n de su a\u00f1o de creaci\u00f3n y servicios.<\/p>\n<p style=\"text-align: justify;\">La celebraci\u00f3n del aniversario comenzar\u00e1 a las 8:00 y tendr\u00e1 como acto central la presentaci\u00f3n de la nueva nave de BoA que, con capacidad de transportar c\u00f3modamente 130 pasajeros, aumentar\u00e1 la flota a\u00e9rea de empresas, para ampliar servicios a rutas internacionales de Lima (Per\u00fa), Caracas (Venezuela) y La Habana (Cuba) hasta la segunda quincena de mayo.<\/p>\n<p>  <!--more-->  <\/p>\n<p style=\"text-align: justify;\">Tras dos a\u00f1os de operaciones, que consolidan sus servicios como una de las principales compa\u00f1\u00eda a\u00e9reas del pa\u00eds, los ejecutivos de BoA informaron que el Presidente del Estado Evo Morales comprometi\u00f3 su participaci\u00f3n en el aniversario de la empresa.<\/p>\n<p style=\"text-align: justify;\">Seg\u00fan t\u00e9cnico de la empresa a\u00e9rea, la quinta aeronave cuenta con una serie de equipos de navegaci\u00f3n y vigilancia modernos, que garantiza la confiabilidad de las operaciones a\u00e9reas.<\/p>\n<p style=\"text-align: justify;\">En este momento la aerol\u00ednea del Estado realiza vuelos internacionales a Brasil y Argentina y en el mercado interno llega a las principales ciudades como La Paz, Cochabamba, Santa Cruz, Sucre, Pando, Tarija.<\/p>\n<p style=\"text-align: justify;\">Fuente: lostiempos.com<\/p>\n<p style=\"text-align: justify;\"><img decoding=\"async\" src=\"images\/stories\/11\/05\/010511\/boliviana_aviacion_boeing_737.jpg\" border=\"0\" alt=\"Boliviana de Aviaci\u00f3n presenta nuevo avi\u00f3n boeing 737-300\" title=\"Boliviana de Aviaci\u00f3n presenta nuevo avi\u00f3n boeing 737-300\" \/><\/p>\n","protected":false},"excerpt":{"rendered":"<p>(Aeronoticias).- Ejecutivos de la estatal Boliviana de Aviaci\u00f3n (BoA) tienen previsto estrenar hoy por la ma\u00f1ana en el aeropuerto Jorge Wilstermann de Cochabamba la quinta aeronave, un Boeing 737-300 de \u00faltima generaci\u00f3n, durante la celebraci\u00f3n de su a\u00f1o de creaci\u00f3n y servicios. La celebraci\u00f3n del aniversario comenzar\u00e1 a las 8:00 y tendr\u00e1 como acto central [&hellip;]<\/p>\n","protected":false},"author":1,"featured_media":0,"comment_status":"open","ping_status":"open","sticky":false,"template":"","format":"standard","meta":{"tdm_status":"","tdm_grid_status":"","footnotes":""},"categories":[32],"tags":[],"class_list":{"0":"post-16961","1":"post","2":"type-post","3":"status-publish","4":"format-standard","6":"category-internacional"},"yoast_head":"<!-- This site is optimized with the Yoast SEO plugin v25.1 - https:\/\/yoast.com\/wordpress\/plugins\/seo\/ -->\n<title>Boliviana de Aviaci\u00f3n presenta nuevo avi\u00f3n boeing 737-300<\/title>\n<meta name=\"description\" content=\"Portal de noticias del Per\u00fa sobre el transporte a\u00e9reo, aviaci\u00f3n, turismo, hoteleria, actualidad.\" \/>\n<meta name=\"robots\" content=\"index, follow, max-snippet:-1, max-image-preview:large, max-video-preview:-1\" \/>\n<link rel=\"canonical\" href=\"https:\/\/aeronoticias.com.pe\/noticiero\/transporte-aereo\/internacional\/boliviana-de-aviacion-presenta-nuevo-avion-boeing-737-300\/\" \/>\n<meta property=\"og:locale\" content=\"es_ES\" \/>\n<meta property=\"og:type\" content=\"article\" \/>\n<meta property=\"og:title\" content=\"Boliviana de Aviaci\u00f3n presenta nuevo avi\u00f3n boeing 737-300\" \/>\n<meta property=\"og:description\" content=\"Portal de noticias del Per\u00fa sobre el transporte a\u00e9reo, aviaci\u00f3n, turismo, hoteleria, actualidad.\" \/>\n<meta property=\"og:url\" content=\"https:\/\/aeronoticias.com.pe\/noticiero\/transporte-aereo\/internacional\/boliviana-de-aviacion-presenta-nuevo-avion-boeing-737-300\/\" \/>\n<meta property=\"og:site_name\" content=\"Aeronoticias.com.pe\" \/>\n<meta property=\"article:publisher\" content=\"https:\/\/www.facebook.com\/Aeronoticias.com.pe\/\" \/>\n<meta property=\"article:published_time\" content=\"2011-05-01T14:23:49+00:00\" \/>\n<meta name=\"author\" content=\"Redacci\u00f3n Aeronoticias\" \/>\n<meta name=\"twitter:card\" content=\"summary_large_image\" \/>\n<meta name=\"twitter:creator\" content=\"@aeronoticias\" \/>\n<meta name=\"twitter:site\" content=\"@aeronoticias\" \/>\n<meta name=\"twitter:label1\" content=\"Escrito por\" \/>\n\t<meta name=\"twitter:data1\" content=\"Redacci\u00f3n Aeronoticias\" \/>\n\t<meta name=\"twitter:label2\" content=\"Tiempo de lectura\" \/>\n\t<meta name=\"twitter:data2\" content=\"1 minuto\" \/>\n<script type=\"application\/ld+json\" class=\"yoast-schema-graph\">{\"@context\":\"https:\/\/schema.org\",\"@graph\":[{\"@type\":\"WebPage\",\"@id\":\"https:\/\/aeronoticias.com.pe\/noticiero\/transporte-aereo\/internacional\/boliviana-de-aviacion-presenta-nuevo-avion-boeing-737-300\/\",\"url\":\"https:\/\/aeronoticias.com.pe\/noticiero\/transporte-aereo\/internacional\/boliviana-de-aviacion-presenta-nuevo-avion-boeing-737-300\/\",\"name\":\"Boliviana de Aviaci\u00f3n presenta nuevo avi\u00f3n boeing 737-300\",\"isPartOf\":{\"@id\":\"https:\/\/aeronoticias.com.pe\/noticiero\/#website\"},\"datePublished\":\"2011-05-01T14:23:49+00:00\",\"author\":{\"@id\":\"https:\/\/aeronoticias.com.pe\/noticiero\/#\/schema\/person\/fc1e5d578f4b62ba1cf7ac2bba1170a0\"},\"description\":\"Portal de noticias del Per\u00fa sobre el transporte a\u00e9reo, aviaci\u00f3n, turismo, hoteleria, actualidad.\",\"breadcrumb\":{\"@id\":\"https:\/\/aeronoticias.com.pe\/noticiero\/transporte-aereo\/internacional\/boliviana-de-aviacion-presenta-nuevo-avion-boeing-737-300\/#breadcrumb\"},\"inLanguage\":\"es\",\"potentialAction\":[{\"@type\":\"ReadAction\",\"target\":[\"https:\/\/aeronoticias.com.pe\/noticiero\/transporte-aereo\/internacional\/boliviana-de-aviacion-presenta-nuevo-avion-boeing-737-300\/\"]}]},{\"@type\":\"BreadcrumbList\",\"@id\":\"https:\/\/aeronoticias.com.pe\/noticiero\/transporte-aereo\/internacional\/boliviana-de-aviacion-presenta-nuevo-avion-boeing-737-300\/#breadcrumb\",\"itemListElement\":[{\"@type\":\"ListItem\",\"position\":1,\"name\":\"Portada\",\"item\":\"https:\/\/aeronoticias.com.pe\/noticiero\/\"},{\"@type\":\"ListItem\",\"position\":2,\"name\":\"Boliviana de Aviaci\u00f3n presenta nuevo avi\u00f3n boeing 737-300\"}]},{\"@type\":\"WebSite\",\"@id\":\"https:\/\/aeronoticias.com.pe\/noticiero\/#website\",\"url\":\"https:\/\/aeronoticias.com.pe\/noticiero\/\",\"name\":\"Aeronoticias.com.pe\",\"description\":\"Noticias de tranporte aereo, turismo, hoteles, gastronomia, actualidad, internacional\",\"potentialAction\":[{\"@type\":\"SearchAction\",\"target\":{\"@type\":\"EntryPoint\",\"urlTemplate\":\"https:\/\/aeronoticias.com.pe\/noticiero\/?s={search_term_string}\"},\"query-input\":{\"@type\":\"PropertyValueSpecification\",\"valueRequired\":true,\"valueName\":\"search_term_string\"}}],\"inLanguage\":\"es\"},{\"@type\":\"Person\",\"@id\":\"https:\/\/aeronoticias.com.pe\/noticiero\/#\/schema\/person\/fc1e5d578f4b62ba1cf7ac2bba1170a0\",\"name\":\"Redacci\u00f3n Aeronoticias\",\"url\":\"https:\/\/aeronoticias.com.pe\/noticiero\/author\/piloto\/\"}]}<\/script>\n<!-- \/ Yoast SEO plugin. -->","yoast_head_json":{"title":"Boliviana de Aviaci\u00f3n presenta nuevo avi\u00f3n boeing 737-300","description":"Portal de noticias del Per\u00fa sobre el transporte a\u00e9reo, aviaci\u00f3n, turismo, hoteleria, actualidad.","robots":{"index":"index","follow":"follow","max-snippet":"max-snippet:-1","max-image-preview":"max-image-preview:large","max-video-preview":"max-video-preview:-1"},"canonical":"https:\/\/aeronoticias.com.pe\/noticiero\/transporte-aereo\/internacional\/boliviana-de-aviacion-presenta-nuevo-avion-boeing-737-300\/","og_locale":"es_ES","og_type":"article","og_title":"Boliviana de Aviaci\u00f3n presenta nuevo avi\u00f3n boeing 737-300","og_description":"Portal de noticias del Per\u00fa sobre el transporte a\u00e9reo, aviaci\u00f3n, turismo, hoteleria, actualidad.","og_url":"https:\/\/aeronoticias.com.pe\/noticiero\/transporte-aereo\/internacional\/boliviana-de-aviacion-presenta-nuevo-avion-boeing-737-300\/","og_site_name":"Aeronoticias.com.pe","article_publisher":"https:\/\/www.facebook.com\/Aeronoticias.com.pe\/","article_published_time":"2011-05-01T14:23:49+00:00","author":"Redacci\u00f3n Aeronoticias","twitter_card":"summary_large_image","twitter_creator":"@aeronoticias","twitter_site":"@aeronoticias","twitter_misc":{"Escrito por":"Redacci\u00f3n Aeronoticias","Tiempo de lectura":"1 minuto"},"schema":{"@context":"https:\/\/schema.org","@graph":[{"@type":"WebPage","@id":"https:\/\/aeronoticias.com.pe\/noticiero\/transporte-aereo\/internacional\/boliviana-de-aviacion-presenta-nuevo-avion-boeing-737-300\/","url":"https:\/\/aeronoticias.com.pe\/noticiero\/transporte-aereo\/internacional\/boliviana-de-aviacion-presenta-nuevo-avion-boeing-737-300\/","name":"Boliviana de Aviaci\u00f3n presenta nuevo avi\u00f3n boeing 737-300","isPartOf":{"@id":"https:\/\/aeronoticias.com.pe\/noticiero\/#website"},"datePublished":"2011-05-01T14:23:49+00:00","author":{"@id":"https:\/\/aeronoticias.com.pe\/noticiero\/#\/schema\/person\/fc1e5d578f4b62ba1cf7ac2bba1170a0"},"description":"Portal de noticias del Per\u00fa sobre el transporte a\u00e9reo, aviaci\u00f3n, turismo, hoteleria, actualidad.","breadcrumb":{"@id":"https:\/\/aeronoticias.com.pe\/noticiero\/transporte-aereo\/internacional\/boliviana-de-aviacion-presenta-nuevo-avion-boeing-737-300\/#breadcrumb"},"inLanguage":"es","potentialAction":[{"@type":"ReadAction","target":["https:\/\/aeronoticias.com.pe\/noticiero\/transporte-aereo\/internacional\/boliviana-de-aviacion-presenta-nuevo-avion-boeing-737-300\/"]}]},{"@type":"BreadcrumbList","@id":"https:\/\/aeronoticias.com.pe\/noticiero\/transporte-aereo\/internacional\/boliviana-de-aviacion-presenta-nuevo-avion-boeing-737-300\/#breadcrumb","itemListElement":[{"@type":"ListItem","position":1,"name":"Portada","item":"https:\/\/aeronoticias.com.pe\/noticiero\/"},{"@type":"ListItem","position":2,"name":"Boliviana de Aviaci\u00f3n presenta nuevo avi\u00f3n boeing 737-300"}]},{"@type":"WebSite","@id":"https:\/\/aeronoticias.com.pe\/noticiero\/#website","url":"https:\/\/aeronoticias.com.pe\/noticiero\/","name":"Aeronoticias.com.pe","description":"Noticias de tranporte aereo, turismo, hoteles, gastronomia, actualidad, internacional","potentialAction":[{"@type":"SearchAction","target":{"@type":"EntryPoint","urlTemplate":"https:\/\/aeronoticias.com.pe\/noticiero\/?s={search_term_string}"},"query-input":{"@type":"PropertyValueSpecification","valueRequired":true,"valueName":"search_term_string"}}],"inLanguage":"es"},{"@type":"Person","@id":"https:\/\/aeronoticias.com.pe\/noticiero\/#\/schema\/person\/fc1e5d578f4b62ba1cf7ac2bba1170a0","name":"Redacci\u00f3n Aeronoticias","url":"https:\/\/aeronoticias.com.pe\/noticiero\/author\/piloto\/"}]}},"_links":{"self":[{"href":"https:\/\/aeronoticias.com.pe\/noticiero\/wp-json\/wp\/v2\/posts\/16961","targetHints":{"allow":["GET"]}}],"collection":[{"href":"https:\/\/aeronoticias.com.pe\/noticiero\/wp-json\/wp\/v2\/posts"}],"about":[{"href":"https:\/\/aeronoticias.com.pe\/noticiero\/wp-json\/wp\/v2\/types\/post"}],"author":[{"embeddable":true,"href":"https:\/\/aeronoticias.com.pe\/noticiero\/wp-json\/wp\/v2\/users\/1"}],"replies":[{"embeddable":true,"href":"https:\/\/aeronoticias.com.pe\/noticiero\/wp-json\/wp\/v2\/comments?post=16961"}],"version-history":[{"count":0,"href":"https:\/\/aeronoticias.com.pe\/noticiero\/wp-json\/wp\/v2\/posts\/16961\/revisions"}],"wp:attachment":[{"href":"https:\/\/aeronoticias.com.pe\/noticiero\/wp-json\/wp\/v2\/media?parent=16961"}],"wp:term":[{"taxonomy":"category","embeddable":true,"href":"https:\/\/aeronoticias.com.pe\/noticiero\/wp-json\/wp\/v2\/categories?post=16961"},{"taxonomy":"post_tag","embeddable":true,"href":"https:\/\/aeronoticias.com.pe\/noticiero\/wp-json\/wp\/v2\/tags?post=16961"}],"curies":[{"name":"wp","href":"https:\/\/api.w.org\/{rel}","templated":true}]}}