{"id":16962,"date":"2011-04-30T19:06:33","date_gmt":"2011-04-30T19:06:33","guid":{"rendered":"http:\/\/desarrollo.mcvicious.com\/aero2020\/2011\/04\/30\/fallecio-el-escritor-argentino-ernesto-sabato\/"},"modified":"2011-04-30T19:06:33","modified_gmt":"2011-04-30T19:06:33","slug":"fallecio-el-escritor-argentino-ernesto-sabato","status":"publish","type":"post","link":"https:\/\/aeronoticias.com.pe\/noticiero\/ultimas\/1\/fallecio-el-escritor-argentino-ernesto-sabato\/","title":{"rendered":"Falleci\u00f3 el escritor argentino Ernesto Sabato"},"content":{"rendered":"<p style=\"text-align: justify;\"><strong>(Aeronoticias).- <\/strong> Triste noticia para todos los argentinos admiradores de su gran obra literaria, esta ma\u00f1ana a los 99 a\u00f1os faalleci\u00f3 Ernesto Sabato.<\/p>\n<p style=\"text-align: justify;\">Ernesto S\u00e1bato naci\u00f3 el 24 de junio de 1911 en la ciudad de Rojas, Provincia de Buenos Aires, Argentina. Hijo de Francisco S\u00e1bato y Juana Mar\u00eda Ferrari, fue el d\u00e9cimo hijo de once. Naci\u00f3 poco tiempo despu\u00e9s de la muerte de su noveno hermano, Ernestito, por lo que \u00e9l lleva su nombre.<\/p>\n<p><img decoding=\"async\" src=\"images\/stories\/11\/04\/300411\/sabatoernestoescritor.jpg\" border=\"0\" alt=\"escritorargentinoernestosabato\" title=\"escritorargentinoernestosabato\" \/><\/p>\n<p>Fue\u00a0 escritor, ensayista, f\u00edsico (retirado) y pintor argentino. Ha escrito tres novelas, El t\u00fanel, Sobre h\u00e9roes y tumbas; Abadd\u00f3n el exterminador, y diferentes ensayos sobre la condici\u00f3n humana.<\/p>\n<p>En su juventud, Sabato fue un activista del Partido Comunista, en d\u00f3nde lleg\u00f3 a Secretario General de la Federaci\u00f3n Juvenil Comunista.7 Posteriormente se alejar\u00eda del comunismo marxista, desilusionado por el rumbo que hab\u00eda tomado el gobierno de Stalin en la Uni\u00f3n Sovi\u00e9tica.<\/p>\n<p>Proximo a cumplir el centenario de vida iba a ser homanajeado el d\u00eda de ma\u00f1ana en la Feria del Libro que actualmente se lleva a cabo en la Ciudad de Buenos Aires. Pero el destino quiso que hoy sea su \u00faltimo d\u00eda entre nosotros, ya que esta ma\u00f1ana fue victima de un paro cardio respiratorio en su casa ubicada en la localidad argentina de Santos Lugares.<\/p>\n<p>\u00abAunque fui comunista activista, el anarquismo siempre me ha parecido una v\u00eda de conseguir justicia social con libertad plena. Y valoro el cristianismo del Evangelio. Este siglo es atroz y va a terminar atrozmente. Lo \u00fanico que puede salvarlo es volver al pensamiento po\u00e9tico, a ese anarquismo social, y al arte.\u00bb Ernesto Sabato.<\/p>\n","protected":false},"excerpt":{"rendered":"<p>(Aeronoticias).- Triste noticia para todos los argentinos admiradores de su gran obra literaria, esta ma\u00f1ana a los 99 a\u00f1os faalleci\u00f3 Ernesto Sabato. Ernesto S\u00e1bato naci\u00f3 el 24 de junio de 1911 en la ciudad de Rojas, Provincia de Buenos Aires, Argentina. Hijo de Francisco S\u00e1bato y Juana Mar\u00eda Ferrari, fue el d\u00e9cimo hijo de once. [&hellip;]<\/p>\n","protected":false},"author":1,"featured_media":0,"comment_status":"open","ping_status":"open","sticky":false,"template":"","format":"standard","meta":{"tdm_status":"","tdm_grid_status":"","footnotes":""},"categories":[30],"tags":[],"class_list":{"0":"post-16962","1":"post","2":"type-post","3":"status-publish","4":"format-standard","6":"category-30"},"yoast_head":"<!-- This site is optimized with the Yoast SEO plugin v25.1 - https:\/\/yoast.com\/wordpress\/plugins\/seo\/ -->\n<title>Falleci\u00f3 el escritor argentino Ernesto Sabato<\/title>\n<meta name=\"description\" content=\"Portal de noticias del Per\u00fa sobre el transporte a\u00e9reo, aviaci\u00f3n, turismo, hoteleria, actualidad.\" \/>\n<meta name=\"robots\" content=\"index, follow, max-snippet:-1, max-image-preview:large, max-video-preview:-1\" \/>\n<link rel=\"canonical\" href=\"https:\/\/aeronoticias.com.pe\/noticiero\/ultimas\/1\/fallecio-el-escritor-argentino-ernesto-sabato\/\" \/>\n<meta property=\"og:locale\" content=\"es_ES\" \/>\n<meta property=\"og:type\" content=\"article\" \/>\n<meta property=\"og:title\" content=\"Falleci\u00f3 el escritor argentino Ernesto Sabato\" \/>\n<meta property=\"og:description\" content=\"Portal de noticias del Per\u00fa sobre el transporte a\u00e9reo, aviaci\u00f3n, turismo, hoteleria, actualidad.\" \/>\n<meta property=\"og:url\" content=\"https:\/\/aeronoticias.com.pe\/noticiero\/ultimas\/1\/fallecio-el-escritor-argentino-ernesto-sabato\/\" \/>\n<meta property=\"og:site_name\" content=\"Aeronoticias.com.pe\" \/>\n<meta property=\"article:publisher\" content=\"https:\/\/www.facebook.com\/Aeronoticias.com.pe\/\" \/>\n<meta property=\"article:published_time\" content=\"2011-04-30T19:06:33+00:00\" \/>\n<meta name=\"author\" content=\"Redacci\u00f3n Aeronoticias\" \/>\n<meta name=\"twitter:card\" content=\"summary_large_image\" \/>\n<meta name=\"twitter:creator\" content=\"@aeronoticias\" \/>\n<meta name=\"twitter:site\" content=\"@aeronoticias\" \/>\n<meta name=\"twitter:label1\" content=\"Escrito por\" \/>\n\t<meta name=\"twitter:data1\" content=\"Redacci\u00f3n Aeronoticias\" \/>\n\t<meta name=\"twitter:label2\" content=\"Tiempo de lectura\" \/>\n\t<meta name=\"twitter:data2\" content=\"1 minuto\" \/>\n<script type=\"application\/ld+json\" class=\"yoast-schema-graph\">{\"@context\":\"https:\/\/schema.org\",\"@graph\":[{\"@type\":\"WebPage\",\"@id\":\"https:\/\/aeronoticias.com.pe\/noticiero\/ultimas\/1\/fallecio-el-escritor-argentino-ernesto-sabato\/\",\"url\":\"https:\/\/aeronoticias.com.pe\/noticiero\/ultimas\/1\/fallecio-el-escritor-argentino-ernesto-sabato\/\",\"name\":\"Falleci\u00f3 el escritor argentino Ernesto Sabato\",\"isPartOf\":{\"@id\":\"https:\/\/aeronoticias.com.pe\/noticiero\/#website\"},\"datePublished\":\"2011-04-30T19:06:33+00:00\",\"author\":{\"@id\":\"https:\/\/aeronoticias.com.pe\/noticiero\/#\/schema\/person\/fc1e5d578f4b62ba1cf7ac2bba1170a0\"},\"description\":\"Portal de noticias del Per\u00fa sobre el transporte a\u00e9reo, aviaci\u00f3n, turismo, hoteleria, actualidad.\",\"breadcrumb\":{\"@id\":\"https:\/\/aeronoticias.com.pe\/noticiero\/ultimas\/1\/fallecio-el-escritor-argentino-ernesto-sabato\/#breadcrumb\"},\"inLanguage\":\"es\",\"potentialAction\":[{\"@type\":\"ReadAction\",\"target\":[\"https:\/\/aeronoticias.com.pe\/noticiero\/ultimas\/1\/fallecio-el-escritor-argentino-ernesto-sabato\/\"]}]},{\"@type\":\"BreadcrumbList\",\"@id\":\"https:\/\/aeronoticias.com.pe\/noticiero\/ultimas\/1\/fallecio-el-escritor-argentino-ernesto-sabato\/#breadcrumb\",\"itemListElement\":[{\"@type\":\"ListItem\",\"position\":1,\"name\":\"Portada\",\"item\":\"https:\/\/aeronoticias.com.pe\/noticiero\/\"},{\"@type\":\"ListItem\",\"position\":2,\"name\":\"Falleci\u00f3 el escritor argentino Ernesto Sabato\"}]},{\"@type\":\"WebSite\",\"@id\":\"https:\/\/aeronoticias.com.pe\/noticiero\/#website\",\"url\":\"https:\/\/aeronoticias.com.pe\/noticiero\/\",\"name\":\"Aeronoticias.com.pe\",\"description\":\"Noticias de tranporte aereo, turismo, hoteles, gastronomia, actualidad, internacional\",\"potentialAction\":[{\"@type\":\"SearchAction\",\"target\":{\"@type\":\"EntryPoint\",\"urlTemplate\":\"https:\/\/aeronoticias.com.pe\/noticiero\/?s={search_term_string}\"},\"query-input\":{\"@type\":\"PropertyValueSpecification\",\"valueRequired\":true,\"valueName\":\"search_term_string\"}}],\"inLanguage\":\"es\"},{\"@type\":\"Person\",\"@id\":\"https:\/\/aeronoticias.com.pe\/noticiero\/#\/schema\/person\/fc1e5d578f4b62ba1cf7ac2bba1170a0\",\"name\":\"Redacci\u00f3n Aeronoticias\",\"url\":\"https:\/\/aeronoticias.com.pe\/noticiero\/author\/piloto\/\"}]}<\/script>\n<!-- \/ Yoast SEO plugin. -->","yoast_head_json":{"title":"Falleci\u00f3 el escritor argentino Ernesto Sabato","description":"Portal de noticias del Per\u00fa sobre el transporte a\u00e9reo, aviaci\u00f3n, turismo, hoteleria, actualidad.","robots":{"index":"index","follow":"follow","max-snippet":"max-snippet:-1","max-image-preview":"max-image-preview:large","max-video-preview":"max-video-preview:-1"},"canonical":"https:\/\/aeronoticias.com.pe\/noticiero\/ultimas\/1\/fallecio-el-escritor-argentino-ernesto-sabato\/","og_locale":"es_ES","og_type":"article","og_title":"Falleci\u00f3 el escritor argentino Ernesto Sabato","og_description":"Portal de noticias del Per\u00fa sobre el transporte a\u00e9reo, aviaci\u00f3n, turismo, hoteleria, actualidad.","og_url":"https:\/\/aeronoticias.com.pe\/noticiero\/ultimas\/1\/fallecio-el-escritor-argentino-ernesto-sabato\/","og_site_name":"Aeronoticias.com.pe","article_publisher":"https:\/\/www.facebook.com\/Aeronoticias.com.pe\/","article_published_time":"2011-04-30T19:06:33+00:00","author":"Redacci\u00f3n Aeronoticias","twitter_card":"summary_large_image","twitter_creator":"@aeronoticias","twitter_site":"@aeronoticias","twitter_misc":{"Escrito por":"Redacci\u00f3n Aeronoticias","Tiempo de lectura":"1 minuto"},"schema":{"@context":"https:\/\/schema.org","@graph":[{"@type":"WebPage","@id":"https:\/\/aeronoticias.com.pe\/noticiero\/ultimas\/1\/fallecio-el-escritor-argentino-ernesto-sabato\/","url":"https:\/\/aeronoticias.com.pe\/noticiero\/ultimas\/1\/fallecio-el-escritor-argentino-ernesto-sabato\/","name":"Falleci\u00f3 el escritor argentino Ernesto Sabato","isPartOf":{"@id":"https:\/\/aeronoticias.com.pe\/noticiero\/#website"},"datePublished":"2011-04-30T19:06:33+00:00","author":{"@id":"https:\/\/aeronoticias.com.pe\/noticiero\/#\/schema\/person\/fc1e5d578f4b62ba1cf7ac2bba1170a0"},"description":"Portal de noticias del Per\u00fa sobre el transporte a\u00e9reo, aviaci\u00f3n, turismo, hoteleria, actualidad.","breadcrumb":{"@id":"https:\/\/aeronoticias.com.pe\/noticiero\/ultimas\/1\/fallecio-el-escritor-argentino-ernesto-sabato\/#breadcrumb"},"inLanguage":"es","potentialAction":[{"@type":"ReadAction","target":["https:\/\/aeronoticias.com.pe\/noticiero\/ultimas\/1\/fallecio-el-escritor-argentino-ernesto-sabato\/"]}]},{"@type":"BreadcrumbList","@id":"https:\/\/aeronoticias.com.pe\/noticiero\/ultimas\/1\/fallecio-el-escritor-argentino-ernesto-sabato\/#breadcrumb","itemListElement":[{"@type":"ListItem","position":1,"name":"Portada","item":"https:\/\/aeronoticias.com.pe\/noticiero\/"},{"@type":"ListItem","position":2,"name":"Falleci\u00f3 el escritor argentino Ernesto Sabato"}]},{"@type":"WebSite","@id":"https:\/\/aeronoticias.com.pe\/noticiero\/#website","url":"https:\/\/aeronoticias.com.pe\/noticiero\/","name":"Aeronoticias.com.pe","description":"Noticias de tranporte aereo, turismo, hoteles, gastronomia, actualidad, internacional","potentialAction":[{"@type":"SearchAction","target":{"@type":"EntryPoint","urlTemplate":"https:\/\/aeronoticias.com.pe\/noticiero\/?s={search_term_string}"},"query-input":{"@type":"PropertyValueSpecification","valueRequired":true,"valueName":"search_term_string"}}],"inLanguage":"es"},{"@type":"Person","@id":"https:\/\/aeronoticias.com.pe\/noticiero\/#\/schema\/person\/fc1e5d578f4b62ba1cf7ac2bba1170a0","name":"Redacci\u00f3n Aeronoticias","url":"https:\/\/aeronoticias.com.pe\/noticiero\/author\/piloto\/"}]}},"_links":{"self":[{"href":"https:\/\/aeronoticias.com.pe\/noticiero\/wp-json\/wp\/v2\/posts\/16962","targetHints":{"allow":["GET"]}}],"collection":[{"href":"https:\/\/aeronoticias.com.pe\/noticiero\/wp-json\/wp\/v2\/posts"}],"about":[{"href":"https:\/\/aeronoticias.com.pe\/noticiero\/wp-json\/wp\/v2\/types\/post"}],"author":[{"embeddable":true,"href":"https:\/\/aeronoticias.com.pe\/noticiero\/wp-json\/wp\/v2\/users\/1"}],"replies":[{"embeddable":true,"href":"https:\/\/aeronoticias.com.pe\/noticiero\/wp-json\/wp\/v2\/comments?post=16962"}],"version-history":[{"count":0,"href":"https:\/\/aeronoticias.com.pe\/noticiero\/wp-json\/wp\/v2\/posts\/16962\/revisions"}],"wp:attachment":[{"href":"https:\/\/aeronoticias.com.pe\/noticiero\/wp-json\/wp\/v2\/media?parent=16962"}],"wp:term":[{"taxonomy":"category","embeddable":true,"href":"https:\/\/aeronoticias.com.pe\/noticiero\/wp-json\/wp\/v2\/categories?post=16962"},{"taxonomy":"post_tag","embeddable":true,"href":"https:\/\/aeronoticias.com.pe\/noticiero\/wp-json\/wp\/v2\/tags?post=16962"}],"curies":[{"name":"wp","href":"https:\/\/api.w.org\/{rel}","templated":true}]}}