{"id":16964,"date":"2011-05-01T17:27:54","date_gmt":"2011-05-01T17:27:54","guid":{"rendered":"http:\/\/desarrollo.mcvicious.com\/aero2020\/2011\/05\/01\/la-inflacion-en-el-peru-fue-de-068-en-el-mes-de-abril\/"},"modified":"2011-05-01T17:27:54","modified_gmt":"2011-05-01T17:27:54","slug":"la-inflacion-en-el-peru-fue-de-068-en-el-mes-de-abril","status":"publish","type":"post","link":"https:\/\/aeronoticias.com.pe\/noticiero\/economia\/la-inflacion-en-el-peru-fue-de-068-en-el-mes-de-abril\/","title":{"rendered":"La inflaci\u00f3n en el Per\u00fa fue de 0,68% en el mes de abril"},"content":{"rendered":"<p style=\"text-align: justify;\"><strong>(Aeronticias).-<\/strong> La inflaci\u00f3n en abril fue de 0,68%, tasa por encima de lo esperado por el mercado y que fue impulsada por el alza de los precios de los alimentos, lo se\u00f1al\u00f3 hoy el Instituto Nacional de Estad\u00edstica e Inform\u00e1tica (INEI).<\/p>\n<p style=\"text-align: justify;\">\u00a0<\/p>\n<p style=\"text-align: center;\"><img decoding=\"async\" src=\"images\/stories\/11\/05\/010511\/inflacion1.jpg\" border=\"0\" alt=\"La inflaci\u00f3n en el Per\u00fa fue de 0,68% en el mes de abril\" title=\"La inflaci\u00f3n en el Per\u00fa fue de 0,68% en el mes de abril\" \/><\/p>\n<p style=\"text-align: justify;\">La cifra es menor a la inflaci\u00f3n de marzo, que fue de 0,7%, sin embargo muy superior a la del 0,03% de abril del a\u00f1o pasado.\u00a0 Asimismo, seg\u00fan el INEI, el sector de alimentos y bebidas subi\u00f3 un 1,21% en abril, debido al alza de los precios internacionales de los alimentos y a un avance estacional en los precios del pescado por Semana Santa.<\/p>\n<p style=\"text-align: justify;\">La inflaci\u00f3n acumulada entre enero y abril fue de 2,17%, mientras que en los 12 \u00faltimos meses a abril fue de 3,34%, por encima del rango meta del Banco Central de entre 1% y 3%.<\/p>\n<p style=\"text-align: justify;\">Para reducir las presiones inflacionarias, el Banco Central ha elevado este a\u00f1o su tasa de referencia por cuatro meses consecutivos hasta el 4%, ante el fuerte dinamismo de la econom\u00eda local.<\/p>\n","protected":false},"excerpt":{"rendered":"<p>(Aeronticias).- La inflaci\u00f3n en abril fue de 0,68%, tasa por encima de lo esperado por el mercado y que fue impulsada por el alza de los precios de los alimentos, lo se\u00f1al\u00f3 hoy el Instituto Nacional de Estad\u00edstica e Inform\u00e1tica (INEI). \u00a0 La cifra es menor a la inflaci\u00f3n de marzo, que fue de 0,7%, [&hellip;]<\/p>\n","protected":false},"author":1,"featured_media":0,"comment_status":"open","ping_status":"open","sticky":false,"template":"","format":"standard","meta":{"tdm_status":"","tdm_grid_status":"","footnotes":""},"categories":[33],"tags":[],"class_list":{"0":"post-16964","1":"post","2":"type-post","3":"status-publish","4":"format-standard","6":"category-economia"},"yoast_head":"<!-- This site is optimized with the Yoast SEO plugin v25.1 - https:\/\/yoast.com\/wordpress\/plugins\/seo\/ -->\n<title>La inflaci\u00f3n en el Per\u00fa fue de 0,68% en el mes de abril<\/title>\n<meta name=\"description\" content=\"Portal de noticias del Per\u00fa sobre el transporte a\u00e9reo, aviaci\u00f3n, turismo, hoteleria, actualidad.\" \/>\n<meta name=\"robots\" content=\"index, follow, max-snippet:-1, max-image-preview:large, max-video-preview:-1\" \/>\n<link rel=\"canonical\" href=\"https:\/\/aeronoticias.com.pe\/noticiero\/economia\/la-inflacion-en-el-peru-fue-de-068-en-el-mes-de-abril\/\" \/>\n<meta property=\"og:locale\" content=\"es_ES\" \/>\n<meta property=\"og:type\" content=\"article\" \/>\n<meta property=\"og:title\" content=\"La inflaci\u00f3n en el Per\u00fa fue de 0,68% en el mes de abril\" \/>\n<meta property=\"og:description\" content=\"Portal de noticias del Per\u00fa sobre el transporte a\u00e9reo, aviaci\u00f3n, turismo, hoteleria, actualidad.\" \/>\n<meta property=\"og:url\" content=\"https:\/\/aeronoticias.com.pe\/noticiero\/economia\/la-inflacion-en-el-peru-fue-de-068-en-el-mes-de-abril\/\" \/>\n<meta property=\"og:site_name\" content=\"Aeronoticias.com.pe\" \/>\n<meta property=\"article:publisher\" content=\"https:\/\/www.facebook.com\/Aeronoticias.com.pe\/\" \/>\n<meta property=\"article:published_time\" content=\"2011-05-01T17:27:54+00:00\" \/>\n<meta name=\"author\" content=\"Redacci\u00f3n Aeronoticias\" \/>\n<meta name=\"twitter:card\" content=\"summary_large_image\" \/>\n<meta name=\"twitter:creator\" content=\"@aeronoticias\" \/>\n<meta name=\"twitter:site\" content=\"@aeronoticias\" \/>\n<meta name=\"twitter:label1\" content=\"Escrito por\" \/>\n\t<meta name=\"twitter:data1\" content=\"Redacci\u00f3n Aeronoticias\" \/>\n\t<meta name=\"twitter:label2\" content=\"Tiempo de lectura\" \/>\n\t<meta name=\"twitter:data2\" content=\"1 minuto\" \/>\n<script type=\"application\/ld+json\" class=\"yoast-schema-graph\">{\"@context\":\"https:\/\/schema.org\",\"@graph\":[{\"@type\":\"WebPage\",\"@id\":\"https:\/\/aeronoticias.com.pe\/noticiero\/economia\/la-inflacion-en-el-peru-fue-de-068-en-el-mes-de-abril\/\",\"url\":\"https:\/\/aeronoticias.com.pe\/noticiero\/economia\/la-inflacion-en-el-peru-fue-de-068-en-el-mes-de-abril\/\",\"name\":\"La inflaci\u00f3n en el Per\u00fa fue de 0,68% en el mes de abril\",\"isPartOf\":{\"@id\":\"https:\/\/aeronoticias.com.pe\/noticiero\/#website\"},\"datePublished\":\"2011-05-01T17:27:54+00:00\",\"author\":{\"@id\":\"https:\/\/aeronoticias.com.pe\/noticiero\/#\/schema\/person\/fc1e5d578f4b62ba1cf7ac2bba1170a0\"},\"description\":\"Portal de noticias del Per\u00fa sobre el transporte a\u00e9reo, aviaci\u00f3n, turismo, hoteleria, actualidad.\",\"breadcrumb\":{\"@id\":\"https:\/\/aeronoticias.com.pe\/noticiero\/economia\/la-inflacion-en-el-peru-fue-de-068-en-el-mes-de-abril\/#breadcrumb\"},\"inLanguage\":\"es\",\"potentialAction\":[{\"@type\":\"ReadAction\",\"target\":[\"https:\/\/aeronoticias.com.pe\/noticiero\/economia\/la-inflacion-en-el-peru-fue-de-068-en-el-mes-de-abril\/\"]}]},{\"@type\":\"BreadcrumbList\",\"@id\":\"https:\/\/aeronoticias.com.pe\/noticiero\/economia\/la-inflacion-en-el-peru-fue-de-068-en-el-mes-de-abril\/#breadcrumb\",\"itemListElement\":[{\"@type\":\"ListItem\",\"position\":1,\"name\":\"Portada\",\"item\":\"https:\/\/aeronoticias.com.pe\/noticiero\/\"},{\"@type\":\"ListItem\",\"position\":2,\"name\":\"La inflaci\u00f3n en el Per\u00fa fue de 0,68% en el mes de abril\"}]},{\"@type\":\"WebSite\",\"@id\":\"https:\/\/aeronoticias.com.pe\/noticiero\/#website\",\"url\":\"https:\/\/aeronoticias.com.pe\/noticiero\/\",\"name\":\"Aeronoticias.com.pe\",\"description\":\"Noticias de tranporte aereo, turismo, hoteles, gastronomia, actualidad, internacional\",\"potentialAction\":[{\"@type\":\"SearchAction\",\"target\":{\"@type\":\"EntryPoint\",\"urlTemplate\":\"https:\/\/aeronoticias.com.pe\/noticiero\/?s={search_term_string}\"},\"query-input\":{\"@type\":\"PropertyValueSpecification\",\"valueRequired\":true,\"valueName\":\"search_term_string\"}}],\"inLanguage\":\"es\"},{\"@type\":\"Person\",\"@id\":\"https:\/\/aeronoticias.com.pe\/noticiero\/#\/schema\/person\/fc1e5d578f4b62ba1cf7ac2bba1170a0\",\"name\":\"Redacci\u00f3n Aeronoticias\",\"url\":\"https:\/\/aeronoticias.com.pe\/noticiero\/author\/piloto\/\"}]}<\/script>\n<!-- \/ Yoast SEO plugin. -->","yoast_head_json":{"title":"La inflaci\u00f3n en el Per\u00fa fue de 0,68% en el mes de abril","description":"Portal de noticias del Per\u00fa sobre el transporte a\u00e9reo, aviaci\u00f3n, turismo, hoteleria, actualidad.","robots":{"index":"index","follow":"follow","max-snippet":"max-snippet:-1","max-image-preview":"max-image-preview:large","max-video-preview":"max-video-preview:-1"},"canonical":"https:\/\/aeronoticias.com.pe\/noticiero\/economia\/la-inflacion-en-el-peru-fue-de-068-en-el-mes-de-abril\/","og_locale":"es_ES","og_type":"article","og_title":"La inflaci\u00f3n en el Per\u00fa fue de 0,68% en el mes de abril","og_description":"Portal de noticias del Per\u00fa sobre el transporte a\u00e9reo, aviaci\u00f3n, turismo, hoteleria, actualidad.","og_url":"https:\/\/aeronoticias.com.pe\/noticiero\/economia\/la-inflacion-en-el-peru-fue-de-068-en-el-mes-de-abril\/","og_site_name":"Aeronoticias.com.pe","article_publisher":"https:\/\/www.facebook.com\/Aeronoticias.com.pe\/","article_published_time":"2011-05-01T17:27:54+00:00","author":"Redacci\u00f3n Aeronoticias","twitter_card":"summary_large_image","twitter_creator":"@aeronoticias","twitter_site":"@aeronoticias","twitter_misc":{"Escrito por":"Redacci\u00f3n Aeronoticias","Tiempo de lectura":"1 minuto"},"schema":{"@context":"https:\/\/schema.org","@graph":[{"@type":"WebPage","@id":"https:\/\/aeronoticias.com.pe\/noticiero\/economia\/la-inflacion-en-el-peru-fue-de-068-en-el-mes-de-abril\/","url":"https:\/\/aeronoticias.com.pe\/noticiero\/economia\/la-inflacion-en-el-peru-fue-de-068-en-el-mes-de-abril\/","name":"La inflaci\u00f3n en el Per\u00fa fue de 0,68% en el mes de abril","isPartOf":{"@id":"https:\/\/aeronoticias.com.pe\/noticiero\/#website"},"datePublished":"2011-05-01T17:27:54+00:00","author":{"@id":"https:\/\/aeronoticias.com.pe\/noticiero\/#\/schema\/person\/fc1e5d578f4b62ba1cf7ac2bba1170a0"},"description":"Portal de noticias del Per\u00fa sobre el transporte a\u00e9reo, aviaci\u00f3n, turismo, hoteleria, actualidad.","breadcrumb":{"@id":"https:\/\/aeronoticias.com.pe\/noticiero\/economia\/la-inflacion-en-el-peru-fue-de-068-en-el-mes-de-abril\/#breadcrumb"},"inLanguage":"es","potentialAction":[{"@type":"ReadAction","target":["https:\/\/aeronoticias.com.pe\/noticiero\/economia\/la-inflacion-en-el-peru-fue-de-068-en-el-mes-de-abril\/"]}]},{"@type":"BreadcrumbList","@id":"https:\/\/aeronoticias.com.pe\/noticiero\/economia\/la-inflacion-en-el-peru-fue-de-068-en-el-mes-de-abril\/#breadcrumb","itemListElement":[{"@type":"ListItem","position":1,"name":"Portada","item":"https:\/\/aeronoticias.com.pe\/noticiero\/"},{"@type":"ListItem","position":2,"name":"La inflaci\u00f3n en el Per\u00fa fue de 0,68% en el mes de abril"}]},{"@type":"WebSite","@id":"https:\/\/aeronoticias.com.pe\/noticiero\/#website","url":"https:\/\/aeronoticias.com.pe\/noticiero\/","name":"Aeronoticias.com.pe","description":"Noticias de tranporte aereo, turismo, hoteles, gastronomia, actualidad, internacional","potentialAction":[{"@type":"SearchAction","target":{"@type":"EntryPoint","urlTemplate":"https:\/\/aeronoticias.com.pe\/noticiero\/?s={search_term_string}"},"query-input":{"@type":"PropertyValueSpecification","valueRequired":true,"valueName":"search_term_string"}}],"inLanguage":"es"},{"@type":"Person","@id":"https:\/\/aeronoticias.com.pe\/noticiero\/#\/schema\/person\/fc1e5d578f4b62ba1cf7ac2bba1170a0","name":"Redacci\u00f3n Aeronoticias","url":"https:\/\/aeronoticias.com.pe\/noticiero\/author\/piloto\/"}]}},"_links":{"self":[{"href":"https:\/\/aeronoticias.com.pe\/noticiero\/wp-json\/wp\/v2\/posts\/16964","targetHints":{"allow":["GET"]}}],"collection":[{"href":"https:\/\/aeronoticias.com.pe\/noticiero\/wp-json\/wp\/v2\/posts"}],"about":[{"href":"https:\/\/aeronoticias.com.pe\/noticiero\/wp-json\/wp\/v2\/types\/post"}],"author":[{"embeddable":true,"href":"https:\/\/aeronoticias.com.pe\/noticiero\/wp-json\/wp\/v2\/users\/1"}],"replies":[{"embeddable":true,"href":"https:\/\/aeronoticias.com.pe\/noticiero\/wp-json\/wp\/v2\/comments?post=16964"}],"version-history":[{"count":0,"href":"https:\/\/aeronoticias.com.pe\/noticiero\/wp-json\/wp\/v2\/posts\/16964\/revisions"}],"wp:attachment":[{"href":"https:\/\/aeronoticias.com.pe\/noticiero\/wp-json\/wp\/v2\/media?parent=16964"}],"wp:term":[{"taxonomy":"category","embeddable":true,"href":"https:\/\/aeronoticias.com.pe\/noticiero\/wp-json\/wp\/v2\/categories?post=16964"},{"taxonomy":"post_tag","embeddable":true,"href":"https:\/\/aeronoticias.com.pe\/noticiero\/wp-json\/wp\/v2\/tags?post=16964"}],"curies":[{"name":"wp","href":"https:\/\/api.w.org\/{rel}","templated":true}]}}