{"id":16966,"date":"2011-05-02T03:33:31","date_gmt":"2011-05-02T03:33:31","guid":{"rendered":"http:\/\/desarrollo.mcvicious.com\/aero2020\/2011\/05\/02\/osama-bin-laden-fallecio-en-operacion-militar-segun-informo-gobierno-estadounidense\/"},"modified":"2011-05-02T03:33:31","modified_gmt":"2011-05-02T03:33:31","slug":"osama-bin-laden-fallecio-en-operacion-militar-segun-informo-gobierno-estadounidense","status":"publish","type":"post","link":"https:\/\/aeronoticias.com.pe\/noticiero\/ultimas\/1\/osama-bin-laden-fallecio-en-operacion-militar-segun-informo-gobierno-estadounidense\/","title":{"rendered":"Osama bin Laden falleci\u00f3 en operaci\u00f3n militar, seg\u00fan gobierno estadounidense"},"content":{"rendered":"<p style=\"text-align: justify;\"><strong>(Aeronoticias)<\/strong> El l\u00edder del grupo terrorista Al Qaeda, Osama bin Laden, falleci\u00f3 en una operaci\u00f3n militar desplegada por fuerzas militares de Estados Unidos, seg\u00fan inform\u00f3 CNN la noche de hoy.<\/p>\n<p>Citando a fuentes pol\u00edticas en Washington, la televisora se\u00f1al\u00f3 que el cabecilla de la red terrorista responsable del ataque a las Torres Gemelas, en setiembre del a\u00f1o 2001, muri\u00f3 en Afganist\u00e1n.<\/p>\n<p style=\"text-align: center;\"><img loading=\"lazy\" decoding=\"async\" src=\"images\/stories\/11\/05\/010511\/osama.jpg\" border=\"0\" alt=\"Osama bin Laden falleci\u00f3 en operaci\u00f3n militar, seg\u00fan gobierno estadounidense\" width=\"400\" height=\"270\" \/><\/p>\n<p style=\"text-align: justify;\">\u201cOsama bin Laden muri\u00f3 en Afganist\u00e1n y Estados Unidos ya tiene en su poder el cad\u00e1ver. La CIA ya ha informado al Congreso y Obama dar\u00e1 un discurso\u201d, anunci\u00f3 Juan Carlos L\u00f3pez, corresponsal de CNN en la capital de EE.UU.<\/p>\n<p>En las pr\u00f3ximas horas se espera que el presidente de EE.UU., Barack Obama, ofrezca una conferencia de prensa en la Casa Blanca haciendo oficial el fallecimiento del l\u00edder terrorista de Al Qaeda.<\/p>\n","protected":false},"excerpt":{"rendered":"<p>(Aeronoticias) El l\u00edder del grupo terrorista Al Qaeda, Osama bin Laden, falleci\u00f3 en una operaci\u00f3n militar desplegada por fuerzas militares de Estados Unidos, seg\u00fan inform\u00f3 CNN la noche de hoy. Citando a fuentes pol\u00edticas en Washington, la televisora se\u00f1al\u00f3 que el cabecilla de la red terrorista responsable del ataque a las Torres Gemelas, en setiembre [&hellip;]<\/p>\n","protected":false},"author":1,"featured_media":0,"comment_status":"open","ping_status":"open","sticky":false,"template":"","format":"standard","meta":{"tdm_status":"","tdm_grid_status":"","footnotes":""},"categories":[30],"tags":[],"class_list":{"0":"post-16966","1":"post","2":"type-post","3":"status-publish","4":"format-standard","6":"category-30"},"yoast_head":"<!-- This site is optimized with the Yoast SEO plugin v25.1 - https:\/\/yoast.com\/wordpress\/plugins\/seo\/ -->\n<title>Osama bin Laden falleci\u00f3 en operaci\u00f3n militar, seg\u00fan gobierno estadounidense<\/title>\n<meta name=\"description\" content=\"Portal de noticias del Per\u00fa sobre el transporte a\u00e9reo, aviaci\u00f3n, turismo, hoteleria, actualidad.\" \/>\n<meta name=\"robots\" content=\"index, follow, max-snippet:-1, max-image-preview:large, max-video-preview:-1\" \/>\n<link rel=\"canonical\" href=\"https:\/\/aeronoticias.com.pe\/noticiero\/ultimas\/1\/osama-bin-laden-fallecio-en-operacion-militar-segun-informo-gobierno-estadounidense\/\" \/>\n<meta property=\"og:locale\" content=\"es_ES\" \/>\n<meta property=\"og:type\" content=\"article\" \/>\n<meta property=\"og:title\" content=\"Osama bin Laden falleci\u00f3 en operaci\u00f3n militar, seg\u00fan gobierno estadounidense\" \/>\n<meta property=\"og:description\" content=\"Portal de noticias del Per\u00fa sobre el transporte a\u00e9reo, aviaci\u00f3n, turismo, hoteleria, actualidad.\" \/>\n<meta property=\"og:url\" content=\"https:\/\/aeronoticias.com.pe\/noticiero\/ultimas\/1\/osama-bin-laden-fallecio-en-operacion-militar-segun-informo-gobierno-estadounidense\/\" \/>\n<meta property=\"og:site_name\" content=\"Aeronoticias.com.pe\" \/>\n<meta property=\"article:publisher\" content=\"https:\/\/www.facebook.com\/Aeronoticias.com.pe\/\" \/>\n<meta property=\"article:published_time\" content=\"2011-05-02T03:33:31+00:00\" \/>\n<meta name=\"author\" content=\"Redacci\u00f3n Aeronoticias\" \/>\n<meta name=\"twitter:card\" content=\"summary_large_image\" \/>\n<meta name=\"twitter:creator\" content=\"@aeronoticias\" \/>\n<meta name=\"twitter:site\" content=\"@aeronoticias\" \/>\n<meta name=\"twitter:label1\" content=\"Escrito por\" \/>\n\t<meta name=\"twitter:data1\" content=\"Redacci\u00f3n Aeronoticias\" \/>\n\t<meta name=\"twitter:label2\" content=\"Tiempo de lectura\" \/>\n\t<meta name=\"twitter:data2\" content=\"1 minuto\" \/>\n<script type=\"application\/ld+json\" class=\"yoast-schema-graph\">{\"@context\":\"https:\/\/schema.org\",\"@graph\":[{\"@type\":\"WebPage\",\"@id\":\"https:\/\/aeronoticias.com.pe\/noticiero\/ultimas\/1\/osama-bin-laden-fallecio-en-operacion-militar-segun-informo-gobierno-estadounidense\/\",\"url\":\"https:\/\/aeronoticias.com.pe\/noticiero\/ultimas\/1\/osama-bin-laden-fallecio-en-operacion-militar-segun-informo-gobierno-estadounidense\/\",\"name\":\"Osama bin Laden falleci\u00f3 en operaci\u00f3n militar, seg\u00fan gobierno estadounidense\",\"isPartOf\":{\"@id\":\"https:\/\/aeronoticias.com.pe\/noticiero\/#website\"},\"datePublished\":\"2011-05-02T03:33:31+00:00\",\"author\":{\"@id\":\"https:\/\/aeronoticias.com.pe\/noticiero\/#\/schema\/person\/fc1e5d578f4b62ba1cf7ac2bba1170a0\"},\"description\":\"Portal de noticias del Per\u00fa sobre el transporte a\u00e9reo, aviaci\u00f3n, turismo, hoteleria, actualidad.\",\"breadcrumb\":{\"@id\":\"https:\/\/aeronoticias.com.pe\/noticiero\/ultimas\/1\/osama-bin-laden-fallecio-en-operacion-militar-segun-informo-gobierno-estadounidense\/#breadcrumb\"},\"inLanguage\":\"es\",\"potentialAction\":[{\"@type\":\"ReadAction\",\"target\":[\"https:\/\/aeronoticias.com.pe\/noticiero\/ultimas\/1\/osama-bin-laden-fallecio-en-operacion-militar-segun-informo-gobierno-estadounidense\/\"]}]},{\"@type\":\"BreadcrumbList\",\"@id\":\"https:\/\/aeronoticias.com.pe\/noticiero\/ultimas\/1\/osama-bin-laden-fallecio-en-operacion-militar-segun-informo-gobierno-estadounidense\/#breadcrumb\",\"itemListElement\":[{\"@type\":\"ListItem\",\"position\":1,\"name\":\"Portada\",\"item\":\"https:\/\/aeronoticias.com.pe\/noticiero\/\"},{\"@type\":\"ListItem\",\"position\":2,\"name\":\"Osama bin Laden falleci\u00f3 en operaci\u00f3n militar, seg\u00fan gobierno estadounidense\"}]},{\"@type\":\"WebSite\",\"@id\":\"https:\/\/aeronoticias.com.pe\/noticiero\/#website\",\"url\":\"https:\/\/aeronoticias.com.pe\/noticiero\/\",\"name\":\"Aeronoticias.com.pe\",\"description\":\"Noticias de tranporte aereo, turismo, hoteles, gastronomia, actualidad, internacional\",\"potentialAction\":[{\"@type\":\"SearchAction\",\"target\":{\"@type\":\"EntryPoint\",\"urlTemplate\":\"https:\/\/aeronoticias.com.pe\/noticiero\/?s={search_term_string}\"},\"query-input\":{\"@type\":\"PropertyValueSpecification\",\"valueRequired\":true,\"valueName\":\"search_term_string\"}}],\"inLanguage\":\"es\"},{\"@type\":\"Person\",\"@id\":\"https:\/\/aeronoticias.com.pe\/noticiero\/#\/schema\/person\/fc1e5d578f4b62ba1cf7ac2bba1170a0\",\"name\":\"Redacci\u00f3n Aeronoticias\",\"url\":\"https:\/\/aeronoticias.com.pe\/noticiero\/author\/piloto\/\"}]}<\/script>\n<!-- \/ Yoast SEO plugin. -->","yoast_head_json":{"title":"Osama bin Laden falleci\u00f3 en operaci\u00f3n militar, seg\u00fan gobierno estadounidense","description":"Portal de noticias del Per\u00fa sobre el transporte a\u00e9reo, aviaci\u00f3n, turismo, hoteleria, actualidad.","robots":{"index":"index","follow":"follow","max-snippet":"max-snippet:-1","max-image-preview":"max-image-preview:large","max-video-preview":"max-video-preview:-1"},"canonical":"https:\/\/aeronoticias.com.pe\/noticiero\/ultimas\/1\/osama-bin-laden-fallecio-en-operacion-militar-segun-informo-gobierno-estadounidense\/","og_locale":"es_ES","og_type":"article","og_title":"Osama bin Laden falleci\u00f3 en operaci\u00f3n militar, seg\u00fan gobierno estadounidense","og_description":"Portal de noticias del Per\u00fa sobre el transporte a\u00e9reo, aviaci\u00f3n, turismo, hoteleria, actualidad.","og_url":"https:\/\/aeronoticias.com.pe\/noticiero\/ultimas\/1\/osama-bin-laden-fallecio-en-operacion-militar-segun-informo-gobierno-estadounidense\/","og_site_name":"Aeronoticias.com.pe","article_publisher":"https:\/\/www.facebook.com\/Aeronoticias.com.pe\/","article_published_time":"2011-05-02T03:33:31+00:00","author":"Redacci\u00f3n Aeronoticias","twitter_card":"summary_large_image","twitter_creator":"@aeronoticias","twitter_site":"@aeronoticias","twitter_misc":{"Escrito por":"Redacci\u00f3n Aeronoticias","Tiempo de lectura":"1 minuto"},"schema":{"@context":"https:\/\/schema.org","@graph":[{"@type":"WebPage","@id":"https:\/\/aeronoticias.com.pe\/noticiero\/ultimas\/1\/osama-bin-laden-fallecio-en-operacion-militar-segun-informo-gobierno-estadounidense\/","url":"https:\/\/aeronoticias.com.pe\/noticiero\/ultimas\/1\/osama-bin-laden-fallecio-en-operacion-militar-segun-informo-gobierno-estadounidense\/","name":"Osama bin Laden falleci\u00f3 en operaci\u00f3n militar, seg\u00fan gobierno estadounidense","isPartOf":{"@id":"https:\/\/aeronoticias.com.pe\/noticiero\/#website"},"datePublished":"2011-05-02T03:33:31+00:00","author":{"@id":"https:\/\/aeronoticias.com.pe\/noticiero\/#\/schema\/person\/fc1e5d578f4b62ba1cf7ac2bba1170a0"},"description":"Portal de noticias del Per\u00fa sobre el transporte a\u00e9reo, aviaci\u00f3n, turismo, hoteleria, actualidad.","breadcrumb":{"@id":"https:\/\/aeronoticias.com.pe\/noticiero\/ultimas\/1\/osama-bin-laden-fallecio-en-operacion-militar-segun-informo-gobierno-estadounidense\/#breadcrumb"},"inLanguage":"es","potentialAction":[{"@type":"ReadAction","target":["https:\/\/aeronoticias.com.pe\/noticiero\/ultimas\/1\/osama-bin-laden-fallecio-en-operacion-militar-segun-informo-gobierno-estadounidense\/"]}]},{"@type":"BreadcrumbList","@id":"https:\/\/aeronoticias.com.pe\/noticiero\/ultimas\/1\/osama-bin-laden-fallecio-en-operacion-militar-segun-informo-gobierno-estadounidense\/#breadcrumb","itemListElement":[{"@type":"ListItem","position":1,"name":"Portada","item":"https:\/\/aeronoticias.com.pe\/noticiero\/"},{"@type":"ListItem","position":2,"name":"Osama bin Laden falleci\u00f3 en operaci\u00f3n militar, seg\u00fan gobierno estadounidense"}]},{"@type":"WebSite","@id":"https:\/\/aeronoticias.com.pe\/noticiero\/#website","url":"https:\/\/aeronoticias.com.pe\/noticiero\/","name":"Aeronoticias.com.pe","description":"Noticias de tranporte aereo, turismo, hoteles, gastronomia, actualidad, internacional","potentialAction":[{"@type":"SearchAction","target":{"@type":"EntryPoint","urlTemplate":"https:\/\/aeronoticias.com.pe\/noticiero\/?s={search_term_string}"},"query-input":{"@type":"PropertyValueSpecification","valueRequired":true,"valueName":"search_term_string"}}],"inLanguage":"es"},{"@type":"Person","@id":"https:\/\/aeronoticias.com.pe\/noticiero\/#\/schema\/person\/fc1e5d578f4b62ba1cf7ac2bba1170a0","name":"Redacci\u00f3n Aeronoticias","url":"https:\/\/aeronoticias.com.pe\/noticiero\/author\/piloto\/"}]}},"_links":{"self":[{"href":"https:\/\/aeronoticias.com.pe\/noticiero\/wp-json\/wp\/v2\/posts\/16966","targetHints":{"allow":["GET"]}}],"collection":[{"href":"https:\/\/aeronoticias.com.pe\/noticiero\/wp-json\/wp\/v2\/posts"}],"about":[{"href":"https:\/\/aeronoticias.com.pe\/noticiero\/wp-json\/wp\/v2\/types\/post"}],"author":[{"embeddable":true,"href":"https:\/\/aeronoticias.com.pe\/noticiero\/wp-json\/wp\/v2\/users\/1"}],"replies":[{"embeddable":true,"href":"https:\/\/aeronoticias.com.pe\/noticiero\/wp-json\/wp\/v2\/comments?post=16966"}],"version-history":[{"count":0,"href":"https:\/\/aeronoticias.com.pe\/noticiero\/wp-json\/wp\/v2\/posts\/16966\/revisions"}],"wp:attachment":[{"href":"https:\/\/aeronoticias.com.pe\/noticiero\/wp-json\/wp\/v2\/media?parent=16966"}],"wp:term":[{"taxonomy":"category","embeddable":true,"href":"https:\/\/aeronoticias.com.pe\/noticiero\/wp-json\/wp\/v2\/categories?post=16966"},{"taxonomy":"post_tag","embeddable":true,"href":"https:\/\/aeronoticias.com.pe\/noticiero\/wp-json\/wp\/v2\/tags?post=16966"}],"curies":[{"name":"wp","href":"https:\/\/api.w.org\/{rel}","templated":true}]}}