{"id":18396,"date":"2011-07-24T14:32:56","date_gmt":"2011-07-24T14:32:56","guid":{"rendered":"http:\/\/desarrollo.mcvicious.com\/aero2020\/2011\/07\/24\/air-france-klm-planea-comprar-50-aviones-a-boeing-y-airbus\/"},"modified":"2011-07-24T14:32:56","modified_gmt":"2011-07-24T14:32:56","slug":"air-france-klm-planea-comprar-50-aviones-a-boeing-y-airbus","status":"publish","type":"post","link":"https:\/\/aeronoticias.com.pe\/noticiero\/transporte-aereo\/internacional\/air-france-klm-planea-comprar-50-aviones-a-boeing-y-airbus\/","title":{"rendered":"Air France &#8211; KLM planea comprar 50 aviones a Boeing y Airbus"},"content":{"rendered":"<p style=\"text-align: justify;\"><strong>(Aeronoticias).-<\/strong> Air France\/KLM planea comprar 50 aparatos a las constructoras Airbus y Boeing, realizando un pedido de 25 unidades del modelo A350 valoradas a precio de cat\u00e1logo en 7.492 millones de d\u00f3lares (5.204 millones de euros), y otros 25 aviones del modelo 787 de Boeing valorados a precio de cat\u00e1logo en 5.450 millones de d\u00f3lares (3.785 millones de euros), por lo que el montante asciende a 8.989 millones de euros.<\/p>\n<p style=\"text-align: justify;\">Seg\u00fan informa el diario franc\u00e9s &#8216;La Tribune&#8217;, el consejo de administraci\u00f3n del grupo galo examinar\u00e1 el pr\u00f3ximo mi\u00e9rcoles 27 de julio el proyecto de adquisici\u00f3n de 100 pedidos a Airbus y Boeing de aparatos de largo radio valorados en 25.000 millones de d\u00f3lares (17.359 millones de euros), cuyo anuncio deber\u00eda ser publicado en septiembre.<\/p>\n<p style=\"text-align: justify;\">No obstante, la decisi\u00f3n de realizar pedidos conjuntos a Boeing y Airbus ha suscitado una pol\u00e9mica entre los diputados franceses, los cuales realizaron en junio una petici\u00f3n a la aerol\u00ednea francesa, cuyo 15,7% del capital pertenece al Estado, para que favorezca a Airbus en sus pedidos de aeronaves de largo recorrido por motivos de \u00abpatriotismo econ\u00f3mico\u00bb.<\/p>\n<p>  <!--more-->  <\/p>\n<p style=\"text-align: justify;\">Atendiendo a esta medida, el Consejo de Administraci\u00f3n de Air France-KLM reducir\u00e1 el n\u00famero de pedidos, pasando de las 100 unidades a una petici\u00f3n de 50 aparatos, seg\u00fan han informado a &#8216;La Tribune&#8217; fuentes cercanas a la compa\u00f1\u00eda.<\/p>\n<p style=\"text-align: justify;\">Con esta medida, la aerol\u00ednea evita un pago inicial muy alto y mantiene una \u00abcierta flexibilidad\u00bb en caso de que se produzca una ca\u00edda del mercado. Europa Press.<\/p>\n<p><img decoding=\"async\" src=\"images\/stories\/11\/07\/240711\/air_france_boeing_airbus.jpg\" border=\"0\" alt=\"Air France - KLM planea comprar 50 aviones a Boeing y Airbus\" title=\"Air France - KLM planea comprar 50 aviones a Boeing y Airbus\" \/><\/p>\n","protected":false},"excerpt":{"rendered":"<p>(Aeronoticias).- Air France\/KLM planea comprar 50 aparatos a las constructoras Airbus y Boeing, realizando un pedido de 25 unidades del modelo A350 valoradas a precio de cat\u00e1logo en 7.492 millones de d\u00f3lares (5.204 millones de euros), y otros 25 aviones del modelo 787 de Boeing valorados a precio de cat\u00e1logo en 5.450 millones de d\u00f3lares [&hellip;]<\/p>\n","protected":false},"author":1,"featured_media":0,"comment_status":"open","ping_status":"open","sticky":false,"template":"","format":"standard","meta":{"tdm_status":"","tdm_grid_status":"","footnotes":""},"categories":[32],"tags":[],"class_list":{"0":"post-18396","1":"post","2":"type-post","3":"status-publish","4":"format-standard","6":"category-internacional"},"yoast_head":"<!-- This site is optimized with the Yoast SEO plugin v25.1 - https:\/\/yoast.com\/wordpress\/plugins\/seo\/ -->\n<title>Air France - KLM planea comprar 50 aviones a Boeing y Airbus<\/title>\n<meta name=\"description\" content=\"Portal de noticias del Per\u00fa sobre el transporte a\u00e9reo, aviaci\u00f3n, turismo, hoteleria, actualidad.\" \/>\n<meta name=\"robots\" content=\"index, follow, max-snippet:-1, max-image-preview:large, max-video-preview:-1\" \/>\n<link rel=\"canonical\" href=\"https:\/\/aeronoticias.com.pe\/noticiero\/transporte-aereo\/internacional\/air-france-klm-planea-comprar-50-aviones-a-boeing-y-airbus\/\" \/>\n<meta property=\"og:locale\" content=\"es_ES\" \/>\n<meta property=\"og:type\" content=\"article\" \/>\n<meta property=\"og:title\" content=\"Air France - KLM planea comprar 50 aviones a Boeing y Airbus\" \/>\n<meta property=\"og:description\" content=\"Portal de noticias del Per\u00fa sobre el transporte a\u00e9reo, aviaci\u00f3n, turismo, hoteleria, actualidad.\" \/>\n<meta property=\"og:url\" content=\"https:\/\/aeronoticias.com.pe\/noticiero\/transporte-aereo\/internacional\/air-france-klm-planea-comprar-50-aviones-a-boeing-y-airbus\/\" \/>\n<meta property=\"og:site_name\" content=\"Aeronoticias.com.pe\" \/>\n<meta property=\"article:publisher\" content=\"https:\/\/www.facebook.com\/Aeronoticias.com.pe\/\" \/>\n<meta property=\"article:published_time\" content=\"2011-07-24T14:32:56+00:00\" \/>\n<meta name=\"author\" content=\"Redacci\u00f3n Aeronoticias\" \/>\n<meta name=\"twitter:card\" content=\"summary_large_image\" \/>\n<meta name=\"twitter:creator\" content=\"@aeronoticias\" \/>\n<meta name=\"twitter:site\" content=\"@aeronoticias\" \/>\n<meta name=\"twitter:label1\" content=\"Escrito por\" \/>\n\t<meta name=\"twitter:data1\" content=\"Redacci\u00f3n Aeronoticias\" \/>\n\t<meta name=\"twitter:label2\" content=\"Tiempo de lectura\" \/>\n\t<meta name=\"twitter:data2\" content=\"1 minuto\" \/>\n<script type=\"application\/ld+json\" class=\"yoast-schema-graph\">{\"@context\":\"https:\/\/schema.org\",\"@graph\":[{\"@type\":\"WebPage\",\"@id\":\"https:\/\/aeronoticias.com.pe\/noticiero\/transporte-aereo\/internacional\/air-france-klm-planea-comprar-50-aviones-a-boeing-y-airbus\/\",\"url\":\"https:\/\/aeronoticias.com.pe\/noticiero\/transporte-aereo\/internacional\/air-france-klm-planea-comprar-50-aviones-a-boeing-y-airbus\/\",\"name\":\"Air France - KLM planea comprar 50 aviones a Boeing y Airbus\",\"isPartOf\":{\"@id\":\"https:\/\/aeronoticias.com.pe\/noticiero\/#website\"},\"datePublished\":\"2011-07-24T14:32:56+00:00\",\"author\":{\"@id\":\"https:\/\/aeronoticias.com.pe\/noticiero\/#\/schema\/person\/fc1e5d578f4b62ba1cf7ac2bba1170a0\"},\"description\":\"Portal de noticias del Per\u00fa sobre el transporte a\u00e9reo, aviaci\u00f3n, turismo, hoteleria, actualidad.\",\"breadcrumb\":{\"@id\":\"https:\/\/aeronoticias.com.pe\/noticiero\/transporte-aereo\/internacional\/air-france-klm-planea-comprar-50-aviones-a-boeing-y-airbus\/#breadcrumb\"},\"inLanguage\":\"es\",\"potentialAction\":[{\"@type\":\"ReadAction\",\"target\":[\"https:\/\/aeronoticias.com.pe\/noticiero\/transporte-aereo\/internacional\/air-france-klm-planea-comprar-50-aviones-a-boeing-y-airbus\/\"]}]},{\"@type\":\"BreadcrumbList\",\"@id\":\"https:\/\/aeronoticias.com.pe\/noticiero\/transporte-aereo\/internacional\/air-france-klm-planea-comprar-50-aviones-a-boeing-y-airbus\/#breadcrumb\",\"itemListElement\":[{\"@type\":\"ListItem\",\"position\":1,\"name\":\"Portada\",\"item\":\"https:\/\/aeronoticias.com.pe\/noticiero\/\"},{\"@type\":\"ListItem\",\"position\":2,\"name\":\"Air France &#8211; KLM planea comprar 50 aviones a Boeing y Airbus\"}]},{\"@type\":\"WebSite\",\"@id\":\"https:\/\/aeronoticias.com.pe\/noticiero\/#website\",\"url\":\"https:\/\/aeronoticias.com.pe\/noticiero\/\",\"name\":\"Aeronoticias.com.pe\",\"description\":\"Noticias de tranporte aereo, turismo, hoteles, gastronomia, actualidad, internacional\",\"potentialAction\":[{\"@type\":\"SearchAction\",\"target\":{\"@type\":\"EntryPoint\",\"urlTemplate\":\"https:\/\/aeronoticias.com.pe\/noticiero\/?s={search_term_string}\"},\"query-input\":{\"@type\":\"PropertyValueSpecification\",\"valueRequired\":true,\"valueName\":\"search_term_string\"}}],\"inLanguage\":\"es\"},{\"@type\":\"Person\",\"@id\":\"https:\/\/aeronoticias.com.pe\/noticiero\/#\/schema\/person\/fc1e5d578f4b62ba1cf7ac2bba1170a0\",\"name\":\"Redacci\u00f3n Aeronoticias\",\"url\":\"https:\/\/aeronoticias.com.pe\/noticiero\/author\/piloto\/\"}]}<\/script>\n<!-- \/ Yoast SEO plugin. -->","yoast_head_json":{"title":"Air France - KLM planea comprar 50 aviones a Boeing y Airbus","description":"Portal de noticias del Per\u00fa sobre el transporte a\u00e9reo, aviaci\u00f3n, turismo, hoteleria, actualidad.","robots":{"index":"index","follow":"follow","max-snippet":"max-snippet:-1","max-image-preview":"max-image-preview:large","max-video-preview":"max-video-preview:-1"},"canonical":"https:\/\/aeronoticias.com.pe\/noticiero\/transporte-aereo\/internacional\/air-france-klm-planea-comprar-50-aviones-a-boeing-y-airbus\/","og_locale":"es_ES","og_type":"article","og_title":"Air France - KLM planea comprar 50 aviones a Boeing y Airbus","og_description":"Portal de noticias del Per\u00fa sobre el transporte a\u00e9reo, aviaci\u00f3n, turismo, hoteleria, actualidad.","og_url":"https:\/\/aeronoticias.com.pe\/noticiero\/transporte-aereo\/internacional\/air-france-klm-planea-comprar-50-aviones-a-boeing-y-airbus\/","og_site_name":"Aeronoticias.com.pe","article_publisher":"https:\/\/www.facebook.com\/Aeronoticias.com.pe\/","article_published_time":"2011-07-24T14:32:56+00:00","author":"Redacci\u00f3n Aeronoticias","twitter_card":"summary_large_image","twitter_creator":"@aeronoticias","twitter_site":"@aeronoticias","twitter_misc":{"Escrito por":"Redacci\u00f3n Aeronoticias","Tiempo de lectura":"1 minuto"},"schema":{"@context":"https:\/\/schema.org","@graph":[{"@type":"WebPage","@id":"https:\/\/aeronoticias.com.pe\/noticiero\/transporte-aereo\/internacional\/air-france-klm-planea-comprar-50-aviones-a-boeing-y-airbus\/","url":"https:\/\/aeronoticias.com.pe\/noticiero\/transporte-aereo\/internacional\/air-france-klm-planea-comprar-50-aviones-a-boeing-y-airbus\/","name":"Air France - KLM planea comprar 50 aviones a Boeing y Airbus","isPartOf":{"@id":"https:\/\/aeronoticias.com.pe\/noticiero\/#website"},"datePublished":"2011-07-24T14:32:56+00:00","author":{"@id":"https:\/\/aeronoticias.com.pe\/noticiero\/#\/schema\/person\/fc1e5d578f4b62ba1cf7ac2bba1170a0"},"description":"Portal de noticias del Per\u00fa sobre el transporte a\u00e9reo, aviaci\u00f3n, turismo, hoteleria, actualidad.","breadcrumb":{"@id":"https:\/\/aeronoticias.com.pe\/noticiero\/transporte-aereo\/internacional\/air-france-klm-planea-comprar-50-aviones-a-boeing-y-airbus\/#breadcrumb"},"inLanguage":"es","potentialAction":[{"@type":"ReadAction","target":["https:\/\/aeronoticias.com.pe\/noticiero\/transporte-aereo\/internacional\/air-france-klm-planea-comprar-50-aviones-a-boeing-y-airbus\/"]}]},{"@type":"BreadcrumbList","@id":"https:\/\/aeronoticias.com.pe\/noticiero\/transporte-aereo\/internacional\/air-france-klm-planea-comprar-50-aviones-a-boeing-y-airbus\/#breadcrumb","itemListElement":[{"@type":"ListItem","position":1,"name":"Portada","item":"https:\/\/aeronoticias.com.pe\/noticiero\/"},{"@type":"ListItem","position":2,"name":"Air France &#8211; KLM planea comprar 50 aviones a Boeing y Airbus"}]},{"@type":"WebSite","@id":"https:\/\/aeronoticias.com.pe\/noticiero\/#website","url":"https:\/\/aeronoticias.com.pe\/noticiero\/","name":"Aeronoticias.com.pe","description":"Noticias de tranporte aereo, turismo, hoteles, gastronomia, actualidad, internacional","potentialAction":[{"@type":"SearchAction","target":{"@type":"EntryPoint","urlTemplate":"https:\/\/aeronoticias.com.pe\/noticiero\/?s={search_term_string}"},"query-input":{"@type":"PropertyValueSpecification","valueRequired":true,"valueName":"search_term_string"}}],"inLanguage":"es"},{"@type":"Person","@id":"https:\/\/aeronoticias.com.pe\/noticiero\/#\/schema\/person\/fc1e5d578f4b62ba1cf7ac2bba1170a0","name":"Redacci\u00f3n Aeronoticias","url":"https:\/\/aeronoticias.com.pe\/noticiero\/author\/piloto\/"}]}},"_links":{"self":[{"href":"https:\/\/aeronoticias.com.pe\/noticiero\/wp-json\/wp\/v2\/posts\/18396","targetHints":{"allow":["GET"]}}],"collection":[{"href":"https:\/\/aeronoticias.com.pe\/noticiero\/wp-json\/wp\/v2\/posts"}],"about":[{"href":"https:\/\/aeronoticias.com.pe\/noticiero\/wp-json\/wp\/v2\/types\/post"}],"author":[{"embeddable":true,"href":"https:\/\/aeronoticias.com.pe\/noticiero\/wp-json\/wp\/v2\/users\/1"}],"replies":[{"embeddable":true,"href":"https:\/\/aeronoticias.com.pe\/noticiero\/wp-json\/wp\/v2\/comments?post=18396"}],"version-history":[{"count":0,"href":"https:\/\/aeronoticias.com.pe\/noticiero\/wp-json\/wp\/v2\/posts\/18396\/revisions"}],"wp:attachment":[{"href":"https:\/\/aeronoticias.com.pe\/noticiero\/wp-json\/wp\/v2\/media?parent=18396"}],"wp:term":[{"taxonomy":"category","embeddable":true,"href":"https:\/\/aeronoticias.com.pe\/noticiero\/wp-json\/wp\/v2\/categories?post=18396"},{"taxonomy":"post_tag","embeddable":true,"href":"https:\/\/aeronoticias.com.pe\/noticiero\/wp-json\/wp\/v2\/tags?post=18396"}],"curies":[{"name":"wp","href":"https:\/\/api.w.org\/{rel}","templated":true}]}}