{"id":18400,"date":"2011-07-25T13:56:21","date_gmt":"2011-07-25T13:56:21","guid":{"rendered":"http:\/\/desarrollo.mcvicious.com\/aero2020\/2011\/07\/25\/los-130-legisladores-electos-juraran-hoy-a-sus-respectivos-cargos\/"},"modified":"2011-07-25T13:56:21","modified_gmt":"2011-07-25T13:56:21","slug":"los-130-legisladores-electos-juraran-hoy-a-sus-respectivos-cargos","status":"publish","type":"post","link":"https:\/\/aeronoticias.com.pe\/noticiero\/politica\/los-130-legisladores-electos-juraran-hoy-a-sus-respectivos-cargos\/","title":{"rendered":"Los 130 legisladores electos jurar\u00e1n hoy a sus respectivos cargos"},"content":{"rendered":"<p style=\"text-align: justify;\"><strong>(Aeronoticias)<\/strong> Los 130 legisladores electos jurar\u00e1n hoy a sus respectivos cargos y se incorporar\u00e1n al nuevo Congreso para el per\u00edodo 2011-2016, inform\u00f3 la Mesa Directiva de la Junta Preparatoria del Poder Legislativo.<\/p>\n<p style=\"text-align: justify;\">Seg\u00fan la citaci\u00f3n, tambi\u00e9n se realizar\u00e1 la sesi\u00f3n de instalaci\u00f3n de la Junta Preparatoria del Congreso de la Rep\u00fablica. Dichos actos se realizar\u00e1n en el hemiciclo del Palacio Legislativo, a partir de las 09.30 horas.<\/p>\n<p style=\"text-align: center;\"><img decoding=\"async\" src=\"images\/stories\/11\/07\/250711\/congreso4.jpg\" border=\"0\" alt=\"congreso\" title=\"congreso\" \/><\/p>\n<p style=\"text-align: justify;\">De acuerdo con lo programado, el martes 26, a partir de las 17.30 horas, se proceder\u00e1 a la elecci\u00f3n de la Mesa Directiva del Congreso para el Per\u00edodo Anual de Sesiones 2011-2012. La citaci\u00f3n es firmada por el presidente de la Mesa Directiva de la Junta Preparatoria, Daniel Abugatt\u00e1s.<\/p>\n<p style=\"text-align: justify;\">Tambi\u00e9n la suscriben los congresistas electos Humberto Lay Sun y Richard Frank Acu\u00f1a N\u00fa\u00f1ez, primer y segundo secretario de la Mesa Directiva de la Junta Preparatoria, respectivamente.<\/p>\n<p style=\"text-align: justify;\">En la citaci\u00f3n se precisa que la convocatoria se formula en cumplimiento de lo dispuesto en los art\u00edculos 9, 10, 11 y 12 del Reglamento del Congreso de la Rep\u00fablica. Andina<\/p>\n","protected":false},"excerpt":{"rendered":"<p>(Aeronoticias) Los 130 legisladores electos jurar\u00e1n hoy a sus respectivos cargos y se incorporar\u00e1n al nuevo Congreso para el per\u00edodo 2011-2016, inform\u00f3 la Mesa Directiva de la Junta Preparatoria del Poder Legislativo. Seg\u00fan la citaci\u00f3n, tambi\u00e9n se realizar\u00e1 la sesi\u00f3n de instalaci\u00f3n de la Junta Preparatoria del Congreso de la Rep\u00fablica. Dichos actos se realizar\u00e1n [&hellip;]<\/p>\n","protected":false},"author":1,"featured_media":0,"comment_status":"open","ping_status":"open","sticky":false,"template":"","format":"standard","meta":{"tdm_status":"","tdm_grid_status":"","footnotes":""},"categories":[36],"tags":[],"class_list":{"0":"post-18400","1":"post","2":"type-post","3":"status-publish","4":"format-standard","6":"category-politica"},"yoast_head":"<!-- This site is optimized with the Yoast SEO plugin v25.1 - https:\/\/yoast.com\/wordpress\/plugins\/seo\/ -->\n<title>Los 130 legisladores electos jurar\u00e1n hoy a sus respectivos cargos<\/title>\n<meta name=\"description\" content=\"Portal de noticias del Per\u00fa sobre el transporte a\u00e9reo, aviaci\u00f3n, turismo, hoteleria, actualidad.\" \/>\n<meta name=\"robots\" content=\"index, follow, max-snippet:-1, max-image-preview:large, max-video-preview:-1\" \/>\n<link rel=\"canonical\" href=\"https:\/\/aeronoticias.com.pe\/noticiero\/politica\/los-130-legisladores-electos-juraran-hoy-a-sus-respectivos-cargos\/\" \/>\n<meta property=\"og:locale\" content=\"es_ES\" \/>\n<meta property=\"og:type\" content=\"article\" \/>\n<meta property=\"og:title\" content=\"Los 130 legisladores electos jurar\u00e1n hoy a sus respectivos cargos\" \/>\n<meta property=\"og:description\" content=\"Portal de noticias del Per\u00fa sobre el transporte a\u00e9reo, aviaci\u00f3n, turismo, hoteleria, actualidad.\" \/>\n<meta property=\"og:url\" content=\"https:\/\/aeronoticias.com.pe\/noticiero\/politica\/los-130-legisladores-electos-juraran-hoy-a-sus-respectivos-cargos\/\" \/>\n<meta property=\"og:site_name\" content=\"Aeronoticias.com.pe\" \/>\n<meta property=\"article:publisher\" content=\"https:\/\/www.facebook.com\/Aeronoticias.com.pe\/\" \/>\n<meta property=\"article:published_time\" content=\"2011-07-25T13:56:21+00:00\" \/>\n<meta name=\"author\" content=\"Redacci\u00f3n Aeronoticias\" \/>\n<meta name=\"twitter:card\" content=\"summary_large_image\" \/>\n<meta name=\"twitter:creator\" content=\"@aeronoticias\" \/>\n<meta name=\"twitter:site\" content=\"@aeronoticias\" \/>\n<meta name=\"twitter:label1\" content=\"Escrito por\" \/>\n\t<meta name=\"twitter:data1\" content=\"Redacci\u00f3n Aeronoticias\" \/>\n\t<meta name=\"twitter:label2\" content=\"Tiempo de lectura\" \/>\n\t<meta name=\"twitter:data2\" content=\"1 minuto\" \/>\n<script type=\"application\/ld+json\" class=\"yoast-schema-graph\">{\"@context\":\"https:\/\/schema.org\",\"@graph\":[{\"@type\":\"WebPage\",\"@id\":\"https:\/\/aeronoticias.com.pe\/noticiero\/politica\/los-130-legisladores-electos-juraran-hoy-a-sus-respectivos-cargos\/\",\"url\":\"https:\/\/aeronoticias.com.pe\/noticiero\/politica\/los-130-legisladores-electos-juraran-hoy-a-sus-respectivos-cargos\/\",\"name\":\"Los 130 legisladores electos jurar\u00e1n hoy a sus respectivos cargos\",\"isPartOf\":{\"@id\":\"https:\/\/aeronoticias.com.pe\/noticiero\/#website\"},\"datePublished\":\"2011-07-25T13:56:21+00:00\",\"author\":{\"@id\":\"https:\/\/aeronoticias.com.pe\/noticiero\/#\/schema\/person\/fc1e5d578f4b62ba1cf7ac2bba1170a0\"},\"description\":\"Portal de noticias del Per\u00fa sobre el transporte a\u00e9reo, aviaci\u00f3n, turismo, hoteleria, actualidad.\",\"breadcrumb\":{\"@id\":\"https:\/\/aeronoticias.com.pe\/noticiero\/politica\/los-130-legisladores-electos-juraran-hoy-a-sus-respectivos-cargos\/#breadcrumb\"},\"inLanguage\":\"es\",\"potentialAction\":[{\"@type\":\"ReadAction\",\"target\":[\"https:\/\/aeronoticias.com.pe\/noticiero\/politica\/los-130-legisladores-electos-juraran-hoy-a-sus-respectivos-cargos\/\"]}]},{\"@type\":\"BreadcrumbList\",\"@id\":\"https:\/\/aeronoticias.com.pe\/noticiero\/politica\/los-130-legisladores-electos-juraran-hoy-a-sus-respectivos-cargos\/#breadcrumb\",\"itemListElement\":[{\"@type\":\"ListItem\",\"position\":1,\"name\":\"Portada\",\"item\":\"https:\/\/aeronoticias.com.pe\/noticiero\/\"},{\"@type\":\"ListItem\",\"position\":2,\"name\":\"Los 130 legisladores electos jurar\u00e1n hoy a sus respectivos cargos\"}]},{\"@type\":\"WebSite\",\"@id\":\"https:\/\/aeronoticias.com.pe\/noticiero\/#website\",\"url\":\"https:\/\/aeronoticias.com.pe\/noticiero\/\",\"name\":\"Aeronoticias.com.pe\",\"description\":\"Noticias de tranporte aereo, turismo, hoteles, gastronomia, actualidad, internacional\",\"potentialAction\":[{\"@type\":\"SearchAction\",\"target\":{\"@type\":\"EntryPoint\",\"urlTemplate\":\"https:\/\/aeronoticias.com.pe\/noticiero\/?s={search_term_string}\"},\"query-input\":{\"@type\":\"PropertyValueSpecification\",\"valueRequired\":true,\"valueName\":\"search_term_string\"}}],\"inLanguage\":\"es\"},{\"@type\":\"Person\",\"@id\":\"https:\/\/aeronoticias.com.pe\/noticiero\/#\/schema\/person\/fc1e5d578f4b62ba1cf7ac2bba1170a0\",\"name\":\"Redacci\u00f3n Aeronoticias\",\"url\":\"https:\/\/aeronoticias.com.pe\/noticiero\/author\/piloto\/\"}]}<\/script>\n<!-- \/ Yoast SEO plugin. -->","yoast_head_json":{"title":"Los 130 legisladores electos jurar\u00e1n hoy a sus respectivos cargos","description":"Portal de noticias del Per\u00fa sobre el transporte a\u00e9reo, aviaci\u00f3n, turismo, hoteleria, actualidad.","robots":{"index":"index","follow":"follow","max-snippet":"max-snippet:-1","max-image-preview":"max-image-preview:large","max-video-preview":"max-video-preview:-1"},"canonical":"https:\/\/aeronoticias.com.pe\/noticiero\/politica\/los-130-legisladores-electos-juraran-hoy-a-sus-respectivos-cargos\/","og_locale":"es_ES","og_type":"article","og_title":"Los 130 legisladores electos jurar\u00e1n hoy a sus respectivos cargos","og_description":"Portal de noticias del Per\u00fa sobre el transporte a\u00e9reo, aviaci\u00f3n, turismo, hoteleria, actualidad.","og_url":"https:\/\/aeronoticias.com.pe\/noticiero\/politica\/los-130-legisladores-electos-juraran-hoy-a-sus-respectivos-cargos\/","og_site_name":"Aeronoticias.com.pe","article_publisher":"https:\/\/www.facebook.com\/Aeronoticias.com.pe\/","article_published_time":"2011-07-25T13:56:21+00:00","author":"Redacci\u00f3n Aeronoticias","twitter_card":"summary_large_image","twitter_creator":"@aeronoticias","twitter_site":"@aeronoticias","twitter_misc":{"Escrito por":"Redacci\u00f3n Aeronoticias","Tiempo de lectura":"1 minuto"},"schema":{"@context":"https:\/\/schema.org","@graph":[{"@type":"WebPage","@id":"https:\/\/aeronoticias.com.pe\/noticiero\/politica\/los-130-legisladores-electos-juraran-hoy-a-sus-respectivos-cargos\/","url":"https:\/\/aeronoticias.com.pe\/noticiero\/politica\/los-130-legisladores-electos-juraran-hoy-a-sus-respectivos-cargos\/","name":"Los 130 legisladores electos jurar\u00e1n hoy a sus respectivos cargos","isPartOf":{"@id":"https:\/\/aeronoticias.com.pe\/noticiero\/#website"},"datePublished":"2011-07-25T13:56:21+00:00","author":{"@id":"https:\/\/aeronoticias.com.pe\/noticiero\/#\/schema\/person\/fc1e5d578f4b62ba1cf7ac2bba1170a0"},"description":"Portal de noticias del Per\u00fa sobre el transporte a\u00e9reo, aviaci\u00f3n, turismo, hoteleria, actualidad.","breadcrumb":{"@id":"https:\/\/aeronoticias.com.pe\/noticiero\/politica\/los-130-legisladores-electos-juraran-hoy-a-sus-respectivos-cargos\/#breadcrumb"},"inLanguage":"es","potentialAction":[{"@type":"ReadAction","target":["https:\/\/aeronoticias.com.pe\/noticiero\/politica\/los-130-legisladores-electos-juraran-hoy-a-sus-respectivos-cargos\/"]}]},{"@type":"BreadcrumbList","@id":"https:\/\/aeronoticias.com.pe\/noticiero\/politica\/los-130-legisladores-electos-juraran-hoy-a-sus-respectivos-cargos\/#breadcrumb","itemListElement":[{"@type":"ListItem","position":1,"name":"Portada","item":"https:\/\/aeronoticias.com.pe\/noticiero\/"},{"@type":"ListItem","position":2,"name":"Los 130 legisladores electos jurar\u00e1n hoy a sus respectivos cargos"}]},{"@type":"WebSite","@id":"https:\/\/aeronoticias.com.pe\/noticiero\/#website","url":"https:\/\/aeronoticias.com.pe\/noticiero\/","name":"Aeronoticias.com.pe","description":"Noticias de tranporte aereo, turismo, hoteles, gastronomia, actualidad, internacional","potentialAction":[{"@type":"SearchAction","target":{"@type":"EntryPoint","urlTemplate":"https:\/\/aeronoticias.com.pe\/noticiero\/?s={search_term_string}"},"query-input":{"@type":"PropertyValueSpecification","valueRequired":true,"valueName":"search_term_string"}}],"inLanguage":"es"},{"@type":"Person","@id":"https:\/\/aeronoticias.com.pe\/noticiero\/#\/schema\/person\/fc1e5d578f4b62ba1cf7ac2bba1170a0","name":"Redacci\u00f3n Aeronoticias","url":"https:\/\/aeronoticias.com.pe\/noticiero\/author\/piloto\/"}]}},"_links":{"self":[{"href":"https:\/\/aeronoticias.com.pe\/noticiero\/wp-json\/wp\/v2\/posts\/18400","targetHints":{"allow":["GET"]}}],"collection":[{"href":"https:\/\/aeronoticias.com.pe\/noticiero\/wp-json\/wp\/v2\/posts"}],"about":[{"href":"https:\/\/aeronoticias.com.pe\/noticiero\/wp-json\/wp\/v2\/types\/post"}],"author":[{"embeddable":true,"href":"https:\/\/aeronoticias.com.pe\/noticiero\/wp-json\/wp\/v2\/users\/1"}],"replies":[{"embeddable":true,"href":"https:\/\/aeronoticias.com.pe\/noticiero\/wp-json\/wp\/v2\/comments?post=18400"}],"version-history":[{"count":0,"href":"https:\/\/aeronoticias.com.pe\/noticiero\/wp-json\/wp\/v2\/posts\/18400\/revisions"}],"wp:attachment":[{"href":"https:\/\/aeronoticias.com.pe\/noticiero\/wp-json\/wp\/v2\/media?parent=18400"}],"wp:term":[{"taxonomy":"category","embeddable":true,"href":"https:\/\/aeronoticias.com.pe\/noticiero\/wp-json\/wp\/v2\/categories?post=18400"},{"taxonomy":"post_tag","embeddable":true,"href":"https:\/\/aeronoticias.com.pe\/noticiero\/wp-json\/wp\/v2\/tags?post=18400"}],"curies":[{"name":"wp","href":"https:\/\/api.w.org\/{rel}","templated":true}]}}