{"id":191,"date":"2008-08-08T13:54:58","date_gmt":"2008-08-08T13:54:58","guid":{"rendered":"http:\/\/desarrollo.mcvicious.com\/aero2020\/2008\/08\/08\/perrede-de-iii-conferencia-internacional-sobre-turismo-y-artesan\/"},"modified":"2008-08-08T13:54:58","modified_gmt":"2008-08-08T13:54:58","slug":"perrede-de-iii-conferencia-internacional-sobre-turismo-y-artesan","status":"publish","type":"post","link":"https:\/\/aeronoticias.com.pe\/noticiero\/turismo\/13\/perrede-de-iii-conferencia-internacional-sobre-turismo-y-artesan\/","title":{"rendered":"Per"},"content":{"rendered":"<blockquote><p><span style=\"font-size: 10pt; color: black; line-height: 115%; font-family: Arial\"><\/p>\n<p align=\"justify\">En el Sal&oacute;n de Usos M&uacute;ltiples del Mincetur, la titular de este portafolio, Mercedes Ar&aacute;oz Fern&aacute;ndez, en compa&ntilde;&iacute;a del Representante Adjunto para las Am&eacute;ricas de la OMT, Marco V. Balarezo, informaron hoy que Per&uacute; ser&aacute; sede de la III Conferencia Internacional sobre Turismo y Artesan&iacute;a del 24 al 26 de Septiembre pr&oacute;ximo.<\/p>\n<p align=\"justify\">El evento tiene busca proponer formas de fortalecer las vinculaciones entre Turismo y Artesan&iacute;a, fomentando las posibilidades de creaci&oacute;n de empleos, la generaci&oacute;n de ingresos y la reducci&oacute;n de la pobreza, especialmente en las comunidades rurales y en los sectores vulnerables de la sociedad.<\/p>\n<p><\/span><span style=\"font-size: 10pt; color: black; line-height: 115%; font-family: Arial\"><\/p>\n<p style=\"text-align: center\"><img loading=\"lazy\" decoding=\"async\" src=\"http:\/\/aeronoticias.com.pe\/fotonoticias\/agosto\/02.jpg\" alt=\" \" title=\"El Representante Regional Adjunto para las Am&eacute;ricas de la OMT, Marco Balarezo; en compa&ntilde;&iacute;a de la titular del MIncetur, Mercedes Ar&aacute;oz. (Foto: Efr&eacute;n Vidal-Aeronoticias)\" hspace=\"5\" vspace=\"5\" width=\"230\" height=\"130\" align=\"absMiddle\" \/><\/p>\n<p><\/span><\/p><\/blockquote>\n<p> <!--more--> <\/p>\n<blockquote>\n<p style=\"margin: 0cm 0cm 10pt\" class=\"MsoNormal\" align=\"center\"><span style=\"font-size: 10pt; color: black; line-height: 115%; font-family: Arial\"><strong>Examinar&aacute;n problemas cr&iacute;ticos<\/strong><\/span><\/p>\n<p><span style=\"font-size: 10pt; color: black; line-height: 115%; font-family: Arial\"><\/p>\n<p align=\"justify\"><span style=\"font-size: 10pt; color: black; line-height: 115%; font-family: Arial\">La conferencia servir&aacute; tambi&eacute;n para analizar la incidencia del turismo y de la artesan&iacute;a en el desarrollo local en Am&eacute;rica Latina y la comercializaci&oacute;n de productos artesanos como motor de un evento tur&iacute;stico.<\/span><\/p>\n<p><\/span><\/p>\n<p align=\"justify\"><span style=\"font-size: 10pt; color: black; line-height: 115%; font-family: Arial\">Seg&uacute;n el Mincetur y la OMT, la conferencia examinar&aacute; nuevos problemas cr&iacute;ticos, incluido el papel de la artesan&iacute;a como carga cultural\/visual para la caracterizaci&oacute;n de sitios tur&iacute;sticos y otros asuntos fundamentales relacionados con financiaci&oacute;n, innovaci&oacute;n y dise&ntilde;o de productos artesanales relacionados con el turismo.<\/span><\/p>\n<p align=\"justify\"><span style=\"font-size: 10pt; color: black; line-height: 115%; font-family: Arial\">Asimismo detallaron que la reuni&oacute;n culminar&aacute; con un forum prospectivo para analizar las nuevas tendencias y escenarios relacionados con el turismo cultural y la artesan&iacute;a; para examinar nuevos instrumentos de promoci&oacute;n y comercializaci&oacute;n de productos tur&iacute;sticos y artesanales; para identificar los factores claves que deben orientar las intervenciones de los gobiernos con vistas a crear una nueva oferta tur&iacute;stica sobre la base de la nartesan&iacute;a; y para estudiar la protecci&oacute;n de la autenticidad y de los derechos de propiedad intelectual.<\/span><\/p>\n<p align=\"justify\"><span style=\"font-size: 10pt; color: black; line-height: 115%; font-family: Arial\">Como ponentes y conferencistas participan expertos reconocidos internacionalmente y que forman parte de los Estados Miembros de la OMT, representantes de organizaciones internacionales, ONGs y miembros del sector privado <span>&nbsp;<\/span>de la industria del turismo y de productos artesanales.<\/span><\/p>\n<p align=\"justify\"><span style=\"font-size: 10pt; color: black; line-height: 115%; font-family: Arial\">La conferencia tendr&aacute; un m&aacute;ximo de 400 participantes, 200 de ellos internacionales.<\/span><\/p>\n<p align=\"justify\"><span style=\"font-size: 10pt; color: black; line-height: 115%; font-family: Arial\">La conferencia cuenta con apoyo del PNUD y de Unesco, Onudi, OMPI, y todas las agencias especializadas de las Naciones Unidas, as&iacute; como del BID y de la Fundaci&oacute;n Espa&ntilde;ola para la Innovaci&oacute;n de la Artesan&iacute;a.<\/span><\/p>\n<\/blockquote>\n","protected":false},"excerpt":{"rendered":"<p>En el Sal&oacute;n de Usos M&uacute;ltiples del Mincetur, la titular de este portafolio, Mercedes Ar&aacute;oz Fern&aacute;ndez, en compa&ntilde;&iacute;a del Representante Adjunto para las Am&eacute;ricas de la OMT, Marco V. Balarezo, informaron hoy que Per&uacute; ser&aacute; sede de la III Conferencia Internacional sobre Turismo y Artesan&iacute;a del 24 al 26 de Septiembre pr&oacute;ximo. El evento tiene [&hellip;]<\/p>\n","protected":false},"author":1,"featured_media":0,"comment_status":"open","ping_status":"open","sticky":false,"template":"","format":"standard","meta":{"tdm_status":"","tdm_grid_status":"","footnotes":""},"categories":[31],"tags":[],"class_list":{"0":"post-191","1":"post","2":"type-post","3":"status-publish","4":"format-standard","6":"category-31"},"yoast_head":"<!-- This site is optimized with the Yoast SEO plugin v25.1 - https:\/\/yoast.com\/wordpress\/plugins\/seo\/ -->\n<title>Per<\/title>\n<meta name=\"description\" content=\"Portal de noticias del Per\u00fa sobre el transporte a\u00e9reo, aviaci\u00f3n, turismo, hoteleria, actualidad.\" \/>\n<meta name=\"robots\" content=\"index, follow, max-snippet:-1, max-image-preview:large, max-video-preview:-1\" \/>\n<link rel=\"canonical\" href=\"https:\/\/aeronoticias.com.pe\/noticiero\/turismo\/13\/perrede-de-iii-conferencia-internacional-sobre-turismo-y-artesan\/\" \/>\n<meta property=\"og:locale\" content=\"es_ES\" \/>\n<meta property=\"og:type\" content=\"article\" \/>\n<meta property=\"og:title\" content=\"Per\" \/>\n<meta property=\"og:description\" content=\"Portal de noticias del Per\u00fa sobre el transporte a\u00e9reo, aviaci\u00f3n, turismo, hoteleria, actualidad.\" \/>\n<meta property=\"og:url\" content=\"https:\/\/aeronoticias.com.pe\/noticiero\/turismo\/13\/perrede-de-iii-conferencia-internacional-sobre-turismo-y-artesan\/\" \/>\n<meta property=\"og:site_name\" content=\"Aeronoticias.com.pe\" \/>\n<meta property=\"article:publisher\" content=\"https:\/\/www.facebook.com\/Aeronoticias.com.pe\/\" \/>\n<meta property=\"article:published_time\" content=\"2008-08-08T13:54:58+00:00\" \/>\n<meta property=\"og:image\" content=\"http:\/\/aeronoticias.com.pe\/fotonoticias\/agosto\/02.jpg\" \/>\n<meta name=\"author\" content=\"Redacci\u00f3n Aeronoticias\" \/>\n<meta name=\"twitter:card\" content=\"summary_large_image\" \/>\n<meta name=\"twitter:creator\" content=\"@aeronoticias\" \/>\n<meta name=\"twitter:site\" content=\"@aeronoticias\" \/>\n<meta name=\"twitter:label1\" content=\"Escrito por\" \/>\n\t<meta name=\"twitter:data1\" content=\"Redacci\u00f3n Aeronoticias\" \/>\n\t<meta name=\"twitter:label2\" content=\"Tiempo de lectura\" \/>\n\t<meta name=\"twitter:data2\" content=\"2 minutos\" \/>\n<script type=\"application\/ld+json\" class=\"yoast-schema-graph\">{\"@context\":\"https:\/\/schema.org\",\"@graph\":[{\"@type\":\"WebPage\",\"@id\":\"https:\/\/aeronoticias.com.pe\/noticiero\/turismo\/13\/perrede-de-iii-conferencia-internacional-sobre-turismo-y-artesan\/\",\"url\":\"https:\/\/aeronoticias.com.pe\/noticiero\/turismo\/13\/perrede-de-iii-conferencia-internacional-sobre-turismo-y-artesan\/\",\"name\":\"Per\",\"isPartOf\":{\"@id\":\"https:\/\/aeronoticias.com.pe\/noticiero\/#website\"},\"primaryImageOfPage\":{\"@id\":\"https:\/\/aeronoticias.com.pe\/noticiero\/turismo\/13\/perrede-de-iii-conferencia-internacional-sobre-turismo-y-artesan\/#primaryimage\"},\"image\":{\"@id\":\"https:\/\/aeronoticias.com.pe\/noticiero\/turismo\/13\/perrede-de-iii-conferencia-internacional-sobre-turismo-y-artesan\/#primaryimage\"},\"thumbnailUrl\":\"http:\/\/aeronoticias.com.pe\/fotonoticias\/agosto\/02.jpg\",\"datePublished\":\"2008-08-08T13:54:58+00:00\",\"author\":{\"@id\":\"https:\/\/aeronoticias.com.pe\/noticiero\/#\/schema\/person\/fc1e5d578f4b62ba1cf7ac2bba1170a0\"},\"description\":\"Portal de noticias del Per\u00fa sobre el transporte a\u00e9reo, aviaci\u00f3n, turismo, hoteleria, actualidad.\",\"breadcrumb\":{\"@id\":\"https:\/\/aeronoticias.com.pe\/noticiero\/turismo\/13\/perrede-de-iii-conferencia-internacional-sobre-turismo-y-artesan\/#breadcrumb\"},\"inLanguage\":\"es\",\"potentialAction\":[{\"@type\":\"ReadAction\",\"target\":[\"https:\/\/aeronoticias.com.pe\/noticiero\/turismo\/13\/perrede-de-iii-conferencia-internacional-sobre-turismo-y-artesan\/\"]}]},{\"@type\":\"ImageObject\",\"inLanguage\":\"es\",\"@id\":\"https:\/\/aeronoticias.com.pe\/noticiero\/turismo\/13\/perrede-de-iii-conferencia-internacional-sobre-turismo-y-artesan\/#primaryimage\",\"url\":\"http:\/\/aeronoticias.com.pe\/fotonoticias\/agosto\/02.jpg\",\"contentUrl\":\"http:\/\/aeronoticias.com.pe\/fotonoticias\/agosto\/02.jpg\"},{\"@type\":\"BreadcrumbList\",\"@id\":\"https:\/\/aeronoticias.com.pe\/noticiero\/turismo\/13\/perrede-de-iii-conferencia-internacional-sobre-turismo-y-artesan\/#breadcrumb\",\"itemListElement\":[{\"@type\":\"ListItem\",\"position\":1,\"name\":\"Portada\",\"item\":\"https:\/\/aeronoticias.com.pe\/noticiero\/\"},{\"@type\":\"ListItem\",\"position\":2,\"name\":\"Per\"}]},{\"@type\":\"WebSite\",\"@id\":\"https:\/\/aeronoticias.com.pe\/noticiero\/#website\",\"url\":\"https:\/\/aeronoticias.com.pe\/noticiero\/\",\"name\":\"Aeronoticias.com.pe\",\"description\":\"Noticias de tranporte aereo, turismo, hoteles, gastronomia, actualidad, internacional\",\"potentialAction\":[{\"@type\":\"SearchAction\",\"target\":{\"@type\":\"EntryPoint\",\"urlTemplate\":\"https:\/\/aeronoticias.com.pe\/noticiero\/?s={search_term_string}\"},\"query-input\":{\"@type\":\"PropertyValueSpecification\",\"valueRequired\":true,\"valueName\":\"search_term_string\"}}],\"inLanguage\":\"es\"},{\"@type\":\"Person\",\"@id\":\"https:\/\/aeronoticias.com.pe\/noticiero\/#\/schema\/person\/fc1e5d578f4b62ba1cf7ac2bba1170a0\",\"name\":\"Redacci\u00f3n Aeronoticias\",\"url\":\"https:\/\/aeronoticias.com.pe\/noticiero\/author\/piloto\/\"}]}<\/script>\n<!-- \/ Yoast SEO plugin. -->","yoast_head_json":{"title":"Per","description":"Portal de noticias del Per\u00fa sobre el transporte a\u00e9reo, aviaci\u00f3n, turismo, hoteleria, actualidad.","robots":{"index":"index","follow":"follow","max-snippet":"max-snippet:-1","max-image-preview":"max-image-preview:large","max-video-preview":"max-video-preview:-1"},"canonical":"https:\/\/aeronoticias.com.pe\/noticiero\/turismo\/13\/perrede-de-iii-conferencia-internacional-sobre-turismo-y-artesan\/","og_locale":"es_ES","og_type":"article","og_title":"Per","og_description":"Portal de noticias del Per\u00fa sobre el transporte a\u00e9reo, aviaci\u00f3n, turismo, hoteleria, actualidad.","og_url":"https:\/\/aeronoticias.com.pe\/noticiero\/turismo\/13\/perrede-de-iii-conferencia-internacional-sobre-turismo-y-artesan\/","og_site_name":"Aeronoticias.com.pe","article_publisher":"https:\/\/www.facebook.com\/Aeronoticias.com.pe\/","article_published_time":"2008-08-08T13:54:58+00:00","og_image":[{"url":"http:\/\/aeronoticias.com.pe\/fotonoticias\/agosto\/02.jpg","type":"","width":"","height":""}],"author":"Redacci\u00f3n Aeronoticias","twitter_card":"summary_large_image","twitter_creator":"@aeronoticias","twitter_site":"@aeronoticias","twitter_misc":{"Escrito por":"Redacci\u00f3n Aeronoticias","Tiempo de lectura":"2 minutos"},"schema":{"@context":"https:\/\/schema.org","@graph":[{"@type":"WebPage","@id":"https:\/\/aeronoticias.com.pe\/noticiero\/turismo\/13\/perrede-de-iii-conferencia-internacional-sobre-turismo-y-artesan\/","url":"https:\/\/aeronoticias.com.pe\/noticiero\/turismo\/13\/perrede-de-iii-conferencia-internacional-sobre-turismo-y-artesan\/","name":"Per","isPartOf":{"@id":"https:\/\/aeronoticias.com.pe\/noticiero\/#website"},"primaryImageOfPage":{"@id":"https:\/\/aeronoticias.com.pe\/noticiero\/turismo\/13\/perrede-de-iii-conferencia-internacional-sobre-turismo-y-artesan\/#primaryimage"},"image":{"@id":"https:\/\/aeronoticias.com.pe\/noticiero\/turismo\/13\/perrede-de-iii-conferencia-internacional-sobre-turismo-y-artesan\/#primaryimage"},"thumbnailUrl":"http:\/\/aeronoticias.com.pe\/fotonoticias\/agosto\/02.jpg","datePublished":"2008-08-08T13:54:58+00:00","author":{"@id":"https:\/\/aeronoticias.com.pe\/noticiero\/#\/schema\/person\/fc1e5d578f4b62ba1cf7ac2bba1170a0"},"description":"Portal de noticias del Per\u00fa sobre el transporte a\u00e9reo, aviaci\u00f3n, turismo, hoteleria, actualidad.","breadcrumb":{"@id":"https:\/\/aeronoticias.com.pe\/noticiero\/turismo\/13\/perrede-de-iii-conferencia-internacional-sobre-turismo-y-artesan\/#breadcrumb"},"inLanguage":"es","potentialAction":[{"@type":"ReadAction","target":["https:\/\/aeronoticias.com.pe\/noticiero\/turismo\/13\/perrede-de-iii-conferencia-internacional-sobre-turismo-y-artesan\/"]}]},{"@type":"ImageObject","inLanguage":"es","@id":"https:\/\/aeronoticias.com.pe\/noticiero\/turismo\/13\/perrede-de-iii-conferencia-internacional-sobre-turismo-y-artesan\/#primaryimage","url":"http:\/\/aeronoticias.com.pe\/fotonoticias\/agosto\/02.jpg","contentUrl":"http:\/\/aeronoticias.com.pe\/fotonoticias\/agosto\/02.jpg"},{"@type":"BreadcrumbList","@id":"https:\/\/aeronoticias.com.pe\/noticiero\/turismo\/13\/perrede-de-iii-conferencia-internacional-sobre-turismo-y-artesan\/#breadcrumb","itemListElement":[{"@type":"ListItem","position":1,"name":"Portada","item":"https:\/\/aeronoticias.com.pe\/noticiero\/"},{"@type":"ListItem","position":2,"name":"Per"}]},{"@type":"WebSite","@id":"https:\/\/aeronoticias.com.pe\/noticiero\/#website","url":"https:\/\/aeronoticias.com.pe\/noticiero\/","name":"Aeronoticias.com.pe","description":"Noticias de tranporte aereo, turismo, hoteles, gastronomia, actualidad, internacional","potentialAction":[{"@type":"SearchAction","target":{"@type":"EntryPoint","urlTemplate":"https:\/\/aeronoticias.com.pe\/noticiero\/?s={search_term_string}"},"query-input":{"@type":"PropertyValueSpecification","valueRequired":true,"valueName":"search_term_string"}}],"inLanguage":"es"},{"@type":"Person","@id":"https:\/\/aeronoticias.com.pe\/noticiero\/#\/schema\/person\/fc1e5d578f4b62ba1cf7ac2bba1170a0","name":"Redacci\u00f3n Aeronoticias","url":"https:\/\/aeronoticias.com.pe\/noticiero\/author\/piloto\/"}]}},"_links":{"self":[{"href":"https:\/\/aeronoticias.com.pe\/noticiero\/wp-json\/wp\/v2\/posts\/191","targetHints":{"allow":["GET"]}}],"collection":[{"href":"https:\/\/aeronoticias.com.pe\/noticiero\/wp-json\/wp\/v2\/posts"}],"about":[{"href":"https:\/\/aeronoticias.com.pe\/noticiero\/wp-json\/wp\/v2\/types\/post"}],"author":[{"embeddable":true,"href":"https:\/\/aeronoticias.com.pe\/noticiero\/wp-json\/wp\/v2\/users\/1"}],"replies":[{"embeddable":true,"href":"https:\/\/aeronoticias.com.pe\/noticiero\/wp-json\/wp\/v2\/comments?post=191"}],"version-history":[{"count":0,"href":"https:\/\/aeronoticias.com.pe\/noticiero\/wp-json\/wp\/v2\/posts\/191\/revisions"}],"wp:attachment":[{"href":"https:\/\/aeronoticias.com.pe\/noticiero\/wp-json\/wp\/v2\/media?parent=191"}],"wp:term":[{"taxonomy":"category","embeddable":true,"href":"https:\/\/aeronoticias.com.pe\/noticiero\/wp-json\/wp\/v2\/categories?post=191"},{"taxonomy":"post_tag","embeddable":true,"href":"https:\/\/aeronoticias.com.pe\/noticiero\/wp-json\/wp\/v2\/tags?post=191"}],"curies":[{"name":"wp","href":"https:\/\/api.w.org\/{rel}","templated":true}]}}