{"id":192,"date":"2008-08-08T14:48:40","date_gmt":"2008-08-08T14:48:40","guid":{"rendered":"http:\/\/desarrollo.mcvicious.com\/aero2020\/2008\/08\/08\/plan-copesco-nacional-invertir-300-millones-en-proyectos-de-inversi-mediano-plazo\/"},"modified":"2008-08-08T14:48:40","modified_gmt":"2008-08-08T14:48:40","slug":"plan-copesco-nacional-invertir-300-millones-en-proyectos-de-inversi-mediano-plazo","status":"publish","type":"post","link":"https:\/\/aeronoticias.com.pe\/noticiero\/turismo\/13\/plan-copesco-nacional-invertir-300-millones-en-proyectos-de-inversi-mediano-plazo\/","title":{"rendered":"Plan Copesco Nacional invertir"},"content":{"rendered":"<p><span><span style=\"font-family: Arial\"><\/p>\n<blockquote>\n<p align=\"justify\">A trav&eacute;s del Plan Copesco Nacional, el Mincetur ejecutar&aacute; proyectos de inversi&oacute;n por un monto de 300 millones de soles, asegur&oacute; a Aeronoticias el Viceministro de Turismo, Pablo L&oacute;pez de Roma&ntilde;a, quien sostuvo que este tema es analizado conjuntamente con ProInversi&oacute;n y el Ministerio de Econom&iacute;a y Finanzas (MEF).<\/p>\n<p align=\"justify\">L&oacute;pez de Roma&ntilde;a indic&oacute; que &ldquo;todas estas obras de infraestructura no le competen al empresario, pero ya hay inversi&oacute;n privada importante en Paracas y en las Playas de Tumbes&rdquo;.<\/p>\n<p align=\"justify\">Dijo que el Mincetur est&aacute; preparando un conjunto de proyectos, que eventualmente podr&iacute;an ser parte de una licitaci&oacute;n o concesi&oacute;n por parte de ProInversi&oacute;n.<\/p>\n<p align=\"center\"><strong>&ldquo;El Producto Pa&iacute;s no es Machu Picchu&rdquo;<\/strong><\/p>\n<p align=\"justify\">&ldquo;Todo el pa&iacute;s es una oportunidad de negocio. La zona que m&aacute;s se ha desarrollado por recursos, atractivos y productos ha sido la zona sur, Cusco-Machu Picchu. El producto pa&iacute;s no es Cusco-Machu Picchu, porque tiene su capacidad, su l&iacute;mite de gesti&oacute;n&rdquo;, expres&oacute; L&oacute;pez de Roma&ntilde;a a Aeronoticias.<\/p>\n<div style=\"text-align: center\"><img loading=\"lazy\" decoding=\"async\" src=\"http:\/\/aeronoticias.com.pe\/fotonoticias\/agosto\/pablolopez.jpg\" alt=\" \" title=\"Viceministro de Turismo, Pablo L&oacute;pez de Roma&ntilde;a. (Foto: Efr&eacute;n Vidal-Aeronoticias)\" hspace=\"5\" vspace=\"5\" width=\"230\" height=\"130\" \/><\/div>\n<\/blockquote>\n<p><\/span><\/span> <!--more--> <\/p>\n<blockquote>\n<p align=\"justify\">Asegur&oacute; que &ldquo;el Producto Pa&iacute;s es una actividad tur&iacute;stica que requiere que se consolide como una herramienta del desarrollo y que llegue a la escala mucho mayor&rdquo;.<\/p>\n<p align=\"justify\">Agreg&oacute; que este podr&iacute;a ser diez veces mayor de la que se da en este momento, lo cual implica mayores inversiones y el desarrollo de nuevos productos tur&iacute;sticos, tanto en el norte y centro del pa&iacute;s, sin olvidar la costa, sierra y selva.<\/p>\n<p align=\"center\"><strong>Problemas para Reglamentar la Ley de Protecci&oacute;n al Turista<\/strong><\/p>\n<p align=\"justify\">Sobre la Reglamentaci&oacute;n de la Ley de Protecci&oacute;n al Turista, promulgada hace m&aacute;s de un a&ntilde;o por el Congreso de la Rep&uacute;blica, el Viceministro de Turismo, L&oacute;pez de Roma&ntilde;a afirm&oacute; a Aeronoticias que &ldquo;hay problemas. Estamos ah&iacute; los abogados, los congresistas y el equipo t&eacute;cnico est&aacute;n (tratando) el tema&rdquo; y que &ldquo;est&aacute; marchando lento, pero se est&aacute; marchando&rdquo;.<\/p>\n<\/blockquote>\n","protected":false},"excerpt":{"rendered":"<p>A trav&eacute;s del Plan Copesco Nacional, el Mincetur ejecutar&aacute; proyectos de inversi&oacute;n por un monto de 300 millones de soles, asegur&oacute; a Aeronoticias el Viceministro de Turismo, Pablo L&oacute;pez de Roma&ntilde;a, quien sostuvo que este tema es analizado conjuntamente con ProInversi&oacute;n y el Ministerio de Econom&iacute;a y Finanzas (MEF). L&oacute;pez de Roma&ntilde;a indic&oacute; que &ldquo;todas [&hellip;]<\/p>\n","protected":false},"author":1,"featured_media":0,"comment_status":"open","ping_status":"open","sticky":false,"template":"","format":"standard","meta":{"tdm_status":"","tdm_grid_status":"","footnotes":""},"categories":[31],"tags":[],"class_list":{"0":"post-192","1":"post","2":"type-post","3":"status-publish","4":"format-standard","6":"category-31"},"yoast_head":"<!-- This site is optimized with the Yoast SEO plugin v25.1 - https:\/\/yoast.com\/wordpress\/plugins\/seo\/ -->\n<title>Plan Copesco Nacional invertir<\/title>\n<meta name=\"description\" content=\"Portal de noticias del Per\u00fa sobre el transporte a\u00e9reo, aviaci\u00f3n, turismo, hoteleria, actualidad.\" \/>\n<meta name=\"robots\" content=\"index, follow, max-snippet:-1, max-image-preview:large, max-video-preview:-1\" \/>\n<link rel=\"canonical\" href=\"https:\/\/aeronoticias.com.pe\/noticiero\/turismo\/13\/plan-copesco-nacional-invertir-300-millones-en-proyectos-de-inversi-mediano-plazo\/\" \/>\n<meta property=\"og:locale\" content=\"es_ES\" \/>\n<meta property=\"og:type\" content=\"article\" \/>\n<meta property=\"og:title\" content=\"Plan Copesco Nacional invertir\" \/>\n<meta property=\"og:description\" content=\"Portal de noticias del Per\u00fa sobre el transporte a\u00e9reo, aviaci\u00f3n, turismo, hoteleria, actualidad.\" \/>\n<meta property=\"og:url\" content=\"https:\/\/aeronoticias.com.pe\/noticiero\/turismo\/13\/plan-copesco-nacional-invertir-300-millones-en-proyectos-de-inversi-mediano-plazo\/\" \/>\n<meta property=\"og:site_name\" content=\"Aeronoticias.com.pe\" \/>\n<meta property=\"article:publisher\" content=\"https:\/\/www.facebook.com\/Aeronoticias.com.pe\/\" \/>\n<meta property=\"article:published_time\" content=\"2008-08-08T14:48:40+00:00\" \/>\n<meta property=\"og:image\" content=\"http:\/\/aeronoticias.com.pe\/fotonoticias\/agosto\/pablolopez.jpg\" \/>\n<meta name=\"author\" content=\"Redacci\u00f3n Aeronoticias\" \/>\n<meta name=\"twitter:card\" content=\"summary_large_image\" \/>\n<meta name=\"twitter:creator\" content=\"@aeronoticias\" \/>\n<meta name=\"twitter:site\" content=\"@aeronoticias\" \/>\n<meta name=\"twitter:label1\" content=\"Escrito por\" \/>\n\t<meta name=\"twitter:data1\" content=\"Redacci\u00f3n Aeronoticias\" \/>\n\t<meta name=\"twitter:label2\" content=\"Tiempo de lectura\" \/>\n\t<meta name=\"twitter:data2\" content=\"2 minutos\" \/>\n<script type=\"application\/ld+json\" class=\"yoast-schema-graph\">{\"@context\":\"https:\/\/schema.org\",\"@graph\":[{\"@type\":\"WebPage\",\"@id\":\"https:\/\/aeronoticias.com.pe\/noticiero\/turismo\/13\/plan-copesco-nacional-invertir-300-millones-en-proyectos-de-inversi-mediano-plazo\/\",\"url\":\"https:\/\/aeronoticias.com.pe\/noticiero\/turismo\/13\/plan-copesco-nacional-invertir-300-millones-en-proyectos-de-inversi-mediano-plazo\/\",\"name\":\"Plan Copesco Nacional invertir\",\"isPartOf\":{\"@id\":\"https:\/\/aeronoticias.com.pe\/noticiero\/#website\"},\"primaryImageOfPage\":{\"@id\":\"https:\/\/aeronoticias.com.pe\/noticiero\/turismo\/13\/plan-copesco-nacional-invertir-300-millones-en-proyectos-de-inversi-mediano-plazo\/#primaryimage\"},\"image\":{\"@id\":\"https:\/\/aeronoticias.com.pe\/noticiero\/turismo\/13\/plan-copesco-nacional-invertir-300-millones-en-proyectos-de-inversi-mediano-plazo\/#primaryimage\"},\"thumbnailUrl\":\"http:\/\/aeronoticias.com.pe\/fotonoticias\/agosto\/pablolopez.jpg\",\"datePublished\":\"2008-08-08T14:48:40+00:00\",\"author\":{\"@id\":\"https:\/\/aeronoticias.com.pe\/noticiero\/#\/schema\/person\/fc1e5d578f4b62ba1cf7ac2bba1170a0\"},\"description\":\"Portal de noticias del Per\u00fa sobre el transporte a\u00e9reo, aviaci\u00f3n, turismo, hoteleria, actualidad.\",\"breadcrumb\":{\"@id\":\"https:\/\/aeronoticias.com.pe\/noticiero\/turismo\/13\/plan-copesco-nacional-invertir-300-millones-en-proyectos-de-inversi-mediano-plazo\/#breadcrumb\"},\"inLanguage\":\"es\",\"potentialAction\":[{\"@type\":\"ReadAction\",\"target\":[\"https:\/\/aeronoticias.com.pe\/noticiero\/turismo\/13\/plan-copesco-nacional-invertir-300-millones-en-proyectos-de-inversi-mediano-plazo\/\"]}]},{\"@type\":\"ImageObject\",\"inLanguage\":\"es\",\"@id\":\"https:\/\/aeronoticias.com.pe\/noticiero\/turismo\/13\/plan-copesco-nacional-invertir-300-millones-en-proyectos-de-inversi-mediano-plazo\/#primaryimage\",\"url\":\"http:\/\/aeronoticias.com.pe\/fotonoticias\/agosto\/pablolopez.jpg\",\"contentUrl\":\"http:\/\/aeronoticias.com.pe\/fotonoticias\/agosto\/pablolopez.jpg\"},{\"@type\":\"BreadcrumbList\",\"@id\":\"https:\/\/aeronoticias.com.pe\/noticiero\/turismo\/13\/plan-copesco-nacional-invertir-300-millones-en-proyectos-de-inversi-mediano-plazo\/#breadcrumb\",\"itemListElement\":[{\"@type\":\"ListItem\",\"position\":1,\"name\":\"Portada\",\"item\":\"https:\/\/aeronoticias.com.pe\/noticiero\/\"},{\"@type\":\"ListItem\",\"position\":2,\"name\":\"Plan Copesco Nacional invertir\"}]},{\"@type\":\"WebSite\",\"@id\":\"https:\/\/aeronoticias.com.pe\/noticiero\/#website\",\"url\":\"https:\/\/aeronoticias.com.pe\/noticiero\/\",\"name\":\"Aeronoticias.com.pe\",\"description\":\"Noticias de tranporte aereo, turismo, hoteles, gastronomia, actualidad, internacional\",\"potentialAction\":[{\"@type\":\"SearchAction\",\"target\":{\"@type\":\"EntryPoint\",\"urlTemplate\":\"https:\/\/aeronoticias.com.pe\/noticiero\/?s={search_term_string}\"},\"query-input\":{\"@type\":\"PropertyValueSpecification\",\"valueRequired\":true,\"valueName\":\"search_term_string\"}}],\"inLanguage\":\"es\"},{\"@type\":\"Person\",\"@id\":\"https:\/\/aeronoticias.com.pe\/noticiero\/#\/schema\/person\/fc1e5d578f4b62ba1cf7ac2bba1170a0\",\"name\":\"Redacci\u00f3n Aeronoticias\",\"url\":\"https:\/\/aeronoticias.com.pe\/noticiero\/author\/piloto\/\"}]}<\/script>\n<!-- \/ Yoast SEO plugin. -->","yoast_head_json":{"title":"Plan Copesco Nacional invertir","description":"Portal de noticias del Per\u00fa sobre el transporte a\u00e9reo, aviaci\u00f3n, turismo, hoteleria, actualidad.","robots":{"index":"index","follow":"follow","max-snippet":"max-snippet:-1","max-image-preview":"max-image-preview:large","max-video-preview":"max-video-preview:-1"},"canonical":"https:\/\/aeronoticias.com.pe\/noticiero\/turismo\/13\/plan-copesco-nacional-invertir-300-millones-en-proyectos-de-inversi-mediano-plazo\/","og_locale":"es_ES","og_type":"article","og_title":"Plan Copesco Nacional invertir","og_description":"Portal de noticias del Per\u00fa sobre el transporte a\u00e9reo, aviaci\u00f3n, turismo, hoteleria, actualidad.","og_url":"https:\/\/aeronoticias.com.pe\/noticiero\/turismo\/13\/plan-copesco-nacional-invertir-300-millones-en-proyectos-de-inversi-mediano-plazo\/","og_site_name":"Aeronoticias.com.pe","article_publisher":"https:\/\/www.facebook.com\/Aeronoticias.com.pe\/","article_published_time":"2008-08-08T14:48:40+00:00","og_image":[{"url":"http:\/\/aeronoticias.com.pe\/fotonoticias\/agosto\/pablolopez.jpg","type":"","width":"","height":""}],"author":"Redacci\u00f3n Aeronoticias","twitter_card":"summary_large_image","twitter_creator":"@aeronoticias","twitter_site":"@aeronoticias","twitter_misc":{"Escrito por":"Redacci\u00f3n Aeronoticias","Tiempo de lectura":"2 minutos"},"schema":{"@context":"https:\/\/schema.org","@graph":[{"@type":"WebPage","@id":"https:\/\/aeronoticias.com.pe\/noticiero\/turismo\/13\/plan-copesco-nacional-invertir-300-millones-en-proyectos-de-inversi-mediano-plazo\/","url":"https:\/\/aeronoticias.com.pe\/noticiero\/turismo\/13\/plan-copesco-nacional-invertir-300-millones-en-proyectos-de-inversi-mediano-plazo\/","name":"Plan Copesco Nacional invertir","isPartOf":{"@id":"https:\/\/aeronoticias.com.pe\/noticiero\/#website"},"primaryImageOfPage":{"@id":"https:\/\/aeronoticias.com.pe\/noticiero\/turismo\/13\/plan-copesco-nacional-invertir-300-millones-en-proyectos-de-inversi-mediano-plazo\/#primaryimage"},"image":{"@id":"https:\/\/aeronoticias.com.pe\/noticiero\/turismo\/13\/plan-copesco-nacional-invertir-300-millones-en-proyectos-de-inversi-mediano-plazo\/#primaryimage"},"thumbnailUrl":"http:\/\/aeronoticias.com.pe\/fotonoticias\/agosto\/pablolopez.jpg","datePublished":"2008-08-08T14:48:40+00:00","author":{"@id":"https:\/\/aeronoticias.com.pe\/noticiero\/#\/schema\/person\/fc1e5d578f4b62ba1cf7ac2bba1170a0"},"description":"Portal de noticias del Per\u00fa sobre el transporte a\u00e9reo, aviaci\u00f3n, turismo, hoteleria, actualidad.","breadcrumb":{"@id":"https:\/\/aeronoticias.com.pe\/noticiero\/turismo\/13\/plan-copesco-nacional-invertir-300-millones-en-proyectos-de-inversi-mediano-plazo\/#breadcrumb"},"inLanguage":"es","potentialAction":[{"@type":"ReadAction","target":["https:\/\/aeronoticias.com.pe\/noticiero\/turismo\/13\/plan-copesco-nacional-invertir-300-millones-en-proyectos-de-inversi-mediano-plazo\/"]}]},{"@type":"ImageObject","inLanguage":"es","@id":"https:\/\/aeronoticias.com.pe\/noticiero\/turismo\/13\/plan-copesco-nacional-invertir-300-millones-en-proyectos-de-inversi-mediano-plazo\/#primaryimage","url":"http:\/\/aeronoticias.com.pe\/fotonoticias\/agosto\/pablolopez.jpg","contentUrl":"http:\/\/aeronoticias.com.pe\/fotonoticias\/agosto\/pablolopez.jpg"},{"@type":"BreadcrumbList","@id":"https:\/\/aeronoticias.com.pe\/noticiero\/turismo\/13\/plan-copesco-nacional-invertir-300-millones-en-proyectos-de-inversi-mediano-plazo\/#breadcrumb","itemListElement":[{"@type":"ListItem","position":1,"name":"Portada","item":"https:\/\/aeronoticias.com.pe\/noticiero\/"},{"@type":"ListItem","position":2,"name":"Plan Copesco Nacional invertir"}]},{"@type":"WebSite","@id":"https:\/\/aeronoticias.com.pe\/noticiero\/#website","url":"https:\/\/aeronoticias.com.pe\/noticiero\/","name":"Aeronoticias.com.pe","description":"Noticias de tranporte aereo, turismo, hoteles, gastronomia, actualidad, internacional","potentialAction":[{"@type":"SearchAction","target":{"@type":"EntryPoint","urlTemplate":"https:\/\/aeronoticias.com.pe\/noticiero\/?s={search_term_string}"},"query-input":{"@type":"PropertyValueSpecification","valueRequired":true,"valueName":"search_term_string"}}],"inLanguage":"es"},{"@type":"Person","@id":"https:\/\/aeronoticias.com.pe\/noticiero\/#\/schema\/person\/fc1e5d578f4b62ba1cf7ac2bba1170a0","name":"Redacci\u00f3n Aeronoticias","url":"https:\/\/aeronoticias.com.pe\/noticiero\/author\/piloto\/"}]}},"_links":{"self":[{"href":"https:\/\/aeronoticias.com.pe\/noticiero\/wp-json\/wp\/v2\/posts\/192","targetHints":{"allow":["GET"]}}],"collection":[{"href":"https:\/\/aeronoticias.com.pe\/noticiero\/wp-json\/wp\/v2\/posts"}],"about":[{"href":"https:\/\/aeronoticias.com.pe\/noticiero\/wp-json\/wp\/v2\/types\/post"}],"author":[{"embeddable":true,"href":"https:\/\/aeronoticias.com.pe\/noticiero\/wp-json\/wp\/v2\/users\/1"}],"replies":[{"embeddable":true,"href":"https:\/\/aeronoticias.com.pe\/noticiero\/wp-json\/wp\/v2\/comments?post=192"}],"version-history":[{"count":0,"href":"https:\/\/aeronoticias.com.pe\/noticiero\/wp-json\/wp\/v2\/posts\/192\/revisions"}],"wp:attachment":[{"href":"https:\/\/aeronoticias.com.pe\/noticiero\/wp-json\/wp\/v2\/media?parent=192"}],"wp:term":[{"taxonomy":"category","embeddable":true,"href":"https:\/\/aeronoticias.com.pe\/noticiero\/wp-json\/wp\/v2\/categories?post=192"},{"taxonomy":"post_tag","embeddable":true,"href":"https:\/\/aeronoticias.com.pe\/noticiero\/wp-json\/wp\/v2\/tags?post=192"}],"curies":[{"name":"wp","href":"https:\/\/api.w.org\/{rel}","templated":true}]}}