{"id":19204,"date":"2011-09-11T15:05:54","date_gmt":"2011-09-11T15:05:54","guid":{"rendered":"http:\/\/desarrollo.mcvicious.com\/aero2020\/2011\/09\/11\/las-aerolineas-10-anos-despues-del-11-de-setiembre\/"},"modified":"2011-09-11T15:05:54","modified_gmt":"2011-09-11T15:05:54","slug":"las-aerolineas-10-anos-despues-del-11-de-setiembre","status":"publish","type":"post","link":"https:\/\/aeronoticias.com.pe\/noticiero\/transporte-aereo\/internacional\/las-aerolineas-10-anos-despues-del-11-de-setiembre\/","title":{"rendered":"Las aerol\u00edneas 10 a\u00f1os despu\u00e9s del 11 de setiembre"},"content":{"rendered":"<p style=\"text-align: justify;\"><strong>(Aeronoticias).-<\/strong> A pesar de la transformaci\u00f3n de la industria a\u00e9rea y de los sobrecostes que tuvo que afrontar tras el 11-S, cuyo d\u00e9cimo aniversario se cumple este domingo, las aerol\u00edneas mantuvieron la rentabilidad y ganar\u00e1n 4.000 millones de d\u00f3lares (2.846 millones de euros) en 2011, frente a los 3.700 millones de d\u00f3lares (2.634 millones de euros) de beneficios generados en el a\u00f1o 2000, justo un a\u00f1o antes de la crisis generada por el terrible atentado, seg\u00fan las cifras proporcionadas por la Asociaci\u00f3n Internacional del Transporte A\u00e9reo (IATA).<\/p>\n<p style=\"text-align: justify;\">No obstante, la rentabilidad no ha crecido proporcionalmente a los ingresos, que se dispararon un 81% en la \u00faltima d\u00e9cada, desde 329.000 millones de d\u00f3lares (234.000 millones de euros) en el a\u00f1o 2000, hasta los 598.000 millones de d\u00f3lares (425.700 millones de euros) que prev\u00e9 recaudar la industria en 2011.<\/p>\n<p style=\"text-align: justify;\">El tr\u00e1fico de pasajeros aumentar\u00e1 en 1.000 millones de viajeros en 2011 con respecto a 2000, hasta 2.800 millones, y el de carga se incrementar\u00e1, seg\u00fan las previsiones de la IATA, hasta 48.000 millones de toneladas, 16.000 toneladas m\u00e1s que en 2001.<\/p>\n<p>  <!--more-->  <\/p>\n<p style=\"text-align: justify;\">Seg\u00fan el secretario general y consejero delegado de la IATA, Tony Tyler, que hace balance de las consecuencias del accidente en un informe publicado por la IATA, aunque es dif\u00edcil hacer una estimaci\u00f3n exacta del impacto sobre el sector del 11-S, si se puede decir que fue parte de una \u00abcadena de eventos\u00bb que costaron a la industria tres a\u00f1os de crecimiento.<\/p>\n<p style=\"text-align: justify;\">\u00abUna d\u00e9cada despu\u00e9s del suceso, no existen dudas sobre la resistencia del sector de la aviaci\u00f3n. En 2004 tanto los ingresos como el tr\u00e1fico sobrepasaron los niveles de 2010 y en 2006 recuper\u00f3 la rentabilidad\u00bb, destac\u00f3.<\/p>\n<p style=\"text-align: justify;\"><strong>Avance en seguridad<br \/><\/strong>A ojos de Tyler, el principal legado del 11-S es el cambio en la seguridad aeroportuaria, con medidas inimaginables hasta el momento. La aviaci\u00f3n ha mejorado en seguridad desde 2001, pero su reforma \u00abse ha cobrado un gran precio en t\u00e9rminos de conveniencia para el pasajero y costes de la industria\u00bb, asegur\u00f3.<\/p>\n<p style=\"text-align: justify;\">En su opini\u00f3n, los Gobiernos deber\u00edan coordinar el desarrollo de las medidas de seguridad para armonizar los est\u00e1ndares y eliminar redundancias entre los pa\u00edses, as\u00ed como compartir con la industria y los pasajeros los costes en esta materia, cuya factura para las aerol\u00edneas alcanz\u00f3 los 7.400 millones de d\u00f3lares (5.693 millones de euros) en 2010.<\/p>\n<p style=\"text-align: justify;\">Los pasajeros tambi\u00e9n tienen un papel importante, ya que es \u00abcrucial\u00bb la vigilancia y la cooperaci\u00f3n con las autoridades, pero Tyler lanza un claro mensaje a los Gobiernos, y es que la seguridad no se puede garantizar al 100% y que hay que \u00abevitar las pol\u00edticas impulsadas por reacciones viscerales\u00bb.<\/p>\n<p style=\"text-align: justify;\">Un buen punto de partida ser\u00eda eliminar las molestias que provienen del embarque y facturaci\u00f3n en numerosos aeropuertos, un proyecto que est\u00e1 estudiando la IATA.<\/p>\n<p style=\"text-align: justify;\">El objetivo es que el pasajero acceda a la puerta de embarque en un proceso menos complicado y conveniente, para lo cual es necesario la compilaci\u00f3n de una enorme cantidad de datos de los viajeros junto con tecnolog\u00eda, lo que har\u00eda posible que los viajeros pudieran a acceder a sus vuelos a trav\u00e9s de un solo punto que detecte metales y sustancias peligrosas sin tener que desmontar los equipajes ni efectuar paradas, explic\u00f3 el responsable.<\/p>\n<p style=\"text-align: justify;\">Finalmente, Tyler se despidi\u00f3 con un recuerdo para las familias y a las v\u00edctimas. \u00abNuestro mejor tributo a sus memorias es una industria de la aviaci\u00f3n resistente. La aviaci\u00f3n es una fuerza para el bien y un instrumento de paz que promueve el comercio, la salud y facilita el entendimiento entre las gentes y las culturas de nuestro mundo\u00bb, concluy\u00f3.<\/p>\n<p style=\"text-align: justify;\">Agencia EFE.<\/p>\n<p style=\"text-align: justify;\"><img decoding=\"async\" src=\"images\/stories\/11\/09\/110911\/avion_11_setiembre.jpg\" border=\"0\" alt=\"Las aerol\u00edneas 10 a\u00f1os despu\u00e9s del 11 de setiembre\" title=\"Las aerol\u00edneas 10 a\u00f1os despu\u00e9s del 11 de setiembre\" \/><\/p>\n","protected":false},"excerpt":{"rendered":"<p>(Aeronoticias).- A pesar de la transformaci\u00f3n de la industria a\u00e9rea y de los sobrecostes que tuvo que afrontar tras el 11-S, cuyo d\u00e9cimo aniversario se cumple este domingo, las aerol\u00edneas mantuvieron la rentabilidad y ganar\u00e1n 4.000 millones de d\u00f3lares (2.846 millones de euros) en 2011, frente a los 3.700 millones de d\u00f3lares (2.634 millones de [&hellip;]<\/p>\n","protected":false},"author":1,"featured_media":0,"comment_status":"open","ping_status":"open","sticky":false,"template":"","format":"standard","meta":{"tdm_status":"","tdm_grid_status":"","footnotes":""},"categories":[32],"tags":[],"class_list":{"0":"post-19204","1":"post","2":"type-post","3":"status-publish","4":"format-standard","6":"category-internacional"},"yoast_head":"<!-- This site is optimized with the Yoast SEO plugin v25.1 - https:\/\/yoast.com\/wordpress\/plugins\/seo\/ -->\n<title>Las aerol\u00edneas 10 a\u00f1os despu\u00e9s del 11 de setiembre<\/title>\n<meta name=\"description\" content=\"Portal de noticias del Per\u00fa sobre el transporte a\u00e9reo, aviaci\u00f3n, turismo, hoteleria, actualidad.\" \/>\n<meta name=\"robots\" content=\"index, follow, max-snippet:-1, max-image-preview:large, max-video-preview:-1\" \/>\n<link rel=\"canonical\" href=\"https:\/\/aeronoticias.com.pe\/noticiero\/transporte-aereo\/internacional\/las-aerolineas-10-anos-despues-del-11-de-setiembre\/\" \/>\n<meta property=\"og:locale\" content=\"es_ES\" \/>\n<meta property=\"og:type\" content=\"article\" \/>\n<meta property=\"og:title\" content=\"Las aerol\u00edneas 10 a\u00f1os despu\u00e9s del 11 de setiembre\" \/>\n<meta property=\"og:description\" content=\"Portal de noticias del Per\u00fa sobre el transporte a\u00e9reo, aviaci\u00f3n, turismo, hoteleria, actualidad.\" \/>\n<meta property=\"og:url\" content=\"https:\/\/aeronoticias.com.pe\/noticiero\/transporte-aereo\/internacional\/las-aerolineas-10-anos-despues-del-11-de-setiembre\/\" \/>\n<meta property=\"og:site_name\" content=\"Aeronoticias.com.pe\" \/>\n<meta property=\"article:publisher\" content=\"https:\/\/www.facebook.com\/Aeronoticias.com.pe\/\" \/>\n<meta property=\"article:published_time\" content=\"2011-09-11T15:05:54+00:00\" \/>\n<meta name=\"author\" content=\"Redacci\u00f3n Aeronoticias\" \/>\n<meta name=\"twitter:card\" content=\"summary_large_image\" \/>\n<meta name=\"twitter:creator\" content=\"@aeronoticias\" \/>\n<meta name=\"twitter:site\" content=\"@aeronoticias\" \/>\n<meta name=\"twitter:label1\" content=\"Escrito por\" \/>\n\t<meta name=\"twitter:data1\" content=\"Redacci\u00f3n Aeronoticias\" \/>\n\t<meta name=\"twitter:label2\" content=\"Tiempo de lectura\" \/>\n\t<meta name=\"twitter:data2\" content=\"3 minutos\" \/>\n<script type=\"application\/ld+json\" class=\"yoast-schema-graph\">{\"@context\":\"https:\/\/schema.org\",\"@graph\":[{\"@type\":\"WebPage\",\"@id\":\"https:\/\/aeronoticias.com.pe\/noticiero\/transporte-aereo\/internacional\/las-aerolineas-10-anos-despues-del-11-de-setiembre\/\",\"url\":\"https:\/\/aeronoticias.com.pe\/noticiero\/transporte-aereo\/internacional\/las-aerolineas-10-anos-despues-del-11-de-setiembre\/\",\"name\":\"Las aerol\u00edneas 10 a\u00f1os despu\u00e9s del 11 de setiembre\",\"isPartOf\":{\"@id\":\"https:\/\/aeronoticias.com.pe\/noticiero\/#website\"},\"datePublished\":\"2011-09-11T15:05:54+00:00\",\"author\":{\"@id\":\"https:\/\/aeronoticias.com.pe\/noticiero\/#\/schema\/person\/fc1e5d578f4b62ba1cf7ac2bba1170a0\"},\"description\":\"Portal de noticias del Per\u00fa sobre el transporte a\u00e9reo, aviaci\u00f3n, turismo, hoteleria, actualidad.\",\"breadcrumb\":{\"@id\":\"https:\/\/aeronoticias.com.pe\/noticiero\/transporte-aereo\/internacional\/las-aerolineas-10-anos-despues-del-11-de-setiembre\/#breadcrumb\"},\"inLanguage\":\"es\",\"potentialAction\":[{\"@type\":\"ReadAction\",\"target\":[\"https:\/\/aeronoticias.com.pe\/noticiero\/transporte-aereo\/internacional\/las-aerolineas-10-anos-despues-del-11-de-setiembre\/\"]}]},{\"@type\":\"BreadcrumbList\",\"@id\":\"https:\/\/aeronoticias.com.pe\/noticiero\/transporte-aereo\/internacional\/las-aerolineas-10-anos-despues-del-11-de-setiembre\/#breadcrumb\",\"itemListElement\":[{\"@type\":\"ListItem\",\"position\":1,\"name\":\"Portada\",\"item\":\"https:\/\/aeronoticias.com.pe\/noticiero\/\"},{\"@type\":\"ListItem\",\"position\":2,\"name\":\"Las aerol\u00edneas 10 a\u00f1os despu\u00e9s del 11 de setiembre\"}]},{\"@type\":\"WebSite\",\"@id\":\"https:\/\/aeronoticias.com.pe\/noticiero\/#website\",\"url\":\"https:\/\/aeronoticias.com.pe\/noticiero\/\",\"name\":\"Aeronoticias.com.pe\",\"description\":\"Noticias de tranporte aereo, turismo, hoteles, gastronomia, actualidad, internacional\",\"potentialAction\":[{\"@type\":\"SearchAction\",\"target\":{\"@type\":\"EntryPoint\",\"urlTemplate\":\"https:\/\/aeronoticias.com.pe\/noticiero\/?s={search_term_string}\"},\"query-input\":{\"@type\":\"PropertyValueSpecification\",\"valueRequired\":true,\"valueName\":\"search_term_string\"}}],\"inLanguage\":\"es\"},{\"@type\":\"Person\",\"@id\":\"https:\/\/aeronoticias.com.pe\/noticiero\/#\/schema\/person\/fc1e5d578f4b62ba1cf7ac2bba1170a0\",\"name\":\"Redacci\u00f3n Aeronoticias\",\"url\":\"https:\/\/aeronoticias.com.pe\/noticiero\/author\/piloto\/\"}]}<\/script>\n<!-- \/ Yoast SEO plugin. -->","yoast_head_json":{"title":"Las aerol\u00edneas 10 a\u00f1os despu\u00e9s del 11 de setiembre","description":"Portal de noticias del Per\u00fa sobre el transporte a\u00e9reo, aviaci\u00f3n, turismo, hoteleria, actualidad.","robots":{"index":"index","follow":"follow","max-snippet":"max-snippet:-1","max-image-preview":"max-image-preview:large","max-video-preview":"max-video-preview:-1"},"canonical":"https:\/\/aeronoticias.com.pe\/noticiero\/transporte-aereo\/internacional\/las-aerolineas-10-anos-despues-del-11-de-setiembre\/","og_locale":"es_ES","og_type":"article","og_title":"Las aerol\u00edneas 10 a\u00f1os despu\u00e9s del 11 de setiembre","og_description":"Portal de noticias del Per\u00fa sobre el transporte a\u00e9reo, aviaci\u00f3n, turismo, hoteleria, actualidad.","og_url":"https:\/\/aeronoticias.com.pe\/noticiero\/transporte-aereo\/internacional\/las-aerolineas-10-anos-despues-del-11-de-setiembre\/","og_site_name":"Aeronoticias.com.pe","article_publisher":"https:\/\/www.facebook.com\/Aeronoticias.com.pe\/","article_published_time":"2011-09-11T15:05:54+00:00","author":"Redacci\u00f3n Aeronoticias","twitter_card":"summary_large_image","twitter_creator":"@aeronoticias","twitter_site":"@aeronoticias","twitter_misc":{"Escrito por":"Redacci\u00f3n Aeronoticias","Tiempo de lectura":"3 minutos"},"schema":{"@context":"https:\/\/schema.org","@graph":[{"@type":"WebPage","@id":"https:\/\/aeronoticias.com.pe\/noticiero\/transporte-aereo\/internacional\/las-aerolineas-10-anos-despues-del-11-de-setiembre\/","url":"https:\/\/aeronoticias.com.pe\/noticiero\/transporte-aereo\/internacional\/las-aerolineas-10-anos-despues-del-11-de-setiembre\/","name":"Las aerol\u00edneas 10 a\u00f1os despu\u00e9s del 11 de setiembre","isPartOf":{"@id":"https:\/\/aeronoticias.com.pe\/noticiero\/#website"},"datePublished":"2011-09-11T15:05:54+00:00","author":{"@id":"https:\/\/aeronoticias.com.pe\/noticiero\/#\/schema\/person\/fc1e5d578f4b62ba1cf7ac2bba1170a0"},"description":"Portal de noticias del Per\u00fa sobre el transporte a\u00e9reo, aviaci\u00f3n, turismo, hoteleria, actualidad.","breadcrumb":{"@id":"https:\/\/aeronoticias.com.pe\/noticiero\/transporte-aereo\/internacional\/las-aerolineas-10-anos-despues-del-11-de-setiembre\/#breadcrumb"},"inLanguage":"es","potentialAction":[{"@type":"ReadAction","target":["https:\/\/aeronoticias.com.pe\/noticiero\/transporte-aereo\/internacional\/las-aerolineas-10-anos-despues-del-11-de-setiembre\/"]}]},{"@type":"BreadcrumbList","@id":"https:\/\/aeronoticias.com.pe\/noticiero\/transporte-aereo\/internacional\/las-aerolineas-10-anos-despues-del-11-de-setiembre\/#breadcrumb","itemListElement":[{"@type":"ListItem","position":1,"name":"Portada","item":"https:\/\/aeronoticias.com.pe\/noticiero\/"},{"@type":"ListItem","position":2,"name":"Las aerol\u00edneas 10 a\u00f1os despu\u00e9s del 11 de setiembre"}]},{"@type":"WebSite","@id":"https:\/\/aeronoticias.com.pe\/noticiero\/#website","url":"https:\/\/aeronoticias.com.pe\/noticiero\/","name":"Aeronoticias.com.pe","description":"Noticias de tranporte aereo, turismo, hoteles, gastronomia, actualidad, internacional","potentialAction":[{"@type":"SearchAction","target":{"@type":"EntryPoint","urlTemplate":"https:\/\/aeronoticias.com.pe\/noticiero\/?s={search_term_string}"},"query-input":{"@type":"PropertyValueSpecification","valueRequired":true,"valueName":"search_term_string"}}],"inLanguage":"es"},{"@type":"Person","@id":"https:\/\/aeronoticias.com.pe\/noticiero\/#\/schema\/person\/fc1e5d578f4b62ba1cf7ac2bba1170a0","name":"Redacci\u00f3n Aeronoticias","url":"https:\/\/aeronoticias.com.pe\/noticiero\/author\/piloto\/"}]}},"_links":{"self":[{"href":"https:\/\/aeronoticias.com.pe\/noticiero\/wp-json\/wp\/v2\/posts\/19204","targetHints":{"allow":["GET"]}}],"collection":[{"href":"https:\/\/aeronoticias.com.pe\/noticiero\/wp-json\/wp\/v2\/posts"}],"about":[{"href":"https:\/\/aeronoticias.com.pe\/noticiero\/wp-json\/wp\/v2\/types\/post"}],"author":[{"embeddable":true,"href":"https:\/\/aeronoticias.com.pe\/noticiero\/wp-json\/wp\/v2\/users\/1"}],"replies":[{"embeddable":true,"href":"https:\/\/aeronoticias.com.pe\/noticiero\/wp-json\/wp\/v2\/comments?post=19204"}],"version-history":[{"count":0,"href":"https:\/\/aeronoticias.com.pe\/noticiero\/wp-json\/wp\/v2\/posts\/19204\/revisions"}],"wp:attachment":[{"href":"https:\/\/aeronoticias.com.pe\/noticiero\/wp-json\/wp\/v2\/media?parent=19204"}],"wp:term":[{"taxonomy":"category","embeddable":true,"href":"https:\/\/aeronoticias.com.pe\/noticiero\/wp-json\/wp\/v2\/categories?post=19204"},{"taxonomy":"post_tag","embeddable":true,"href":"https:\/\/aeronoticias.com.pe\/noticiero\/wp-json\/wp\/v2\/tags?post=19204"}],"curies":[{"name":"wp","href":"https:\/\/api.w.org\/{rel}","templated":true}]}}