{"id":19209,"date":"2011-09-12T01:59:50","date_gmt":"2011-09-12T01:59:50","guid":{"rendered":"http:\/\/desarrollo.mcvicious.com\/aero2020\/2011\/09\/12\/estados-unidos-brindo-homenaje-a-las-victimas-del-11-de-setiembre\/"},"modified":"2011-09-12T01:59:50","modified_gmt":"2011-09-12T01:59:50","slug":"estados-unidos-brindo-homenaje-a-las-victimas-del-11-de-setiembre","status":"publish","type":"post","link":"https:\/\/aeronoticias.com.pe\/noticiero\/internacionales\/estados-unidos-brindo-homenaje-a-las-victimas-del-11-de-setiembre\/","title":{"rendered":"Estados Unidos brind\u00f3 homenaje a las v\u00edctimas del 11 de setiembre"},"content":{"rendered":"<p style=\"text-align: justify;\"><strong>(Aeronoticias)<\/strong> En una ma\u00f1ana soleada y bajo medidas de seguridad in\u00e9ditas, el presidente Barack Obama y su antecesor George W. Bush encabezaron una emotiva conmemoraci\u00f3n del 11 de Septiembre (11-S) con un recordatorio de las v\u00edctimas en la \u201cZona Cero\u201d.<\/p>\n<p>En una ceremonia desprovista de discursos pol\u00edticos, salvo breves mensajes p\u00f3stumos, miles de asistentes guardaron un momento de silencio exactamente a las 08:46 de la ma\u00f1ana, cuando el vuelo 11 de American Airlines impact\u00f3 la Torre Norte del Centro Mundial de Comercio.<\/p>\n<p style=\"text-align: center;\"><img decoding=\"async\" src=\"images\/stories\/11\/09\/110911\/ceremonia.jpg\" border=\"0\" alt=\"ceremonia\" title=\"ceremonia\" \/><\/p>\n<p style=\"text-align: justify;\">Los familiares iniciaron la lectura de los nombres de 2,983 v\u00edctimas, de las cuales, 2,977 murieron en Nueva York, Washington y Pensilvania el 11 de septiembre del 2001 y de seis que cayeron en el atentado de 1993 contra el Centro de Comercio Mundial, al estallar en el s\u00f3tano un camioneta cargada con explosivos.<\/p>\n<p>La ceremonia de Nueva York, que concluy\u00f3 con toques a silencio de clarines militares, constituy\u00f3 el hecho central de las conmemoraciones realizadas en todo el pa\u00eds. Fue la ocasi\u00f3n para reflexionar sobre una d\u00e9cada que cambi\u00f3 el estilo de vida de los estadounidenses, que incluy\u00f3 dos guerras y la reorganizaci\u00f3n de las medidas de seguridad cotidianas en los aeropuertos y en las grandes urbes.<\/p>\n<p>Obama y su esposa viajaron de Nueva York a Shanksville, Pensilvania para colocar una ofrenda floral en el Monumento Nacional al Vuelo 93, erigido cerca del lugar donde se estrell\u00f3 uno de los cuatro aviones secuestrados en esa fecha. Un d\u00eda antes Bush, el expresidente Bill Clinton y Biden participaron en la inauguraci\u00f3n de la primera fase del Muro de los Nombres que incluye a los 40 pasajeros y tripulantes que repelieron a cuatro terroristas que trataban de estrellar la aeronave contra el Capitolio.<\/p>\n<p style=\"text-align: center;\">\u00a0<\/p>\n","protected":false},"excerpt":{"rendered":"<p>(Aeronoticias) En una ma\u00f1ana soleada y bajo medidas de seguridad in\u00e9ditas, el presidente Barack Obama y su antecesor George W. Bush encabezaron una emotiva conmemoraci\u00f3n del 11 de Septiembre (11-S) con un recordatorio de las v\u00edctimas en la \u201cZona Cero\u201d. En una ceremonia desprovista de discursos pol\u00edticos, salvo breves mensajes p\u00f3stumos, miles de asistentes guardaron [&hellip;]<\/p>\n","protected":false},"author":1,"featured_media":0,"comment_status":"open","ping_status":"open","sticky":false,"template":"","format":"standard","meta":{"tdm_status":"","tdm_grid_status":"","footnotes":""},"categories":[34],"tags":[],"class_list":{"0":"post-19209","1":"post","2":"type-post","3":"status-publish","4":"format-standard","6":"category-internacionales"},"yoast_head":"<!-- This site is optimized with the Yoast SEO plugin v25.1 - https:\/\/yoast.com\/wordpress\/plugins\/seo\/ -->\n<title>Estados Unidos brind\u00f3 homenaje a las v\u00edctimas del 11 de setiembre<\/title>\n<meta name=\"description\" content=\"Portal de noticias del Per\u00fa sobre el transporte a\u00e9reo, aviaci\u00f3n, turismo, hoteleria, actualidad.\" \/>\n<meta name=\"robots\" content=\"index, follow, max-snippet:-1, max-image-preview:large, max-video-preview:-1\" \/>\n<link rel=\"canonical\" href=\"https:\/\/aeronoticias.com.pe\/noticiero\/internacionales\/estados-unidos-brindo-homenaje-a-las-victimas-del-11-de-setiembre\/\" \/>\n<meta property=\"og:locale\" content=\"es_ES\" \/>\n<meta property=\"og:type\" content=\"article\" \/>\n<meta property=\"og:title\" content=\"Estados Unidos brind\u00f3 homenaje a las v\u00edctimas del 11 de setiembre\" \/>\n<meta property=\"og:description\" content=\"Portal de noticias del Per\u00fa sobre el transporte a\u00e9reo, aviaci\u00f3n, turismo, hoteleria, actualidad.\" \/>\n<meta property=\"og:url\" content=\"https:\/\/aeronoticias.com.pe\/noticiero\/internacionales\/estados-unidos-brindo-homenaje-a-las-victimas-del-11-de-setiembre\/\" \/>\n<meta property=\"og:site_name\" content=\"Aeronoticias.com.pe\" \/>\n<meta property=\"article:publisher\" content=\"https:\/\/www.facebook.com\/Aeronoticias.com.pe\/\" \/>\n<meta property=\"article:published_time\" content=\"2011-09-12T01:59:50+00:00\" \/>\n<meta name=\"author\" content=\"Redacci\u00f3n Aeronoticias\" \/>\n<meta name=\"twitter:card\" content=\"summary_large_image\" \/>\n<meta name=\"twitter:creator\" content=\"@aeronoticias\" \/>\n<meta name=\"twitter:site\" content=\"@aeronoticias\" \/>\n<meta name=\"twitter:label1\" content=\"Escrito por\" \/>\n\t<meta name=\"twitter:data1\" content=\"Redacci\u00f3n Aeronoticias\" \/>\n\t<meta name=\"twitter:label2\" content=\"Tiempo de lectura\" \/>\n\t<meta name=\"twitter:data2\" content=\"1 minuto\" \/>\n<script type=\"application\/ld+json\" class=\"yoast-schema-graph\">{\"@context\":\"https:\/\/schema.org\",\"@graph\":[{\"@type\":\"WebPage\",\"@id\":\"https:\/\/aeronoticias.com.pe\/noticiero\/internacionales\/estados-unidos-brindo-homenaje-a-las-victimas-del-11-de-setiembre\/\",\"url\":\"https:\/\/aeronoticias.com.pe\/noticiero\/internacionales\/estados-unidos-brindo-homenaje-a-las-victimas-del-11-de-setiembre\/\",\"name\":\"Estados Unidos brind\u00f3 homenaje a las v\u00edctimas del 11 de setiembre\",\"isPartOf\":{\"@id\":\"https:\/\/aeronoticias.com.pe\/noticiero\/#website\"},\"datePublished\":\"2011-09-12T01:59:50+00:00\",\"author\":{\"@id\":\"https:\/\/aeronoticias.com.pe\/noticiero\/#\/schema\/person\/fc1e5d578f4b62ba1cf7ac2bba1170a0\"},\"description\":\"Portal de noticias del Per\u00fa sobre el transporte a\u00e9reo, aviaci\u00f3n, turismo, hoteleria, actualidad.\",\"breadcrumb\":{\"@id\":\"https:\/\/aeronoticias.com.pe\/noticiero\/internacionales\/estados-unidos-brindo-homenaje-a-las-victimas-del-11-de-setiembre\/#breadcrumb\"},\"inLanguage\":\"es\",\"potentialAction\":[{\"@type\":\"ReadAction\",\"target\":[\"https:\/\/aeronoticias.com.pe\/noticiero\/internacionales\/estados-unidos-brindo-homenaje-a-las-victimas-del-11-de-setiembre\/\"]}]},{\"@type\":\"BreadcrumbList\",\"@id\":\"https:\/\/aeronoticias.com.pe\/noticiero\/internacionales\/estados-unidos-brindo-homenaje-a-las-victimas-del-11-de-setiembre\/#breadcrumb\",\"itemListElement\":[{\"@type\":\"ListItem\",\"position\":1,\"name\":\"Portada\",\"item\":\"https:\/\/aeronoticias.com.pe\/noticiero\/\"},{\"@type\":\"ListItem\",\"position\":2,\"name\":\"Estados Unidos brind\u00f3 homenaje a las v\u00edctimas del 11 de setiembre\"}]},{\"@type\":\"WebSite\",\"@id\":\"https:\/\/aeronoticias.com.pe\/noticiero\/#website\",\"url\":\"https:\/\/aeronoticias.com.pe\/noticiero\/\",\"name\":\"Aeronoticias.com.pe\",\"description\":\"Noticias de tranporte aereo, turismo, hoteles, gastronomia, actualidad, internacional\",\"potentialAction\":[{\"@type\":\"SearchAction\",\"target\":{\"@type\":\"EntryPoint\",\"urlTemplate\":\"https:\/\/aeronoticias.com.pe\/noticiero\/?s={search_term_string}\"},\"query-input\":{\"@type\":\"PropertyValueSpecification\",\"valueRequired\":true,\"valueName\":\"search_term_string\"}}],\"inLanguage\":\"es\"},{\"@type\":\"Person\",\"@id\":\"https:\/\/aeronoticias.com.pe\/noticiero\/#\/schema\/person\/fc1e5d578f4b62ba1cf7ac2bba1170a0\",\"name\":\"Redacci\u00f3n Aeronoticias\",\"url\":\"https:\/\/aeronoticias.com.pe\/noticiero\/author\/piloto\/\"}]}<\/script>\n<!-- \/ Yoast SEO plugin. -->","yoast_head_json":{"title":"Estados Unidos brind\u00f3 homenaje a las v\u00edctimas del 11 de setiembre","description":"Portal de noticias del Per\u00fa sobre el transporte a\u00e9reo, aviaci\u00f3n, turismo, hoteleria, actualidad.","robots":{"index":"index","follow":"follow","max-snippet":"max-snippet:-1","max-image-preview":"max-image-preview:large","max-video-preview":"max-video-preview:-1"},"canonical":"https:\/\/aeronoticias.com.pe\/noticiero\/internacionales\/estados-unidos-brindo-homenaje-a-las-victimas-del-11-de-setiembre\/","og_locale":"es_ES","og_type":"article","og_title":"Estados Unidos brind\u00f3 homenaje a las v\u00edctimas del 11 de setiembre","og_description":"Portal de noticias del Per\u00fa sobre el transporte a\u00e9reo, aviaci\u00f3n, turismo, hoteleria, actualidad.","og_url":"https:\/\/aeronoticias.com.pe\/noticiero\/internacionales\/estados-unidos-brindo-homenaje-a-las-victimas-del-11-de-setiembre\/","og_site_name":"Aeronoticias.com.pe","article_publisher":"https:\/\/www.facebook.com\/Aeronoticias.com.pe\/","article_published_time":"2011-09-12T01:59:50+00:00","author":"Redacci\u00f3n Aeronoticias","twitter_card":"summary_large_image","twitter_creator":"@aeronoticias","twitter_site":"@aeronoticias","twitter_misc":{"Escrito por":"Redacci\u00f3n Aeronoticias","Tiempo de lectura":"1 minuto"},"schema":{"@context":"https:\/\/schema.org","@graph":[{"@type":"WebPage","@id":"https:\/\/aeronoticias.com.pe\/noticiero\/internacionales\/estados-unidos-brindo-homenaje-a-las-victimas-del-11-de-setiembre\/","url":"https:\/\/aeronoticias.com.pe\/noticiero\/internacionales\/estados-unidos-brindo-homenaje-a-las-victimas-del-11-de-setiembre\/","name":"Estados Unidos brind\u00f3 homenaje a las v\u00edctimas del 11 de setiembre","isPartOf":{"@id":"https:\/\/aeronoticias.com.pe\/noticiero\/#website"},"datePublished":"2011-09-12T01:59:50+00:00","author":{"@id":"https:\/\/aeronoticias.com.pe\/noticiero\/#\/schema\/person\/fc1e5d578f4b62ba1cf7ac2bba1170a0"},"description":"Portal de noticias del Per\u00fa sobre el transporte a\u00e9reo, aviaci\u00f3n, turismo, hoteleria, actualidad.","breadcrumb":{"@id":"https:\/\/aeronoticias.com.pe\/noticiero\/internacionales\/estados-unidos-brindo-homenaje-a-las-victimas-del-11-de-setiembre\/#breadcrumb"},"inLanguage":"es","potentialAction":[{"@type":"ReadAction","target":["https:\/\/aeronoticias.com.pe\/noticiero\/internacionales\/estados-unidos-brindo-homenaje-a-las-victimas-del-11-de-setiembre\/"]}]},{"@type":"BreadcrumbList","@id":"https:\/\/aeronoticias.com.pe\/noticiero\/internacionales\/estados-unidos-brindo-homenaje-a-las-victimas-del-11-de-setiembre\/#breadcrumb","itemListElement":[{"@type":"ListItem","position":1,"name":"Portada","item":"https:\/\/aeronoticias.com.pe\/noticiero\/"},{"@type":"ListItem","position":2,"name":"Estados Unidos brind\u00f3 homenaje a las v\u00edctimas del 11 de setiembre"}]},{"@type":"WebSite","@id":"https:\/\/aeronoticias.com.pe\/noticiero\/#website","url":"https:\/\/aeronoticias.com.pe\/noticiero\/","name":"Aeronoticias.com.pe","description":"Noticias de tranporte aereo, turismo, hoteles, gastronomia, actualidad, internacional","potentialAction":[{"@type":"SearchAction","target":{"@type":"EntryPoint","urlTemplate":"https:\/\/aeronoticias.com.pe\/noticiero\/?s={search_term_string}"},"query-input":{"@type":"PropertyValueSpecification","valueRequired":true,"valueName":"search_term_string"}}],"inLanguage":"es"},{"@type":"Person","@id":"https:\/\/aeronoticias.com.pe\/noticiero\/#\/schema\/person\/fc1e5d578f4b62ba1cf7ac2bba1170a0","name":"Redacci\u00f3n Aeronoticias","url":"https:\/\/aeronoticias.com.pe\/noticiero\/author\/piloto\/"}]}},"_links":{"self":[{"href":"https:\/\/aeronoticias.com.pe\/noticiero\/wp-json\/wp\/v2\/posts\/19209","targetHints":{"allow":["GET"]}}],"collection":[{"href":"https:\/\/aeronoticias.com.pe\/noticiero\/wp-json\/wp\/v2\/posts"}],"about":[{"href":"https:\/\/aeronoticias.com.pe\/noticiero\/wp-json\/wp\/v2\/types\/post"}],"author":[{"embeddable":true,"href":"https:\/\/aeronoticias.com.pe\/noticiero\/wp-json\/wp\/v2\/users\/1"}],"replies":[{"embeddable":true,"href":"https:\/\/aeronoticias.com.pe\/noticiero\/wp-json\/wp\/v2\/comments?post=19209"}],"version-history":[{"count":0,"href":"https:\/\/aeronoticias.com.pe\/noticiero\/wp-json\/wp\/v2\/posts\/19209\/revisions"}],"wp:attachment":[{"href":"https:\/\/aeronoticias.com.pe\/noticiero\/wp-json\/wp\/v2\/media?parent=19209"}],"wp:term":[{"taxonomy":"category","embeddable":true,"href":"https:\/\/aeronoticias.com.pe\/noticiero\/wp-json\/wp\/v2\/categories?post=19209"},{"taxonomy":"post_tag","embeddable":true,"href":"https:\/\/aeronoticias.com.pe\/noticiero\/wp-json\/wp\/v2\/tags?post=19209"}],"curies":[{"name":"wp","href":"https:\/\/api.w.org\/{rel}","templated":true}]}}