{"id":19214,"date":"2011-09-12T14:15:05","date_gmt":"2011-09-12T14:15:05","guid":{"rendered":"http:\/\/desarrollo.mcvicious.com\/aero2020\/2011\/09\/12\/ingreso-de-nuevas-aerolineas-consolidara-a-lima-como-hub-en-la-region\/"},"modified":"2011-09-12T14:15:05","modified_gmt":"2011-09-12T14:15:05","slug":"ingreso-de-nuevas-aerolineas-consolidara-a-lima-como-hub-en-la-region","status":"publish","type":"post","link":"https:\/\/aeronoticias.com.pe\/noticiero\/transporte-aereo\/nacional\/ingreso-de-nuevas-aerolineas-consolidara-a-lima-como-hub-en-la-region\/","title":{"rendered":"Ingreso de nuevas aerol\u00edneas consolidar\u00e1 a Lima como hub en la regi\u00f3n"},"content":{"rendered":"<p style=\"text-align: justify;\"><strong>(Aeronoticias).-<\/strong> La capital peruana, Lima, se consolidar\u00e1 como hub en la regi\u00f3n con el ingreso de nuevas aerol\u00edneas y el incremento de frecuencias, afirm\u00f3 hoy el ministro de Comercio Exterior y Turismo (Mincetur), Jos\u00e9 Luis Silva Martinot.<\/p>\n<p style=\"text-align: justify;\">\u201cLima es el hub en Sudam\u00e9rica, tenemos el mejor puerto, que mueve el mayor n\u00famero de contenedores, tenemos un aeropuerto que est\u00e1 conectado a todo Sudam\u00e9rica y el mundo y esperamos que en el futuro nuevas aerol\u00edneas de todo el mundo comiencen a venir a Lima\u201d, declar\u00f3 Silva a la agencia Andina.<\/p>\n<p style=\"text-align: justify;\">Coment\u00f3 que el embajador de la Rep\u00fablica de Corea en Lima, Park Hee Kwon, \u00a0lo invit\u00f3 a su pa\u00eds para que se re\u00fana con el presidente de la aerol\u00ednea Korean Air, Cho Yang-Ho Cho y que s\u00f3lo est\u00e1 a la espera de que le comuniquen la fecha del viaje.<\/p>\n<p>  <!--more-->  <\/p>\n<p style=\"text-align: justify;\">En marzo de este a\u00f1o, el ministro consejero de la embajada de Corea en Lima, Kim Wan-joong, inform\u00f3 que Korean Air definir\u00eda su ingreso a Per\u00fa en el 2011, motivado por el acuerdo de servicios de transporte a\u00e9reo que ambos pa\u00edses suscribir\u00edan este a\u00f1o.<\/p>\n<p style=\"text-align: justify;\">Asimismo, Silva inform\u00f3 que se definir\u00e1 una nueva fecha para la reuni\u00f3n prevista en Canad\u00e1 con Donald J. Carty, presidente de Porter Airlines, una aerol\u00ednea canadiense que realiza vuelos regionales en ese pa\u00eds.<\/p>\n<p style=\"text-align: justify;\">Expres\u00f3, asimismo, que tan importante como fomentar el ingreso de nuevas aerol\u00edneas es aumentar el n\u00famero de frecuencias de las aerol\u00edneas que ya operan en el Per\u00fa, lo que contribuir\u00e1 a alcanzar la meta de 3.5 millones de turistas extranjeros en el 2016.<\/p>\n<p style=\"text-align: justify;\">Indic\u00f3 que el Mincetur tambi\u00e9n est\u00e1 llevando a cabo una serie de acciones para que Lima sea sede de distintas ferias regionales y mundiales, lo que no s\u00f3lo atraer\u00e1 turistas sino empresarios de todo el mundo con capacidad de invertir en el pa\u00eds.<\/p>\n<p style=\"text-align: justify;\">\u201cPensamos que Lima tiene una posici\u00f3n estrat\u00e9gica y lo consideramos el lugar preciso para invertir en la regi\u00f3n\u201d, remarc\u00f3.<\/p>\n<p style=\"text-align: justify;\">Agencia Andina.<\/p>\n<p style=\"text-align: justify;\"><img decoding=\"async\" src=\"images\/stories\/11\/09\/120911\/lima_hub_aerolineas.jpg\" border=\"0\" alt=\"Ingreso de nuevas aerol\u00edneas consolidar\u00e1 a Lima como hub en la regi\u00f3n\" title=\"Ingreso de nuevas aerol\u00edneas consolidar\u00e1 a Lima como hub en la regi\u00f3n\" \/><\/p>\n","protected":false},"excerpt":{"rendered":"<p>(Aeronoticias).- La capital peruana, Lima, se consolidar\u00e1 como hub en la regi\u00f3n con el ingreso de nuevas aerol\u00edneas y el incremento de frecuencias, afirm\u00f3 hoy el ministro de Comercio Exterior y Turismo (Mincetur), Jos\u00e9 Luis Silva Martinot. \u201cLima es el hub en Sudam\u00e9rica, tenemos el mejor puerto, que mueve el mayor n\u00famero de contenedores, tenemos [&hellip;]<\/p>\n","protected":false},"author":1,"featured_media":0,"comment_status":"open","ping_status":"open","sticky":false,"template":"","format":"standard","meta":{"tdm_status":"","tdm_grid_status":"","footnotes":""},"categories":[51],"tags":[],"class_list":{"0":"post-19214","1":"post","2":"type-post","3":"status-publish","4":"format-standard","6":"category-nacional"},"yoast_head":"<!-- This site is optimized with the Yoast SEO plugin v25.1 - https:\/\/yoast.com\/wordpress\/plugins\/seo\/ -->\n<title>Ingreso de nuevas aerol\u00edneas consolidar\u00e1 a Lima como hub en la regi\u00f3n<\/title>\n<meta name=\"description\" content=\"Portal de noticias del Per\u00fa sobre el transporte a\u00e9reo, aviaci\u00f3n, turismo, hoteleria, actualidad.\" \/>\n<meta name=\"robots\" content=\"index, follow, max-snippet:-1, max-image-preview:large, max-video-preview:-1\" \/>\n<link rel=\"canonical\" href=\"https:\/\/aeronoticias.com.pe\/noticiero\/transporte-aereo\/nacional\/ingreso-de-nuevas-aerolineas-consolidara-a-lima-como-hub-en-la-region\/\" \/>\n<meta property=\"og:locale\" content=\"es_ES\" \/>\n<meta property=\"og:type\" content=\"article\" \/>\n<meta property=\"og:title\" content=\"Ingreso de nuevas aerol\u00edneas consolidar\u00e1 a Lima como hub en la regi\u00f3n\" \/>\n<meta property=\"og:description\" content=\"Portal de noticias del Per\u00fa sobre el transporte a\u00e9reo, aviaci\u00f3n, turismo, hoteleria, actualidad.\" \/>\n<meta property=\"og:url\" content=\"https:\/\/aeronoticias.com.pe\/noticiero\/transporte-aereo\/nacional\/ingreso-de-nuevas-aerolineas-consolidara-a-lima-como-hub-en-la-region\/\" \/>\n<meta property=\"og:site_name\" content=\"Aeronoticias.com.pe\" \/>\n<meta property=\"article:publisher\" content=\"https:\/\/www.facebook.com\/Aeronoticias.com.pe\/\" \/>\n<meta property=\"article:published_time\" content=\"2011-09-12T14:15:05+00:00\" \/>\n<meta name=\"author\" content=\"Redacci\u00f3n Aeronoticias\" \/>\n<meta name=\"twitter:card\" content=\"summary_large_image\" \/>\n<meta name=\"twitter:creator\" content=\"@aeronoticias\" \/>\n<meta name=\"twitter:site\" content=\"@aeronoticias\" \/>\n<meta name=\"twitter:label1\" content=\"Escrito por\" \/>\n\t<meta name=\"twitter:data1\" content=\"Redacci\u00f3n Aeronoticias\" \/>\n\t<meta name=\"twitter:label2\" content=\"Tiempo de lectura\" \/>\n\t<meta name=\"twitter:data2\" content=\"2 minutos\" \/>\n<script type=\"application\/ld+json\" class=\"yoast-schema-graph\">{\"@context\":\"https:\/\/schema.org\",\"@graph\":[{\"@type\":\"WebPage\",\"@id\":\"https:\/\/aeronoticias.com.pe\/noticiero\/transporte-aereo\/nacional\/ingreso-de-nuevas-aerolineas-consolidara-a-lima-como-hub-en-la-region\/\",\"url\":\"https:\/\/aeronoticias.com.pe\/noticiero\/transporte-aereo\/nacional\/ingreso-de-nuevas-aerolineas-consolidara-a-lima-como-hub-en-la-region\/\",\"name\":\"Ingreso de nuevas aerol\u00edneas consolidar\u00e1 a Lima como hub en la regi\u00f3n\",\"isPartOf\":{\"@id\":\"https:\/\/aeronoticias.com.pe\/noticiero\/#website\"},\"datePublished\":\"2011-09-12T14:15:05+00:00\",\"author\":{\"@id\":\"https:\/\/aeronoticias.com.pe\/noticiero\/#\/schema\/person\/fc1e5d578f4b62ba1cf7ac2bba1170a0\"},\"description\":\"Portal de noticias del Per\u00fa sobre el transporte a\u00e9reo, aviaci\u00f3n, turismo, hoteleria, actualidad.\",\"breadcrumb\":{\"@id\":\"https:\/\/aeronoticias.com.pe\/noticiero\/transporte-aereo\/nacional\/ingreso-de-nuevas-aerolineas-consolidara-a-lima-como-hub-en-la-region\/#breadcrumb\"},\"inLanguage\":\"es\",\"potentialAction\":[{\"@type\":\"ReadAction\",\"target\":[\"https:\/\/aeronoticias.com.pe\/noticiero\/transporte-aereo\/nacional\/ingreso-de-nuevas-aerolineas-consolidara-a-lima-como-hub-en-la-region\/\"]}]},{\"@type\":\"BreadcrumbList\",\"@id\":\"https:\/\/aeronoticias.com.pe\/noticiero\/transporte-aereo\/nacional\/ingreso-de-nuevas-aerolineas-consolidara-a-lima-como-hub-en-la-region\/#breadcrumb\",\"itemListElement\":[{\"@type\":\"ListItem\",\"position\":1,\"name\":\"Portada\",\"item\":\"https:\/\/aeronoticias.com.pe\/noticiero\/\"},{\"@type\":\"ListItem\",\"position\":2,\"name\":\"Ingreso de nuevas aerol\u00edneas consolidar\u00e1 a Lima como hub en la regi\u00f3n\"}]},{\"@type\":\"WebSite\",\"@id\":\"https:\/\/aeronoticias.com.pe\/noticiero\/#website\",\"url\":\"https:\/\/aeronoticias.com.pe\/noticiero\/\",\"name\":\"Aeronoticias.com.pe\",\"description\":\"Noticias de tranporte aereo, turismo, hoteles, gastronomia, actualidad, internacional\",\"potentialAction\":[{\"@type\":\"SearchAction\",\"target\":{\"@type\":\"EntryPoint\",\"urlTemplate\":\"https:\/\/aeronoticias.com.pe\/noticiero\/?s={search_term_string}\"},\"query-input\":{\"@type\":\"PropertyValueSpecification\",\"valueRequired\":true,\"valueName\":\"search_term_string\"}}],\"inLanguage\":\"es\"},{\"@type\":\"Person\",\"@id\":\"https:\/\/aeronoticias.com.pe\/noticiero\/#\/schema\/person\/fc1e5d578f4b62ba1cf7ac2bba1170a0\",\"name\":\"Redacci\u00f3n Aeronoticias\",\"url\":\"https:\/\/aeronoticias.com.pe\/noticiero\/author\/piloto\/\"}]}<\/script>\n<!-- \/ Yoast SEO plugin. -->","yoast_head_json":{"title":"Ingreso de nuevas aerol\u00edneas consolidar\u00e1 a Lima como hub en la regi\u00f3n","description":"Portal de noticias del Per\u00fa sobre el transporte a\u00e9reo, aviaci\u00f3n, turismo, hoteleria, actualidad.","robots":{"index":"index","follow":"follow","max-snippet":"max-snippet:-1","max-image-preview":"max-image-preview:large","max-video-preview":"max-video-preview:-1"},"canonical":"https:\/\/aeronoticias.com.pe\/noticiero\/transporte-aereo\/nacional\/ingreso-de-nuevas-aerolineas-consolidara-a-lima-como-hub-en-la-region\/","og_locale":"es_ES","og_type":"article","og_title":"Ingreso de nuevas aerol\u00edneas consolidar\u00e1 a Lima como hub en la regi\u00f3n","og_description":"Portal de noticias del Per\u00fa sobre el transporte a\u00e9reo, aviaci\u00f3n, turismo, hoteleria, actualidad.","og_url":"https:\/\/aeronoticias.com.pe\/noticiero\/transporte-aereo\/nacional\/ingreso-de-nuevas-aerolineas-consolidara-a-lima-como-hub-en-la-region\/","og_site_name":"Aeronoticias.com.pe","article_publisher":"https:\/\/www.facebook.com\/Aeronoticias.com.pe\/","article_published_time":"2011-09-12T14:15:05+00:00","author":"Redacci\u00f3n Aeronoticias","twitter_card":"summary_large_image","twitter_creator":"@aeronoticias","twitter_site":"@aeronoticias","twitter_misc":{"Escrito por":"Redacci\u00f3n Aeronoticias","Tiempo de lectura":"2 minutos"},"schema":{"@context":"https:\/\/schema.org","@graph":[{"@type":"WebPage","@id":"https:\/\/aeronoticias.com.pe\/noticiero\/transporte-aereo\/nacional\/ingreso-de-nuevas-aerolineas-consolidara-a-lima-como-hub-en-la-region\/","url":"https:\/\/aeronoticias.com.pe\/noticiero\/transporte-aereo\/nacional\/ingreso-de-nuevas-aerolineas-consolidara-a-lima-como-hub-en-la-region\/","name":"Ingreso de nuevas aerol\u00edneas consolidar\u00e1 a Lima como hub en la regi\u00f3n","isPartOf":{"@id":"https:\/\/aeronoticias.com.pe\/noticiero\/#website"},"datePublished":"2011-09-12T14:15:05+00:00","author":{"@id":"https:\/\/aeronoticias.com.pe\/noticiero\/#\/schema\/person\/fc1e5d578f4b62ba1cf7ac2bba1170a0"},"description":"Portal de noticias del Per\u00fa sobre el transporte a\u00e9reo, aviaci\u00f3n, turismo, hoteleria, actualidad.","breadcrumb":{"@id":"https:\/\/aeronoticias.com.pe\/noticiero\/transporte-aereo\/nacional\/ingreso-de-nuevas-aerolineas-consolidara-a-lima-como-hub-en-la-region\/#breadcrumb"},"inLanguage":"es","potentialAction":[{"@type":"ReadAction","target":["https:\/\/aeronoticias.com.pe\/noticiero\/transporte-aereo\/nacional\/ingreso-de-nuevas-aerolineas-consolidara-a-lima-como-hub-en-la-region\/"]}]},{"@type":"BreadcrumbList","@id":"https:\/\/aeronoticias.com.pe\/noticiero\/transporte-aereo\/nacional\/ingreso-de-nuevas-aerolineas-consolidara-a-lima-como-hub-en-la-region\/#breadcrumb","itemListElement":[{"@type":"ListItem","position":1,"name":"Portada","item":"https:\/\/aeronoticias.com.pe\/noticiero\/"},{"@type":"ListItem","position":2,"name":"Ingreso de nuevas aerol\u00edneas consolidar\u00e1 a Lima como hub en la regi\u00f3n"}]},{"@type":"WebSite","@id":"https:\/\/aeronoticias.com.pe\/noticiero\/#website","url":"https:\/\/aeronoticias.com.pe\/noticiero\/","name":"Aeronoticias.com.pe","description":"Noticias de tranporte aereo, turismo, hoteles, gastronomia, actualidad, internacional","potentialAction":[{"@type":"SearchAction","target":{"@type":"EntryPoint","urlTemplate":"https:\/\/aeronoticias.com.pe\/noticiero\/?s={search_term_string}"},"query-input":{"@type":"PropertyValueSpecification","valueRequired":true,"valueName":"search_term_string"}}],"inLanguage":"es"},{"@type":"Person","@id":"https:\/\/aeronoticias.com.pe\/noticiero\/#\/schema\/person\/fc1e5d578f4b62ba1cf7ac2bba1170a0","name":"Redacci\u00f3n Aeronoticias","url":"https:\/\/aeronoticias.com.pe\/noticiero\/author\/piloto\/"}]}},"_links":{"self":[{"href":"https:\/\/aeronoticias.com.pe\/noticiero\/wp-json\/wp\/v2\/posts\/19214","targetHints":{"allow":["GET"]}}],"collection":[{"href":"https:\/\/aeronoticias.com.pe\/noticiero\/wp-json\/wp\/v2\/posts"}],"about":[{"href":"https:\/\/aeronoticias.com.pe\/noticiero\/wp-json\/wp\/v2\/types\/post"}],"author":[{"embeddable":true,"href":"https:\/\/aeronoticias.com.pe\/noticiero\/wp-json\/wp\/v2\/users\/1"}],"replies":[{"embeddable":true,"href":"https:\/\/aeronoticias.com.pe\/noticiero\/wp-json\/wp\/v2\/comments?post=19214"}],"version-history":[{"count":0,"href":"https:\/\/aeronoticias.com.pe\/noticiero\/wp-json\/wp\/v2\/posts\/19214\/revisions"}],"wp:attachment":[{"href":"https:\/\/aeronoticias.com.pe\/noticiero\/wp-json\/wp\/v2\/media?parent=19214"}],"wp:term":[{"taxonomy":"category","embeddable":true,"href":"https:\/\/aeronoticias.com.pe\/noticiero\/wp-json\/wp\/v2\/categories?post=19214"},{"taxonomy":"post_tag","embeddable":true,"href":"https:\/\/aeronoticias.com.pe\/noticiero\/wp-json\/wp\/v2\/tags?post=19214"}],"curies":[{"name":"wp","href":"https:\/\/api.w.org\/{rel}","templated":true}]}}