{"id":19215,"date":"2011-09-12T14:36:55","date_gmt":"2011-09-12T14:36:55","guid":{"rendered":"http:\/\/desarrollo.mcvicious.com\/aero2020\/2011\/09\/12\/ponen-en-valor-dos-caminos-preincaicos-en-el-valle-del-colca-de-arequipa\/"},"modified":"2011-09-12T14:36:55","modified_gmt":"2011-09-12T14:36:55","slug":"ponen-en-valor-dos-caminos-preincaicos-en-el-valle-del-colca-de-arequipa","status":"publish","type":"post","link":"https:\/\/aeronoticias.com.pe\/noticiero\/turismo\/13\/ponen-en-valor-dos-caminos-preincaicos-en-el-valle-del-colca-de-arequipa\/","title":{"rendered":"Ponen en valor dos caminos preincaicos en el valle del Colca de Arequipa"},"content":{"rendered":"<p style=\"text-align: justify;\"><strong>(Aeronoticias).-<\/strong> Con el prop\u00f3sito de ofrecer una nueva alternativa tur\u00edstica para quienes llegan al valle del Colca, la Organizaci\u00f3n de Gesti\u00f3n de Destino (OGD) Arequipa trabaja en la puesta en valor dos caminos preincaicos que conectan los distritos de Coporaque y Yanque.<\/p>\n<p style=\"text-align: justify;\">Melvi Vargas Benavente, directora ejecutiva de la OGD, explic\u00f3 que el proyecto busca optimizar caminos que fueron utilizados por los primeros habitantes de la zona y cuyos recorridos permiten mostrar la belleza natural del sector.<\/p>\n<p style=\"text-align: justify;\">Cruzar las dos rutas demanda de dos horas y media a tres horas cada uno, tiempo en que se puede observar el ca\u00f1\u00f3n del Colca, el complejo arqueol\u00f3gico Uyo Uyo, la andener\u00eda declarada Patrimonio Cultural de la Naci\u00f3n y otros paisajes.<\/p>\n<p>  <!--more-->  <\/p>\n<p style=\"text-align: justify;\">Refiri\u00f3 que existen al menos diez caminos que unen Coporaque y Yanque, pero ellos eligieron dos debido a los paisajes que permiten observar durante su recorrido.<\/p>\n<p style=\"text-align: justify;\">Se\u00f1al\u00f3 tambi\u00e9n que ambas localidades fueron elegidas para desarrollar el proyecto, ya que en ellas existe un trabajo de turismo rural comunitario, propuestas que se complementan para ofrecer servicios adecuados a los visitantes.<\/p>\n<p style=\"text-align: justify;\">\u201cEl trabajo que desarrolla la ODG Arequipa se hace pensando en ofrecer nuevas alternativas tur\u00edsticas a quienes llegan al valle del Colca, que ellos puedan contar con los servicios necesario y b\u00e1sicos para pasar una agradable estad\u00eda\u201d, manifest\u00f3.<\/p>\n<p style=\"text-align: justify;\">La OGD Arequipa invirti\u00f3 al menos 150 mil nuevos soles en el proyecto, financiado por entidades privadas ligadas al turismo y afiliadas a dicha organizaci\u00f3n; el Ministerio de Cultura autoriz\u00f3 y supervis\u00f3 el trabajo.<\/p>\n<p style=\"text-align: justify;\">Las obras se iniciaron en marzo y deben concluir en octubre para ser presentadas oficialmente.<\/p>\n<p style=\"text-align: justify;\">Agencia Andina.<\/p>\n<p style=\"text-align: justify;\"><img decoding=\"async\" src=\"images\/stories\/11\/09\/120911\/valle_colca_camino_inca.jpg\" border=\"0\" alt=\"Ponen en valor dos caminos preincaicos en el valle del Colca de Arequipa\" title=\"Ponen en valor dos caminos preincaicos en el valle del Colca de Arequipa\" \/><\/p>\n","protected":false},"excerpt":{"rendered":"<p>(Aeronoticias).- Con el prop\u00f3sito de ofrecer una nueva alternativa tur\u00edstica para quienes llegan al valle del Colca, la Organizaci\u00f3n de Gesti\u00f3n de Destino (OGD) Arequipa trabaja en la puesta en valor dos caminos preincaicos que conectan los distritos de Coporaque y Yanque. Melvi Vargas Benavente, directora ejecutiva de la OGD, explic\u00f3 que el proyecto busca [&hellip;]<\/p>\n","protected":false},"author":1,"featured_media":0,"comment_status":"open","ping_status":"open","sticky":false,"template":"","format":"standard","meta":{"tdm_status":"","tdm_grid_status":"","footnotes":""},"categories":[31],"tags":[],"class_list":{"0":"post-19215","1":"post","2":"type-post","3":"status-publish","4":"format-standard","6":"category-31"},"yoast_head":"<!-- This site is optimized with the Yoast SEO plugin v25.1 - https:\/\/yoast.com\/wordpress\/plugins\/seo\/ -->\n<title>Ponen en valor dos caminos preincaicos en el valle del Colca de Arequipa<\/title>\n<meta name=\"description\" content=\"Portal de noticias del Per\u00fa sobre el transporte a\u00e9reo, aviaci\u00f3n, turismo, hoteleria, actualidad.\" \/>\n<meta name=\"robots\" content=\"index, follow, max-snippet:-1, max-image-preview:large, max-video-preview:-1\" \/>\n<link rel=\"canonical\" href=\"https:\/\/aeronoticias.com.pe\/noticiero\/turismo\/13\/ponen-en-valor-dos-caminos-preincaicos-en-el-valle-del-colca-de-arequipa\/\" \/>\n<meta property=\"og:locale\" content=\"es_ES\" \/>\n<meta property=\"og:type\" content=\"article\" \/>\n<meta property=\"og:title\" content=\"Ponen en valor dos caminos preincaicos en el valle del Colca de Arequipa\" \/>\n<meta property=\"og:description\" content=\"Portal de noticias del Per\u00fa sobre el transporte a\u00e9reo, aviaci\u00f3n, turismo, hoteleria, actualidad.\" \/>\n<meta property=\"og:url\" content=\"https:\/\/aeronoticias.com.pe\/noticiero\/turismo\/13\/ponen-en-valor-dos-caminos-preincaicos-en-el-valle-del-colca-de-arequipa\/\" \/>\n<meta property=\"og:site_name\" content=\"Aeronoticias.com.pe\" \/>\n<meta property=\"article:publisher\" content=\"https:\/\/www.facebook.com\/Aeronoticias.com.pe\/\" \/>\n<meta property=\"article:published_time\" content=\"2011-09-12T14:36:55+00:00\" \/>\n<meta name=\"author\" content=\"Redacci\u00f3n Aeronoticias\" \/>\n<meta name=\"twitter:card\" content=\"summary_large_image\" \/>\n<meta name=\"twitter:creator\" content=\"@aeronoticias\" \/>\n<meta name=\"twitter:site\" content=\"@aeronoticias\" \/>\n<meta name=\"twitter:label1\" content=\"Escrito por\" \/>\n\t<meta name=\"twitter:data1\" content=\"Redacci\u00f3n Aeronoticias\" \/>\n\t<meta name=\"twitter:label2\" content=\"Tiempo de lectura\" \/>\n\t<meta name=\"twitter:data2\" content=\"1 minuto\" \/>\n<script type=\"application\/ld+json\" class=\"yoast-schema-graph\">{\"@context\":\"https:\/\/schema.org\",\"@graph\":[{\"@type\":\"WebPage\",\"@id\":\"https:\/\/aeronoticias.com.pe\/noticiero\/turismo\/13\/ponen-en-valor-dos-caminos-preincaicos-en-el-valle-del-colca-de-arequipa\/\",\"url\":\"https:\/\/aeronoticias.com.pe\/noticiero\/turismo\/13\/ponen-en-valor-dos-caminos-preincaicos-en-el-valle-del-colca-de-arequipa\/\",\"name\":\"Ponen en valor dos caminos preincaicos en el valle del Colca de Arequipa\",\"isPartOf\":{\"@id\":\"https:\/\/aeronoticias.com.pe\/noticiero\/#website\"},\"datePublished\":\"2011-09-12T14:36:55+00:00\",\"author\":{\"@id\":\"https:\/\/aeronoticias.com.pe\/noticiero\/#\/schema\/person\/fc1e5d578f4b62ba1cf7ac2bba1170a0\"},\"description\":\"Portal de noticias del Per\u00fa sobre el transporte a\u00e9reo, aviaci\u00f3n, turismo, hoteleria, actualidad.\",\"breadcrumb\":{\"@id\":\"https:\/\/aeronoticias.com.pe\/noticiero\/turismo\/13\/ponen-en-valor-dos-caminos-preincaicos-en-el-valle-del-colca-de-arequipa\/#breadcrumb\"},\"inLanguage\":\"es\",\"potentialAction\":[{\"@type\":\"ReadAction\",\"target\":[\"https:\/\/aeronoticias.com.pe\/noticiero\/turismo\/13\/ponen-en-valor-dos-caminos-preincaicos-en-el-valle-del-colca-de-arequipa\/\"]}]},{\"@type\":\"BreadcrumbList\",\"@id\":\"https:\/\/aeronoticias.com.pe\/noticiero\/turismo\/13\/ponen-en-valor-dos-caminos-preincaicos-en-el-valle-del-colca-de-arequipa\/#breadcrumb\",\"itemListElement\":[{\"@type\":\"ListItem\",\"position\":1,\"name\":\"Portada\",\"item\":\"https:\/\/aeronoticias.com.pe\/noticiero\/\"},{\"@type\":\"ListItem\",\"position\":2,\"name\":\"Ponen en valor dos caminos preincaicos en el valle del Colca de Arequipa\"}]},{\"@type\":\"WebSite\",\"@id\":\"https:\/\/aeronoticias.com.pe\/noticiero\/#website\",\"url\":\"https:\/\/aeronoticias.com.pe\/noticiero\/\",\"name\":\"Aeronoticias.com.pe\",\"description\":\"Noticias de tranporte aereo, turismo, hoteles, gastronomia, actualidad, internacional\",\"potentialAction\":[{\"@type\":\"SearchAction\",\"target\":{\"@type\":\"EntryPoint\",\"urlTemplate\":\"https:\/\/aeronoticias.com.pe\/noticiero\/?s={search_term_string}\"},\"query-input\":{\"@type\":\"PropertyValueSpecification\",\"valueRequired\":true,\"valueName\":\"search_term_string\"}}],\"inLanguage\":\"es\"},{\"@type\":\"Person\",\"@id\":\"https:\/\/aeronoticias.com.pe\/noticiero\/#\/schema\/person\/fc1e5d578f4b62ba1cf7ac2bba1170a0\",\"name\":\"Redacci\u00f3n Aeronoticias\",\"url\":\"https:\/\/aeronoticias.com.pe\/noticiero\/author\/piloto\/\"}]}<\/script>\n<!-- \/ Yoast SEO plugin. -->","yoast_head_json":{"title":"Ponen en valor dos caminos preincaicos en el valle del Colca de Arequipa","description":"Portal de noticias del Per\u00fa sobre el transporte a\u00e9reo, aviaci\u00f3n, turismo, hoteleria, actualidad.","robots":{"index":"index","follow":"follow","max-snippet":"max-snippet:-1","max-image-preview":"max-image-preview:large","max-video-preview":"max-video-preview:-1"},"canonical":"https:\/\/aeronoticias.com.pe\/noticiero\/turismo\/13\/ponen-en-valor-dos-caminos-preincaicos-en-el-valle-del-colca-de-arequipa\/","og_locale":"es_ES","og_type":"article","og_title":"Ponen en valor dos caminos preincaicos en el valle del Colca de Arequipa","og_description":"Portal de noticias del Per\u00fa sobre el transporte a\u00e9reo, aviaci\u00f3n, turismo, hoteleria, actualidad.","og_url":"https:\/\/aeronoticias.com.pe\/noticiero\/turismo\/13\/ponen-en-valor-dos-caminos-preincaicos-en-el-valle-del-colca-de-arequipa\/","og_site_name":"Aeronoticias.com.pe","article_publisher":"https:\/\/www.facebook.com\/Aeronoticias.com.pe\/","article_published_time":"2011-09-12T14:36:55+00:00","author":"Redacci\u00f3n Aeronoticias","twitter_card":"summary_large_image","twitter_creator":"@aeronoticias","twitter_site":"@aeronoticias","twitter_misc":{"Escrito por":"Redacci\u00f3n Aeronoticias","Tiempo de lectura":"1 minuto"},"schema":{"@context":"https:\/\/schema.org","@graph":[{"@type":"WebPage","@id":"https:\/\/aeronoticias.com.pe\/noticiero\/turismo\/13\/ponen-en-valor-dos-caminos-preincaicos-en-el-valle-del-colca-de-arequipa\/","url":"https:\/\/aeronoticias.com.pe\/noticiero\/turismo\/13\/ponen-en-valor-dos-caminos-preincaicos-en-el-valle-del-colca-de-arequipa\/","name":"Ponen en valor dos caminos preincaicos en el valle del Colca de Arequipa","isPartOf":{"@id":"https:\/\/aeronoticias.com.pe\/noticiero\/#website"},"datePublished":"2011-09-12T14:36:55+00:00","author":{"@id":"https:\/\/aeronoticias.com.pe\/noticiero\/#\/schema\/person\/fc1e5d578f4b62ba1cf7ac2bba1170a0"},"description":"Portal de noticias del Per\u00fa sobre el transporte a\u00e9reo, aviaci\u00f3n, turismo, hoteleria, actualidad.","breadcrumb":{"@id":"https:\/\/aeronoticias.com.pe\/noticiero\/turismo\/13\/ponen-en-valor-dos-caminos-preincaicos-en-el-valle-del-colca-de-arequipa\/#breadcrumb"},"inLanguage":"es","potentialAction":[{"@type":"ReadAction","target":["https:\/\/aeronoticias.com.pe\/noticiero\/turismo\/13\/ponen-en-valor-dos-caminos-preincaicos-en-el-valle-del-colca-de-arequipa\/"]}]},{"@type":"BreadcrumbList","@id":"https:\/\/aeronoticias.com.pe\/noticiero\/turismo\/13\/ponen-en-valor-dos-caminos-preincaicos-en-el-valle-del-colca-de-arequipa\/#breadcrumb","itemListElement":[{"@type":"ListItem","position":1,"name":"Portada","item":"https:\/\/aeronoticias.com.pe\/noticiero\/"},{"@type":"ListItem","position":2,"name":"Ponen en valor dos caminos preincaicos en el valle del Colca de Arequipa"}]},{"@type":"WebSite","@id":"https:\/\/aeronoticias.com.pe\/noticiero\/#website","url":"https:\/\/aeronoticias.com.pe\/noticiero\/","name":"Aeronoticias.com.pe","description":"Noticias de tranporte aereo, turismo, hoteles, gastronomia, actualidad, internacional","potentialAction":[{"@type":"SearchAction","target":{"@type":"EntryPoint","urlTemplate":"https:\/\/aeronoticias.com.pe\/noticiero\/?s={search_term_string}"},"query-input":{"@type":"PropertyValueSpecification","valueRequired":true,"valueName":"search_term_string"}}],"inLanguage":"es"},{"@type":"Person","@id":"https:\/\/aeronoticias.com.pe\/noticiero\/#\/schema\/person\/fc1e5d578f4b62ba1cf7ac2bba1170a0","name":"Redacci\u00f3n Aeronoticias","url":"https:\/\/aeronoticias.com.pe\/noticiero\/author\/piloto\/"}]}},"_links":{"self":[{"href":"https:\/\/aeronoticias.com.pe\/noticiero\/wp-json\/wp\/v2\/posts\/19215","targetHints":{"allow":["GET"]}}],"collection":[{"href":"https:\/\/aeronoticias.com.pe\/noticiero\/wp-json\/wp\/v2\/posts"}],"about":[{"href":"https:\/\/aeronoticias.com.pe\/noticiero\/wp-json\/wp\/v2\/types\/post"}],"author":[{"embeddable":true,"href":"https:\/\/aeronoticias.com.pe\/noticiero\/wp-json\/wp\/v2\/users\/1"}],"replies":[{"embeddable":true,"href":"https:\/\/aeronoticias.com.pe\/noticiero\/wp-json\/wp\/v2\/comments?post=19215"}],"version-history":[{"count":0,"href":"https:\/\/aeronoticias.com.pe\/noticiero\/wp-json\/wp\/v2\/posts\/19215\/revisions"}],"wp:attachment":[{"href":"https:\/\/aeronoticias.com.pe\/noticiero\/wp-json\/wp\/v2\/media?parent=19215"}],"wp:term":[{"taxonomy":"category","embeddable":true,"href":"https:\/\/aeronoticias.com.pe\/noticiero\/wp-json\/wp\/v2\/categories?post=19215"},{"taxonomy":"post_tag","embeddable":true,"href":"https:\/\/aeronoticias.com.pe\/noticiero\/wp-json\/wp\/v2\/tags?post=19215"}],"curies":[{"name":"wp","href":"https:\/\/api.w.org\/{rel}","templated":true}]}}