{"id":194,"date":"2008-08-08T19:01:06","date_gmt":"2008-08-08T19:01:06","guid":{"rendered":"http:\/\/desarrollo.mcvicious.com\/aero2020\/2008\/08\/08\/mercedes-ar-alan-garcsi-tuvo-presente-al-turismo-en-mensaje-presidencial\/"},"modified":"2008-08-08T19:01:06","modified_gmt":"2008-08-08T19:01:06","slug":"mercedes-ar-alan-garcsi-tuvo-presente-al-turismo-en-mensaje-presidencial","status":"publish","type":"post","link":"https:\/\/aeronoticias.com.pe\/noticiero\/turismo\/13\/mercedes-ar-alan-garcsi-tuvo-presente-al-turismo-en-mensaje-presidencial\/","title":{"rendered":"Mercedes Ar"},"content":{"rendered":"<blockquote>\n<p align=\"justify\">Ante la cr&iacute;tica de los gremios tur&iacute;sticos porque en el Mensaje a la Naci&oacute;n del presidente Alan Garc&iacute;a en Fiestas Patrias no se mencion&oacute; al Turismo, la titular del Mincetur, Mercedes Ar&aacute;oz, dijo que &ldquo;el presidente ha tocado diversos temas y ha tenido claramente presente el tema del Turismo en su discurso&rdquo;.<\/p>\n<p align=\"justify\">&ldquo;Durante el Mensaje Presidencial s&iacute; se mencion&oacute; el tema del turismo, se mencion&oacute; cu&aacute;ntos viajes se han desarrollado y c&oacute;mo est&aacute;n creciendo las inversiones en hoteler&iacute;a. Este gobierno cree en el turismo como una herramienta de desarrollo para el pa&iacute;s y &eacute;sta es una muestra del esfuerzo que estamos haciendo&rdquo; expres&oacute; Ar&aacute;oz.<\/p>\n<div style=\"text-align: center\"><img loading=\"lazy\" decoding=\"async\" src=\"http:\/\/aeronoticias.com.pe\/fotonoticias\/agosto\/ministraaraoz.jpg\" alt=\" \" title=\"Mercedes Ar&aacute;oz Fern&aacute;ndez, titular del Mincetur. (Foto: Luis Noguera-Aeronoticias)\" hspace=\"5\" vspace=\"5\" width=\"172\" height=\"230\" \/><\/div>\n<\/blockquote>\n<p> <!--more--> <\/p>\n<blockquote>\n<p>En torno al pedido de la C&aacute;mara Nacional de Turismo (Canatur) para la creaci&oacute;n de un Ministerio de Turismo, Mercedes Ar&aacute;oz se&ntilde;al&oacute; que es una propuesta que debe ser evaluada y estudiada porque lo m&aacute;s importante son las pol&iacute;ticas y acciones. <\/p>\n<p align=\"justify\">&ldquo;En pa&iacute;ses como Espa&ntilde;a y Francia no existe un Ministerio de Turismo, pero nadie puede dejar de reconocer que esos pa&iacute;ses son fuert&iacute;simos en materia tur&iacute;stica. Para nosotros, lo fundamental es tener pol&iacute;ticas, estamos trabajando en el desarrollo del turismo y creemos que la voz del turismo est&aacute; en el Gabinete a trav&eacute;s del Ministerio de Comercio Exterior y Turismo&rdquo;, expres&oacute; Ar&aacute;oz.<\/p>\n<p align=\"justify\">Conviene recordar que hace medio a&ntilde;o la Sociedad de Hoteles del Per&uacute;, presidida por Jos&eacute; Koechlin, convoc&oacute; a una consultora internacional para hacer un estudio referente a este tema, detallando los resultados que se han obtenido en otros pa&iacute;ses que optaron por tener un Ministerio del Turismo.<\/p>\n<p align=\"justify\">Adicionalmente, el pasado 28 de julio, tras el Mensaje del presidente Alan Garc&iacute;a, el presidente de la Confiep, Jaime C&aacute;ceres Say&aacute;n, demand&oacute; que se retome un proyecto de este gremio de gremios referido a la creaci&oacute;n de un Ministerio de Turismo, en lugar de la propuesta del mandatario peruano de crear un Ministerio de la Cultura.<\/p>\n<\/blockquote>\n","protected":false},"excerpt":{"rendered":"<p>Ante la cr&iacute;tica de los gremios tur&iacute;sticos porque en el Mensaje a la Naci&oacute;n del presidente Alan Garc&iacute;a en Fiestas Patrias no se mencion&oacute; al Turismo, la titular del Mincetur, Mercedes Ar&aacute;oz, dijo que &ldquo;el presidente ha tocado diversos temas y ha tenido claramente presente el tema del Turismo en su discurso&rdquo;. &ldquo;Durante el Mensaje [&hellip;]<\/p>\n","protected":false},"author":1,"featured_media":0,"comment_status":"open","ping_status":"open","sticky":false,"template":"","format":"standard","meta":{"tdm_status":"","tdm_grid_status":"","footnotes":""},"categories":[31],"tags":[],"class_list":{"0":"post-194","1":"post","2":"type-post","3":"status-publish","4":"format-standard","6":"category-31"},"yoast_head":"<!-- This site is optimized with the Yoast SEO plugin v25.1 - https:\/\/yoast.com\/wordpress\/plugins\/seo\/ -->\n<title>Mercedes Ar<\/title>\n<meta name=\"description\" content=\"Portal de noticias del Per\u00fa sobre el transporte a\u00e9reo, aviaci\u00f3n, turismo, hoteleria, actualidad.\" \/>\n<meta name=\"robots\" content=\"index, follow, max-snippet:-1, max-image-preview:large, max-video-preview:-1\" \/>\n<link rel=\"canonical\" href=\"https:\/\/aeronoticias.com.pe\/noticiero\/turismo\/13\/mercedes-ar-alan-garcsi-tuvo-presente-al-turismo-en-mensaje-presidencial\/\" \/>\n<meta property=\"og:locale\" content=\"es_ES\" \/>\n<meta property=\"og:type\" content=\"article\" \/>\n<meta property=\"og:title\" content=\"Mercedes Ar\" \/>\n<meta property=\"og:description\" content=\"Portal de noticias del Per\u00fa sobre el transporte a\u00e9reo, aviaci\u00f3n, turismo, hoteleria, actualidad.\" \/>\n<meta property=\"og:url\" content=\"https:\/\/aeronoticias.com.pe\/noticiero\/turismo\/13\/mercedes-ar-alan-garcsi-tuvo-presente-al-turismo-en-mensaje-presidencial\/\" \/>\n<meta property=\"og:site_name\" content=\"Aeronoticias.com.pe\" \/>\n<meta property=\"article:publisher\" content=\"https:\/\/www.facebook.com\/Aeronoticias.com.pe\/\" \/>\n<meta property=\"article:published_time\" content=\"2008-08-08T19:01:06+00:00\" \/>\n<meta property=\"og:image\" content=\"http:\/\/aeronoticias.com.pe\/fotonoticias\/agosto\/ministraaraoz.jpg\" \/>\n<meta name=\"author\" content=\"Redacci\u00f3n Aeronoticias\" \/>\n<meta name=\"twitter:card\" content=\"summary_large_image\" \/>\n<meta name=\"twitter:creator\" content=\"@aeronoticias\" \/>\n<meta name=\"twitter:site\" content=\"@aeronoticias\" \/>\n<meta name=\"twitter:label1\" content=\"Escrito por\" \/>\n\t<meta name=\"twitter:data1\" content=\"Redacci\u00f3n Aeronoticias\" \/>\n\t<meta name=\"twitter:label2\" content=\"Tiempo de lectura\" \/>\n\t<meta name=\"twitter:data2\" content=\"2 minutos\" \/>\n<script type=\"application\/ld+json\" class=\"yoast-schema-graph\">{\"@context\":\"https:\/\/schema.org\",\"@graph\":[{\"@type\":\"WebPage\",\"@id\":\"https:\/\/aeronoticias.com.pe\/noticiero\/turismo\/13\/mercedes-ar-alan-garcsi-tuvo-presente-al-turismo-en-mensaje-presidencial\/\",\"url\":\"https:\/\/aeronoticias.com.pe\/noticiero\/turismo\/13\/mercedes-ar-alan-garcsi-tuvo-presente-al-turismo-en-mensaje-presidencial\/\",\"name\":\"Mercedes Ar\",\"isPartOf\":{\"@id\":\"https:\/\/aeronoticias.com.pe\/noticiero\/#website\"},\"primaryImageOfPage\":{\"@id\":\"https:\/\/aeronoticias.com.pe\/noticiero\/turismo\/13\/mercedes-ar-alan-garcsi-tuvo-presente-al-turismo-en-mensaje-presidencial\/#primaryimage\"},\"image\":{\"@id\":\"https:\/\/aeronoticias.com.pe\/noticiero\/turismo\/13\/mercedes-ar-alan-garcsi-tuvo-presente-al-turismo-en-mensaje-presidencial\/#primaryimage\"},\"thumbnailUrl\":\"http:\/\/aeronoticias.com.pe\/fotonoticias\/agosto\/ministraaraoz.jpg\",\"datePublished\":\"2008-08-08T19:01:06+00:00\",\"author\":{\"@id\":\"https:\/\/aeronoticias.com.pe\/noticiero\/#\/schema\/person\/fc1e5d578f4b62ba1cf7ac2bba1170a0\"},\"description\":\"Portal de noticias del Per\u00fa sobre el transporte a\u00e9reo, aviaci\u00f3n, turismo, hoteleria, actualidad.\",\"breadcrumb\":{\"@id\":\"https:\/\/aeronoticias.com.pe\/noticiero\/turismo\/13\/mercedes-ar-alan-garcsi-tuvo-presente-al-turismo-en-mensaje-presidencial\/#breadcrumb\"},\"inLanguage\":\"es\",\"potentialAction\":[{\"@type\":\"ReadAction\",\"target\":[\"https:\/\/aeronoticias.com.pe\/noticiero\/turismo\/13\/mercedes-ar-alan-garcsi-tuvo-presente-al-turismo-en-mensaje-presidencial\/\"]}]},{\"@type\":\"ImageObject\",\"inLanguage\":\"es\",\"@id\":\"https:\/\/aeronoticias.com.pe\/noticiero\/turismo\/13\/mercedes-ar-alan-garcsi-tuvo-presente-al-turismo-en-mensaje-presidencial\/#primaryimage\",\"url\":\"http:\/\/aeronoticias.com.pe\/fotonoticias\/agosto\/ministraaraoz.jpg\",\"contentUrl\":\"http:\/\/aeronoticias.com.pe\/fotonoticias\/agosto\/ministraaraoz.jpg\"},{\"@type\":\"BreadcrumbList\",\"@id\":\"https:\/\/aeronoticias.com.pe\/noticiero\/turismo\/13\/mercedes-ar-alan-garcsi-tuvo-presente-al-turismo-en-mensaje-presidencial\/#breadcrumb\",\"itemListElement\":[{\"@type\":\"ListItem\",\"position\":1,\"name\":\"Portada\",\"item\":\"https:\/\/aeronoticias.com.pe\/noticiero\/\"},{\"@type\":\"ListItem\",\"position\":2,\"name\":\"Mercedes Ar\"}]},{\"@type\":\"WebSite\",\"@id\":\"https:\/\/aeronoticias.com.pe\/noticiero\/#website\",\"url\":\"https:\/\/aeronoticias.com.pe\/noticiero\/\",\"name\":\"Aeronoticias.com.pe\",\"description\":\"Noticias de tranporte aereo, turismo, hoteles, gastronomia, actualidad, internacional\",\"potentialAction\":[{\"@type\":\"SearchAction\",\"target\":{\"@type\":\"EntryPoint\",\"urlTemplate\":\"https:\/\/aeronoticias.com.pe\/noticiero\/?s={search_term_string}\"},\"query-input\":{\"@type\":\"PropertyValueSpecification\",\"valueRequired\":true,\"valueName\":\"search_term_string\"}}],\"inLanguage\":\"es\"},{\"@type\":\"Person\",\"@id\":\"https:\/\/aeronoticias.com.pe\/noticiero\/#\/schema\/person\/fc1e5d578f4b62ba1cf7ac2bba1170a0\",\"name\":\"Redacci\u00f3n Aeronoticias\",\"url\":\"https:\/\/aeronoticias.com.pe\/noticiero\/author\/piloto\/\"}]}<\/script>\n<!-- \/ Yoast SEO plugin. -->","yoast_head_json":{"title":"Mercedes Ar","description":"Portal de noticias del Per\u00fa sobre el transporte a\u00e9reo, aviaci\u00f3n, turismo, hoteleria, actualidad.","robots":{"index":"index","follow":"follow","max-snippet":"max-snippet:-1","max-image-preview":"max-image-preview:large","max-video-preview":"max-video-preview:-1"},"canonical":"https:\/\/aeronoticias.com.pe\/noticiero\/turismo\/13\/mercedes-ar-alan-garcsi-tuvo-presente-al-turismo-en-mensaje-presidencial\/","og_locale":"es_ES","og_type":"article","og_title":"Mercedes Ar","og_description":"Portal de noticias del Per\u00fa sobre el transporte a\u00e9reo, aviaci\u00f3n, turismo, hoteleria, actualidad.","og_url":"https:\/\/aeronoticias.com.pe\/noticiero\/turismo\/13\/mercedes-ar-alan-garcsi-tuvo-presente-al-turismo-en-mensaje-presidencial\/","og_site_name":"Aeronoticias.com.pe","article_publisher":"https:\/\/www.facebook.com\/Aeronoticias.com.pe\/","article_published_time":"2008-08-08T19:01:06+00:00","og_image":[{"url":"http:\/\/aeronoticias.com.pe\/fotonoticias\/agosto\/ministraaraoz.jpg","type":"","width":"","height":""}],"author":"Redacci\u00f3n Aeronoticias","twitter_card":"summary_large_image","twitter_creator":"@aeronoticias","twitter_site":"@aeronoticias","twitter_misc":{"Escrito por":"Redacci\u00f3n Aeronoticias","Tiempo de lectura":"2 minutos"},"schema":{"@context":"https:\/\/schema.org","@graph":[{"@type":"WebPage","@id":"https:\/\/aeronoticias.com.pe\/noticiero\/turismo\/13\/mercedes-ar-alan-garcsi-tuvo-presente-al-turismo-en-mensaje-presidencial\/","url":"https:\/\/aeronoticias.com.pe\/noticiero\/turismo\/13\/mercedes-ar-alan-garcsi-tuvo-presente-al-turismo-en-mensaje-presidencial\/","name":"Mercedes Ar","isPartOf":{"@id":"https:\/\/aeronoticias.com.pe\/noticiero\/#website"},"primaryImageOfPage":{"@id":"https:\/\/aeronoticias.com.pe\/noticiero\/turismo\/13\/mercedes-ar-alan-garcsi-tuvo-presente-al-turismo-en-mensaje-presidencial\/#primaryimage"},"image":{"@id":"https:\/\/aeronoticias.com.pe\/noticiero\/turismo\/13\/mercedes-ar-alan-garcsi-tuvo-presente-al-turismo-en-mensaje-presidencial\/#primaryimage"},"thumbnailUrl":"http:\/\/aeronoticias.com.pe\/fotonoticias\/agosto\/ministraaraoz.jpg","datePublished":"2008-08-08T19:01:06+00:00","author":{"@id":"https:\/\/aeronoticias.com.pe\/noticiero\/#\/schema\/person\/fc1e5d578f4b62ba1cf7ac2bba1170a0"},"description":"Portal de noticias del Per\u00fa sobre el transporte a\u00e9reo, aviaci\u00f3n, turismo, hoteleria, actualidad.","breadcrumb":{"@id":"https:\/\/aeronoticias.com.pe\/noticiero\/turismo\/13\/mercedes-ar-alan-garcsi-tuvo-presente-al-turismo-en-mensaje-presidencial\/#breadcrumb"},"inLanguage":"es","potentialAction":[{"@type":"ReadAction","target":["https:\/\/aeronoticias.com.pe\/noticiero\/turismo\/13\/mercedes-ar-alan-garcsi-tuvo-presente-al-turismo-en-mensaje-presidencial\/"]}]},{"@type":"ImageObject","inLanguage":"es","@id":"https:\/\/aeronoticias.com.pe\/noticiero\/turismo\/13\/mercedes-ar-alan-garcsi-tuvo-presente-al-turismo-en-mensaje-presidencial\/#primaryimage","url":"http:\/\/aeronoticias.com.pe\/fotonoticias\/agosto\/ministraaraoz.jpg","contentUrl":"http:\/\/aeronoticias.com.pe\/fotonoticias\/agosto\/ministraaraoz.jpg"},{"@type":"BreadcrumbList","@id":"https:\/\/aeronoticias.com.pe\/noticiero\/turismo\/13\/mercedes-ar-alan-garcsi-tuvo-presente-al-turismo-en-mensaje-presidencial\/#breadcrumb","itemListElement":[{"@type":"ListItem","position":1,"name":"Portada","item":"https:\/\/aeronoticias.com.pe\/noticiero\/"},{"@type":"ListItem","position":2,"name":"Mercedes Ar"}]},{"@type":"WebSite","@id":"https:\/\/aeronoticias.com.pe\/noticiero\/#website","url":"https:\/\/aeronoticias.com.pe\/noticiero\/","name":"Aeronoticias.com.pe","description":"Noticias de tranporte aereo, turismo, hoteles, gastronomia, actualidad, internacional","potentialAction":[{"@type":"SearchAction","target":{"@type":"EntryPoint","urlTemplate":"https:\/\/aeronoticias.com.pe\/noticiero\/?s={search_term_string}"},"query-input":{"@type":"PropertyValueSpecification","valueRequired":true,"valueName":"search_term_string"}}],"inLanguage":"es"},{"@type":"Person","@id":"https:\/\/aeronoticias.com.pe\/noticiero\/#\/schema\/person\/fc1e5d578f4b62ba1cf7ac2bba1170a0","name":"Redacci\u00f3n Aeronoticias","url":"https:\/\/aeronoticias.com.pe\/noticiero\/author\/piloto\/"}]}},"_links":{"self":[{"href":"https:\/\/aeronoticias.com.pe\/noticiero\/wp-json\/wp\/v2\/posts\/194","targetHints":{"allow":["GET"]}}],"collection":[{"href":"https:\/\/aeronoticias.com.pe\/noticiero\/wp-json\/wp\/v2\/posts"}],"about":[{"href":"https:\/\/aeronoticias.com.pe\/noticiero\/wp-json\/wp\/v2\/types\/post"}],"author":[{"embeddable":true,"href":"https:\/\/aeronoticias.com.pe\/noticiero\/wp-json\/wp\/v2\/users\/1"}],"replies":[{"embeddable":true,"href":"https:\/\/aeronoticias.com.pe\/noticiero\/wp-json\/wp\/v2\/comments?post=194"}],"version-history":[{"count":0,"href":"https:\/\/aeronoticias.com.pe\/noticiero\/wp-json\/wp\/v2\/posts\/194\/revisions"}],"wp:attachment":[{"href":"https:\/\/aeronoticias.com.pe\/noticiero\/wp-json\/wp\/v2\/media?parent=194"}],"wp:term":[{"taxonomy":"category","embeddable":true,"href":"https:\/\/aeronoticias.com.pe\/noticiero\/wp-json\/wp\/v2\/categories?post=194"},{"taxonomy":"post_tag","embeddable":true,"href":"https:\/\/aeronoticias.com.pe\/noticiero\/wp-json\/wp\/v2\/tags?post=194"}],"curies":[{"name":"wp","href":"https:\/\/api.w.org\/{rel}","templated":true}]}}