{"id":196,"date":"2008-08-08T21:06:36","date_gmt":"2008-08-08T21:06:36","guid":{"rendered":"http:\/\/desarrollo.mcvicious.com\/aero2020\/2008\/08\/08\/crowne-plaza-sigue-apuntando-al-cusco-y-norte-peruano\/"},"modified":"2008-08-08T21:06:36","modified_gmt":"2008-08-08T21:06:36","slug":"crowne-plaza-sigue-apuntando-al-cusco-y-norte-peruano","status":"publish","type":"post","link":"https:\/\/aeronoticias.com.pe\/noticiero\/turismo\/13\/crowne-plaza-sigue-apuntando-al-cusco-y-norte-peruano\/","title":{"rendered":"Crowne Plaza sigue apuntando al Cusco y norte peruano"},"content":{"rendered":"<blockquote style=\"font: medium Arial, Helvetica, sans-serif; color: #3366ff; text-decoration: blink\">\n<p align=\"justify\">Tras indicar que Crowne Plaza Hotel forma parte de Intercontinental Hotels Group, el presidente ejecutivo del Crowne Plaza Lima, Mario Pinasco, afirm&oacute; a Aeronoticias que &ldquo;s&iacute;, ya hay inter&eacute;s en provincias, y ahora m&aacute;s que nunca&rdquo;, concretamente &ldquo;Cusco y el norte peruano&rdquo;.<\/p>\n<p align=\"justify\">Dijo que esas zonas del pa&iacute;s est&aacute;n muy bien y vale la pena, aunque &ldquo;en este momento todav&iacute;a no hay nada (en concreto). El mercado est&aacute; movido&rdquo;.<\/p>\n<p align=\"justify\">&nbsp;<\/p>\n<p align=\"center\"><img loading=\"lazy\" decoding=\"async\" src=\"http:\/\/aeronoticias.com.pe\/fotonoticias\/agosto\/pinasco.JPG\" alt=\" \" title=\"Mario Pinasco, director ejecutivo del Crowne Plaza Hotel Lima. (Foto: Efr&eacute;n Vidal-Aeronoticias)\" hspace=\"5\" vspace=\"5\" width=\"173\" height=\"130\" align=\"absMiddle\" \/><\/p>\n<\/blockquote>\n<p> <!--more--> <\/p>\n<p align=\"justify\">Sobre las posibilidades de inversiones en Cusco y en el norte peruano, Mario Pinasco asegur&oacute; que &ldquo;creemos que s&iacute; hay muchas posibilidades, pero tampoco una luz no hace el verano. Primero, antes de invertir en algo que no va a ser seguro o va a crear zozobra nuestra recomendaci&oacute;n es primero hacer un buen estudio de mercado y ver c&oacute;mo est&aacute; situada la ocupabilidad&rdquo;, expres&oacute; a Aerenoticias.<\/p>\n<p align=\"justify\">Agreg&oacute; que &ldquo;todav&iacute;a no podemos hacerlo, pero s&iacute; estamos en eso&rdquo;.<\/p>\n","protected":false},"excerpt":{"rendered":"<p>Tras indicar que Crowne Plaza Hotel forma parte de Intercontinental Hotels Group, el presidente ejecutivo del Crowne Plaza Lima, Mario Pinasco, afirm&oacute; a Aeronoticias que &ldquo;s&iacute;, ya hay inter&eacute;s en provincias, y ahora m&aacute;s que nunca&rdquo;, concretamente &ldquo;Cusco y el norte peruano&rdquo;. Dijo que esas zonas del pa&iacute;s est&aacute;n muy bien y vale la pena, [&hellip;]<\/p>\n","protected":false},"author":1,"featured_media":0,"comment_status":"open","ping_status":"open","sticky":false,"template":"","format":"standard","meta":{"tdm_status":"","tdm_grid_status":"","footnotes":""},"categories":[31],"tags":[],"class_list":{"0":"post-196","1":"post","2":"type-post","3":"status-publish","4":"format-standard","6":"category-31"},"yoast_head":"<!-- This site is optimized with the Yoast SEO plugin v25.1 - https:\/\/yoast.com\/wordpress\/plugins\/seo\/ -->\n<title>Crowne Plaza sigue apuntando al Cusco y norte peruano<\/title>\n<meta name=\"description\" content=\"Portal de noticias del Per\u00fa sobre el transporte a\u00e9reo, aviaci\u00f3n, turismo, hoteleria, actualidad.\" \/>\n<meta name=\"robots\" content=\"index, follow, max-snippet:-1, max-image-preview:large, max-video-preview:-1\" \/>\n<link rel=\"canonical\" href=\"https:\/\/aeronoticias.com.pe\/noticiero\/turismo\/13\/crowne-plaza-sigue-apuntando-al-cusco-y-norte-peruano\/\" \/>\n<meta property=\"og:locale\" content=\"es_ES\" \/>\n<meta property=\"og:type\" content=\"article\" \/>\n<meta property=\"og:title\" content=\"Crowne Plaza sigue apuntando al Cusco y norte peruano\" \/>\n<meta property=\"og:description\" content=\"Portal de noticias del Per\u00fa sobre el transporte a\u00e9reo, aviaci\u00f3n, turismo, hoteleria, actualidad.\" \/>\n<meta property=\"og:url\" content=\"https:\/\/aeronoticias.com.pe\/noticiero\/turismo\/13\/crowne-plaza-sigue-apuntando-al-cusco-y-norte-peruano\/\" \/>\n<meta property=\"og:site_name\" content=\"Aeronoticias.com.pe\" \/>\n<meta property=\"article:publisher\" content=\"https:\/\/www.facebook.com\/Aeronoticias.com.pe\/\" \/>\n<meta property=\"article:published_time\" content=\"2008-08-08T21:06:36+00:00\" \/>\n<meta property=\"og:image\" content=\"http:\/\/aeronoticias.com.pe\/fotonoticias\/agosto\/pinasco.JPG\" \/>\n<meta name=\"author\" content=\"Redacci\u00f3n Aeronoticias\" \/>\n<meta name=\"twitter:card\" content=\"summary_large_image\" \/>\n<meta name=\"twitter:creator\" content=\"@aeronoticias\" \/>\n<meta name=\"twitter:site\" content=\"@aeronoticias\" \/>\n<meta name=\"twitter:label1\" content=\"Escrito por\" \/>\n\t<meta name=\"twitter:data1\" content=\"Redacci\u00f3n Aeronoticias\" \/>\n\t<meta name=\"twitter:label2\" content=\"Tiempo de lectura\" \/>\n\t<meta name=\"twitter:data2\" content=\"1 minuto\" \/>\n<script type=\"application\/ld+json\" class=\"yoast-schema-graph\">{\"@context\":\"https:\/\/schema.org\",\"@graph\":[{\"@type\":\"WebPage\",\"@id\":\"https:\/\/aeronoticias.com.pe\/noticiero\/turismo\/13\/crowne-plaza-sigue-apuntando-al-cusco-y-norte-peruano\/\",\"url\":\"https:\/\/aeronoticias.com.pe\/noticiero\/turismo\/13\/crowne-plaza-sigue-apuntando-al-cusco-y-norte-peruano\/\",\"name\":\"Crowne Plaza sigue apuntando al Cusco y norte peruano\",\"isPartOf\":{\"@id\":\"https:\/\/aeronoticias.com.pe\/noticiero\/#website\"},\"primaryImageOfPage\":{\"@id\":\"https:\/\/aeronoticias.com.pe\/noticiero\/turismo\/13\/crowne-plaza-sigue-apuntando-al-cusco-y-norte-peruano\/#primaryimage\"},\"image\":{\"@id\":\"https:\/\/aeronoticias.com.pe\/noticiero\/turismo\/13\/crowne-plaza-sigue-apuntando-al-cusco-y-norte-peruano\/#primaryimage\"},\"thumbnailUrl\":\"http:\/\/aeronoticias.com.pe\/fotonoticias\/agosto\/pinasco.JPG\",\"datePublished\":\"2008-08-08T21:06:36+00:00\",\"author\":{\"@id\":\"https:\/\/aeronoticias.com.pe\/noticiero\/#\/schema\/person\/fc1e5d578f4b62ba1cf7ac2bba1170a0\"},\"description\":\"Portal de noticias del Per\u00fa sobre el transporte a\u00e9reo, aviaci\u00f3n, turismo, hoteleria, actualidad.\",\"breadcrumb\":{\"@id\":\"https:\/\/aeronoticias.com.pe\/noticiero\/turismo\/13\/crowne-plaza-sigue-apuntando-al-cusco-y-norte-peruano\/#breadcrumb\"},\"inLanguage\":\"es\",\"potentialAction\":[{\"@type\":\"ReadAction\",\"target\":[\"https:\/\/aeronoticias.com.pe\/noticiero\/turismo\/13\/crowne-plaza-sigue-apuntando-al-cusco-y-norte-peruano\/\"]}]},{\"@type\":\"ImageObject\",\"inLanguage\":\"es\",\"@id\":\"https:\/\/aeronoticias.com.pe\/noticiero\/turismo\/13\/crowne-plaza-sigue-apuntando-al-cusco-y-norte-peruano\/#primaryimage\",\"url\":\"http:\/\/aeronoticias.com.pe\/fotonoticias\/agosto\/pinasco.JPG\",\"contentUrl\":\"http:\/\/aeronoticias.com.pe\/fotonoticias\/agosto\/pinasco.JPG\"},{\"@type\":\"BreadcrumbList\",\"@id\":\"https:\/\/aeronoticias.com.pe\/noticiero\/turismo\/13\/crowne-plaza-sigue-apuntando-al-cusco-y-norte-peruano\/#breadcrumb\",\"itemListElement\":[{\"@type\":\"ListItem\",\"position\":1,\"name\":\"Portada\",\"item\":\"https:\/\/aeronoticias.com.pe\/noticiero\/\"},{\"@type\":\"ListItem\",\"position\":2,\"name\":\"Crowne Plaza sigue apuntando al Cusco y norte peruano\"}]},{\"@type\":\"WebSite\",\"@id\":\"https:\/\/aeronoticias.com.pe\/noticiero\/#website\",\"url\":\"https:\/\/aeronoticias.com.pe\/noticiero\/\",\"name\":\"Aeronoticias.com.pe\",\"description\":\"Noticias de tranporte aereo, turismo, hoteles, gastronomia, actualidad, internacional\",\"potentialAction\":[{\"@type\":\"SearchAction\",\"target\":{\"@type\":\"EntryPoint\",\"urlTemplate\":\"https:\/\/aeronoticias.com.pe\/noticiero\/?s={search_term_string}\"},\"query-input\":{\"@type\":\"PropertyValueSpecification\",\"valueRequired\":true,\"valueName\":\"search_term_string\"}}],\"inLanguage\":\"es\"},{\"@type\":\"Person\",\"@id\":\"https:\/\/aeronoticias.com.pe\/noticiero\/#\/schema\/person\/fc1e5d578f4b62ba1cf7ac2bba1170a0\",\"name\":\"Redacci\u00f3n Aeronoticias\",\"url\":\"https:\/\/aeronoticias.com.pe\/noticiero\/author\/piloto\/\"}]}<\/script>\n<!-- \/ Yoast SEO plugin. -->","yoast_head_json":{"title":"Crowne Plaza sigue apuntando al Cusco y norte peruano","description":"Portal de noticias del Per\u00fa sobre el transporte a\u00e9reo, aviaci\u00f3n, turismo, hoteleria, actualidad.","robots":{"index":"index","follow":"follow","max-snippet":"max-snippet:-1","max-image-preview":"max-image-preview:large","max-video-preview":"max-video-preview:-1"},"canonical":"https:\/\/aeronoticias.com.pe\/noticiero\/turismo\/13\/crowne-plaza-sigue-apuntando-al-cusco-y-norte-peruano\/","og_locale":"es_ES","og_type":"article","og_title":"Crowne Plaza sigue apuntando al Cusco y norte peruano","og_description":"Portal de noticias del Per\u00fa sobre el transporte a\u00e9reo, aviaci\u00f3n, turismo, hoteleria, actualidad.","og_url":"https:\/\/aeronoticias.com.pe\/noticiero\/turismo\/13\/crowne-plaza-sigue-apuntando-al-cusco-y-norte-peruano\/","og_site_name":"Aeronoticias.com.pe","article_publisher":"https:\/\/www.facebook.com\/Aeronoticias.com.pe\/","article_published_time":"2008-08-08T21:06:36+00:00","og_image":[{"url":"http:\/\/aeronoticias.com.pe\/fotonoticias\/agosto\/pinasco.JPG","type":"","width":"","height":""}],"author":"Redacci\u00f3n Aeronoticias","twitter_card":"summary_large_image","twitter_creator":"@aeronoticias","twitter_site":"@aeronoticias","twitter_misc":{"Escrito por":"Redacci\u00f3n Aeronoticias","Tiempo de lectura":"1 minuto"},"schema":{"@context":"https:\/\/schema.org","@graph":[{"@type":"WebPage","@id":"https:\/\/aeronoticias.com.pe\/noticiero\/turismo\/13\/crowne-plaza-sigue-apuntando-al-cusco-y-norte-peruano\/","url":"https:\/\/aeronoticias.com.pe\/noticiero\/turismo\/13\/crowne-plaza-sigue-apuntando-al-cusco-y-norte-peruano\/","name":"Crowne Plaza sigue apuntando al Cusco y norte peruano","isPartOf":{"@id":"https:\/\/aeronoticias.com.pe\/noticiero\/#website"},"primaryImageOfPage":{"@id":"https:\/\/aeronoticias.com.pe\/noticiero\/turismo\/13\/crowne-plaza-sigue-apuntando-al-cusco-y-norte-peruano\/#primaryimage"},"image":{"@id":"https:\/\/aeronoticias.com.pe\/noticiero\/turismo\/13\/crowne-plaza-sigue-apuntando-al-cusco-y-norte-peruano\/#primaryimage"},"thumbnailUrl":"http:\/\/aeronoticias.com.pe\/fotonoticias\/agosto\/pinasco.JPG","datePublished":"2008-08-08T21:06:36+00:00","author":{"@id":"https:\/\/aeronoticias.com.pe\/noticiero\/#\/schema\/person\/fc1e5d578f4b62ba1cf7ac2bba1170a0"},"description":"Portal de noticias del Per\u00fa sobre el transporte a\u00e9reo, aviaci\u00f3n, turismo, hoteleria, actualidad.","breadcrumb":{"@id":"https:\/\/aeronoticias.com.pe\/noticiero\/turismo\/13\/crowne-plaza-sigue-apuntando-al-cusco-y-norte-peruano\/#breadcrumb"},"inLanguage":"es","potentialAction":[{"@type":"ReadAction","target":["https:\/\/aeronoticias.com.pe\/noticiero\/turismo\/13\/crowne-plaza-sigue-apuntando-al-cusco-y-norte-peruano\/"]}]},{"@type":"ImageObject","inLanguage":"es","@id":"https:\/\/aeronoticias.com.pe\/noticiero\/turismo\/13\/crowne-plaza-sigue-apuntando-al-cusco-y-norte-peruano\/#primaryimage","url":"http:\/\/aeronoticias.com.pe\/fotonoticias\/agosto\/pinasco.JPG","contentUrl":"http:\/\/aeronoticias.com.pe\/fotonoticias\/agosto\/pinasco.JPG"},{"@type":"BreadcrumbList","@id":"https:\/\/aeronoticias.com.pe\/noticiero\/turismo\/13\/crowne-plaza-sigue-apuntando-al-cusco-y-norte-peruano\/#breadcrumb","itemListElement":[{"@type":"ListItem","position":1,"name":"Portada","item":"https:\/\/aeronoticias.com.pe\/noticiero\/"},{"@type":"ListItem","position":2,"name":"Crowne Plaza sigue apuntando al Cusco y norte peruano"}]},{"@type":"WebSite","@id":"https:\/\/aeronoticias.com.pe\/noticiero\/#website","url":"https:\/\/aeronoticias.com.pe\/noticiero\/","name":"Aeronoticias.com.pe","description":"Noticias de tranporte aereo, turismo, hoteles, gastronomia, actualidad, internacional","potentialAction":[{"@type":"SearchAction","target":{"@type":"EntryPoint","urlTemplate":"https:\/\/aeronoticias.com.pe\/noticiero\/?s={search_term_string}"},"query-input":{"@type":"PropertyValueSpecification","valueRequired":true,"valueName":"search_term_string"}}],"inLanguage":"es"},{"@type":"Person","@id":"https:\/\/aeronoticias.com.pe\/noticiero\/#\/schema\/person\/fc1e5d578f4b62ba1cf7ac2bba1170a0","name":"Redacci\u00f3n Aeronoticias","url":"https:\/\/aeronoticias.com.pe\/noticiero\/author\/piloto\/"}]}},"_links":{"self":[{"href":"https:\/\/aeronoticias.com.pe\/noticiero\/wp-json\/wp\/v2\/posts\/196","targetHints":{"allow":["GET"]}}],"collection":[{"href":"https:\/\/aeronoticias.com.pe\/noticiero\/wp-json\/wp\/v2\/posts"}],"about":[{"href":"https:\/\/aeronoticias.com.pe\/noticiero\/wp-json\/wp\/v2\/types\/post"}],"author":[{"embeddable":true,"href":"https:\/\/aeronoticias.com.pe\/noticiero\/wp-json\/wp\/v2\/users\/1"}],"replies":[{"embeddable":true,"href":"https:\/\/aeronoticias.com.pe\/noticiero\/wp-json\/wp\/v2\/comments?post=196"}],"version-history":[{"count":0,"href":"https:\/\/aeronoticias.com.pe\/noticiero\/wp-json\/wp\/v2\/posts\/196\/revisions"}],"wp:attachment":[{"href":"https:\/\/aeronoticias.com.pe\/noticiero\/wp-json\/wp\/v2\/media?parent=196"}],"wp:term":[{"taxonomy":"category","embeddable":true,"href":"https:\/\/aeronoticias.com.pe\/noticiero\/wp-json\/wp\/v2\/categories?post=196"},{"taxonomy":"post_tag","embeddable":true,"href":"https:\/\/aeronoticias.com.pe\/noticiero\/wp-json\/wp\/v2\/tags?post=196"}],"curies":[{"name":"wp","href":"https:\/\/api.w.org\/{rel}","templated":true}]}}