{"id":197,"date":"2008-08-08T21:40:10","date_gmt":"2008-08-08T21:40:10","guid":{"rendered":"http:\/\/desarrollo.mcvicious.com\/aero2020\/2008\/08\/08\/factor-de-ocupacin-vuelos-internacionales-de-continental-airlines-fue-de-85-en-julio\/"},"modified":"2008-08-08T21:40:10","modified_gmt":"2008-08-08T21:40:10","slug":"factor-de-ocupacin-vuelos-internacionales-de-continental-airlines-fue-de-85-en-julio","status":"publish","type":"post","link":"https:\/\/aeronoticias.com.pe\/noticiero\/transporte-aereo\/internacional\/factor-de-ocupacin-vuelos-internacionales-de-continental-airlines-fue-de-85-en-julio\/","title":{"rendered":"Factor de ocupaci"},"content":{"rendered":"<blockquote>\n<p align=\"justify\">La compa&ntilde;&iacute;a Continental Airlines report&oacute; hoy para el mes de julio un factor de ocupaci&oacute;n consolidado (operaciones principales m&aacute;s operaciones regionales) de 84.2%, 2.2 puntos por debajo del factor de ocupaci&oacute;n consolidado de julio de 2007 y para las operaciones principales, la aerol&iacute;nea report&oacute; un factor de ocupaci&oacute;n de 85.3%, 1.7 puntos menos que en julio del a&ntilde;o pasado. <\/p>\n<p align=\"justify\">Asimismo, para las operaciones principales en vuelos nacionales, el factor de ocupaci&oacute;n en el mes de julio fue de 85.5%, 2.5 puntos inferior al alcanzado en julio de 2007. <\/p>\n<p align=\"justify\">Mientras que el factor de ocupaci&oacute;n en vuelos internacionales en el mes de julio fue de 85.0%, 1.0 puntos menos que el factor de ocupaci&oacute;n en vuelos internacionales para julio del a&ntilde;o pasado.<\/p>\n<p align=\"center\"><img loading=\"lazy\" decoding=\"async\" src=\"http:\/\/aeronoticias.com.pe\/fotonoticias\/agosto\/continental.jpg\" alt=\" \" title=\"Factor de ocupaci&oacute;n en vuelos internacionales de Continental Airlines fue de 85% en julio. (Foto: Continental)\" hspace=\"5\" vspace=\"5\" width=\"195\" height=\"130\" \/><\/p>\n<\/blockquote>\n<p> <!--more--> <\/p>\n<blockquote>\n<p align=\"center\"><strong>&Iacute;ndice de&nbsp;puntualidad de 76.1%<\/strong><\/p>\n<p align=\"justify\">Durante el mes Continental registr&oacute; un &iacute;ndice de puntualidad de 76.1% conforme a los lineamientos del Departamento de Transportes de los E.U.A., y complet&oacute; el 99.1% de los segmentos correspondientes a sus operaciones principales. <\/p>\n<p align=\"justify\">En julio de 2008 Continental vol&oacute; un total de 9,200 millones de millas-pasajero (RPMs) y 10,900 millones de millas-asiento disponible (ASMs), dando como resultado un incremento de 1.6% en el tr&aacute;fico consolidado y un aumento de 4.3% en la capacidad en comparaci&oacute;n con julio de 2007. <\/p>\n<p align=\"justify\">En el mes de julio, la empresa vol&oacute; 8,300 millones de RPMs y 9,700 millones de ASMs, dando como resultado un incremento de 1.1% en el tr&aacute;fico y un aumento en la capacidad de 3.2% respecto a julio de 2007.<\/p>\n<p align=\"center\"><strong>Tr&aacute;fico en vuelos nacionales<\/strong><\/p>\n<p align=\"justify\">El tr&aacute;fico para las operaciones principales en vuelos nacionales fue de 4,200 millones de RPMs, 1.7% menos que en julio de 2007, y la capacidad, tambi&eacute;n para las operaciones principales en vuelos nacionales, fue de 4,900 millones de ASMs, 1.2% encima de la registrada en julio del a&ntilde;o pasado.<\/p>\n<p align=\"justify\">Para el mes de julio de 2008, se calcula que los RASM consolidados se incrementaron entre 4.5% y 5.5% en comparaci&oacute;n con julio de 2007. Para junio de 2008, los RASM consolidados se incrementaron en 4.1% respecto a junio de 2007, en tanto que los RASM para las operaciones principales aumentaron en 3.5% en comparaci&oacute;n con junio de 2007.<\/p>\n<p align=\"justify\">Las operaciones regionales de Continental registraron un factor de ocupaci&oacute;n de 76.0% en el mes de julio, 5.5 puntos menos que en julio de 2007. Tambi&eacute;n en julio de 2008, las RPMs para vuelos regionales totalizaron 935.8millones, en tanto que los ASMs por el mismo concepto se ubicaron en 1,231.6 millones, dando como resultado un aumento en el tr&aacute;fico de 6.0% y un crecimiento en la capacidad de 13.7% en comparaci&oacute;n con julio de 2007.<\/p>\n<p align=\"center\"><strong>La quinta mayor aerol&iacute;nea del mundo<\/strong><\/p>\n<p align=\"justify\">Continental Airlines es la quinta mayor aerol&iacute;nea del mundo. Junto con Continental Express y Continental Connection, diariamente ofrece m&aacute;s de 3,000 salidas en Am&eacute;rica, Europa y Asia. <\/p>\n<p align=\"justify\">Continental atiende 140 destinos nacionales y 139 destinos internacionales y llega a 550 destinos m&aacute;s a trav&eacute;s de acuerdos con las dem&aacute;s aerol&iacute;neas que integran la alianza SkyTeam. Con una plantilla de m&aacute;s de 46,000 trabajadores para sus operaciones principales, Continental opera centros de conexi&oacute;n (hubs) en Newark, Houston, Cleveland y Guam y, en colaboraci&oacute;n con Continental Express, cada a&ntilde;o transporta alrededor de 69 millones de pasajeros.<\/p>\n<p align=\"justify\">La revista Fortune nombr&oacute; por quinto a&ntilde;o consecutivo a Continental como la n&uacute;mero uno entre las Aerol&iacute;neas Globales M&aacute;s Admiradas en el 2008. <\/p>\n<p align=\"justify\">Continental obtuvo por cuarto a&ntilde;o consecutivo el premio OAG Airline of the Year por ser la &ldquo;Mejor Aerol&iacute;nea con Sede en Am&eacute;rica del Norte&rdquo; y &ldquo;Mejor Clase Ejecutiva\/Business Class&rdquo; por quinto a&ntilde;o consecutivo. <\/p>\n<\/blockquote>\n","protected":false},"excerpt":{"rendered":"<p>La compa&ntilde;&iacute;a Continental Airlines report&oacute; hoy para el mes de julio un factor de ocupaci&oacute;n consolidado (operaciones principales m&aacute;s operaciones regionales) de 84.2%, 2.2 puntos por debajo del factor de ocupaci&oacute;n consolidado de julio de 2007 y para las operaciones principales, la aerol&iacute;nea report&oacute; un factor de ocupaci&oacute;n de 85.3%, 1.7 puntos menos que en [&hellip;]<\/p>\n","protected":false},"author":1,"featured_media":0,"comment_status":"open","ping_status":"open","sticky":false,"template":"","format":"standard","meta":{"tdm_status":"","tdm_grid_status":"","footnotes":""},"categories":[32],"tags":[],"class_list":{"0":"post-197","1":"post","2":"type-post","3":"status-publish","4":"format-standard","6":"category-internacional"},"yoast_head":"<!-- This site is optimized with the Yoast SEO plugin v25.1 - https:\/\/yoast.com\/wordpress\/plugins\/seo\/ -->\n<title>Factor de ocupaci<\/title>\n<meta name=\"description\" content=\"Portal de noticias del Per\u00fa sobre el transporte a\u00e9reo, aviaci\u00f3n, turismo, hoteleria, actualidad.\" \/>\n<meta name=\"robots\" content=\"index, follow, max-snippet:-1, max-image-preview:large, max-video-preview:-1\" \/>\n<link rel=\"canonical\" href=\"https:\/\/aeronoticias.com.pe\/noticiero\/transporte-aereo\/internacional\/factor-de-ocupacin-vuelos-internacionales-de-continental-airlines-fue-de-85-en-julio\/\" \/>\n<meta property=\"og:locale\" content=\"es_ES\" \/>\n<meta property=\"og:type\" content=\"article\" \/>\n<meta property=\"og:title\" content=\"Factor de ocupaci\" \/>\n<meta property=\"og:description\" content=\"Portal de noticias del Per\u00fa sobre el transporte a\u00e9reo, aviaci\u00f3n, turismo, hoteleria, actualidad.\" \/>\n<meta property=\"og:url\" content=\"https:\/\/aeronoticias.com.pe\/noticiero\/transporte-aereo\/internacional\/factor-de-ocupacin-vuelos-internacionales-de-continental-airlines-fue-de-85-en-julio\/\" \/>\n<meta property=\"og:site_name\" content=\"Aeronoticias.com.pe\" \/>\n<meta property=\"article:publisher\" content=\"https:\/\/www.facebook.com\/Aeronoticias.com.pe\/\" \/>\n<meta property=\"article:published_time\" content=\"2008-08-08T21:40:10+00:00\" \/>\n<meta property=\"og:image\" content=\"http:\/\/aeronoticias.com.pe\/fotonoticias\/agosto\/continental.jpg\" \/>\n<meta name=\"author\" content=\"Redacci\u00f3n Aeronoticias\" \/>\n<meta name=\"twitter:card\" content=\"summary_large_image\" \/>\n<meta name=\"twitter:creator\" content=\"@aeronoticias\" \/>\n<meta name=\"twitter:site\" content=\"@aeronoticias\" \/>\n<meta name=\"twitter:label1\" content=\"Escrito por\" \/>\n\t<meta name=\"twitter:data1\" content=\"Redacci\u00f3n Aeronoticias\" \/>\n\t<meta name=\"twitter:label2\" content=\"Tiempo de lectura\" \/>\n\t<meta name=\"twitter:data2\" content=\"3 minutos\" \/>\n<script type=\"application\/ld+json\" class=\"yoast-schema-graph\">{\"@context\":\"https:\/\/schema.org\",\"@graph\":[{\"@type\":\"WebPage\",\"@id\":\"https:\/\/aeronoticias.com.pe\/noticiero\/transporte-aereo\/internacional\/factor-de-ocupacin-vuelos-internacionales-de-continental-airlines-fue-de-85-en-julio\/\",\"url\":\"https:\/\/aeronoticias.com.pe\/noticiero\/transporte-aereo\/internacional\/factor-de-ocupacin-vuelos-internacionales-de-continental-airlines-fue-de-85-en-julio\/\",\"name\":\"Factor de ocupaci\",\"isPartOf\":{\"@id\":\"https:\/\/aeronoticias.com.pe\/noticiero\/#website\"},\"primaryImageOfPage\":{\"@id\":\"https:\/\/aeronoticias.com.pe\/noticiero\/transporte-aereo\/internacional\/factor-de-ocupacin-vuelos-internacionales-de-continental-airlines-fue-de-85-en-julio\/#primaryimage\"},\"image\":{\"@id\":\"https:\/\/aeronoticias.com.pe\/noticiero\/transporte-aereo\/internacional\/factor-de-ocupacin-vuelos-internacionales-de-continental-airlines-fue-de-85-en-julio\/#primaryimage\"},\"thumbnailUrl\":\"http:\/\/aeronoticias.com.pe\/fotonoticias\/agosto\/continental.jpg\",\"datePublished\":\"2008-08-08T21:40:10+00:00\",\"author\":{\"@id\":\"https:\/\/aeronoticias.com.pe\/noticiero\/#\/schema\/person\/fc1e5d578f4b62ba1cf7ac2bba1170a0\"},\"description\":\"Portal de noticias del Per\u00fa sobre el transporte a\u00e9reo, aviaci\u00f3n, turismo, hoteleria, actualidad.\",\"breadcrumb\":{\"@id\":\"https:\/\/aeronoticias.com.pe\/noticiero\/transporte-aereo\/internacional\/factor-de-ocupacin-vuelos-internacionales-de-continental-airlines-fue-de-85-en-julio\/#breadcrumb\"},\"inLanguage\":\"es\",\"potentialAction\":[{\"@type\":\"ReadAction\",\"target\":[\"https:\/\/aeronoticias.com.pe\/noticiero\/transporte-aereo\/internacional\/factor-de-ocupacin-vuelos-internacionales-de-continental-airlines-fue-de-85-en-julio\/\"]}]},{\"@type\":\"ImageObject\",\"inLanguage\":\"es\",\"@id\":\"https:\/\/aeronoticias.com.pe\/noticiero\/transporte-aereo\/internacional\/factor-de-ocupacin-vuelos-internacionales-de-continental-airlines-fue-de-85-en-julio\/#primaryimage\",\"url\":\"http:\/\/aeronoticias.com.pe\/fotonoticias\/agosto\/continental.jpg\",\"contentUrl\":\"http:\/\/aeronoticias.com.pe\/fotonoticias\/agosto\/continental.jpg\"},{\"@type\":\"BreadcrumbList\",\"@id\":\"https:\/\/aeronoticias.com.pe\/noticiero\/transporte-aereo\/internacional\/factor-de-ocupacin-vuelos-internacionales-de-continental-airlines-fue-de-85-en-julio\/#breadcrumb\",\"itemListElement\":[{\"@type\":\"ListItem\",\"position\":1,\"name\":\"Portada\",\"item\":\"https:\/\/aeronoticias.com.pe\/noticiero\/\"},{\"@type\":\"ListItem\",\"position\":2,\"name\":\"Factor de ocupaci\"}]},{\"@type\":\"WebSite\",\"@id\":\"https:\/\/aeronoticias.com.pe\/noticiero\/#website\",\"url\":\"https:\/\/aeronoticias.com.pe\/noticiero\/\",\"name\":\"Aeronoticias.com.pe\",\"description\":\"Noticias de tranporte aereo, turismo, hoteles, gastronomia, actualidad, internacional\",\"potentialAction\":[{\"@type\":\"SearchAction\",\"target\":{\"@type\":\"EntryPoint\",\"urlTemplate\":\"https:\/\/aeronoticias.com.pe\/noticiero\/?s={search_term_string}\"},\"query-input\":{\"@type\":\"PropertyValueSpecification\",\"valueRequired\":true,\"valueName\":\"search_term_string\"}}],\"inLanguage\":\"es\"},{\"@type\":\"Person\",\"@id\":\"https:\/\/aeronoticias.com.pe\/noticiero\/#\/schema\/person\/fc1e5d578f4b62ba1cf7ac2bba1170a0\",\"name\":\"Redacci\u00f3n Aeronoticias\",\"url\":\"https:\/\/aeronoticias.com.pe\/noticiero\/author\/piloto\/\"}]}<\/script>\n<!-- \/ Yoast SEO plugin. -->","yoast_head_json":{"title":"Factor de ocupaci","description":"Portal de noticias del Per\u00fa sobre el transporte a\u00e9reo, aviaci\u00f3n, turismo, hoteleria, actualidad.","robots":{"index":"index","follow":"follow","max-snippet":"max-snippet:-1","max-image-preview":"max-image-preview:large","max-video-preview":"max-video-preview:-1"},"canonical":"https:\/\/aeronoticias.com.pe\/noticiero\/transporte-aereo\/internacional\/factor-de-ocupacin-vuelos-internacionales-de-continental-airlines-fue-de-85-en-julio\/","og_locale":"es_ES","og_type":"article","og_title":"Factor de ocupaci","og_description":"Portal de noticias del Per\u00fa sobre el transporte a\u00e9reo, aviaci\u00f3n, turismo, hoteleria, actualidad.","og_url":"https:\/\/aeronoticias.com.pe\/noticiero\/transporte-aereo\/internacional\/factor-de-ocupacin-vuelos-internacionales-de-continental-airlines-fue-de-85-en-julio\/","og_site_name":"Aeronoticias.com.pe","article_publisher":"https:\/\/www.facebook.com\/Aeronoticias.com.pe\/","article_published_time":"2008-08-08T21:40:10+00:00","og_image":[{"url":"http:\/\/aeronoticias.com.pe\/fotonoticias\/agosto\/continental.jpg","type":"","width":"","height":""}],"author":"Redacci\u00f3n Aeronoticias","twitter_card":"summary_large_image","twitter_creator":"@aeronoticias","twitter_site":"@aeronoticias","twitter_misc":{"Escrito por":"Redacci\u00f3n Aeronoticias","Tiempo de lectura":"3 minutos"},"schema":{"@context":"https:\/\/schema.org","@graph":[{"@type":"WebPage","@id":"https:\/\/aeronoticias.com.pe\/noticiero\/transporte-aereo\/internacional\/factor-de-ocupacin-vuelos-internacionales-de-continental-airlines-fue-de-85-en-julio\/","url":"https:\/\/aeronoticias.com.pe\/noticiero\/transporte-aereo\/internacional\/factor-de-ocupacin-vuelos-internacionales-de-continental-airlines-fue-de-85-en-julio\/","name":"Factor de ocupaci","isPartOf":{"@id":"https:\/\/aeronoticias.com.pe\/noticiero\/#website"},"primaryImageOfPage":{"@id":"https:\/\/aeronoticias.com.pe\/noticiero\/transporte-aereo\/internacional\/factor-de-ocupacin-vuelos-internacionales-de-continental-airlines-fue-de-85-en-julio\/#primaryimage"},"image":{"@id":"https:\/\/aeronoticias.com.pe\/noticiero\/transporte-aereo\/internacional\/factor-de-ocupacin-vuelos-internacionales-de-continental-airlines-fue-de-85-en-julio\/#primaryimage"},"thumbnailUrl":"http:\/\/aeronoticias.com.pe\/fotonoticias\/agosto\/continental.jpg","datePublished":"2008-08-08T21:40:10+00:00","author":{"@id":"https:\/\/aeronoticias.com.pe\/noticiero\/#\/schema\/person\/fc1e5d578f4b62ba1cf7ac2bba1170a0"},"description":"Portal de noticias del Per\u00fa sobre el transporte a\u00e9reo, aviaci\u00f3n, turismo, hoteleria, actualidad.","breadcrumb":{"@id":"https:\/\/aeronoticias.com.pe\/noticiero\/transporte-aereo\/internacional\/factor-de-ocupacin-vuelos-internacionales-de-continental-airlines-fue-de-85-en-julio\/#breadcrumb"},"inLanguage":"es","potentialAction":[{"@type":"ReadAction","target":["https:\/\/aeronoticias.com.pe\/noticiero\/transporte-aereo\/internacional\/factor-de-ocupacin-vuelos-internacionales-de-continental-airlines-fue-de-85-en-julio\/"]}]},{"@type":"ImageObject","inLanguage":"es","@id":"https:\/\/aeronoticias.com.pe\/noticiero\/transporte-aereo\/internacional\/factor-de-ocupacin-vuelos-internacionales-de-continental-airlines-fue-de-85-en-julio\/#primaryimage","url":"http:\/\/aeronoticias.com.pe\/fotonoticias\/agosto\/continental.jpg","contentUrl":"http:\/\/aeronoticias.com.pe\/fotonoticias\/agosto\/continental.jpg"},{"@type":"BreadcrumbList","@id":"https:\/\/aeronoticias.com.pe\/noticiero\/transporte-aereo\/internacional\/factor-de-ocupacin-vuelos-internacionales-de-continental-airlines-fue-de-85-en-julio\/#breadcrumb","itemListElement":[{"@type":"ListItem","position":1,"name":"Portada","item":"https:\/\/aeronoticias.com.pe\/noticiero\/"},{"@type":"ListItem","position":2,"name":"Factor de ocupaci"}]},{"@type":"WebSite","@id":"https:\/\/aeronoticias.com.pe\/noticiero\/#website","url":"https:\/\/aeronoticias.com.pe\/noticiero\/","name":"Aeronoticias.com.pe","description":"Noticias de tranporte aereo, turismo, hoteles, gastronomia, actualidad, internacional","potentialAction":[{"@type":"SearchAction","target":{"@type":"EntryPoint","urlTemplate":"https:\/\/aeronoticias.com.pe\/noticiero\/?s={search_term_string}"},"query-input":{"@type":"PropertyValueSpecification","valueRequired":true,"valueName":"search_term_string"}}],"inLanguage":"es"},{"@type":"Person","@id":"https:\/\/aeronoticias.com.pe\/noticiero\/#\/schema\/person\/fc1e5d578f4b62ba1cf7ac2bba1170a0","name":"Redacci\u00f3n Aeronoticias","url":"https:\/\/aeronoticias.com.pe\/noticiero\/author\/piloto\/"}]}},"_links":{"self":[{"href":"https:\/\/aeronoticias.com.pe\/noticiero\/wp-json\/wp\/v2\/posts\/197","targetHints":{"allow":["GET"]}}],"collection":[{"href":"https:\/\/aeronoticias.com.pe\/noticiero\/wp-json\/wp\/v2\/posts"}],"about":[{"href":"https:\/\/aeronoticias.com.pe\/noticiero\/wp-json\/wp\/v2\/types\/post"}],"author":[{"embeddable":true,"href":"https:\/\/aeronoticias.com.pe\/noticiero\/wp-json\/wp\/v2\/users\/1"}],"replies":[{"embeddable":true,"href":"https:\/\/aeronoticias.com.pe\/noticiero\/wp-json\/wp\/v2\/comments?post=197"}],"version-history":[{"count":0,"href":"https:\/\/aeronoticias.com.pe\/noticiero\/wp-json\/wp\/v2\/posts\/197\/revisions"}],"wp:attachment":[{"href":"https:\/\/aeronoticias.com.pe\/noticiero\/wp-json\/wp\/v2\/media?parent=197"}],"wp:term":[{"taxonomy":"category","embeddable":true,"href":"https:\/\/aeronoticias.com.pe\/noticiero\/wp-json\/wp\/v2\/categories?post=197"},{"taxonomy":"post_tag","embeddable":true,"href":"https:\/\/aeronoticias.com.pe\/noticiero\/wp-json\/wp\/v2\/tags?post=197"}],"curies":[{"name":"wp","href":"https:\/\/api.w.org\/{rel}","templated":true}]}}