{"id":198,"date":"2008-08-09T11:42:42","date_gmt":"2008-08-09T11:42:42","guid":{"rendered":"http:\/\/desarrollo.mcvicious.com\/aero2020\/2008\/08\/09\/del-castillo-per-bien-en-la-conexia-internacional-muy-mal-en-la-conexiomicaq\/"},"modified":"2008-08-09T11:42:42","modified_gmt":"2008-08-09T11:42:42","slug":"del-castillo-per-bien-en-la-conexia-internacional-muy-mal-en-la-conexiomicaq","status":"publish","type":"post","link":"https:\/\/aeronoticias.com.pe\/noticiero\/ultimas\/1\/del-castillo-per-bien-en-la-conexia-internacional-muy-mal-en-la-conexiomicaq\/","title":{"rendered":"Del Castillo:"},"content":{"rendered":"<blockquote style=\"font: medium Arial, Helvetica, sans-serif; color: #3366ff; text-decoration: blink\">\n<p align=\"justify\"><span class=\"edpnoticiacontenido4\"><span style=\"font-size: 7pt; font-family: Arial\">El presidente del Consejo de Ministros, Jorge del Castillo G&aacute;lvez, asegur&oacute; hoy en el programa Enfoque de los S&aacute;bados de RPP que &ldquo;Per&uacute; va bien en la conexi&oacute;n a&eacute;rea internacional, pero muy mal en la conexi&oacute;n a&eacute;rea dom&eacute;stica&rdquo;.<\/span><\/span><span class=\"edpnoticiacontenido4\"><span style=\"font-size: 7pt; font-family: Arial\">&nbsp;<\/span><\/span><\/p>\n<p align=\"justify\"><span class=\"edpnoticiacontenido4\"><span style=\"font-size: 7pt; font-family: Arial\">Revel&oacute; que este es un tema que el Gobierno Central viene trabajando e impulsa la llegada de varias aerol&iacute;neas extranjeras al pa&iacute;s.<\/span><\/span><span class=\"edpnoticiacontenido4\"><span style=\"font-size: 7pt; font-family: Arial\">&nbsp;<\/span><\/span><span class=\"edpnoticiacontenido4\"><span style=\"font-size: 7pt; font-family: Arial\">&ldquo;Se viene impulsando a varias empresas para que ingresen al mercado dom&eacute;stico, que es fundamental&rdquo;, expres&oacute; del Castillo.<\/span><\/span><span class=\"edpnoticiacontenido4\"><span style=\"font-size: 7pt; font-family: Arial\">&nbsp;<\/span><\/span><\/p>\n<p align=\"justify\"><span class=\"edpnoticiacontenido4\"><span style=\"font-size: 7pt; font-family: Arial\">Estas palabras las dio tras la pregunta de c&oacute;mo iba el mercado a&eacute;reo nacional, donde los pasajes a&eacute;reos al interior del pa&iacute;s cuestan mucho m&aacute;s que ir al extranjero.<\/span><\/span><span class=\"edpnoticiacontenido4\"><span style=\"font-size: 7pt; font-family: Arial\">&nbsp;<\/span><\/span><\/p>\n<p align=\"center\"><span class=\"edpnoticiacontenido4\"><span style=\"font-size: 7pt; font-family: Arial\"><strong>&quot;Hay un problema posible de inflaci&oacute;n y la prioridad es controlarla&quot;<\/strong><\/span><\/span><span class=\"edpnoticiacontenido4\"><span style=\"font-size: 7pt; font-family: Arial\">&nbsp;<\/span><\/span> <\/p>\n<p style=\"margin: 0cm 0cm 0pt\" class=\"MsoNormal\" align=\"justify\"><span class=\"edpnoticiacontenido4\"><span style=\"font-size: 7pt; font-family: Arial\">Jorge del Castillo asegur&oacute; que las medidas que tomar&aacute; el Ejecutivo para mantener bajo control la inflaci&oacute;n de ninguna manera ocasionar&aacute;n un retroceso en el crecimiento econ&oacute;mico del pa&iacute;s ni una par&aacute;lisis de las inversiones.<\/span><\/span><\/p>\n<p style=\"margin: 0cm 0cm 0pt\" class=\"MsoNormal\" align=\"center\"><span class=\"edpnoticiacontenido4\"><span style=\"font-size: 7pt; font-family: Arial\"><img loading=\"lazy\" decoding=\"async\" src=\"http:\/\/aeronoticias.com.pe\/fotonoticias\/agosto\/jorgedelcastillo.jpg\" alt=\" \" title=\"El presidente del Consejo de Ministros (PCM), Jorge del Castillo. (Foto: Luis Noguera-Aeronoticias)\" hspace=\"5\" vspace=\"5\" width=\"135\" height=\"130\" align=\"absMiddle\" \/><\/span><\/span><\/p>\n<\/blockquote>\n<p> <!--more--> <\/p>\n<blockquote style=\"font-size: medium; color: #3366ff; line-height: normal; font-style: normal; font-family: Arial, Helvetica, sans-serif; text-decoration: blink\">\n<p align=\"justify\"><span class=\"edpnoticiacontenido4\"><span style=\"font-size: 7pt; font-family: Arial\">Detall&oacute; que &ldquo;va a haber una modificaci&oacute;n, pero de ninguna manera va a ocasionar una par&aacute;lisis de las inversiones ni un retroceso en el crecimiento; quiz&aacute;s haya que morigerar algunas acciones, pero eso nos va a permitir mantener bajo control la frontera inflacionaria&rdquo;, expres&oacute;.<\/span><\/span><span class=\"edpnoticiacontenido4\"><span style=\"font-size: 7pt; font-family: Arial\">&nbsp;<\/span><\/span><\/p>\n<p align=\"justify\"><span class=\"edpnoticiacontenido4\"><span style=\"font-size: 7pt; font-family: Arial\">Agreg&oacute; que el ministro de Econom&iacute;a y Finanzas, Luis Valdivieso, est&aacute; en la fase final de la evaluaci&oacute;n que inici&oacute; para definir las medidas a tomarse con la finalidad de controlar la inflaci&oacute;n.<\/span><\/span><\/p>\n<p align=\"justify\"><span class=\"edpnoticiacontenido4\"><span style=\"font-size: 7pt; font-family: Arial\">&ldquo;(&hellip;) hay un problema posible de inflaci&oacute;n y la prioridad es controlarla, as&iacute; lo dijo el presidente Alan Garc&iacute;a, por eso hay que hacer algunos cambios y eso lo vamos a ver en el dictamen que nos va a presentar el ministro de Econom&iacute;a&rdquo;, expres&oacute; el presidente del Consejo de Ministros, Jorge del Castillo.<\/span><\/span><span class=\"edpnoticiacontenido4\"><span style=\"font-size: 7pt; font-family: Arial\">&nbsp;<\/span><\/span><\/p>\n<p align=\"justify\"><span class=\"edpnoticiacontenido4\"><span style=\"font-size: 7pt; font-family: Arial\">Finalmente dijo que a fines de a&ntilde;o se nombrar&aacute; a un nuevo contralor general de la Rep&uacute;blica, el mismo que &ldquo;no pondr&aacute; un miembro partidario, sino una persona acreditada, seria y con reconocimiento moral&rdquo;.<\/span><\/span><span class=\"edpnoticiacontenido4\"><span style=\"font-size: 7pt; font-family: Arial\">&nbsp;<\/span><\/span> <\/p>\n<p style=\"margin: 0cm 0cm 0pt\" class=\"MsoNormal\" align=\"justify\"><span class=\"edpnoticiacontenido4\"><span style=\"font-size: 7pt; font-family: Arial\">Agreg&oacute; que el Gobierno ha desactivado la Oficina Nacional Anticorrupci&oacute;n (ONA) para que la Contralor&iacute;a asuma esta funci&oacute;n e ingrese a una nueva fase y asuma tambi&eacute;n las acciones que realizaba esa entidad.<\/span><\/span><\/p>\n<\/blockquote>\n","protected":false},"excerpt":{"rendered":"<p>El presidente del Consejo de Ministros, Jorge del Castillo G&aacute;lvez, asegur&oacute; hoy en el programa Enfoque de los S&aacute;bados de RPP que &ldquo;Per&uacute; va bien en la conexi&oacute;n a&eacute;rea internacional, pero muy mal en la conexi&oacute;n a&eacute;rea dom&eacute;stica&rdquo;.&nbsp; Revel&oacute; que este es un tema que el Gobierno Central viene trabajando e impulsa la llegada de [&hellip;]<\/p>\n","protected":false},"author":1,"featured_media":0,"comment_status":"open","ping_status":"open","sticky":false,"template":"","format":"standard","meta":{"tdm_status":"","tdm_grid_status":"","footnotes":""},"categories":[30],"tags":[],"class_list":{"0":"post-198","1":"post","2":"type-post","3":"status-publish","4":"format-standard","6":"category-30"},"yoast_head":"<!-- This site is optimized with the Yoast SEO plugin v25.1 - https:\/\/yoast.com\/wordpress\/plugins\/seo\/ -->\n<title>Del Castillo:<\/title>\n<meta name=\"description\" content=\"Portal de noticias del Per\u00fa sobre el transporte a\u00e9reo, aviaci\u00f3n, turismo, hoteleria, actualidad.\" \/>\n<meta name=\"robots\" content=\"index, follow, max-snippet:-1, max-image-preview:large, max-video-preview:-1\" \/>\n<link rel=\"canonical\" href=\"https:\/\/aeronoticias.com.pe\/noticiero\/ultimas\/1\/del-castillo-per-bien-en-la-conexia-internacional-muy-mal-en-la-conexiomicaq\/\" \/>\n<meta property=\"og:locale\" content=\"es_ES\" \/>\n<meta property=\"og:type\" content=\"article\" \/>\n<meta property=\"og:title\" content=\"Del Castillo:\" \/>\n<meta property=\"og:description\" content=\"Portal de noticias del Per\u00fa sobre el transporte a\u00e9reo, aviaci\u00f3n, turismo, hoteleria, actualidad.\" \/>\n<meta property=\"og:url\" content=\"https:\/\/aeronoticias.com.pe\/noticiero\/ultimas\/1\/del-castillo-per-bien-en-la-conexia-internacional-muy-mal-en-la-conexiomicaq\/\" \/>\n<meta property=\"og:site_name\" content=\"Aeronoticias.com.pe\" \/>\n<meta property=\"article:publisher\" content=\"https:\/\/www.facebook.com\/Aeronoticias.com.pe\/\" \/>\n<meta property=\"article:published_time\" content=\"2008-08-09T11:42:42+00:00\" \/>\n<meta property=\"og:image\" content=\"http:\/\/aeronoticias.com.pe\/fotonoticias\/agosto\/jorgedelcastillo.jpg\" \/>\n<meta name=\"author\" content=\"Redacci\u00f3n Aeronoticias\" \/>\n<meta name=\"twitter:card\" content=\"summary_large_image\" \/>\n<meta name=\"twitter:creator\" content=\"@aeronoticias\" \/>\n<meta name=\"twitter:site\" content=\"@aeronoticias\" \/>\n<meta name=\"twitter:label1\" content=\"Escrito por\" \/>\n\t<meta name=\"twitter:data1\" content=\"Redacci\u00f3n Aeronoticias\" \/>\n\t<meta name=\"twitter:label2\" content=\"Tiempo de lectura\" \/>\n\t<meta name=\"twitter:data2\" content=\"2 minutos\" \/>\n<script type=\"application\/ld+json\" class=\"yoast-schema-graph\">{\"@context\":\"https:\/\/schema.org\",\"@graph\":[{\"@type\":\"WebPage\",\"@id\":\"https:\/\/aeronoticias.com.pe\/noticiero\/ultimas\/1\/del-castillo-per-bien-en-la-conexia-internacional-muy-mal-en-la-conexiomicaq\/\",\"url\":\"https:\/\/aeronoticias.com.pe\/noticiero\/ultimas\/1\/del-castillo-per-bien-en-la-conexia-internacional-muy-mal-en-la-conexiomicaq\/\",\"name\":\"Del Castillo:\",\"isPartOf\":{\"@id\":\"https:\/\/aeronoticias.com.pe\/noticiero\/#website\"},\"primaryImageOfPage\":{\"@id\":\"https:\/\/aeronoticias.com.pe\/noticiero\/ultimas\/1\/del-castillo-per-bien-en-la-conexia-internacional-muy-mal-en-la-conexiomicaq\/#primaryimage\"},\"image\":{\"@id\":\"https:\/\/aeronoticias.com.pe\/noticiero\/ultimas\/1\/del-castillo-per-bien-en-la-conexia-internacional-muy-mal-en-la-conexiomicaq\/#primaryimage\"},\"thumbnailUrl\":\"http:\/\/aeronoticias.com.pe\/fotonoticias\/agosto\/jorgedelcastillo.jpg\",\"datePublished\":\"2008-08-09T11:42:42+00:00\",\"author\":{\"@id\":\"https:\/\/aeronoticias.com.pe\/noticiero\/#\/schema\/person\/fc1e5d578f4b62ba1cf7ac2bba1170a0\"},\"description\":\"Portal de noticias del Per\u00fa sobre el transporte a\u00e9reo, aviaci\u00f3n, turismo, hoteleria, actualidad.\",\"breadcrumb\":{\"@id\":\"https:\/\/aeronoticias.com.pe\/noticiero\/ultimas\/1\/del-castillo-per-bien-en-la-conexia-internacional-muy-mal-en-la-conexiomicaq\/#breadcrumb\"},\"inLanguage\":\"es\",\"potentialAction\":[{\"@type\":\"ReadAction\",\"target\":[\"https:\/\/aeronoticias.com.pe\/noticiero\/ultimas\/1\/del-castillo-per-bien-en-la-conexia-internacional-muy-mal-en-la-conexiomicaq\/\"]}]},{\"@type\":\"ImageObject\",\"inLanguage\":\"es\",\"@id\":\"https:\/\/aeronoticias.com.pe\/noticiero\/ultimas\/1\/del-castillo-per-bien-en-la-conexia-internacional-muy-mal-en-la-conexiomicaq\/#primaryimage\",\"url\":\"http:\/\/aeronoticias.com.pe\/fotonoticias\/agosto\/jorgedelcastillo.jpg\",\"contentUrl\":\"http:\/\/aeronoticias.com.pe\/fotonoticias\/agosto\/jorgedelcastillo.jpg\"},{\"@type\":\"BreadcrumbList\",\"@id\":\"https:\/\/aeronoticias.com.pe\/noticiero\/ultimas\/1\/del-castillo-per-bien-en-la-conexia-internacional-muy-mal-en-la-conexiomicaq\/#breadcrumb\",\"itemListElement\":[{\"@type\":\"ListItem\",\"position\":1,\"name\":\"Portada\",\"item\":\"https:\/\/aeronoticias.com.pe\/noticiero\/\"},{\"@type\":\"ListItem\",\"position\":2,\"name\":\"Del Castillo:\"}]},{\"@type\":\"WebSite\",\"@id\":\"https:\/\/aeronoticias.com.pe\/noticiero\/#website\",\"url\":\"https:\/\/aeronoticias.com.pe\/noticiero\/\",\"name\":\"Aeronoticias.com.pe\",\"description\":\"Noticias de tranporte aereo, turismo, hoteles, gastronomia, actualidad, internacional\",\"potentialAction\":[{\"@type\":\"SearchAction\",\"target\":{\"@type\":\"EntryPoint\",\"urlTemplate\":\"https:\/\/aeronoticias.com.pe\/noticiero\/?s={search_term_string}\"},\"query-input\":{\"@type\":\"PropertyValueSpecification\",\"valueRequired\":true,\"valueName\":\"search_term_string\"}}],\"inLanguage\":\"es\"},{\"@type\":\"Person\",\"@id\":\"https:\/\/aeronoticias.com.pe\/noticiero\/#\/schema\/person\/fc1e5d578f4b62ba1cf7ac2bba1170a0\",\"name\":\"Redacci\u00f3n Aeronoticias\",\"url\":\"https:\/\/aeronoticias.com.pe\/noticiero\/author\/piloto\/\"}]}<\/script>\n<!-- \/ Yoast SEO plugin. -->","yoast_head_json":{"title":"Del Castillo:","description":"Portal de noticias del Per\u00fa sobre el transporte a\u00e9reo, aviaci\u00f3n, turismo, hoteleria, actualidad.","robots":{"index":"index","follow":"follow","max-snippet":"max-snippet:-1","max-image-preview":"max-image-preview:large","max-video-preview":"max-video-preview:-1"},"canonical":"https:\/\/aeronoticias.com.pe\/noticiero\/ultimas\/1\/del-castillo-per-bien-en-la-conexia-internacional-muy-mal-en-la-conexiomicaq\/","og_locale":"es_ES","og_type":"article","og_title":"Del Castillo:","og_description":"Portal de noticias del Per\u00fa sobre el transporte a\u00e9reo, aviaci\u00f3n, turismo, hoteleria, actualidad.","og_url":"https:\/\/aeronoticias.com.pe\/noticiero\/ultimas\/1\/del-castillo-per-bien-en-la-conexia-internacional-muy-mal-en-la-conexiomicaq\/","og_site_name":"Aeronoticias.com.pe","article_publisher":"https:\/\/www.facebook.com\/Aeronoticias.com.pe\/","article_published_time":"2008-08-09T11:42:42+00:00","og_image":[{"url":"http:\/\/aeronoticias.com.pe\/fotonoticias\/agosto\/jorgedelcastillo.jpg","type":"","width":"","height":""}],"author":"Redacci\u00f3n Aeronoticias","twitter_card":"summary_large_image","twitter_creator":"@aeronoticias","twitter_site":"@aeronoticias","twitter_misc":{"Escrito por":"Redacci\u00f3n Aeronoticias","Tiempo de lectura":"2 minutos"},"schema":{"@context":"https:\/\/schema.org","@graph":[{"@type":"WebPage","@id":"https:\/\/aeronoticias.com.pe\/noticiero\/ultimas\/1\/del-castillo-per-bien-en-la-conexia-internacional-muy-mal-en-la-conexiomicaq\/","url":"https:\/\/aeronoticias.com.pe\/noticiero\/ultimas\/1\/del-castillo-per-bien-en-la-conexia-internacional-muy-mal-en-la-conexiomicaq\/","name":"Del Castillo:","isPartOf":{"@id":"https:\/\/aeronoticias.com.pe\/noticiero\/#website"},"primaryImageOfPage":{"@id":"https:\/\/aeronoticias.com.pe\/noticiero\/ultimas\/1\/del-castillo-per-bien-en-la-conexia-internacional-muy-mal-en-la-conexiomicaq\/#primaryimage"},"image":{"@id":"https:\/\/aeronoticias.com.pe\/noticiero\/ultimas\/1\/del-castillo-per-bien-en-la-conexia-internacional-muy-mal-en-la-conexiomicaq\/#primaryimage"},"thumbnailUrl":"http:\/\/aeronoticias.com.pe\/fotonoticias\/agosto\/jorgedelcastillo.jpg","datePublished":"2008-08-09T11:42:42+00:00","author":{"@id":"https:\/\/aeronoticias.com.pe\/noticiero\/#\/schema\/person\/fc1e5d578f4b62ba1cf7ac2bba1170a0"},"description":"Portal de noticias del Per\u00fa sobre el transporte a\u00e9reo, aviaci\u00f3n, turismo, hoteleria, actualidad.","breadcrumb":{"@id":"https:\/\/aeronoticias.com.pe\/noticiero\/ultimas\/1\/del-castillo-per-bien-en-la-conexia-internacional-muy-mal-en-la-conexiomicaq\/#breadcrumb"},"inLanguage":"es","potentialAction":[{"@type":"ReadAction","target":["https:\/\/aeronoticias.com.pe\/noticiero\/ultimas\/1\/del-castillo-per-bien-en-la-conexia-internacional-muy-mal-en-la-conexiomicaq\/"]}]},{"@type":"ImageObject","inLanguage":"es","@id":"https:\/\/aeronoticias.com.pe\/noticiero\/ultimas\/1\/del-castillo-per-bien-en-la-conexia-internacional-muy-mal-en-la-conexiomicaq\/#primaryimage","url":"http:\/\/aeronoticias.com.pe\/fotonoticias\/agosto\/jorgedelcastillo.jpg","contentUrl":"http:\/\/aeronoticias.com.pe\/fotonoticias\/agosto\/jorgedelcastillo.jpg"},{"@type":"BreadcrumbList","@id":"https:\/\/aeronoticias.com.pe\/noticiero\/ultimas\/1\/del-castillo-per-bien-en-la-conexia-internacional-muy-mal-en-la-conexiomicaq\/#breadcrumb","itemListElement":[{"@type":"ListItem","position":1,"name":"Portada","item":"https:\/\/aeronoticias.com.pe\/noticiero\/"},{"@type":"ListItem","position":2,"name":"Del Castillo:"}]},{"@type":"WebSite","@id":"https:\/\/aeronoticias.com.pe\/noticiero\/#website","url":"https:\/\/aeronoticias.com.pe\/noticiero\/","name":"Aeronoticias.com.pe","description":"Noticias de tranporte aereo, turismo, hoteles, gastronomia, actualidad, internacional","potentialAction":[{"@type":"SearchAction","target":{"@type":"EntryPoint","urlTemplate":"https:\/\/aeronoticias.com.pe\/noticiero\/?s={search_term_string}"},"query-input":{"@type":"PropertyValueSpecification","valueRequired":true,"valueName":"search_term_string"}}],"inLanguage":"es"},{"@type":"Person","@id":"https:\/\/aeronoticias.com.pe\/noticiero\/#\/schema\/person\/fc1e5d578f4b62ba1cf7ac2bba1170a0","name":"Redacci\u00f3n Aeronoticias","url":"https:\/\/aeronoticias.com.pe\/noticiero\/author\/piloto\/"}]}},"_links":{"self":[{"href":"https:\/\/aeronoticias.com.pe\/noticiero\/wp-json\/wp\/v2\/posts\/198","targetHints":{"allow":["GET"]}}],"collection":[{"href":"https:\/\/aeronoticias.com.pe\/noticiero\/wp-json\/wp\/v2\/posts"}],"about":[{"href":"https:\/\/aeronoticias.com.pe\/noticiero\/wp-json\/wp\/v2\/types\/post"}],"author":[{"embeddable":true,"href":"https:\/\/aeronoticias.com.pe\/noticiero\/wp-json\/wp\/v2\/users\/1"}],"replies":[{"embeddable":true,"href":"https:\/\/aeronoticias.com.pe\/noticiero\/wp-json\/wp\/v2\/comments?post=198"}],"version-history":[{"count":0,"href":"https:\/\/aeronoticias.com.pe\/noticiero\/wp-json\/wp\/v2\/posts\/198\/revisions"}],"wp:attachment":[{"href":"https:\/\/aeronoticias.com.pe\/noticiero\/wp-json\/wp\/v2\/media?parent=198"}],"wp:term":[{"taxonomy":"category","embeddable":true,"href":"https:\/\/aeronoticias.com.pe\/noticiero\/wp-json\/wp\/v2\/categories?post=198"},{"taxonomy":"post_tag","embeddable":true,"href":"https:\/\/aeronoticias.com.pe\/noticiero\/wp-json\/wp\/v2\/tags?post=198"}],"curies":[{"name":"wp","href":"https:\/\/api.w.org\/{rel}","templated":true}]}}