{"id":20030,"date":"2011-10-18T16:12:21","date_gmt":"2011-10-18T16:12:21","guid":{"rendered":"http:\/\/desarrollo.mcvicious.com\/aero2020\/2011\/10\/18\/cristo-moreno-en-su-recorrido-central\/"},"modified":"2011-10-18T16:12:21","modified_gmt":"2011-10-18T16:12:21","slug":"cristo-moreno-en-su-recorrido-central","status":"publish","type":"post","link":"https:\/\/aeronoticias.com.pe\/noticiero\/ultimas\/1\/cristo-moreno-en-su-recorrido-central\/","title":{"rendered":"Cristo Moreno en su recorrido central"},"content":{"rendered":"<p style=\"text-align: justify;\"><strong>(Aeronoticias).- <\/strong>La procesi\u00f3n del Se\u00f1or de los Milagros, es considerada mayor procesi\u00f3n de Sudam\u00e9rica ya que re\u00fane a la mayor cantidad de devotos de Am\u00e9rica del Sur, vestidos con h\u00e1bitos morados cantan acompa\u00f1ando a la imagen m\u00e1s venerada en Lima, en todos sus recorridos, con ese fervor que caracteriza a todos sus fieles. El anda, de aproximadamente dos toneladas de peso, es llevada sobre los hombros de los fieles integrantes de diferentes cuadrillas. El recorrido tradicional de casi 24 horas del \u201cCristo Moreno\u201d, parte desde el templo de Las Nazarenas, cruza la zona del centro de Lima hasta que llega a la iglesia de La Merced en Barrios Altos. Por estas fechas abundan la variedad de platos y dulces t\u00edpicos, como el afamado Turr\u00f3n. En conmemoraci\u00f3n del Se\u00f1or de los Milagros, en octubre se realiza tambi\u00e9n, en la Plaza de Acho, la reconocida feria taurina del mismo nombre, a la que llegan los m\u00e1s prestigiosos toreros de Espa\u00f1a y Am\u00e9rica.<\/p>\n<p>La historia de esta festividad importante para todos los peruanos y en especial para los lime\u00f1os, se remonta en el siglo XVII, al\u00a0 llegar\u00a0 unos negros de la casta de los Angola, constituyeron una hermandad en el barrio de Pachacamilla, lugar llamado as\u00ed, porque all\u00ed habitaron unos ind\u00edgenas de la zona prehisp\u00e1nica del dios Pachacamac. Este barrio de la Ciudad de los Reyes, es actualmente el Monasterio de las Nazarenas, casa del Se\u00f1or de los Milagros, llamado tambi\u00e9n de la Santa Cruz, pues all\u00ed en el a\u00f1o 1624 se pint\u00f3 una Cruz, como s\u00edmbolo de protecci\u00f3n, ante las amenazas de invasi\u00f3n a Lima del pirata Jacobo L\u00b4Hermite Clerk.<\/p>\n<p>  <!--more-->  <\/p>\n<p style=\"text-align: justify;\">En\u00a0 1651, un esclavo angole\u00f1o Pedro Dalc\u00f3n, pint\u00f3 la imagen en una de las paredes de la zona de Pachacamilla, bajo inspiraci\u00f3n divina, plasm\u00f3 en su dibujo a Cristo crucificado. La imagen fue pintada en una pared, tuvo un acabado imperfecto, cabe resaltar que el pintor no contaba con estudios completos de pintura, y que realiz\u00f3\u00a0 la obra por su propia fe y su inquebrantable devoci\u00f3n a Cristo.<\/p>\n<p>Lima fue estremecida por un terrible terremoto, el 13 de Noviembre de 1655, movimiento que derrumb\u00f3 templos, mansiones y viviendas ocasionando miles de damnificados y muertos. En Pachacamilla, todas las paredes se derrumbaron, menos aquel muro d\u00e9bil de adobe donde se encontraba la imagen de Cristo sin ning\u00fan rasgu\u00f1o. <\/p>\n<p>El Virrey Conde de Lemos no estaba de acuerdo con las reuniones, porque seg\u00fan \u00e9l, estaba fuera de culto religioso. Hubo varios intentos para borrarla, el primero fue un pintor indio, quien subi\u00f3 a acatar la orden del Virrey, al hacerlo fue v\u00edctima de temblores corporales y escalofr\u00edos, por lo que no pudo realizar el encargo. Cuando subi\u00f3 el segundo pintor, vio en la imagen algo que lo hizo desistir a borrarla y el tercero fue un soldado de car\u00e1cter fuerte quien baj\u00f3 de inmediato explicando que apenas vio la imagen, \u00e9sta se pon\u00eda m\u00e1s bella y que la corona de espinas se volv\u00eda verde.<\/p>\n<p>En 1670, Don Antonio de Le\u00f3n, un vecino cercano a la Parroquia de San Sebasti\u00e1n, padec\u00eda de constantes dolores debido a un tumor cerebral. Los m\u00e9dicos y curanderos no ve\u00edan cura alguna,\u00a0 fue entonces cuando decidi\u00f3 rendirle culto, poniendo como techo una pobre ramada y como altar una mesa de adobes acudi\u00f3, siendo as\u00ed el primer devoto del Cristo de Pachacamilla, qui\u00e9n premi\u00f3 su gesto alivi\u00e1ndolo de su enfermedad por completo. A este vecino muchos le hicieron compa\u00f1\u00eda en su devoci\u00f3n al Cristo morado; y viendo que el Se\u00f1or les favorec\u00eda con favores, milagros y bendiciones, establecieron cada viernes por la noche, romer\u00edas con m\u00fasica y caj\u00f3n.<\/p>\n<p>Luego de otro terremoto que sucedi\u00f3 en 20 de Octubre de 1687 en Lima, se llev\u00f3 a cabo la primera procesi\u00f3n del Se\u00f1or de los Milagros por las calles de Pachacamilla.<\/p>\n<p>Nuestro Se\u00f1or de los Milagros, llamado tambi\u00e9n \u201cCristo Morado\u201d, \u201cCristo Moreno\u201d, Cristo de Pachacamilla o Se\u00f1or de los Temblores, es la imagen m\u00e1s venerada por los peruanos, ubicada en el Altar Mayor del Santuario de las Nazarenas en Lima. El perfume a incienso, las calles decoradas con cadenetas moradas y blancas, los p\u00e9talos de las flores, las Sahumadoras, los cantos de todas las cantoras y miembros de las Hermandad, todas aquellas almas llenas de f\u00e9, algunas de las calles tienen alfombras de flores multicolores hechas por Clubes de Madres y Comedores Populares de Lima y Callao, son algunas de las caracter\u00edsticas en este mes morado con motivo de la fiesta del Se\u00f1or de los Milagros, hoy en su recorrido central no ser\u00e1 la excepci\u00f3n.<\/p>\n<p>En las calles por donde pasa la procesi\u00f3n, a\u00f1o tras a\u00f1o las escenas se repiten por doquier, como la venta de rosarios, anillos, velas, estampitas, pulseras, detentes, calendarios y muchas cosas para todos los devotos quienes caminan acompa\u00f1ando la imagen mientras que sus cantoras repiten el Himno al Se\u00f1or de los Milagros.<\/p>\n<p>Hoy el Congreso de la Rep\u00fablica le rendir\u00e1 un homenaje a las 14:00 horas, tambi\u00e9n ser\u00e1 el tercer recorrido del Se\u00f1or de los Milagros, a\u00fan faltan procesiones y misas en el Templo de las Nazarenas, as\u00ed que Usted puede acompa\u00f1ar al Cristo Morado y formar parte de los fieles que van con \u00e9l.<\/p>\n<p>Por otro lado la Fundaci\u00f3n Telef\u00f3nica organiz\u00f3 el I Concurso Fotogr\u00e1fico, certamen que aspira a que volvamos nuestras miradas sobre el Se\u00f1or de los Milagros y su entorno, haciendo un llamado para que las personas sepan la importancia que tiene para los peruanos, a la vez que busca estimular las vocaciones de los cultores del arte fotogr\u00e1fico.<\/p>\n<p style=\"text-align: justify;\"><img decoding=\"async\" src=\"images\/stories\/11\/10\/181011\/criso_moreno_milagros_procesion_ruta.jpg\" border=\"0\" alt=\"Cristo Moreno en su recorrido central\" title=\"Cristo Moreno en su recorrido central\" \/><\/p>\n","protected":false},"excerpt":{"rendered":"<p>(Aeronoticias).- La procesi\u00f3n del Se\u00f1or de los Milagros, es considerada mayor procesi\u00f3n de Sudam\u00e9rica ya que re\u00fane a la mayor cantidad de devotos de Am\u00e9rica del Sur, vestidos con h\u00e1bitos morados cantan acompa\u00f1ando a la imagen m\u00e1s venerada en Lima, en todos sus recorridos, con ese fervor que caracteriza a todos sus fieles. El anda, [&hellip;]<\/p>\n","protected":false},"author":1,"featured_media":0,"comment_status":"open","ping_status":"open","sticky":false,"template":"","format":"standard","meta":{"tdm_status":"","tdm_grid_status":"","footnotes":""},"categories":[30],"tags":[],"class_list":{"0":"post-20030","1":"post","2":"type-post","3":"status-publish","4":"format-standard","6":"category-30"},"yoast_head":"<!-- This site is optimized with the Yoast SEO plugin v25.1 - https:\/\/yoast.com\/wordpress\/plugins\/seo\/ -->\n<title>Cristo Moreno en su recorrido central<\/title>\n<meta name=\"description\" content=\"Portal de noticias del Per\u00fa sobre el transporte a\u00e9reo, aviaci\u00f3n, turismo, hoteleria, actualidad.\" \/>\n<meta name=\"robots\" content=\"index, follow, max-snippet:-1, max-image-preview:large, max-video-preview:-1\" \/>\n<link rel=\"canonical\" href=\"https:\/\/aeronoticias.com.pe\/noticiero\/ultimas\/1\/cristo-moreno-en-su-recorrido-central\/\" \/>\n<meta property=\"og:locale\" content=\"es_ES\" \/>\n<meta property=\"og:type\" content=\"article\" \/>\n<meta property=\"og:title\" content=\"Cristo Moreno en su recorrido central\" \/>\n<meta property=\"og:description\" content=\"Portal de noticias del Per\u00fa sobre el transporte a\u00e9reo, aviaci\u00f3n, turismo, hoteleria, actualidad.\" \/>\n<meta property=\"og:url\" content=\"https:\/\/aeronoticias.com.pe\/noticiero\/ultimas\/1\/cristo-moreno-en-su-recorrido-central\/\" \/>\n<meta property=\"og:site_name\" content=\"Aeronoticias.com.pe\" \/>\n<meta property=\"article:publisher\" content=\"https:\/\/www.facebook.com\/Aeronoticias.com.pe\/\" \/>\n<meta property=\"article:published_time\" content=\"2011-10-18T16:12:21+00:00\" \/>\n<meta name=\"author\" content=\"Redacci\u00f3n Aeronoticias\" \/>\n<meta name=\"twitter:card\" content=\"summary_large_image\" \/>\n<meta name=\"twitter:creator\" content=\"@aeronoticias\" \/>\n<meta name=\"twitter:site\" content=\"@aeronoticias\" \/>\n<meta name=\"twitter:label1\" content=\"Escrito por\" \/>\n\t<meta name=\"twitter:data1\" content=\"Redacci\u00f3n Aeronoticias\" \/>\n\t<meta name=\"twitter:label2\" content=\"Tiempo de lectura\" \/>\n\t<meta name=\"twitter:data2\" content=\"5 minutos\" \/>\n<script type=\"application\/ld+json\" class=\"yoast-schema-graph\">{\"@context\":\"https:\/\/schema.org\",\"@graph\":[{\"@type\":\"WebPage\",\"@id\":\"https:\/\/aeronoticias.com.pe\/noticiero\/ultimas\/1\/cristo-moreno-en-su-recorrido-central\/\",\"url\":\"https:\/\/aeronoticias.com.pe\/noticiero\/ultimas\/1\/cristo-moreno-en-su-recorrido-central\/\",\"name\":\"Cristo Moreno en su recorrido central\",\"isPartOf\":{\"@id\":\"https:\/\/aeronoticias.com.pe\/noticiero\/#website\"},\"datePublished\":\"2011-10-18T16:12:21+00:00\",\"author\":{\"@id\":\"https:\/\/aeronoticias.com.pe\/noticiero\/#\/schema\/person\/fc1e5d578f4b62ba1cf7ac2bba1170a0\"},\"description\":\"Portal de noticias del Per\u00fa sobre el transporte a\u00e9reo, aviaci\u00f3n, turismo, hoteleria, actualidad.\",\"breadcrumb\":{\"@id\":\"https:\/\/aeronoticias.com.pe\/noticiero\/ultimas\/1\/cristo-moreno-en-su-recorrido-central\/#breadcrumb\"},\"inLanguage\":\"es\",\"potentialAction\":[{\"@type\":\"ReadAction\",\"target\":[\"https:\/\/aeronoticias.com.pe\/noticiero\/ultimas\/1\/cristo-moreno-en-su-recorrido-central\/\"]}]},{\"@type\":\"BreadcrumbList\",\"@id\":\"https:\/\/aeronoticias.com.pe\/noticiero\/ultimas\/1\/cristo-moreno-en-su-recorrido-central\/#breadcrumb\",\"itemListElement\":[{\"@type\":\"ListItem\",\"position\":1,\"name\":\"Portada\",\"item\":\"https:\/\/aeronoticias.com.pe\/noticiero\/\"},{\"@type\":\"ListItem\",\"position\":2,\"name\":\"Cristo Moreno en su recorrido central\"}]},{\"@type\":\"WebSite\",\"@id\":\"https:\/\/aeronoticias.com.pe\/noticiero\/#website\",\"url\":\"https:\/\/aeronoticias.com.pe\/noticiero\/\",\"name\":\"Aeronoticias.com.pe\",\"description\":\"Noticias de tranporte aereo, turismo, hoteles, gastronomia, actualidad, internacional\",\"potentialAction\":[{\"@type\":\"SearchAction\",\"target\":{\"@type\":\"EntryPoint\",\"urlTemplate\":\"https:\/\/aeronoticias.com.pe\/noticiero\/?s={search_term_string}\"},\"query-input\":{\"@type\":\"PropertyValueSpecification\",\"valueRequired\":true,\"valueName\":\"search_term_string\"}}],\"inLanguage\":\"es\"},{\"@type\":\"Person\",\"@id\":\"https:\/\/aeronoticias.com.pe\/noticiero\/#\/schema\/person\/fc1e5d578f4b62ba1cf7ac2bba1170a0\",\"name\":\"Redacci\u00f3n Aeronoticias\",\"url\":\"https:\/\/aeronoticias.com.pe\/noticiero\/author\/piloto\/\"}]}<\/script>\n<!-- \/ Yoast SEO plugin. -->","yoast_head_json":{"title":"Cristo Moreno en su recorrido central","description":"Portal de noticias del Per\u00fa sobre el transporte a\u00e9reo, aviaci\u00f3n, turismo, hoteleria, actualidad.","robots":{"index":"index","follow":"follow","max-snippet":"max-snippet:-1","max-image-preview":"max-image-preview:large","max-video-preview":"max-video-preview:-1"},"canonical":"https:\/\/aeronoticias.com.pe\/noticiero\/ultimas\/1\/cristo-moreno-en-su-recorrido-central\/","og_locale":"es_ES","og_type":"article","og_title":"Cristo Moreno en su recorrido central","og_description":"Portal de noticias del Per\u00fa sobre el transporte a\u00e9reo, aviaci\u00f3n, turismo, hoteleria, actualidad.","og_url":"https:\/\/aeronoticias.com.pe\/noticiero\/ultimas\/1\/cristo-moreno-en-su-recorrido-central\/","og_site_name":"Aeronoticias.com.pe","article_publisher":"https:\/\/www.facebook.com\/Aeronoticias.com.pe\/","article_published_time":"2011-10-18T16:12:21+00:00","author":"Redacci\u00f3n Aeronoticias","twitter_card":"summary_large_image","twitter_creator":"@aeronoticias","twitter_site":"@aeronoticias","twitter_misc":{"Escrito por":"Redacci\u00f3n Aeronoticias","Tiempo de lectura":"5 minutos"},"schema":{"@context":"https:\/\/schema.org","@graph":[{"@type":"WebPage","@id":"https:\/\/aeronoticias.com.pe\/noticiero\/ultimas\/1\/cristo-moreno-en-su-recorrido-central\/","url":"https:\/\/aeronoticias.com.pe\/noticiero\/ultimas\/1\/cristo-moreno-en-su-recorrido-central\/","name":"Cristo Moreno en su recorrido central","isPartOf":{"@id":"https:\/\/aeronoticias.com.pe\/noticiero\/#website"},"datePublished":"2011-10-18T16:12:21+00:00","author":{"@id":"https:\/\/aeronoticias.com.pe\/noticiero\/#\/schema\/person\/fc1e5d578f4b62ba1cf7ac2bba1170a0"},"description":"Portal de noticias del Per\u00fa sobre el transporte a\u00e9reo, aviaci\u00f3n, turismo, hoteleria, actualidad.","breadcrumb":{"@id":"https:\/\/aeronoticias.com.pe\/noticiero\/ultimas\/1\/cristo-moreno-en-su-recorrido-central\/#breadcrumb"},"inLanguage":"es","potentialAction":[{"@type":"ReadAction","target":["https:\/\/aeronoticias.com.pe\/noticiero\/ultimas\/1\/cristo-moreno-en-su-recorrido-central\/"]}]},{"@type":"BreadcrumbList","@id":"https:\/\/aeronoticias.com.pe\/noticiero\/ultimas\/1\/cristo-moreno-en-su-recorrido-central\/#breadcrumb","itemListElement":[{"@type":"ListItem","position":1,"name":"Portada","item":"https:\/\/aeronoticias.com.pe\/noticiero\/"},{"@type":"ListItem","position":2,"name":"Cristo Moreno en su recorrido central"}]},{"@type":"WebSite","@id":"https:\/\/aeronoticias.com.pe\/noticiero\/#website","url":"https:\/\/aeronoticias.com.pe\/noticiero\/","name":"Aeronoticias.com.pe","description":"Noticias de tranporte aereo, turismo, hoteles, gastronomia, actualidad, internacional","potentialAction":[{"@type":"SearchAction","target":{"@type":"EntryPoint","urlTemplate":"https:\/\/aeronoticias.com.pe\/noticiero\/?s={search_term_string}"},"query-input":{"@type":"PropertyValueSpecification","valueRequired":true,"valueName":"search_term_string"}}],"inLanguage":"es"},{"@type":"Person","@id":"https:\/\/aeronoticias.com.pe\/noticiero\/#\/schema\/person\/fc1e5d578f4b62ba1cf7ac2bba1170a0","name":"Redacci\u00f3n Aeronoticias","url":"https:\/\/aeronoticias.com.pe\/noticiero\/author\/piloto\/"}]}},"_links":{"self":[{"href":"https:\/\/aeronoticias.com.pe\/noticiero\/wp-json\/wp\/v2\/posts\/20030","targetHints":{"allow":["GET"]}}],"collection":[{"href":"https:\/\/aeronoticias.com.pe\/noticiero\/wp-json\/wp\/v2\/posts"}],"about":[{"href":"https:\/\/aeronoticias.com.pe\/noticiero\/wp-json\/wp\/v2\/types\/post"}],"author":[{"embeddable":true,"href":"https:\/\/aeronoticias.com.pe\/noticiero\/wp-json\/wp\/v2\/users\/1"}],"replies":[{"embeddable":true,"href":"https:\/\/aeronoticias.com.pe\/noticiero\/wp-json\/wp\/v2\/comments?post=20030"}],"version-history":[{"count":0,"href":"https:\/\/aeronoticias.com.pe\/noticiero\/wp-json\/wp\/v2\/posts\/20030\/revisions"}],"wp:attachment":[{"href":"https:\/\/aeronoticias.com.pe\/noticiero\/wp-json\/wp\/v2\/media?parent=20030"}],"wp:term":[{"taxonomy":"category","embeddable":true,"href":"https:\/\/aeronoticias.com.pe\/noticiero\/wp-json\/wp\/v2\/categories?post=20030"},{"taxonomy":"post_tag","embeddable":true,"href":"https:\/\/aeronoticias.com.pe\/noticiero\/wp-json\/wp\/v2\/tags?post=20030"}],"curies":[{"name":"wp","href":"https:\/\/api.w.org\/{rel}","templated":true}]}}